{"id":7866,"date":"2020-07-24T11:00:24","date_gmt":"2020-07-24T11:00:24","guid":{"rendered":"https:\/\/www.uaga.eus\/?p=7866"},"modified":"2020-07-24T11:00:24","modified_gmt":"2020-07-24T11:00:24","slug":"el-ministerio-de-agricultura-informa-que-se-han-cubierto-ya-todos-los-cupos-de-las-ayudas-extraordinarias-de-apoyo-al-sector-vitivinicola-por-la-crisis-de-la-covid-19","status":"publish","type":"post","link":"https:\/\/www.uaga.eus\/eu\/el-ministerio-de-agricultura-informa-que-se-han-cubierto-ya-todos-los-cupos-de-las-ayudas-extraordinarias-de-apoyo-al-sector-vitivinicola-por-la-crisis-de-la-covid-19\/","title":{"rendered":"El Ministerio de Agricultura informa que se han cubierto ya todos los cupos de las ayudas extraordinarias de apoyo al sector vitivin\u00edcola por la crisis de la Covid-19"},"content":{"rendered":"<p>El Ministerio de Agricultura ha informado de que todos los cupos de las medidas extraordinarias de destilaci\u00f3n de crisis, almacenamiento privado y cosecha en verde han quedado cubiertos.<\/p>\n<p>Espa\u00f1a es el \u00fanico pa\u00eds comunitario que ha hecho uso de las tres medidas puestas a disposici\u00f3n de los estados miembros para afrontar la crisis del sector vitivin\u00edcola.<\/p>\n<p>Pese a que a nivel estatal 1.670 viticultores se beneficiar\u00e1n de la ayuda para la <strong>cosecha en verde<\/strong>, en Rioja Alavesa la incidencia ha sido muy reducida, con 5 solicitudes que engloban 23 hect\u00e1reas.<\/p>\n<p>A nivel estatal, han recibido 374 solicitudes de ayudas para el <strong>almacenamiento privado<\/strong>, que tambi\u00e9n han despertado inter\u00e9s entre las bodegas de la DO RIOJA.<\/p>\n<p>Para la <strong>destilaci\u00f3n de crisis<\/strong> han recibido 432 solicitudes, la mayor parte de ellas de bodegas.<\/p>\n<p>Para atender todas las solicitudes, el FEGA, Fondo Espa\u00f1ol de Garant\u00eda Agraria, dependiente del Ministerio, ha resuelto aplicar unos<strong> coeficientes para el prorrateo de estas medidas extraordinarias<\/strong>.<\/p>\n<p>Puedes consultar la Resoluci\u00f3n del FEGA <a href=\"https:\/\/mcusercontent.com\/498b950ccfc4b8d0e600d7e48\/files\/0f3ef4ff-6289-4f54-80ad-3632a7002277\/Resolucion_FEGA_medidas_extraordinarias_vino.pdf\" target=\"_blank\" rel=\"noopener\" data-cke-saved-href=\"https:\/\/mcusercontent.com\/498b950ccfc4b8d0e600d7e48\/files\/0f3ef4ff-6289-4f54-80ad-3632a7002277\/Resolucion_FEGA_medidas_extraordinarias_vino.pdf\">aqu\u00ed<\/a>.<\/p>\n<p>Y aqu\u00ed leer la <a href=\"https:\/\/www.mapa.gob.es\/es\/prensa\/ultimas-noticias\/cubiertos-todos-los-cupos-de-destilaci%C3%B3n-almacenamiento-y-cosecha-en-verde-para-ayudar-al-sector-del-vino-en-la-crisis-de-la-covid-19\/tcm:30-541611\" target=\"_blank\" rel=\"noopener\" data-cke-saved-href=\"https:\/\/www.mapa.gob.es\/es\/prensa\/ultimas-noticias\/cubiertos-todos-los-cupos-de-destilaci%C3%B3n-almacenamiento-y-cosecha-en-verde-para-ayudar-al-sector-del-vino-en-la-crisis-de-la-covid-19\/tcm:30-541611\">nota de prensa<\/a> del Ministerio.<br \/>\n+info GUSTAVO: 635 704 865<\/p>\n","protected":false},"excerpt":{"rendered":"<p>El Ministerio de Agricultura ha informado de que todos los cupos de las medidas extraordinarias de destilaci\u00f3n de crisis, almacenamiento privado y cosecha en verde han quedado cubiertos. Espa\u00f1a es el \u00fanico pa\u00eds comunitario que ha hecho uso de las tres medidas puestas a disposici\u00f3n de los estados miembros para afrontar la crisis del sector [&hellip;]<\/p>\n","protected":false},"author":4,"featured_media":7856,"comment_status":"closed","ping_status":"closed","sticky":false,"template":"","format":"standard","meta":{"footnotes":""},"categories":[7,5,111],"tags":[],"yoast_head":"<!-- This site is optimized with the Yoast SEO plugin v21.5 - https:\/\/yoast.com\/wordpress\/plugins\/seo\/ -->\n<title>El Ministerio de Agricultura informa que se han cubierto ya todos los cupos de las ayudas extraordinarias de apoyo al sector vitivin\u00edcola por la crisis de la Covid-19 - UAGA<\/title>\n<meta name=\"robots\" content=\"index, follow, max-snippet:-1, max-image-preview:large, max-video-preview:-1\" \/>\n<link rel=\"canonical\" href=\"https:\/\/www.uaga.eus\/el-ministerio-de-agricultura-informa-que-se-han-cubierto-ya-todos-los-cupos-de-las-ayudas-extraordinarias-de-apoyo-al-sector-vitivinicola-por-la-crisis-de-la-covid-19\/\" \/>\n<meta property=\"og:locale\" content=\"en_US\" \/>\n<meta property=\"og:type\" content=\"article\" \/>\n<meta property=\"og:title\" content=\"El Ministerio de Agricultura informa que se han cubierto ya todos los cupos de las ayudas extraordinarias de apoyo al sector vitivin\u00edcola por la crisis de la Covid-19 - UAGA\" \/>\n<meta property=\"og:description\" content=\"El Ministerio de Agricultura ha informado de que todos los cupos de las medidas extraordinarias de destilaci\u00f3n de crisis, almacenamiento privado y cosecha en verde han quedado cubiertos. Espa\u00f1a es el \u00fanico pa\u00eds comunitario que ha hecho uso de las tres medidas puestas a disposici\u00f3n de los estados miembros para afrontar la crisis del sector [&hellip;]\" \/>\n<meta property=\"og:url\" content=\"https:\/\/www.uaga.eus\/el-ministerio-de-agricultura-informa-que-se-han-cubierto-ya-todos-los-cupos-de-las-ayudas-extraordinarias-de-apoyo-al-sector-vitivinicola-por-la-crisis-de-la-covid-19\/\" \/>\n<meta property=\"og:site_name\" content=\"UAGA\" \/>\n<meta property=\"article:published_time\" content=\"2020-07-24T11:00:24+00:00\" \/>\n<meta property=\"og:image\" content=\"https:\/\/www.uaga.eus\/wp-content\/uploads\/2020\/07\/uva-verde.jpg\" \/>\n\t<meta property=\"og:image:width\" content=\"799\" \/>\n\t<meta property=\"og:image:height\" content=\"449\" \/>\n\t<meta property=\"og:image:type\" content=\"image\/jpeg\" \/>\n<meta name=\"author\" content=\"Blanca S\u00e1nchez\" \/>\n<meta name=\"twitter:card\" content=\"summary_large_image\" \/>\n<meta name=\"twitter:label1\" content=\"Written by\" \/>\n\t<meta name=\"twitter:data1\" content=\"Blanca S\u00e1nchez\" \/>\n\t<meta name=\"twitter:label2\" content=\"Est. reading time\" \/>\n\t<meta name=\"twitter:data2\" content=\"1 minutua\" \/>\n<script type=\"application\/ld+json\" class=\"yoast-schema-graph\">{\"@context\":\"https:\/\/schema.org\",\"@graph\":[{\"@type\":\"WebPage\",\"@id\":\"https:\/\/www.uaga.eus\/el-ministerio-de-agricultura-informa-que-se-han-cubierto-ya-todos-los-cupos-de-las-ayudas-extraordinarias-de-apoyo-al-sector-vitivinicola-por-la-crisis-de-la-covid-19\/\",\"url\":\"https:\/\/www.uaga.eus\/el-ministerio-de-agricultura-informa-que-se-han-cubierto-ya-todos-los-cupos-de-las-ayudas-extraordinarias-de-apoyo-al-sector-vitivinicola-por-la-crisis-de-la-covid-19\/\",\"name\":\"El Ministerio de Agricultura informa que se han cubierto ya todos los cupos de las ayudas extraordinarias de apoyo al sector vitivin\u00edcola por la crisis de la Covid-19 - UAGA\",\"isPartOf\":{\"@id\":\"https:\/\/www.uaga.eus\/#website\"},\"datePublished\":\"2020-07-24T11:00:24+00:00\",\"dateModified\":\"2020-07-24T11:00:24+00:00\",\"author\":{\"@id\":\"https:\/\/www.uaga.eus\/#\/schema\/person\/48c3cbf0f33d1b788226dbb6518689cf\"},\"breadcrumb\":{\"@id\":\"https:\/\/www.uaga.eus\/el-ministerio-de-agricultura-informa-que-se-han-cubierto-ya-todos-los-cupos-de-las-ayudas-extraordinarias-de-apoyo-al-sector-vitivinicola-por-la-crisis-de-la-covid-19\/#breadcrumb\"},\"inLanguage\":\"eu\",\"potentialAction\":[{\"@type\":\"ReadAction\",\"target\":[\"https:\/\/www.uaga.eus\/el-ministerio-de-agricultura-informa-que-se-han-cubierto-ya-todos-los-cupos-de-las-ayudas-extraordinarias-de-apoyo-al-sector-vitivinicola-por-la-crisis-de-la-covid-19\/\"]}]},{\"@type\":\"BreadcrumbList\",\"@id\":\"https:\/\/www.uaga.eus\/el-ministerio-de-agricultura-informa-que-se-han-cubierto-ya-todos-los-cupos-de-las-ayudas-extraordinarias-de-apoyo-al-sector-vitivinicola-por-la-crisis-de-la-covid-19\/#breadcrumb\",\"itemListElement\":[{\"@type\":\"ListItem\",\"position\":1,\"name\":\"Inicio\",\"item\":\"https:\/\/www.uaga.eus\/\"},{\"@type\":\"ListItem\",\"position\":2,\"name\":\"El Ministerio de Agricultura informa que se han cubierto ya todos los cupos de las ayudas extraordinarias de apoyo al sector vitivin\u00edcola por la crisis de la Covid-19\"}]},{\"@type\":\"WebSite\",\"@id\":\"https:\/\/www.uaga.eus\/#website\",\"url\":\"https:\/\/www.uaga.eus\/\",\"name\":\"UAGA\",\"description\":\"Uni\u00f3n Agroganadera de \u00c1lava - Araba Nekazarien Elkartea\",\"potentialAction\":[{\"@type\":\"SearchAction\",\"target\":{\"@type\":\"EntryPoint\",\"urlTemplate\":\"https:\/\/www.uaga.eus\/?s={search_term_string}\"},\"query-input\":\"required name=search_term_string\"}],\"inLanguage\":\"eu\"},{\"@type\":\"Person\",\"@id\":\"https:\/\/www.uaga.eus\/#\/schema\/person\/48c3cbf0f33d1b788226dbb6518689cf\",\"name\":\"Blanca S\u00e1nchez\",\"image\":{\"@type\":\"ImageObject\",\"inLanguage\":\"eu\",\"@id\":\"https:\/\/www.uaga.eus\/#\/schema\/person\/image\/\",\"url\":\"https:\/\/secure.gravatar.com\/avatar\/0dc91c20648254b1ce84877283f6751b?s=96&d=mm&r=g\",\"contentUrl\":\"https:\/\/secure.gravatar.com\/avatar\/0dc91c20648254b1ce84877283f6751b?s=96&d=mm&r=g\",\"caption\":\"Blanca S\u00e1nchez\"},\"url\":\"https:\/\/www.uaga.eus\/eu\/author\/bsanchez\/\"}]}<\/script>\n<!-- \/ Yoast SEO plugin. -->","yoast_head_json":{"title":"El Ministerio de Agricultura informa que se han cubierto ya todos los cupos de las ayudas extraordinarias de apoyo al sector vitivin\u00edcola por la crisis de la Covid-19 - UAGA","robots":{"index":"index","follow":"follow","max-snippet":"max-snippet:-1","max-image-preview":"max-image-preview:large","max-video-preview":"max-video-preview:-1"},"canonical":"https:\/\/www.uaga.eus\/el-ministerio-de-agricultura-informa-que-se-han-cubierto-ya-todos-los-cupos-de-las-ayudas-extraordinarias-de-apoyo-al-sector-vitivinicola-por-la-crisis-de-la-covid-19\/","og_locale":"en_US","og_type":"article","og_title":"El Ministerio de Agricultura informa que se han cubierto ya todos los cupos de las ayudas extraordinarias de apoyo al sector vitivin\u00edcola por la crisis de la Covid-19 - UAGA","og_description":"El Ministerio de Agricultura ha informado de que todos los cupos de las medidas extraordinarias de destilaci\u00f3n de crisis, almacenamiento privado y cosecha en verde han quedado cubiertos. Espa\u00f1a es el \u00fanico pa\u00eds comunitario que ha hecho uso de las tres medidas puestas a disposici\u00f3n de los estados miembros para afrontar la crisis del sector [&hellip;]","og_url":"https:\/\/www.uaga.eus\/el-ministerio-de-agricultura-informa-que-se-han-cubierto-ya-todos-los-cupos-de-las-ayudas-extraordinarias-de-apoyo-al-sector-vitivinicola-por-la-crisis-de-la-covid-19\/","og_site_name":"UAGA","article_published_time":"2020-07-24T11:00:24+00:00","og_image":[{"width":799,"height":449,"url":"https:\/\/www.uaga.eus\/wp-content\/uploads\/2020\/07\/uva-verde.jpg","type":"image\/jpeg"}],"author":"Blanca S\u00e1nchez","twitter_card":"summary_large_image","twitter_misc":{"Written by":"Blanca S\u00e1nchez","Est. reading time":"1 minutua"},"schema":{"@context":"https:\/\/schema.org","@graph":[{"@type":"WebPage","@id":"https:\/\/www.uaga.eus\/el-ministerio-de-agricultura-informa-que-se-han-cubierto-ya-todos-los-cupos-de-las-ayudas-extraordinarias-de-apoyo-al-sector-vitivinicola-por-la-crisis-de-la-covid-19\/","url":"https:\/\/www.uaga.eus\/el-ministerio-de-agricultura-informa-que-se-han-cubierto-ya-todos-los-cupos-de-las-ayudas-extraordinarias-de-apoyo-al-sector-vitivinicola-por-la-crisis-de-la-covid-19\/","name":"El Ministerio de Agricultura informa que se han cubierto ya todos los cupos de las ayudas extraordinarias de apoyo al sector vitivin\u00edcola por la crisis de la Covid-19 - UAGA","isPartOf":{"@id":"https:\/\/www.uaga.eus\/#website"},"datePublished":"2020-07-24T11:00:24+00:00","dateModified":"2020-07-24T11:00:24+00:00","author":{"@id":"https:\/\/www.uaga.eus\/#\/schema\/person\/48c3cbf0f33d1b788226dbb6518689cf"},"breadcrumb":{"@id":"https:\/\/www.uaga.eus\/el-ministerio-de-agricultura-informa-que-se-han-cubierto-ya-todos-los-cupos-de-las-ayudas-extraordinarias-de-apoyo-al-sector-vitivinicola-por-la-crisis-de-la-covid-19\/#breadcrumb"},"inLanguage":"eu","potentialAction":[{"@type":"ReadAction","target":["https:\/\/www.uaga.eus\/el-ministerio-de-agricultura-informa-que-se-han-cubierto-ya-todos-los-cupos-de-las-ayudas-extraordinarias-de-apoyo-al-sector-vitivinicola-por-la-crisis-de-la-covid-19\/"]}]},{"@type":"BreadcrumbList","@id":"https:\/\/www.uaga.eus\/el-ministerio-de-agricultura-informa-que-se-han-cubierto-ya-todos-los-cupos-de-las-ayudas-extraordinarias-de-apoyo-al-sector-vitivinicola-por-la-crisis-de-la-covid-19\/#breadcrumb","itemListElement":[{"@type":"ListItem","position":1,"name":"Inicio","item":"https:\/\/www.uaga.eus\/"},{"@type":"ListItem","position":2,"name":"El Ministerio de Agricultura informa que se han cubierto ya todos los cupos de las ayudas extraordinarias de apoyo al sector vitivin\u00edcola por la crisis de la Covid-19"}]},{"@type":"WebSite","@id":"https:\/\/www.uaga.eus\/#website","url":"https:\/\/www.uaga.eus\/","name":"UAGA","description":"Uni\u00f3n Agroganadera de \u00c1lava - Araba Nekazarien Elkartea","potentialAction":[{"@type":"SearchAction","target":{"@type":"EntryPoint","urlTemplate":"https:\/\/www.uaga.eus\/?s={search_term_string}"},"query-input":"required name=search_term_string"}],"inLanguage":"eu"},{"@type":"Person","@id":"https:\/\/www.uaga.eus\/#\/schema\/person\/48c3cbf0f33d1b788226dbb6518689cf","name":"Blanca S\u00e1nchez","image":{"@type":"ImageObject","inLanguage":"eu","@id":"https:\/\/www.uaga.eus\/#\/schema\/person\/image\/","url":"https:\/\/secure.gravatar.com\/avatar\/0dc91c20648254b1ce84877283f6751b?s=96&d=mm&r=g","contentUrl":"https:\/\/secure.gravatar.com\/avatar\/0dc91c20648254b1ce84877283f6751b?s=96&d=mm&r=g","caption":"Blanca S\u00e1nchez"},"url":"https:\/\/www.uaga.eus\/eu\/author\/bsanchez\/"}]}},"_links":{"self":[{"href":"https:\/\/www.uaga.eus\/eu\/wp-json\/wp\/v2\/posts\/7866"}],"collection":[{"href":"https:\/\/www.uaga.eus\/eu\/wp-json\/wp\/v2\/posts"}],"about":[{"href":"https:\/\/www.uaga.eus\/eu\/wp-json\/wp\/v2\/types\/post"}],"author":[{"embeddable":true,"href":"https:\/\/www.uaga.eus\/eu\/wp-json\/wp\/v2\/users\/4"}],"replies":[{"embeddable":true,"href":"https:\/\/www.uaga.eus\/eu\/wp-json\/wp\/v2\/comments?post=7866"}],"version-history":[{"count":1,"href":"https:\/\/www.uaga.eus\/eu\/wp-json\/wp\/v2\/posts\/7866\/revisions"}],"predecessor-version":[{"id":7867,"href":"https:\/\/www.uaga.eus\/eu\/wp-json\/wp\/v2\/posts\/7866\/revisions\/7867"}],"wp:featuredmedia":[{"embeddable":true,"href":"https:\/\/www.uaga.eus\/eu\/wp-json\/wp\/v2\/media\/7856"}],"wp:attachment":[{"href":"https:\/\/www.uaga.eus\/eu\/wp-json\/wp\/v2\/media?parent=7866"}],"wp:term":[{"taxonomy":"category","embeddable":true,"href":"https:\/\/www.uaga.eus\/eu\/wp-json\/wp\/v2\/categories?post=7866"},{"taxonomy":"post_tag","embeddable":true,"href":"https:\/\/www.uaga.eus\/eu\/wp-json\/wp\/v2\/tags?post=7866"}],"curies":[{"name":"wp","href":"https:\/\/api.w.org\/{rel}","templated":true}]}}