{"id":7864,"date":"2020-07-24T10:59:21","date_gmt":"2020-07-24T10:59:21","guid":{"rendered":"https:\/\/www.uaga.eus\/?p=7864"},"modified":"2020-09-16T17:20:45","modified_gmt":"2020-09-16T17:20:45","slug":"el-gobierno-vasco-pone-en-marcha-la-estrategia-euskadipreben-2025-en-materia-de-prevencion-de-riesgos-laborales-para-la-cadena-de-valor-de-la-alimentacion-de-euskadi","status":"publish","type":"post","link":"https:\/\/www.uaga.eus\/eu\/el-gobierno-vasco-pone-en-marcha-la-estrategia-euskadipreben-2025-en-materia-de-prevencion-de-riesgos-laborales-para-la-cadena-de-valor-de-la-alimentacion-de-euskadi\/","title":{"rendered":"El Gobierno Vasco pone en marcha la Estrategia EuskadiPreben 2025 en materia de prevenci\u00f3n de riesgos laborales para la cadena de valor de la alimentaci\u00f3n de Euskadi"},"content":{"rendered":"<p>El Gobierno Vasco ha puesto en marcha la <strong>Estrategia EuskadiPreben2025,<\/strong> actuaci\u00f3n conjunta de la Viceconsejer\u00eda de Agricultura, Pesca y Pol\u00edticas Alimentarias y OSALAN (Instituto Vasco de Seguridad y Salud Laborales) en materia de prevenci\u00f3n de riesgos laborales para la cadena de valor de la alimentaci\u00f3n y de la madera de Euskadi.<\/p>\n<p>La Estrategia Sectorial de Seguridad y Salud Laboral para la Cadena de Valor Alimentaria y de la Madera de Euskadi 2019-2025, nace desde la propia inquietud \u00a0 social por la reducci\u00f3n de la accidentabilidad y siniestralidad Laboral.<\/p>\n<p>Es un instrumento de car\u00e1cter interdisciplinar, intersectorial e interinstitucional, donde se establece como necesidad b\u00e1sica el desarrollo de entornos de trabajo seguros, saludables y sostenibles como referente y se\u00f1a de identidad del sector primario y su cadena de valor en Euskadi.<\/p>\n<p>Se trata de establecer una <strong>cultura preventiva y una visi\u00f3n \u201ccero\u201d <\/strong>en \u00a0toda la cadena \u00a0de \u00a0valor alimentaria y de \u00a0la madera \u00a0en \u00a0Euskadi, con el objetivo de cero \u00a0accidentes \u00a0mortales \u00a0en nuestro \u00a0sector y la reducci\u00f3n \u00a0en un 15% de accidentes \u00a0y enfermedades profesionales mediante la aplicaci\u00f3n real de medidas preventivas, la mejora de las condiciones de vida y de trabajo, y la promoci\u00f3n de una gobernanza adecuada de los riesgos.<\/p>\n","protected":false},"excerpt":{"rendered":"<p>El Gobierno Vasco ha puesto en marcha la Estrategia EuskadiPreben2025, actuaci\u00f3n conjunta de la Viceconsejer\u00eda de Agricultura, Pesca y Pol\u00edticas Alimentarias y OSALAN (Instituto Vasco de Seguridad y Salud Laborales) en materia de prevenci\u00f3n de riesgos laborales para la cadena de valor de la alimentaci\u00f3n y de la madera de Euskadi. La Estrategia Sectorial de [&hellip;]<\/p>\n","protected":false},"author":4,"featured_media":7860,"comment_status":"closed","ping_status":"closed","sticky":false,"template":"","format":"standard","meta":{"footnotes":""},"categories":[7,8,4],"tags":[],"yoast_head":"<!-- This site is optimized with the Yoast SEO plugin v21.5 - https:\/\/yoast.com\/wordpress\/plugins\/seo\/ -->\n<title>El Gobierno Vasco pone en marcha la Estrategia EuskadiPreben 2025 en materia de prevenci\u00f3n de riesgos laborales para la cadena de valor de la alimentaci\u00f3n de Euskadi - UAGA<\/title>\n<meta name=\"robots\" content=\"index, follow, max-snippet:-1, max-image-preview:large, max-video-preview:-1\" \/>\n<link rel=\"canonical\" href=\"https:\/\/www.uaga.eus\/el-gobierno-vasco-pone-en-marcha-la-estrategia-euskadipreben-2025-en-materia-de-prevencion-de-riesgos-laborales-para-la-cadena-de-valor-de-la-alimentacion-de-euskadi\/\" \/>\n<meta property=\"og:locale\" content=\"en_US\" \/>\n<meta property=\"og:type\" content=\"article\" \/>\n<meta property=\"og:title\" content=\"El Gobierno Vasco pone en marcha la Estrategia EuskadiPreben 2025 en materia de prevenci\u00f3n de riesgos laborales para la cadena de valor de la alimentaci\u00f3n de Euskadi - UAGA\" \/>\n<meta property=\"og:description\" content=\"El Gobierno Vasco ha puesto en marcha la Estrategia EuskadiPreben2025, actuaci\u00f3n conjunta de la Viceconsejer\u00eda de Agricultura, Pesca y Pol\u00edticas Alimentarias y OSALAN (Instituto Vasco de Seguridad y Salud Laborales) en materia de prevenci\u00f3n de riesgos laborales para la cadena de valor de la alimentaci\u00f3n y de la madera de Euskadi. La Estrategia Sectorial de [&hellip;]\" \/>\n<meta property=\"og:url\" content=\"https:\/\/www.uaga.eus\/el-gobierno-vasco-pone-en-marcha-la-estrategia-euskadipreben-2025-en-materia-de-prevencion-de-riesgos-laborales-para-la-cadena-de-valor-de-la-alimentacion-de-euskadi\/\" \/>\n<meta property=\"og:site_name\" content=\"UAGA\" \/>\n<meta property=\"article:published_time\" content=\"2020-07-24T10:59:21+00:00\" \/>\n<meta property=\"article:modified_time\" content=\"2020-09-16T17:20:45+00:00\" \/>\n<meta property=\"og:image\" content=\"https:\/\/www.uaga.eus\/wp-content\/uploads\/2020\/07\/preven.jpg\" \/>\n\t<meta property=\"og:image:width\" content=\"1062\" \/>\n\t<meta property=\"og:image:height\" content=\"153\" \/>\n\t<meta property=\"og:image:type\" content=\"image\/jpeg\" \/>\n<meta name=\"author\" content=\"Blanca S\u00e1nchez\" \/>\n<meta name=\"twitter:card\" content=\"summary_large_image\" \/>\n<meta name=\"twitter:label1\" content=\"Written by\" \/>\n\t<meta name=\"twitter:data1\" content=\"Blanca S\u00e1nchez\" \/>\n\t<meta name=\"twitter:label2\" content=\"Est. reading time\" \/>\n\t<meta name=\"twitter:data2\" content=\"1 minutua\" \/>\n<script type=\"application\/ld+json\" class=\"yoast-schema-graph\">{\"@context\":\"https:\/\/schema.org\",\"@graph\":[{\"@type\":\"WebPage\",\"@id\":\"https:\/\/www.uaga.eus\/el-gobierno-vasco-pone-en-marcha-la-estrategia-euskadipreben-2025-en-materia-de-prevencion-de-riesgos-laborales-para-la-cadena-de-valor-de-la-alimentacion-de-euskadi\/\",\"url\":\"https:\/\/www.uaga.eus\/el-gobierno-vasco-pone-en-marcha-la-estrategia-euskadipreben-2025-en-materia-de-prevencion-de-riesgos-laborales-para-la-cadena-de-valor-de-la-alimentacion-de-euskadi\/\",\"name\":\"El Gobierno Vasco pone en marcha la Estrategia EuskadiPreben 2025 en materia de prevenci\u00f3n de riesgos laborales para la cadena de valor de la alimentaci\u00f3n de Euskadi - UAGA\",\"isPartOf\":{\"@id\":\"https:\/\/www.uaga.eus\/#website\"},\"datePublished\":\"2020-07-24T10:59:21+00:00\",\"dateModified\":\"2020-09-16T17:20:45+00:00\",\"author\":{\"@id\":\"https:\/\/www.uaga.eus\/#\/schema\/person\/48c3cbf0f33d1b788226dbb6518689cf\"},\"breadcrumb\":{\"@id\":\"https:\/\/www.uaga.eus\/el-gobierno-vasco-pone-en-marcha-la-estrategia-euskadipreben-2025-en-materia-de-prevencion-de-riesgos-laborales-para-la-cadena-de-valor-de-la-alimentacion-de-euskadi\/#breadcrumb\"},\"inLanguage\":\"eu\",\"potentialAction\":[{\"@type\":\"ReadAction\",\"target\":[\"https:\/\/www.uaga.eus\/el-gobierno-vasco-pone-en-marcha-la-estrategia-euskadipreben-2025-en-materia-de-prevencion-de-riesgos-laborales-para-la-cadena-de-valor-de-la-alimentacion-de-euskadi\/\"]}]},{\"@type\":\"BreadcrumbList\",\"@id\":\"https:\/\/www.uaga.eus\/el-gobierno-vasco-pone-en-marcha-la-estrategia-euskadipreben-2025-en-materia-de-prevencion-de-riesgos-laborales-para-la-cadena-de-valor-de-la-alimentacion-de-euskadi\/#breadcrumb\",\"itemListElement\":[{\"@type\":\"ListItem\",\"position\":1,\"name\":\"Inicio\",\"item\":\"https:\/\/www.uaga.eus\/\"},{\"@type\":\"ListItem\",\"position\":2,\"name\":\"El Gobierno Vasco pone en marcha la Estrategia EuskadiPreben 2025 en materia de prevenci\u00f3n de riesgos laborales para la cadena de valor de la alimentaci\u00f3n de Euskadi\"}]},{\"@type\":\"WebSite\",\"@id\":\"https:\/\/www.uaga.eus\/#website\",\"url\":\"https:\/\/www.uaga.eus\/\",\"name\":\"UAGA\",\"description\":\"Uni\u00f3n Agroganadera de \u00c1lava - Araba Nekazarien Elkartea\",\"potentialAction\":[{\"@type\":\"SearchAction\",\"target\":{\"@type\":\"EntryPoint\",\"urlTemplate\":\"https:\/\/www.uaga.eus\/?s={search_term_string}\"},\"query-input\":\"required name=search_term_string\"}],\"inLanguage\":\"eu\"},{\"@type\":\"Person\",\"@id\":\"https:\/\/www.uaga.eus\/#\/schema\/person\/48c3cbf0f33d1b788226dbb6518689cf\",\"name\":\"Blanca S\u00e1nchez\",\"image\":{\"@type\":\"ImageObject\",\"inLanguage\":\"eu\",\"@id\":\"https:\/\/www.uaga.eus\/#\/schema\/person\/image\/\",\"url\":\"https:\/\/secure.gravatar.com\/avatar\/0dc91c20648254b1ce84877283f6751b?s=96&d=mm&r=g\",\"contentUrl\":\"https:\/\/secure.gravatar.com\/avatar\/0dc91c20648254b1ce84877283f6751b?s=96&d=mm&r=g\",\"caption\":\"Blanca S\u00e1nchez\"},\"url\":\"https:\/\/www.uaga.eus\/eu\/author\/bsanchez\/\"}]}<\/script>\n<!-- \/ Yoast SEO plugin. -->","yoast_head_json":{"title":"El Gobierno Vasco pone en marcha la Estrategia EuskadiPreben 2025 en materia de prevenci\u00f3n de riesgos laborales para la cadena de valor de la alimentaci\u00f3n de Euskadi - UAGA","robots":{"index":"index","follow":"follow","max-snippet":"max-snippet:-1","max-image-preview":"max-image-preview:large","max-video-preview":"max-video-preview:-1"},"canonical":"https:\/\/www.uaga.eus\/el-gobierno-vasco-pone-en-marcha-la-estrategia-euskadipreben-2025-en-materia-de-prevencion-de-riesgos-laborales-para-la-cadena-de-valor-de-la-alimentacion-de-euskadi\/","og_locale":"en_US","og_type":"article","og_title":"El Gobierno Vasco pone en marcha la Estrategia EuskadiPreben 2025 en materia de prevenci\u00f3n de riesgos laborales para la cadena de valor de la alimentaci\u00f3n de Euskadi - UAGA","og_description":"El Gobierno Vasco ha puesto en marcha la Estrategia EuskadiPreben2025, actuaci\u00f3n conjunta de la Viceconsejer\u00eda de Agricultura, Pesca y Pol\u00edticas Alimentarias y OSALAN (Instituto Vasco de Seguridad y Salud Laborales) en materia de prevenci\u00f3n de riesgos laborales para la cadena de valor de la alimentaci\u00f3n y de la madera de Euskadi. La Estrategia Sectorial de [&hellip;]","og_url":"https:\/\/www.uaga.eus\/el-gobierno-vasco-pone-en-marcha-la-estrategia-euskadipreben-2025-en-materia-de-prevencion-de-riesgos-laborales-para-la-cadena-de-valor-de-la-alimentacion-de-euskadi\/","og_site_name":"UAGA","article_published_time":"2020-07-24T10:59:21+00:00","article_modified_time":"2020-09-16T17:20:45+00:00","og_image":[{"width":1062,"height":153,"url":"https:\/\/www.uaga.eus\/wp-content\/uploads\/2020\/07\/preven.jpg","type":"image\/jpeg"}],"author":"Blanca S\u00e1nchez","twitter_card":"summary_large_image","twitter_misc":{"Written by":"Blanca S\u00e1nchez","Est. reading time":"1 minutua"},"schema":{"@context":"https:\/\/schema.org","@graph":[{"@type":"WebPage","@id":"https:\/\/www.uaga.eus\/el-gobierno-vasco-pone-en-marcha-la-estrategia-euskadipreben-2025-en-materia-de-prevencion-de-riesgos-laborales-para-la-cadena-de-valor-de-la-alimentacion-de-euskadi\/","url":"https:\/\/www.uaga.eus\/el-gobierno-vasco-pone-en-marcha-la-estrategia-euskadipreben-2025-en-materia-de-prevencion-de-riesgos-laborales-para-la-cadena-de-valor-de-la-alimentacion-de-euskadi\/","name":"El Gobierno Vasco pone en marcha la Estrategia EuskadiPreben 2025 en materia de prevenci\u00f3n de riesgos laborales para la cadena de valor de la alimentaci\u00f3n de Euskadi - UAGA","isPartOf":{"@id":"https:\/\/www.uaga.eus\/#website"},"datePublished":"2020-07-24T10:59:21+00:00","dateModified":"2020-09-16T17:20:45+00:00","author":{"@id":"https:\/\/www.uaga.eus\/#\/schema\/person\/48c3cbf0f33d1b788226dbb6518689cf"},"breadcrumb":{"@id":"https:\/\/www.uaga.eus\/el-gobierno-vasco-pone-en-marcha-la-estrategia-euskadipreben-2025-en-materia-de-prevencion-de-riesgos-laborales-para-la-cadena-de-valor-de-la-alimentacion-de-euskadi\/#breadcrumb"},"inLanguage":"eu","potentialAction":[{"@type":"ReadAction","target":["https:\/\/www.uaga.eus\/el-gobierno-vasco-pone-en-marcha-la-estrategia-euskadipreben-2025-en-materia-de-prevencion-de-riesgos-laborales-para-la-cadena-de-valor-de-la-alimentacion-de-euskadi\/"]}]},{"@type":"BreadcrumbList","@id":"https:\/\/www.uaga.eus\/el-gobierno-vasco-pone-en-marcha-la-estrategia-euskadipreben-2025-en-materia-de-prevencion-de-riesgos-laborales-para-la-cadena-de-valor-de-la-alimentacion-de-euskadi\/#breadcrumb","itemListElement":[{"@type":"ListItem","position":1,"name":"Inicio","item":"https:\/\/www.uaga.eus\/"},{"@type":"ListItem","position":2,"name":"El Gobierno Vasco pone en marcha la Estrategia EuskadiPreben 2025 en materia de prevenci\u00f3n de riesgos laborales para la cadena de valor de la alimentaci\u00f3n de Euskadi"}]},{"@type":"WebSite","@id":"https:\/\/www.uaga.eus\/#website","url":"https:\/\/www.uaga.eus\/","name":"UAGA","description":"Uni\u00f3n Agroganadera de \u00c1lava - Araba Nekazarien Elkartea","potentialAction":[{"@type":"SearchAction","target":{"@type":"EntryPoint","urlTemplate":"https:\/\/www.uaga.eus\/?s={search_term_string}"},"query-input":"required name=search_term_string"}],"inLanguage":"eu"},{"@type":"Person","@id":"https:\/\/www.uaga.eus\/#\/schema\/person\/48c3cbf0f33d1b788226dbb6518689cf","name":"Blanca S\u00e1nchez","image":{"@type":"ImageObject","inLanguage":"eu","@id":"https:\/\/www.uaga.eus\/#\/schema\/person\/image\/","url":"https:\/\/secure.gravatar.com\/avatar\/0dc91c20648254b1ce84877283f6751b?s=96&d=mm&r=g","contentUrl":"https:\/\/secure.gravatar.com\/avatar\/0dc91c20648254b1ce84877283f6751b?s=96&d=mm&r=g","caption":"Blanca S\u00e1nchez"},"url":"https:\/\/www.uaga.eus\/eu\/author\/bsanchez\/"}]}},"_links":{"self":[{"href":"https:\/\/www.uaga.eus\/eu\/wp-json\/wp\/v2\/posts\/7864"}],"collection":[{"href":"https:\/\/www.uaga.eus\/eu\/wp-json\/wp\/v2\/posts"}],"about":[{"href":"https:\/\/www.uaga.eus\/eu\/wp-json\/wp\/v2\/types\/post"}],"author":[{"embeddable":true,"href":"https:\/\/www.uaga.eus\/eu\/wp-json\/wp\/v2\/users\/4"}],"replies":[{"embeddable":true,"href":"https:\/\/www.uaga.eus\/eu\/wp-json\/wp\/v2\/comments?post=7864"}],"version-history":[{"count":1,"href":"https:\/\/www.uaga.eus\/eu\/wp-json\/wp\/v2\/posts\/7864\/revisions"}],"predecessor-version":[{"id":7865,"href":"https:\/\/www.uaga.eus\/eu\/wp-json\/wp\/v2\/posts\/7864\/revisions\/7865"}],"wp:featuredmedia":[{"embeddable":true,"href":"https:\/\/www.uaga.eus\/eu\/wp-json\/wp\/v2\/media\/7860"}],"wp:attachment":[{"href":"https:\/\/www.uaga.eus\/eu\/wp-json\/wp\/v2\/media?parent=7864"}],"wp:term":[{"taxonomy":"category","embeddable":true,"href":"https:\/\/www.uaga.eus\/eu\/wp-json\/wp\/v2\/categories?post=7864"},{"taxonomy":"post_tag","embeddable":true,"href":"https:\/\/www.uaga.eus\/eu\/wp-json\/wp\/v2\/tags?post=7864"}],"curies":[{"name":"wp","href":"https:\/\/api.w.org\/{rel}","templated":true}]}}