{"id":7850,"date":"2020-07-17T11:42:28","date_gmt":"2020-07-17T11:42:28","guid":{"rendered":"https:\/\/www.uaga.eus\/?p=7850"},"modified":"2020-07-17T11:45:50","modified_gmt":"2020-07-17T11:45:50","slug":"hasta-el-15-de-noviembre-esta-abierto-el-plazo-de-solicitud-de-ayudas-para-la-creacion-adaptacion-y-equipamiento-de-alojamientos-para-personas-temporeras","status":"publish","type":"post","link":"https:\/\/www.uaga.eus\/eu\/hasta-el-15-de-noviembre-esta-abierto-el-plazo-de-solicitud-de-ayudas-para-la-creacion-adaptacion-y-equipamiento-de-alojamientos-para-personas-temporeras\/","title":{"rendered":"Hasta el 15 de noviembre est\u00e1 abierto el plazo de solicitud de ayudas para la creaci\u00f3n, adaptaci\u00f3n y equipamiento de alojamientos para personas temporeras"},"content":{"rendered":"<p>El Gobierno Vasco ha publicado la Orden de Ayudas destinadas a la construcci\u00f3n, adquisici\u00f3n, rehabilitaci\u00f3n, reforma, adaptaci\u00f3n o equipamiento de inmuebles destinados a alojar personas temporeras de car\u00e1cter agrario.<\/p>\n<p>La partida econ\u00f3mica total incluida en esta convocatoria es de 70.000 euros, siendo <strong>la cuant\u00eda m\u00e1xima de ayuda de 20.000 euros.<\/strong><\/p>\n<p>El plazo finalizar\u00e1 con el agotamiento de fondos y en todo caso el 15 de noviembre.<\/p>\n<p>Las actividades y costes subvencionables, personas beneficiarias, financiaci\u00f3n, requisitos generales\u00a0 y criterios de valoraci\u00f3n se regulan en el <a href=\"https:\/\/www.euskadi.eus\/y22-bopv\/es\/bopv2\/datos\/2020\/04\/2001757a.pdf\" target=\"_blank\" rel=\"noopener\" data-cke-saved-href=\"https:\/\/www.euskadi.eus\/y22-bopv\/es\/bopv2\/datos\/2020\/04\/2001757a.pdf\">Decreto 45\/2020<\/a>, que posteriormente fue <a href=\"https:\/\/www.euskadi.eus\/y22-bopv\/es\/bopv2\/datos\/2020\/06\/2002420a.pdf\" target=\"_blank\" rel=\"noopener\" data-cke-saved-href=\"https:\/\/www.euskadi.eus\/y22-bopv\/es\/bopv2\/datos\/2020\/06\/2002420a.pdf\">corregido<\/a> aumentando la puntuaci\u00f3n a solicitantes integrados en el <strong>programa de Temporerismo de UAGA<\/strong>, a agricultores a titulo principal y a las mujeres agricultoras.<\/p>\n<p>Las solicitudes se podr\u00e1n realizar presencialmente en el servicio Zuzenean con cita previa, o de <a href=\"https:\/\/www.euskadi.eus\/ayuda_subvencion\/2020\/alojamiento-destinados-a-temporerismo\/web01-a2nekaza\/es\/\" target=\"_blank\" rel=\"noopener\" data-cke-saved-href=\"https:\/\/www.euskadi.eus\/ayuda_subvencion\/2020\/alojamiento-destinados-a-temporerismo\/web01-a2nekaza\/es\/\">manera electr\u00f3nica<\/a>, pudiendo acogerse a las mismas entidades p\u00fablicas o privadas.<\/p>\n<p>Puedes consultar la Orden de Ayudas en este <a href=\"https:\/\/www.euskadi.eus\/y22-bopv\/es\/bopv2\/datos\/2020\/07\/2002793a.pdf\" target=\"_blank\" rel=\"noopener\" data-cke-saved-href=\"https:\/\/www.euskadi.eus\/y22-bopv\/es\/bopv2\/datos\/2020\/07\/2002793a.pdf\">enlace<\/a>.<\/p>\n<p>+info GUSTAVO: 635 704 865<\/p>\n","protected":false},"excerpt":{"rendered":"<p>El Gobierno Vasco ha publicado la Orden de Ayudas destinadas a la construcci\u00f3n, adquisici\u00f3n, rehabilitaci\u00f3n, reforma, adaptaci\u00f3n o equipamiento de inmuebles destinados a alojar personas temporeras de car\u00e1cter agrario. La partida econ\u00f3mica total incluida en esta convocatoria es de 70.000 euros, siendo la cuant\u00eda m\u00e1xima de ayuda de 20.000 euros. El plazo finalizar\u00e1 con el [&hellip;]<\/p>\n","protected":false},"author":4,"featured_media":7851,"comment_status":"closed","ping_status":"closed","sticky":false,"template":"","format":"standard","meta":{"footnotes":""},"categories":[7,5,9],"tags":[],"yoast_head":"<!-- This site is optimized with the Yoast SEO plugin v21.5 - https:\/\/yoast.com\/wordpress\/plugins\/seo\/ -->\n<title>Hasta el 15 de noviembre est\u00e1 abierto el plazo de solicitud de ayudas para la creaci\u00f3n, adaptaci\u00f3n y equipamiento de alojamientos para personas temporeras - UAGA<\/title>\n<meta name=\"robots\" content=\"index, follow, max-snippet:-1, max-image-preview:large, max-video-preview:-1\" \/>\n<link rel=\"canonical\" href=\"https:\/\/www.uaga.eus\/hasta-el-15-de-noviembre-esta-abierto-el-plazo-de-solicitud-de-ayudas-para-la-creacion-adaptacion-y-equipamiento-de-alojamientos-para-personas-temporeras\/\" \/>\n<meta property=\"og:locale\" content=\"en_US\" \/>\n<meta property=\"og:type\" content=\"article\" \/>\n<meta property=\"og:title\" content=\"Hasta el 15 de noviembre est\u00e1 abierto el plazo de solicitud de ayudas para la creaci\u00f3n, adaptaci\u00f3n y equipamiento de alojamientos para personas temporeras - UAGA\" \/>\n<meta property=\"og:description\" content=\"El Gobierno Vasco ha publicado la Orden de Ayudas destinadas a la construcci\u00f3n, adquisici\u00f3n, rehabilitaci\u00f3n, reforma, adaptaci\u00f3n o equipamiento de inmuebles destinados a alojar personas temporeras de car\u00e1cter agrario. La partida econ\u00f3mica total incluida en esta convocatoria es de 70.000 euros, siendo la cuant\u00eda m\u00e1xima de ayuda de 20.000 euros. El plazo finalizar\u00e1 con el [&hellip;]\" \/>\n<meta property=\"og:url\" content=\"https:\/\/www.uaga.eus\/hasta-el-15-de-noviembre-esta-abierto-el-plazo-de-solicitud-de-ayudas-para-la-creacion-adaptacion-y-equipamiento-de-alojamientos-para-personas-temporeras\/\" \/>\n<meta property=\"og:site_name\" content=\"UAGA\" \/>\n<meta property=\"article:published_time\" content=\"2020-07-17T11:42:28+00:00\" \/>\n<meta property=\"article:modified_time\" content=\"2020-07-17T11:45:50+00:00\" \/>\n<meta property=\"og:image\" content=\"https:\/\/www.uaga.eus\/wp-content\/uploads\/2020\/07\/alojamiento-de-temporeros.jpg\" \/>\n\t<meta property=\"og:image:width\" content=\"650\" \/>\n\t<meta property=\"og:image:height\" content=\"352\" \/>\n\t<meta property=\"og:image:type\" content=\"image\/jpeg\" \/>\n<meta name=\"author\" content=\"Blanca S\u00e1nchez\" \/>\n<meta name=\"twitter:card\" content=\"summary_large_image\" \/>\n<meta name=\"twitter:label1\" content=\"Written by\" \/>\n\t<meta name=\"twitter:data1\" content=\"Blanca S\u00e1nchez\" \/>\n\t<meta name=\"twitter:label2\" content=\"Est. reading time\" \/>\n\t<meta name=\"twitter:data2\" content=\"1 minutua\" \/>\n<script type=\"application\/ld+json\" class=\"yoast-schema-graph\">{\"@context\":\"https:\/\/schema.org\",\"@graph\":[{\"@type\":\"WebPage\",\"@id\":\"https:\/\/www.uaga.eus\/hasta-el-15-de-noviembre-esta-abierto-el-plazo-de-solicitud-de-ayudas-para-la-creacion-adaptacion-y-equipamiento-de-alojamientos-para-personas-temporeras\/\",\"url\":\"https:\/\/www.uaga.eus\/hasta-el-15-de-noviembre-esta-abierto-el-plazo-de-solicitud-de-ayudas-para-la-creacion-adaptacion-y-equipamiento-de-alojamientos-para-personas-temporeras\/\",\"name\":\"Hasta el 15 de noviembre est\u00e1 abierto el plazo de solicitud de ayudas para la creaci\u00f3n, adaptaci\u00f3n y equipamiento de alojamientos para personas temporeras - UAGA\",\"isPartOf\":{\"@id\":\"https:\/\/www.uaga.eus\/#website\"},\"datePublished\":\"2020-07-17T11:42:28+00:00\",\"dateModified\":\"2020-07-17T11:45:50+00:00\",\"author\":{\"@id\":\"https:\/\/www.uaga.eus\/#\/schema\/person\/48c3cbf0f33d1b788226dbb6518689cf\"},\"breadcrumb\":{\"@id\":\"https:\/\/www.uaga.eus\/hasta-el-15-de-noviembre-esta-abierto-el-plazo-de-solicitud-de-ayudas-para-la-creacion-adaptacion-y-equipamiento-de-alojamientos-para-personas-temporeras\/#breadcrumb\"},\"inLanguage\":\"eu\",\"potentialAction\":[{\"@type\":\"ReadAction\",\"target\":[\"https:\/\/www.uaga.eus\/hasta-el-15-de-noviembre-esta-abierto-el-plazo-de-solicitud-de-ayudas-para-la-creacion-adaptacion-y-equipamiento-de-alojamientos-para-personas-temporeras\/\"]}]},{\"@type\":\"BreadcrumbList\",\"@id\":\"https:\/\/www.uaga.eus\/hasta-el-15-de-noviembre-esta-abierto-el-plazo-de-solicitud-de-ayudas-para-la-creacion-adaptacion-y-equipamiento-de-alojamientos-para-personas-temporeras\/#breadcrumb\",\"itemListElement\":[{\"@type\":\"ListItem\",\"position\":1,\"name\":\"Inicio\",\"item\":\"https:\/\/www.uaga.eus\/\"},{\"@type\":\"ListItem\",\"position\":2,\"name\":\"Hasta el 15 de noviembre est\u00e1 abierto el plazo de solicitud de ayudas para la creaci\u00f3n, adaptaci\u00f3n y equipamiento de alojamientos para personas temporeras\"}]},{\"@type\":\"WebSite\",\"@id\":\"https:\/\/www.uaga.eus\/#website\",\"url\":\"https:\/\/www.uaga.eus\/\",\"name\":\"UAGA\",\"description\":\"Uni\u00f3n Agroganadera de \u00c1lava - Araba Nekazarien Elkartea\",\"potentialAction\":[{\"@type\":\"SearchAction\",\"target\":{\"@type\":\"EntryPoint\",\"urlTemplate\":\"https:\/\/www.uaga.eus\/?s={search_term_string}\"},\"query-input\":\"required name=search_term_string\"}],\"inLanguage\":\"eu\"},{\"@type\":\"Person\",\"@id\":\"https:\/\/www.uaga.eus\/#\/schema\/person\/48c3cbf0f33d1b788226dbb6518689cf\",\"name\":\"Blanca S\u00e1nchez\",\"image\":{\"@type\":\"ImageObject\",\"inLanguage\":\"eu\",\"@id\":\"https:\/\/www.uaga.eus\/#\/schema\/person\/image\/\",\"url\":\"https:\/\/secure.gravatar.com\/avatar\/0dc91c20648254b1ce84877283f6751b?s=96&d=mm&r=g\",\"contentUrl\":\"https:\/\/secure.gravatar.com\/avatar\/0dc91c20648254b1ce84877283f6751b?s=96&d=mm&r=g\",\"caption\":\"Blanca S\u00e1nchez\"},\"url\":\"https:\/\/www.uaga.eus\/eu\/author\/bsanchez\/\"}]}<\/script>\n<!-- \/ Yoast SEO plugin. -->","yoast_head_json":{"title":"Hasta el 15 de noviembre est\u00e1 abierto el plazo de solicitud de ayudas para la creaci\u00f3n, adaptaci\u00f3n y equipamiento de alojamientos para personas temporeras - UAGA","robots":{"index":"index","follow":"follow","max-snippet":"max-snippet:-1","max-image-preview":"max-image-preview:large","max-video-preview":"max-video-preview:-1"},"canonical":"https:\/\/www.uaga.eus\/hasta-el-15-de-noviembre-esta-abierto-el-plazo-de-solicitud-de-ayudas-para-la-creacion-adaptacion-y-equipamiento-de-alojamientos-para-personas-temporeras\/","og_locale":"en_US","og_type":"article","og_title":"Hasta el 15 de noviembre est\u00e1 abierto el plazo de solicitud de ayudas para la creaci\u00f3n, adaptaci\u00f3n y equipamiento de alojamientos para personas temporeras - UAGA","og_description":"El Gobierno Vasco ha publicado la Orden de Ayudas destinadas a la construcci\u00f3n, adquisici\u00f3n, rehabilitaci\u00f3n, reforma, adaptaci\u00f3n o equipamiento de inmuebles destinados a alojar personas temporeras de car\u00e1cter agrario. La partida econ\u00f3mica total incluida en esta convocatoria es de 70.000 euros, siendo la cuant\u00eda m\u00e1xima de ayuda de 20.000 euros. El plazo finalizar\u00e1 con el [&hellip;]","og_url":"https:\/\/www.uaga.eus\/hasta-el-15-de-noviembre-esta-abierto-el-plazo-de-solicitud-de-ayudas-para-la-creacion-adaptacion-y-equipamiento-de-alojamientos-para-personas-temporeras\/","og_site_name":"UAGA","article_published_time":"2020-07-17T11:42:28+00:00","article_modified_time":"2020-07-17T11:45:50+00:00","og_image":[{"width":650,"height":352,"url":"https:\/\/www.uaga.eus\/wp-content\/uploads\/2020\/07\/alojamiento-de-temporeros.jpg","type":"image\/jpeg"}],"author":"Blanca S\u00e1nchez","twitter_card":"summary_large_image","twitter_misc":{"Written by":"Blanca S\u00e1nchez","Est. reading time":"1 minutua"},"schema":{"@context":"https:\/\/schema.org","@graph":[{"@type":"WebPage","@id":"https:\/\/www.uaga.eus\/hasta-el-15-de-noviembre-esta-abierto-el-plazo-de-solicitud-de-ayudas-para-la-creacion-adaptacion-y-equipamiento-de-alojamientos-para-personas-temporeras\/","url":"https:\/\/www.uaga.eus\/hasta-el-15-de-noviembre-esta-abierto-el-plazo-de-solicitud-de-ayudas-para-la-creacion-adaptacion-y-equipamiento-de-alojamientos-para-personas-temporeras\/","name":"Hasta el 15 de noviembre est\u00e1 abierto el plazo de solicitud de ayudas para la creaci\u00f3n, adaptaci\u00f3n y equipamiento de alojamientos para personas temporeras - UAGA","isPartOf":{"@id":"https:\/\/www.uaga.eus\/#website"},"datePublished":"2020-07-17T11:42:28+00:00","dateModified":"2020-07-17T11:45:50+00:00","author":{"@id":"https:\/\/www.uaga.eus\/#\/schema\/person\/48c3cbf0f33d1b788226dbb6518689cf"},"breadcrumb":{"@id":"https:\/\/www.uaga.eus\/hasta-el-15-de-noviembre-esta-abierto-el-plazo-de-solicitud-de-ayudas-para-la-creacion-adaptacion-y-equipamiento-de-alojamientos-para-personas-temporeras\/#breadcrumb"},"inLanguage":"eu","potentialAction":[{"@type":"ReadAction","target":["https:\/\/www.uaga.eus\/hasta-el-15-de-noviembre-esta-abierto-el-plazo-de-solicitud-de-ayudas-para-la-creacion-adaptacion-y-equipamiento-de-alojamientos-para-personas-temporeras\/"]}]},{"@type":"BreadcrumbList","@id":"https:\/\/www.uaga.eus\/hasta-el-15-de-noviembre-esta-abierto-el-plazo-de-solicitud-de-ayudas-para-la-creacion-adaptacion-y-equipamiento-de-alojamientos-para-personas-temporeras\/#breadcrumb","itemListElement":[{"@type":"ListItem","position":1,"name":"Inicio","item":"https:\/\/www.uaga.eus\/"},{"@type":"ListItem","position":2,"name":"Hasta el 15 de noviembre est\u00e1 abierto el plazo de solicitud de ayudas para la creaci\u00f3n, adaptaci\u00f3n y equipamiento de alojamientos para personas temporeras"}]},{"@type":"WebSite","@id":"https:\/\/www.uaga.eus\/#website","url":"https:\/\/www.uaga.eus\/","name":"UAGA","description":"Uni\u00f3n Agroganadera de \u00c1lava - Araba Nekazarien Elkartea","potentialAction":[{"@type":"SearchAction","target":{"@type":"EntryPoint","urlTemplate":"https:\/\/www.uaga.eus\/?s={search_term_string}"},"query-input":"required name=search_term_string"}],"inLanguage":"eu"},{"@type":"Person","@id":"https:\/\/www.uaga.eus\/#\/schema\/person\/48c3cbf0f33d1b788226dbb6518689cf","name":"Blanca S\u00e1nchez","image":{"@type":"ImageObject","inLanguage":"eu","@id":"https:\/\/www.uaga.eus\/#\/schema\/person\/image\/","url":"https:\/\/secure.gravatar.com\/avatar\/0dc91c20648254b1ce84877283f6751b?s=96&d=mm&r=g","contentUrl":"https:\/\/secure.gravatar.com\/avatar\/0dc91c20648254b1ce84877283f6751b?s=96&d=mm&r=g","caption":"Blanca S\u00e1nchez"},"url":"https:\/\/www.uaga.eus\/eu\/author\/bsanchez\/"}]}},"_links":{"self":[{"href":"https:\/\/www.uaga.eus\/eu\/wp-json\/wp\/v2\/posts\/7850"}],"collection":[{"href":"https:\/\/www.uaga.eus\/eu\/wp-json\/wp\/v2\/posts"}],"about":[{"href":"https:\/\/www.uaga.eus\/eu\/wp-json\/wp\/v2\/types\/post"}],"author":[{"embeddable":true,"href":"https:\/\/www.uaga.eus\/eu\/wp-json\/wp\/v2\/users\/4"}],"replies":[{"embeddable":true,"href":"https:\/\/www.uaga.eus\/eu\/wp-json\/wp\/v2\/comments?post=7850"}],"version-history":[{"count":2,"href":"https:\/\/www.uaga.eus\/eu\/wp-json\/wp\/v2\/posts\/7850\/revisions"}],"predecessor-version":[{"id":7853,"href":"https:\/\/www.uaga.eus\/eu\/wp-json\/wp\/v2\/posts\/7850\/revisions\/7853"}],"wp:featuredmedia":[{"embeddable":true,"href":"https:\/\/www.uaga.eus\/eu\/wp-json\/wp\/v2\/media\/7851"}],"wp:attachment":[{"href":"https:\/\/www.uaga.eus\/eu\/wp-json\/wp\/v2\/media?parent=7850"}],"wp:term":[{"taxonomy":"category","embeddable":true,"href":"https:\/\/www.uaga.eus\/eu\/wp-json\/wp\/v2\/categories?post=7850"},{"taxonomy":"post_tag","embeddable":true,"href":"https:\/\/www.uaga.eus\/eu\/wp-json\/wp\/v2\/tags?post=7850"}],"curies":[{"name":"wp","href":"https:\/\/api.w.org\/{rel}","templated":true}]}}