{"id":7842,"date":"2020-07-17T11:37:07","date_gmt":"2020-07-17T11:37:07","guid":{"rendered":"https:\/\/www.uaga.eus\/?p=7842"},"modified":"2020-07-17T11:37:07","modified_gmt":"2020-07-17T11:37:07","slug":"actualizacion-del-informe-de-copa-cogeca-sobre-el-impacto-del-covid-19-en-el-sector-agroalimentario-5","status":"publish","type":"post","link":"https:\/\/www.uaga.eus\/eu\/actualizacion-del-informe-de-copa-cogeca-sobre-el-impacto-del-covid-19-en-el-sector-agroalimentario-5\/","title":{"rendered":"Actualizaci\u00f3n del informe de COPA-COGECA sobre el impacto del Covid-19 en el\u00a0sector agroalimentario"},"content":{"rendered":"<p>COPA-COGECA, organizaci\u00f3n representante del sector a nivel europeo y del que forma parte UAGA, a trav\u00e9s de COAG, contin\u00faa realizando informes para dar a conocer el impacto del Covid-19 en el sector agroalimentario.<\/p>\n<p>En su \u00faltimo\u00a0informe advierte que, a pesar de la reanudaci\u00f3n parcial de las actividades en el conjunto de Europa, la situaci\u00f3n de los mercados en la mayor\u00eda de los sectores no ha mejorado de forma sustancial. Si bien considera positivo el primer paquete de medidas de gesti\u00f3n del mercado propuesto por la Comisi\u00f3n, cree que es insuficiente y que el apoyo deber\u00eda provenir de fuera del presupuesto agr\u00edcola. Adem\u00e1s estima necesario que la Uni\u00f3n Europea cuente con un presupuesto global m\u00e1s ambicioso que el que se plantea para el pr\u00f3ximo per\u00edodo 2021-2027.<\/p>\n<p>Puedes consultar el informe completo <a href=\"https:\/\/mcusercontent.com\/498b950ccfc4b8d0e600d7e48\/files\/dbd49b1e-f382-4744-a8c7-6f3ade97341a\/El_impacto_de_COVID_19_en_los_sectores_agr\u00edcola_forestal_y_pesquero_.pdf\" target=\"_blank\" rel=\"noopener\" data-cke-saved-href=\"https:\/\/mcusercontent.com\/498b950ccfc4b8d0e600d7e48\/files\/dbd49b1e-f382-4744-a8c7-6f3ade97341a\/El_impacto_de_COVID_19_en_los_sectores_agr\u00edcola_forestal_y_pesquero_.pdf\">aqu\u00ed<\/a>.<\/p>\n","protected":false},"excerpt":{"rendered":"<p>COPA-COGECA, organizaci\u00f3n representante del sector a nivel europeo y del que forma parte UAGA, a trav\u00e9s de COAG, contin\u00faa realizando informes para dar a conocer el impacto del Covid-19 en el sector agroalimentario. En su \u00faltimo\u00a0informe advierte que, a pesar de la reanudaci\u00f3n parcial de las actividades en el conjunto de Europa, la situaci\u00f3n de [&hellip;]<\/p>\n","protected":false},"author":4,"featured_media":7201,"comment_status":"closed","ping_status":"closed","sticky":false,"template":"","format":"standard","meta":{"footnotes":""},"categories":[7,111,8],"tags":[],"yoast_head":"<!-- This site is optimized with the Yoast SEO plugin v21.5 - https:\/\/yoast.com\/wordpress\/plugins\/seo\/ -->\n<title>Actualizaci\u00f3n del informe de COPA-COGECA sobre el impacto del Covid-19 en el\u00a0sector agroalimentario - UAGA<\/title>\n<meta name=\"robots\" content=\"index, follow, max-snippet:-1, max-image-preview:large, max-video-preview:-1\" \/>\n<link rel=\"canonical\" href=\"https:\/\/www.uaga.eus\/actualizacion-del-informe-de-copa-cogeca-sobre-el-impacto-del-covid-19-en-el-sector-agroalimentario-5\/\" \/>\n<meta property=\"og:locale\" content=\"en_US\" \/>\n<meta property=\"og:type\" content=\"article\" \/>\n<meta property=\"og:title\" content=\"Actualizaci\u00f3n del informe de COPA-COGECA sobre el impacto del Covid-19 en el\u00a0sector agroalimentario - UAGA\" \/>\n<meta property=\"og:description\" content=\"COPA-COGECA, organizaci\u00f3n representante del sector a nivel europeo y del que forma parte UAGA, a trav\u00e9s de COAG, contin\u00faa realizando informes para dar a conocer el impacto del Covid-19 en el sector agroalimentario. En su \u00faltimo\u00a0informe advierte que, a pesar de la reanudaci\u00f3n parcial de las actividades en el conjunto de Europa, la situaci\u00f3n de [&hellip;]\" \/>\n<meta property=\"og:url\" content=\"https:\/\/www.uaga.eus\/actualizacion-del-informe-de-copa-cogeca-sobre-el-impacto-del-covid-19-en-el-sector-agroalimentario-5\/\" \/>\n<meta property=\"og:site_name\" content=\"UAGA\" \/>\n<meta property=\"article:published_time\" content=\"2020-07-17T11:37:07+00:00\" \/>\n<meta property=\"og:image\" content=\"https:\/\/www.uaga.eus\/wp-content\/uploads\/2020\/04\/vacas-leche-1.jpg\" \/>\n\t<meta property=\"og:image:width\" content=\"650\" \/>\n\t<meta property=\"og:image:height\" content=\"366\" \/>\n\t<meta property=\"og:image:type\" content=\"image\/jpeg\" \/>\n<meta name=\"author\" content=\"Blanca S\u00e1nchez\" \/>\n<meta name=\"twitter:card\" content=\"summary_large_image\" \/>\n<meta name=\"twitter:label1\" content=\"Written by\" \/>\n\t<meta name=\"twitter:data1\" content=\"Blanca S\u00e1nchez\" \/>\n\t<meta name=\"twitter:label2\" content=\"Est. reading time\" \/>\n\t<meta name=\"twitter:data2\" content=\"1 minutua\" \/>\n<script type=\"application\/ld+json\" class=\"yoast-schema-graph\">{\"@context\":\"https:\/\/schema.org\",\"@graph\":[{\"@type\":\"WebPage\",\"@id\":\"https:\/\/www.uaga.eus\/actualizacion-del-informe-de-copa-cogeca-sobre-el-impacto-del-covid-19-en-el-sector-agroalimentario-5\/\",\"url\":\"https:\/\/www.uaga.eus\/actualizacion-del-informe-de-copa-cogeca-sobre-el-impacto-del-covid-19-en-el-sector-agroalimentario-5\/\",\"name\":\"Actualizaci\u00f3n del informe de COPA-COGECA sobre el impacto del Covid-19 en el\u00a0sector agroalimentario - UAGA\",\"isPartOf\":{\"@id\":\"https:\/\/www.uaga.eus\/#website\"},\"datePublished\":\"2020-07-17T11:37:07+00:00\",\"dateModified\":\"2020-07-17T11:37:07+00:00\",\"author\":{\"@id\":\"https:\/\/www.uaga.eus\/#\/schema\/person\/48c3cbf0f33d1b788226dbb6518689cf\"},\"breadcrumb\":{\"@id\":\"https:\/\/www.uaga.eus\/actualizacion-del-informe-de-copa-cogeca-sobre-el-impacto-del-covid-19-en-el-sector-agroalimentario-5\/#breadcrumb\"},\"inLanguage\":\"eu\",\"potentialAction\":[{\"@type\":\"ReadAction\",\"target\":[\"https:\/\/www.uaga.eus\/actualizacion-del-informe-de-copa-cogeca-sobre-el-impacto-del-covid-19-en-el-sector-agroalimentario-5\/\"]}]},{\"@type\":\"BreadcrumbList\",\"@id\":\"https:\/\/www.uaga.eus\/actualizacion-del-informe-de-copa-cogeca-sobre-el-impacto-del-covid-19-en-el-sector-agroalimentario-5\/#breadcrumb\",\"itemListElement\":[{\"@type\":\"ListItem\",\"position\":1,\"name\":\"Inicio\",\"item\":\"https:\/\/www.uaga.eus\/\"},{\"@type\":\"ListItem\",\"position\":2,\"name\":\"Actualizaci\u00f3n del informe de COPA-COGECA sobre el impacto del Covid-19 en el\u00a0sector agroalimentario\"}]},{\"@type\":\"WebSite\",\"@id\":\"https:\/\/www.uaga.eus\/#website\",\"url\":\"https:\/\/www.uaga.eus\/\",\"name\":\"UAGA\",\"description\":\"Uni\u00f3n Agroganadera de \u00c1lava - Araba Nekazarien Elkartea\",\"potentialAction\":[{\"@type\":\"SearchAction\",\"target\":{\"@type\":\"EntryPoint\",\"urlTemplate\":\"https:\/\/www.uaga.eus\/?s={search_term_string}\"},\"query-input\":\"required name=search_term_string\"}],\"inLanguage\":\"eu\"},{\"@type\":\"Person\",\"@id\":\"https:\/\/www.uaga.eus\/#\/schema\/person\/48c3cbf0f33d1b788226dbb6518689cf\",\"name\":\"Blanca S\u00e1nchez\",\"image\":{\"@type\":\"ImageObject\",\"inLanguage\":\"eu\",\"@id\":\"https:\/\/www.uaga.eus\/#\/schema\/person\/image\/\",\"url\":\"https:\/\/secure.gravatar.com\/avatar\/0dc91c20648254b1ce84877283f6751b?s=96&d=mm&r=g\",\"contentUrl\":\"https:\/\/secure.gravatar.com\/avatar\/0dc91c20648254b1ce84877283f6751b?s=96&d=mm&r=g\",\"caption\":\"Blanca S\u00e1nchez\"},\"url\":\"https:\/\/www.uaga.eus\/eu\/author\/bsanchez\/\"}]}<\/script>\n<!-- \/ Yoast SEO plugin. -->","yoast_head_json":{"title":"Actualizaci\u00f3n del informe de COPA-COGECA sobre el impacto del Covid-19 en el\u00a0sector agroalimentario - UAGA","robots":{"index":"index","follow":"follow","max-snippet":"max-snippet:-1","max-image-preview":"max-image-preview:large","max-video-preview":"max-video-preview:-1"},"canonical":"https:\/\/www.uaga.eus\/actualizacion-del-informe-de-copa-cogeca-sobre-el-impacto-del-covid-19-en-el-sector-agroalimentario-5\/","og_locale":"en_US","og_type":"article","og_title":"Actualizaci\u00f3n del informe de COPA-COGECA sobre el impacto del Covid-19 en el\u00a0sector agroalimentario - UAGA","og_description":"COPA-COGECA, organizaci\u00f3n representante del sector a nivel europeo y del que forma parte UAGA, a trav\u00e9s de COAG, contin\u00faa realizando informes para dar a conocer el impacto del Covid-19 en el sector agroalimentario. En su \u00faltimo\u00a0informe advierte que, a pesar de la reanudaci\u00f3n parcial de las actividades en el conjunto de Europa, la situaci\u00f3n de [&hellip;]","og_url":"https:\/\/www.uaga.eus\/actualizacion-del-informe-de-copa-cogeca-sobre-el-impacto-del-covid-19-en-el-sector-agroalimentario-5\/","og_site_name":"UAGA","article_published_time":"2020-07-17T11:37:07+00:00","og_image":[{"width":650,"height":366,"url":"https:\/\/www.uaga.eus\/wp-content\/uploads\/2020\/04\/vacas-leche-1.jpg","type":"image\/jpeg"}],"author":"Blanca S\u00e1nchez","twitter_card":"summary_large_image","twitter_misc":{"Written by":"Blanca S\u00e1nchez","Est. reading time":"1 minutua"},"schema":{"@context":"https:\/\/schema.org","@graph":[{"@type":"WebPage","@id":"https:\/\/www.uaga.eus\/actualizacion-del-informe-de-copa-cogeca-sobre-el-impacto-del-covid-19-en-el-sector-agroalimentario-5\/","url":"https:\/\/www.uaga.eus\/actualizacion-del-informe-de-copa-cogeca-sobre-el-impacto-del-covid-19-en-el-sector-agroalimentario-5\/","name":"Actualizaci\u00f3n del informe de COPA-COGECA sobre el impacto del Covid-19 en el\u00a0sector agroalimentario - UAGA","isPartOf":{"@id":"https:\/\/www.uaga.eus\/#website"},"datePublished":"2020-07-17T11:37:07+00:00","dateModified":"2020-07-17T11:37:07+00:00","author":{"@id":"https:\/\/www.uaga.eus\/#\/schema\/person\/48c3cbf0f33d1b788226dbb6518689cf"},"breadcrumb":{"@id":"https:\/\/www.uaga.eus\/actualizacion-del-informe-de-copa-cogeca-sobre-el-impacto-del-covid-19-en-el-sector-agroalimentario-5\/#breadcrumb"},"inLanguage":"eu","potentialAction":[{"@type":"ReadAction","target":["https:\/\/www.uaga.eus\/actualizacion-del-informe-de-copa-cogeca-sobre-el-impacto-del-covid-19-en-el-sector-agroalimentario-5\/"]}]},{"@type":"BreadcrumbList","@id":"https:\/\/www.uaga.eus\/actualizacion-del-informe-de-copa-cogeca-sobre-el-impacto-del-covid-19-en-el-sector-agroalimentario-5\/#breadcrumb","itemListElement":[{"@type":"ListItem","position":1,"name":"Inicio","item":"https:\/\/www.uaga.eus\/"},{"@type":"ListItem","position":2,"name":"Actualizaci\u00f3n del informe de COPA-COGECA sobre el impacto del Covid-19 en el\u00a0sector agroalimentario"}]},{"@type":"WebSite","@id":"https:\/\/www.uaga.eus\/#website","url":"https:\/\/www.uaga.eus\/","name":"UAGA","description":"Uni\u00f3n Agroganadera de \u00c1lava - Araba Nekazarien Elkartea","potentialAction":[{"@type":"SearchAction","target":{"@type":"EntryPoint","urlTemplate":"https:\/\/www.uaga.eus\/?s={search_term_string}"},"query-input":"required name=search_term_string"}],"inLanguage":"eu"},{"@type":"Person","@id":"https:\/\/www.uaga.eus\/#\/schema\/person\/48c3cbf0f33d1b788226dbb6518689cf","name":"Blanca S\u00e1nchez","image":{"@type":"ImageObject","inLanguage":"eu","@id":"https:\/\/www.uaga.eus\/#\/schema\/person\/image\/","url":"https:\/\/secure.gravatar.com\/avatar\/0dc91c20648254b1ce84877283f6751b?s=96&d=mm&r=g","contentUrl":"https:\/\/secure.gravatar.com\/avatar\/0dc91c20648254b1ce84877283f6751b?s=96&d=mm&r=g","caption":"Blanca S\u00e1nchez"},"url":"https:\/\/www.uaga.eus\/eu\/author\/bsanchez\/"}]}},"_links":{"self":[{"href":"https:\/\/www.uaga.eus\/eu\/wp-json\/wp\/v2\/posts\/7842"}],"collection":[{"href":"https:\/\/www.uaga.eus\/eu\/wp-json\/wp\/v2\/posts"}],"about":[{"href":"https:\/\/www.uaga.eus\/eu\/wp-json\/wp\/v2\/types\/post"}],"author":[{"embeddable":true,"href":"https:\/\/www.uaga.eus\/eu\/wp-json\/wp\/v2\/users\/4"}],"replies":[{"embeddable":true,"href":"https:\/\/www.uaga.eus\/eu\/wp-json\/wp\/v2\/comments?post=7842"}],"version-history":[{"count":1,"href":"https:\/\/www.uaga.eus\/eu\/wp-json\/wp\/v2\/posts\/7842\/revisions"}],"predecessor-version":[{"id":7843,"href":"https:\/\/www.uaga.eus\/eu\/wp-json\/wp\/v2\/posts\/7842\/revisions\/7843"}],"wp:featuredmedia":[{"embeddable":true,"href":"https:\/\/www.uaga.eus\/eu\/wp-json\/wp\/v2\/media\/7201"}],"wp:attachment":[{"href":"https:\/\/www.uaga.eus\/eu\/wp-json\/wp\/v2\/media?parent=7842"}],"wp:term":[{"taxonomy":"category","embeddable":true,"href":"https:\/\/www.uaga.eus\/eu\/wp-json\/wp\/v2\/categories?post=7842"},{"taxonomy":"post_tag","embeddable":true,"href":"https:\/\/www.uaga.eus\/eu\/wp-json\/wp\/v2\/tags?post=7842"}],"curies":[{"name":"wp","href":"https:\/\/api.w.org\/{rel}","templated":true}]}}