{"id":7823,"date":"2020-07-10T11:01:06","date_gmt":"2020-07-10T11:01:06","guid":{"rendered":"https:\/\/www.uaga.eus\/?p=7823"},"modified":"2020-07-10T11:01:06","modified_gmt":"2020-07-10T11:01:06","slug":"uaga-recuerda-que-el-carril-norte-de-la-avenida-del-zadorra-permanecera-cerrado-al-trafico","status":"publish","type":"post","link":"https:\/\/www.uaga.eus\/eu\/uaga-recuerda-que-el-carril-norte-de-la-avenida-del-zadorra-permanecera-cerrado-al-trafico\/","title":{"rendered":"UAGA recuerda que el carril norte de la Avenida del Zadorra permanecer\u00e1 cerrado al tr\u00e1fico"},"content":{"rendered":"<p><span style=\"font-family: arial, helvetica neue, helvetica, sans-serif;\">El Ayuntamiento de Vitoria-Gasteiz ha cerrado al tr\u00e1fico el carril norte de la Avenida del Zadorra en sentido Abetxuko, entre las rotondas de Abetxuko y Gamarra, para facilitar la movilidad peatonal y ciclista debido a las obras del proyecto de defensa ante inundaciones del r\u00edo Zadorra que URA est\u00e1 acometiendo en la zona.<\/p>\n<p>Con el objetivo de minimizar el impacto en los trabajos agr\u00edcolas de aquellas explotaciones que se vean afectadas por el cierre del carril de la Avenida del Zadorra en sentido Abetxuko que obliga a tomar otra v\u00eda alternativa, UAGA ha contactado con el Ayuntamiento de Vitoria-Gasteiz.<\/p>\n<p>Desde UAGA se ha propuesto utilizar la Avenida del Zadorra en ambos sentidos, teniendo en cuenta la actual campa\u00f1a de cosecha de cereal y la importancia de esta avenida para evitar la entrada en la ciudad de maquinaria agr\u00edcola. Sin embargo, debido a las obras que URA est\u00e1 acometiendo, los caminos peatonales no son transitables y el carril sin tr\u00e1fico ser\u00e1 de uso ciclista.<\/p>\n<p>Por lo tanto, para realizar el trayecto desde Gamarra hacia Abetxuko, se debe tomar una v\u00eda alternativa, siendo Portal de Gamarra y Artapadura la opci\u00f3n m\u00e1s pr\u00f3xima. Polic\u00eda local est\u00e1 informada sobre la dificultad que puede suponer para la maquinaria agr\u00edcola de grandes dimensiones como las cosechadoras transitar por las v\u00edas alternativas, por lo que quien considere necesario, puede solicitar su asistencia.<\/span><\/p>\n<p>+info\u00a0SUGOI: 675 707 696<\/p>","protected":false},"excerpt":{"rendered":"<p>El Ayuntamiento de Vitoria-Gasteiz ha cerrado al tr\u00e1fico el carril norte de la Avenida del Zadorra en sentido Abetxuko, entre las rotondas de Abetxuko y Gamarra, para facilitar la movilidad peatonal y ciclista debido a las obras del proyecto de defensa ante inundaciones del r\u00edo Zadorra que URA est\u00e1 acometiendo en la zona. Con el [&hellip;]<\/p>\n","protected":false},"author":4,"featured_media":7814,"comment_status":"closed","ping_status":"closed","sticky":false,"template":"","format":"standard","meta":{"footnotes":""},"categories":[7,11],"tags":[],"yoast_head":"<!-- This site is optimized with the Yoast SEO plugin v21.5 - https:\/\/yoast.com\/wordpress\/plugins\/seo\/ -->\n<title>UAGA recuerda que el carril norte de la Avenida del Zadorra permanecer\u00e1 cerrado al tr\u00e1fico - UAGA<\/title>\n<meta name=\"robots\" content=\"index, follow, max-snippet:-1, max-image-preview:large, max-video-preview:-1\" \/>\n<link rel=\"canonical\" href=\"https:\/\/www.uaga.eus\/uaga-recuerda-que-el-carril-norte-de-la-avenida-del-zadorra-permanecera-cerrado-al-trafico\/\" \/>\n<meta property=\"og:locale\" content=\"en_US\" \/>\n<meta property=\"og:type\" content=\"article\" \/>\n<meta property=\"og:title\" content=\"UAGA recuerda que el carril norte de la Avenida del Zadorra permanecer\u00e1 cerrado al tr\u00e1fico - UAGA\" \/>\n<meta property=\"og:description\" content=\"El Ayuntamiento de Vitoria-Gasteiz ha cerrado al tr\u00e1fico el carril norte de la Avenida del Zadorra en sentido Abetxuko, entre las rotondas de Abetxuko y Gamarra, para facilitar la movilidad peatonal y ciclista debido a las obras del proyecto de defensa ante inundaciones del r\u00edo Zadorra que URA est\u00e1 acometiendo en la zona. Con el [&hellip;]\" \/>\n<meta property=\"og:url\" content=\"https:\/\/www.uaga.eus\/uaga-recuerda-que-el-carril-norte-de-la-avenida-del-zadorra-permanecera-cerrado-al-trafico\/\" \/>\n<meta property=\"og:site_name\" content=\"UAGA\" \/>\n<meta property=\"article:published_time\" content=\"2020-07-10T11:01:06+00:00\" \/>\n<meta property=\"og:image\" content=\"https:\/\/www.uaga.eus\/wp-content\/uploads\/2020\/07\/avenida-del-zadorra.jpg\" \/>\n\t<meta property=\"og:image:width\" content=\"650\" \/>\n\t<meta property=\"og:image:height\" content=\"366\" \/>\n\t<meta property=\"og:image:type\" content=\"image\/jpeg\" \/>\n<meta name=\"author\" content=\"Blanca S\u00e1nchez\" \/>\n<meta name=\"twitter:card\" content=\"summary_large_image\" \/>\n<meta name=\"twitter:label1\" content=\"Written by\" \/>\n\t<meta name=\"twitter:data1\" content=\"Blanca S\u00e1nchez\" \/>\n\t<meta name=\"twitter:label2\" content=\"Est. reading time\" \/>\n\t<meta name=\"twitter:data2\" content=\"2 minutua\" \/>\n<script type=\"application\/ld+json\" class=\"yoast-schema-graph\">{\"@context\":\"https:\/\/schema.org\",\"@graph\":[{\"@type\":\"WebPage\",\"@id\":\"https:\/\/www.uaga.eus\/uaga-recuerda-que-el-carril-norte-de-la-avenida-del-zadorra-permanecera-cerrado-al-trafico\/\",\"url\":\"https:\/\/www.uaga.eus\/uaga-recuerda-que-el-carril-norte-de-la-avenida-del-zadorra-permanecera-cerrado-al-trafico\/\",\"name\":\"UAGA recuerda que el carril norte de la Avenida del Zadorra permanecer\u00e1 cerrado al tr\u00e1fico - UAGA\",\"isPartOf\":{\"@id\":\"https:\/\/www.uaga.eus\/#website\"},\"datePublished\":\"2020-07-10T11:01:06+00:00\",\"dateModified\":\"2020-07-10T11:01:06+00:00\",\"author\":{\"@id\":\"https:\/\/www.uaga.eus\/#\/schema\/person\/48c3cbf0f33d1b788226dbb6518689cf\"},\"breadcrumb\":{\"@id\":\"https:\/\/www.uaga.eus\/uaga-recuerda-que-el-carril-norte-de-la-avenida-del-zadorra-permanecera-cerrado-al-trafico\/#breadcrumb\"},\"inLanguage\":\"eu\",\"potentialAction\":[{\"@type\":\"ReadAction\",\"target\":[\"https:\/\/www.uaga.eus\/uaga-recuerda-que-el-carril-norte-de-la-avenida-del-zadorra-permanecera-cerrado-al-trafico\/\"]}]},{\"@type\":\"BreadcrumbList\",\"@id\":\"https:\/\/www.uaga.eus\/uaga-recuerda-que-el-carril-norte-de-la-avenida-del-zadorra-permanecera-cerrado-al-trafico\/#breadcrumb\",\"itemListElement\":[{\"@type\":\"ListItem\",\"position\":1,\"name\":\"Inicio\",\"item\":\"https:\/\/www.uaga.eus\/\"},{\"@type\":\"ListItem\",\"position\":2,\"name\":\"UAGA recuerda que el carril norte de la Avenida del Zadorra permanecer\u00e1 cerrado al tr\u00e1fico\"}]},{\"@type\":\"WebSite\",\"@id\":\"https:\/\/www.uaga.eus\/#website\",\"url\":\"https:\/\/www.uaga.eus\/\",\"name\":\"UAGA\",\"description\":\"Uni\u00f3n Agroganadera de \u00c1lava - Araba Nekazarien Elkartea\",\"potentialAction\":[{\"@type\":\"SearchAction\",\"target\":{\"@type\":\"EntryPoint\",\"urlTemplate\":\"https:\/\/www.uaga.eus\/?s={search_term_string}\"},\"query-input\":\"required name=search_term_string\"}],\"inLanguage\":\"eu\"},{\"@type\":\"Person\",\"@id\":\"https:\/\/www.uaga.eus\/#\/schema\/person\/48c3cbf0f33d1b788226dbb6518689cf\",\"name\":\"Blanca S\u00e1nchez\",\"image\":{\"@type\":\"ImageObject\",\"inLanguage\":\"eu\",\"@id\":\"https:\/\/www.uaga.eus\/#\/schema\/person\/image\/\",\"url\":\"https:\/\/secure.gravatar.com\/avatar\/0dc91c20648254b1ce84877283f6751b?s=96&d=mm&r=g\",\"contentUrl\":\"https:\/\/secure.gravatar.com\/avatar\/0dc91c20648254b1ce84877283f6751b?s=96&d=mm&r=g\",\"caption\":\"Blanca S\u00e1nchez\"},\"url\":\"https:\/\/www.uaga.eus\/eu\/author\/bsanchez\/\"}]}<\/script>\n<!-- \/ Yoast SEO plugin. -->","yoast_head_json":{"title":"UAGA recuerda que el carril norte de la Avenida del Zadorra permanecer\u00e1 cerrado al tr\u00e1fico - UAGA","robots":{"index":"index","follow":"follow","max-snippet":"max-snippet:-1","max-image-preview":"max-image-preview:large","max-video-preview":"max-video-preview:-1"},"canonical":"https:\/\/www.uaga.eus\/uaga-recuerda-que-el-carril-norte-de-la-avenida-del-zadorra-permanecera-cerrado-al-trafico\/","og_locale":"en_US","og_type":"article","og_title":"UAGA recuerda que el carril norte de la Avenida del Zadorra permanecer\u00e1 cerrado al tr\u00e1fico - UAGA","og_description":"El Ayuntamiento de Vitoria-Gasteiz ha cerrado al tr\u00e1fico el carril norte de la Avenida del Zadorra en sentido Abetxuko, entre las rotondas de Abetxuko y Gamarra, para facilitar la movilidad peatonal y ciclista debido a las obras del proyecto de defensa ante inundaciones del r\u00edo Zadorra que URA est\u00e1 acometiendo en la zona. Con el [&hellip;]","og_url":"https:\/\/www.uaga.eus\/uaga-recuerda-que-el-carril-norte-de-la-avenida-del-zadorra-permanecera-cerrado-al-trafico\/","og_site_name":"UAGA","article_published_time":"2020-07-10T11:01:06+00:00","og_image":[{"width":650,"height":366,"url":"https:\/\/www.uaga.eus\/wp-content\/uploads\/2020\/07\/avenida-del-zadorra.jpg","type":"image\/jpeg"}],"author":"Blanca S\u00e1nchez","twitter_card":"summary_large_image","twitter_misc":{"Written by":"Blanca S\u00e1nchez","Est. reading time":"2 minutua"},"schema":{"@context":"https:\/\/schema.org","@graph":[{"@type":"WebPage","@id":"https:\/\/www.uaga.eus\/uaga-recuerda-que-el-carril-norte-de-la-avenida-del-zadorra-permanecera-cerrado-al-trafico\/","url":"https:\/\/www.uaga.eus\/uaga-recuerda-que-el-carril-norte-de-la-avenida-del-zadorra-permanecera-cerrado-al-trafico\/","name":"UAGA recuerda que el carril norte de la Avenida del Zadorra permanecer\u00e1 cerrado al tr\u00e1fico - UAGA","isPartOf":{"@id":"https:\/\/www.uaga.eus\/#website"},"datePublished":"2020-07-10T11:01:06+00:00","dateModified":"2020-07-10T11:01:06+00:00","author":{"@id":"https:\/\/www.uaga.eus\/#\/schema\/person\/48c3cbf0f33d1b788226dbb6518689cf"},"breadcrumb":{"@id":"https:\/\/www.uaga.eus\/uaga-recuerda-que-el-carril-norte-de-la-avenida-del-zadorra-permanecera-cerrado-al-trafico\/#breadcrumb"},"inLanguage":"eu","potentialAction":[{"@type":"ReadAction","target":["https:\/\/www.uaga.eus\/uaga-recuerda-que-el-carril-norte-de-la-avenida-del-zadorra-permanecera-cerrado-al-trafico\/"]}]},{"@type":"BreadcrumbList","@id":"https:\/\/www.uaga.eus\/uaga-recuerda-que-el-carril-norte-de-la-avenida-del-zadorra-permanecera-cerrado-al-trafico\/#breadcrumb","itemListElement":[{"@type":"ListItem","position":1,"name":"Inicio","item":"https:\/\/www.uaga.eus\/"},{"@type":"ListItem","position":2,"name":"UAGA recuerda que el carril norte de la Avenida del Zadorra permanecer\u00e1 cerrado al tr\u00e1fico"}]},{"@type":"WebSite","@id":"https:\/\/www.uaga.eus\/#website","url":"https:\/\/www.uaga.eus\/","name":"UAGA","description":"Uni\u00f3n Agroganadera de \u00c1lava - Araba Nekazarien Elkartea","potentialAction":[{"@type":"SearchAction","target":{"@type":"EntryPoint","urlTemplate":"https:\/\/www.uaga.eus\/?s={search_term_string}"},"query-input":"required name=search_term_string"}],"inLanguage":"eu"},{"@type":"Person","@id":"https:\/\/www.uaga.eus\/#\/schema\/person\/48c3cbf0f33d1b788226dbb6518689cf","name":"Blanca S\u00e1nchez","image":{"@type":"ImageObject","inLanguage":"eu","@id":"https:\/\/www.uaga.eus\/#\/schema\/person\/image\/","url":"https:\/\/secure.gravatar.com\/avatar\/0dc91c20648254b1ce84877283f6751b?s=96&d=mm&r=g","contentUrl":"https:\/\/secure.gravatar.com\/avatar\/0dc91c20648254b1ce84877283f6751b?s=96&d=mm&r=g","caption":"Blanca S\u00e1nchez"},"url":"https:\/\/www.uaga.eus\/eu\/author\/bsanchez\/"}]}},"_links":{"self":[{"href":"https:\/\/www.uaga.eus\/eu\/wp-json\/wp\/v2\/posts\/7823"}],"collection":[{"href":"https:\/\/www.uaga.eus\/eu\/wp-json\/wp\/v2\/posts"}],"about":[{"href":"https:\/\/www.uaga.eus\/eu\/wp-json\/wp\/v2\/types\/post"}],"author":[{"embeddable":true,"href":"https:\/\/www.uaga.eus\/eu\/wp-json\/wp\/v2\/users\/4"}],"replies":[{"embeddable":true,"href":"https:\/\/www.uaga.eus\/eu\/wp-json\/wp\/v2\/comments?post=7823"}],"version-history":[{"count":1,"href":"https:\/\/www.uaga.eus\/eu\/wp-json\/wp\/v2\/posts\/7823\/revisions"}],"predecessor-version":[{"id":7824,"href":"https:\/\/www.uaga.eus\/eu\/wp-json\/wp\/v2\/posts\/7823\/revisions\/7824"}],"wp:featuredmedia":[{"embeddable":true,"href":"https:\/\/www.uaga.eus\/eu\/wp-json\/wp\/v2\/media\/7814"}],"wp:attachment":[{"href":"https:\/\/www.uaga.eus\/eu\/wp-json\/wp\/v2\/media?parent=7823"}],"wp:term":[{"taxonomy":"category","embeddable":true,"href":"https:\/\/www.uaga.eus\/eu\/wp-json\/wp\/v2\/categories?post=7823"},{"taxonomy":"post_tag","embeddable":true,"href":"https:\/\/www.uaga.eus\/eu\/wp-json\/wp\/v2\/tags?post=7823"}],"curies":[{"name":"wp","href":"https:\/\/api.w.org\/{rel}","templated":true}]}}