{"id":7811,"date":"2020-07-10T10:57:39","date_gmt":"2020-07-10T10:57:39","guid":{"rendered":"https:\/\/www.uaga.eus\/?p=7811"},"modified":"2020-07-10T10:57:39","modified_gmt":"2020-07-10T10:57:39","slug":"el-gobierno-vasco-declara-la-existencia-de-insectos-vectores-y-virus-y-regula-las-medidas-obligatorias-de-prevencion-y-lucha-contra-la-virosis-en-cultivos-horticolas","status":"publish","type":"post","link":"https:\/\/www.uaga.eus\/eu\/el-gobierno-vasco-declara-la-existencia-de-insectos-vectores-y-virus-y-regula-las-medidas-obligatorias-de-prevencion-y-lucha-contra-la-virosis-en-cultivos-horticolas\/","title":{"rendered":"El Gobierno Vasco declara la existencia de insectos vectores y virus, y regula las medidas obligatorias de prevenci\u00f3n y lucha contra la virosis en cultivos hort\u00edcolas"},"content":{"rendered":"<p>El Gobierno Vasco ha publicado el Decreto 82\/2020 por el que se declara la existencia de diferentes insectos vectores y virus, y se establecen <strong>medidas obligatorias de prevencio\u0301n y lucha contra las virosis <\/strong>que afectan a las plantas horti\u0301colas y a sus insectos vectores.<\/p>\n<p>Se pretende hacer frente a la virosis en cultivos hort\u00edcolas, para lo que se <strong>identifican a los insectos y virus vectores<\/strong> y se establecen medidas fitosanitarias.<\/p>\n<p>Las <strong>medidas fitosanitarias<\/strong> incluyen aspectos estructurales, referidos a las propias instalaciones, as\u00ed como medidas de car\u00e1cter fitosanitario, relativas a la adquisici\u00f3n de material vegetal y procedimientos de prevenci\u00f3n, control y evaluaci\u00f3n.<\/p>\n<p>Adem\u00e1s, se establecen las <strong>medidas de car\u00e1cter higi\u00e9nico<\/strong> relativas al manejo de cultivos y al protocolo de informaci\u00f3n a los servicios de sanidad vegetal de cada territorio hist\u00f3rico, as\u00ed como otras recomendaciones.<\/p>\n<p>Puedes consultar aqu\u00ed el <a href=\"https:\/\/www.euskadi.eus\/y22-bopv\/es\/bopv2\/datos\/2020\/07\/2002621a.pdf\" target=\"_blank\" rel=\"noopener\" data-cke-saved-href=\"https:\/\/www.euskadi.eus\/y22-bopv\/es\/bopv2\/datos\/2020\/07\/2002621a.pdf\">Decreto<\/a>.<\/p>\n<p>+info\u00a0GUSTAVO: 635 704 865<\/p>\n","protected":false},"excerpt":{"rendered":"<p>El Gobierno Vasco ha publicado el Decreto 82\/2020 por el que se declara la existencia de diferentes insectos vectores y virus, y se establecen medidas obligatorias de prevencio\u0301n y lucha contra las virosis que afectan a las plantas horti\u0301colas y a sus insectos vectores. Se pretende hacer frente a la virosis en cultivos hort\u00edcolas, para [&hellip;]<\/p>\n","protected":false},"author":4,"featured_media":7817,"comment_status":"closed","ping_status":"closed","sticky":false,"template":"","format":"standard","meta":{"footnotes":""},"categories":[7],"tags":[],"yoast_head":"<!-- This site is optimized with the Yoast SEO plugin v21.5 - https:\/\/yoast.com\/wordpress\/plugins\/seo\/ -->\n<title>El Gobierno Vasco declara la existencia de insectos vectores y virus, y regula las medidas obligatorias de prevenci\u00f3n y lucha contra la virosis en cultivos hort\u00edcolas - UAGA<\/title>\n<meta name=\"robots\" content=\"index, follow, max-snippet:-1, max-image-preview:large, max-video-preview:-1\" \/>\n<link rel=\"canonical\" href=\"https:\/\/www.uaga.eus\/el-gobierno-vasco-declara-la-existencia-de-insectos-vectores-y-virus-y-regula-las-medidas-obligatorias-de-prevencion-y-lucha-contra-la-virosis-en-cultivos-horticolas\/\" \/>\n<meta property=\"og:locale\" content=\"en_US\" \/>\n<meta property=\"og:type\" content=\"article\" \/>\n<meta property=\"og:title\" content=\"El Gobierno Vasco declara la existencia de insectos vectores y virus, y regula las medidas obligatorias de prevenci\u00f3n y lucha contra la virosis en cultivos hort\u00edcolas - UAGA\" \/>\n<meta property=\"og:description\" content=\"El Gobierno Vasco ha publicado el Decreto 82\/2020 por el que se declara la existencia de diferentes insectos vectores y virus, y se establecen medidas obligatorias de prevencio\u0301n y lucha contra las virosis que afectan a las plantas horti\u0301colas y a sus insectos vectores. Se pretende hacer frente a la virosis en cultivos hort\u00edcolas, para [&hellip;]\" \/>\n<meta property=\"og:url\" content=\"https:\/\/www.uaga.eus\/el-gobierno-vasco-declara-la-existencia-de-insectos-vectores-y-virus-y-regula-las-medidas-obligatorias-de-prevencion-y-lucha-contra-la-virosis-en-cultivos-horticolas\/\" \/>\n<meta property=\"og:site_name\" content=\"UAGA\" \/>\n<meta property=\"article:published_time\" content=\"2020-07-10T10:57:39+00:00\" \/>\n<meta property=\"og:image\" content=\"https:\/\/www.uaga.eus\/wp-content\/uploads\/2020\/07\/plantas-de-tomate.jpg\" \/>\n\t<meta property=\"og:image:width\" content=\"650\" \/>\n\t<meta property=\"og:image:height\" content=\"366\" \/>\n\t<meta property=\"og:image:type\" content=\"image\/jpeg\" \/>\n<meta name=\"author\" content=\"Blanca S\u00e1nchez\" \/>\n<meta name=\"twitter:card\" content=\"summary_large_image\" \/>\n<meta name=\"twitter:label1\" content=\"Written by\" \/>\n\t<meta name=\"twitter:data1\" content=\"Blanca S\u00e1nchez\" \/>\n\t<meta name=\"twitter:label2\" content=\"Est. reading time\" \/>\n\t<meta name=\"twitter:data2\" content=\"1 minutua\" \/>\n<script type=\"application\/ld+json\" class=\"yoast-schema-graph\">{\"@context\":\"https:\/\/schema.org\",\"@graph\":[{\"@type\":\"WebPage\",\"@id\":\"https:\/\/www.uaga.eus\/el-gobierno-vasco-declara-la-existencia-de-insectos-vectores-y-virus-y-regula-las-medidas-obligatorias-de-prevencion-y-lucha-contra-la-virosis-en-cultivos-horticolas\/\",\"url\":\"https:\/\/www.uaga.eus\/el-gobierno-vasco-declara-la-existencia-de-insectos-vectores-y-virus-y-regula-las-medidas-obligatorias-de-prevencion-y-lucha-contra-la-virosis-en-cultivos-horticolas\/\",\"name\":\"El Gobierno Vasco declara la existencia de insectos vectores y virus, y regula las medidas obligatorias de prevenci\u00f3n y lucha contra la virosis en cultivos hort\u00edcolas - UAGA\",\"isPartOf\":{\"@id\":\"https:\/\/www.uaga.eus\/#website\"},\"datePublished\":\"2020-07-10T10:57:39+00:00\",\"dateModified\":\"2020-07-10T10:57:39+00:00\",\"author\":{\"@id\":\"https:\/\/www.uaga.eus\/#\/schema\/person\/48c3cbf0f33d1b788226dbb6518689cf\"},\"breadcrumb\":{\"@id\":\"https:\/\/www.uaga.eus\/el-gobierno-vasco-declara-la-existencia-de-insectos-vectores-y-virus-y-regula-las-medidas-obligatorias-de-prevencion-y-lucha-contra-la-virosis-en-cultivos-horticolas\/#breadcrumb\"},\"inLanguage\":\"eu\",\"potentialAction\":[{\"@type\":\"ReadAction\",\"target\":[\"https:\/\/www.uaga.eus\/el-gobierno-vasco-declara-la-existencia-de-insectos-vectores-y-virus-y-regula-las-medidas-obligatorias-de-prevencion-y-lucha-contra-la-virosis-en-cultivos-horticolas\/\"]}]},{\"@type\":\"BreadcrumbList\",\"@id\":\"https:\/\/www.uaga.eus\/el-gobierno-vasco-declara-la-existencia-de-insectos-vectores-y-virus-y-regula-las-medidas-obligatorias-de-prevencion-y-lucha-contra-la-virosis-en-cultivos-horticolas\/#breadcrumb\",\"itemListElement\":[{\"@type\":\"ListItem\",\"position\":1,\"name\":\"Inicio\",\"item\":\"https:\/\/www.uaga.eus\/\"},{\"@type\":\"ListItem\",\"position\":2,\"name\":\"El Gobierno Vasco declara la existencia de insectos vectores y virus, y regula las medidas obligatorias de prevenci\u00f3n y lucha contra la virosis en cultivos hort\u00edcolas\"}]},{\"@type\":\"WebSite\",\"@id\":\"https:\/\/www.uaga.eus\/#website\",\"url\":\"https:\/\/www.uaga.eus\/\",\"name\":\"UAGA\",\"description\":\"Uni\u00f3n Agroganadera de \u00c1lava - Araba Nekazarien Elkartea\",\"potentialAction\":[{\"@type\":\"SearchAction\",\"target\":{\"@type\":\"EntryPoint\",\"urlTemplate\":\"https:\/\/www.uaga.eus\/?s={search_term_string}\"},\"query-input\":\"required name=search_term_string\"}],\"inLanguage\":\"eu\"},{\"@type\":\"Person\",\"@id\":\"https:\/\/www.uaga.eus\/#\/schema\/person\/48c3cbf0f33d1b788226dbb6518689cf\",\"name\":\"Blanca S\u00e1nchez\",\"image\":{\"@type\":\"ImageObject\",\"inLanguage\":\"eu\",\"@id\":\"https:\/\/www.uaga.eus\/#\/schema\/person\/image\/\",\"url\":\"https:\/\/secure.gravatar.com\/avatar\/0dc91c20648254b1ce84877283f6751b?s=96&d=mm&r=g\",\"contentUrl\":\"https:\/\/secure.gravatar.com\/avatar\/0dc91c20648254b1ce84877283f6751b?s=96&d=mm&r=g\",\"caption\":\"Blanca S\u00e1nchez\"},\"url\":\"https:\/\/www.uaga.eus\/eu\/author\/bsanchez\/\"}]}<\/script>\n<!-- \/ Yoast SEO plugin. -->","yoast_head_json":{"title":"El Gobierno Vasco declara la existencia de insectos vectores y virus, y regula las medidas obligatorias de prevenci\u00f3n y lucha contra la virosis en cultivos hort\u00edcolas - UAGA","robots":{"index":"index","follow":"follow","max-snippet":"max-snippet:-1","max-image-preview":"max-image-preview:large","max-video-preview":"max-video-preview:-1"},"canonical":"https:\/\/www.uaga.eus\/el-gobierno-vasco-declara-la-existencia-de-insectos-vectores-y-virus-y-regula-las-medidas-obligatorias-de-prevencion-y-lucha-contra-la-virosis-en-cultivos-horticolas\/","og_locale":"en_US","og_type":"article","og_title":"El Gobierno Vasco declara la existencia de insectos vectores y virus, y regula las medidas obligatorias de prevenci\u00f3n y lucha contra la virosis en cultivos hort\u00edcolas - UAGA","og_description":"El Gobierno Vasco ha publicado el Decreto 82\/2020 por el que se declara la existencia de diferentes insectos vectores y virus, y se establecen medidas obligatorias de prevencio\u0301n y lucha contra las virosis que afectan a las plantas horti\u0301colas y a sus insectos vectores. Se pretende hacer frente a la virosis en cultivos hort\u00edcolas, para [&hellip;]","og_url":"https:\/\/www.uaga.eus\/el-gobierno-vasco-declara-la-existencia-de-insectos-vectores-y-virus-y-regula-las-medidas-obligatorias-de-prevencion-y-lucha-contra-la-virosis-en-cultivos-horticolas\/","og_site_name":"UAGA","article_published_time":"2020-07-10T10:57:39+00:00","og_image":[{"width":650,"height":366,"url":"https:\/\/www.uaga.eus\/wp-content\/uploads\/2020\/07\/plantas-de-tomate.jpg","type":"image\/jpeg"}],"author":"Blanca S\u00e1nchez","twitter_card":"summary_large_image","twitter_misc":{"Written by":"Blanca S\u00e1nchez","Est. reading time":"1 minutua"},"schema":{"@context":"https:\/\/schema.org","@graph":[{"@type":"WebPage","@id":"https:\/\/www.uaga.eus\/el-gobierno-vasco-declara-la-existencia-de-insectos-vectores-y-virus-y-regula-las-medidas-obligatorias-de-prevencion-y-lucha-contra-la-virosis-en-cultivos-horticolas\/","url":"https:\/\/www.uaga.eus\/el-gobierno-vasco-declara-la-existencia-de-insectos-vectores-y-virus-y-regula-las-medidas-obligatorias-de-prevencion-y-lucha-contra-la-virosis-en-cultivos-horticolas\/","name":"El Gobierno Vasco declara la existencia de insectos vectores y virus, y regula las medidas obligatorias de prevenci\u00f3n y lucha contra la virosis en cultivos hort\u00edcolas - UAGA","isPartOf":{"@id":"https:\/\/www.uaga.eus\/#website"},"datePublished":"2020-07-10T10:57:39+00:00","dateModified":"2020-07-10T10:57:39+00:00","author":{"@id":"https:\/\/www.uaga.eus\/#\/schema\/person\/48c3cbf0f33d1b788226dbb6518689cf"},"breadcrumb":{"@id":"https:\/\/www.uaga.eus\/el-gobierno-vasco-declara-la-existencia-de-insectos-vectores-y-virus-y-regula-las-medidas-obligatorias-de-prevencion-y-lucha-contra-la-virosis-en-cultivos-horticolas\/#breadcrumb"},"inLanguage":"eu","potentialAction":[{"@type":"ReadAction","target":["https:\/\/www.uaga.eus\/el-gobierno-vasco-declara-la-existencia-de-insectos-vectores-y-virus-y-regula-las-medidas-obligatorias-de-prevencion-y-lucha-contra-la-virosis-en-cultivos-horticolas\/"]}]},{"@type":"BreadcrumbList","@id":"https:\/\/www.uaga.eus\/el-gobierno-vasco-declara-la-existencia-de-insectos-vectores-y-virus-y-regula-las-medidas-obligatorias-de-prevencion-y-lucha-contra-la-virosis-en-cultivos-horticolas\/#breadcrumb","itemListElement":[{"@type":"ListItem","position":1,"name":"Inicio","item":"https:\/\/www.uaga.eus\/"},{"@type":"ListItem","position":2,"name":"El Gobierno Vasco declara la existencia de insectos vectores y virus, y regula las medidas obligatorias de prevenci\u00f3n y lucha contra la virosis en cultivos hort\u00edcolas"}]},{"@type":"WebSite","@id":"https:\/\/www.uaga.eus\/#website","url":"https:\/\/www.uaga.eus\/","name":"UAGA","description":"Uni\u00f3n Agroganadera de \u00c1lava - Araba Nekazarien Elkartea","potentialAction":[{"@type":"SearchAction","target":{"@type":"EntryPoint","urlTemplate":"https:\/\/www.uaga.eus\/?s={search_term_string}"},"query-input":"required name=search_term_string"}],"inLanguage":"eu"},{"@type":"Person","@id":"https:\/\/www.uaga.eus\/#\/schema\/person\/48c3cbf0f33d1b788226dbb6518689cf","name":"Blanca S\u00e1nchez","image":{"@type":"ImageObject","inLanguage":"eu","@id":"https:\/\/www.uaga.eus\/#\/schema\/person\/image\/","url":"https:\/\/secure.gravatar.com\/avatar\/0dc91c20648254b1ce84877283f6751b?s=96&d=mm&r=g","contentUrl":"https:\/\/secure.gravatar.com\/avatar\/0dc91c20648254b1ce84877283f6751b?s=96&d=mm&r=g","caption":"Blanca S\u00e1nchez"},"url":"https:\/\/www.uaga.eus\/eu\/author\/bsanchez\/"}]}},"_links":{"self":[{"href":"https:\/\/www.uaga.eus\/eu\/wp-json\/wp\/v2\/posts\/7811"}],"collection":[{"href":"https:\/\/www.uaga.eus\/eu\/wp-json\/wp\/v2\/posts"}],"about":[{"href":"https:\/\/www.uaga.eus\/eu\/wp-json\/wp\/v2\/types\/post"}],"author":[{"embeddable":true,"href":"https:\/\/www.uaga.eus\/eu\/wp-json\/wp\/v2\/users\/4"}],"replies":[{"embeddable":true,"href":"https:\/\/www.uaga.eus\/eu\/wp-json\/wp\/v2\/comments?post=7811"}],"version-history":[{"count":1,"href":"https:\/\/www.uaga.eus\/eu\/wp-json\/wp\/v2\/posts\/7811\/revisions"}],"predecessor-version":[{"id":7818,"href":"https:\/\/www.uaga.eus\/eu\/wp-json\/wp\/v2\/posts\/7811\/revisions\/7818"}],"wp:featuredmedia":[{"embeddable":true,"href":"https:\/\/www.uaga.eus\/eu\/wp-json\/wp\/v2\/media\/7817"}],"wp:attachment":[{"href":"https:\/\/www.uaga.eus\/eu\/wp-json\/wp\/v2\/media?parent=7811"}],"wp:term":[{"taxonomy":"category","embeddable":true,"href":"https:\/\/www.uaga.eus\/eu\/wp-json\/wp\/v2\/categories?post=7811"},{"taxonomy":"post_tag","embeddable":true,"href":"https:\/\/www.uaga.eus\/eu\/wp-json\/wp\/v2\/tags?post=7811"}],"curies":[{"name":"wp","href":"https:\/\/api.w.org\/{rel}","templated":true}]}}