{"id":7806,"date":"2020-07-08T11:36:31","date_gmt":"2020-07-08T11:36:31","guid":{"rendered":"https:\/\/www.uaga.eus\/?p=7806"},"modified":"2020-07-08T11:36:31","modified_gmt":"2020-07-08T11:36:31","slug":"hasta-el-31-de-julio-abierto-el-plazo-para-solicitar-la-ayuda-para-la-contratacion-de-seguros-de-vinedo-que-ha-publicado-diputacion-de-alava","status":"publish","type":"post","link":"https:\/\/www.uaga.eus\/eu\/hasta-el-31-de-julio-abierto-el-plazo-para-solicitar-la-ayuda-para-la-contratacion-de-seguros-de-vinedo-que-ha-publicado-diputacion-de-alava\/","title":{"rendered":"Hasta el 31 de julio, abierto el plazo para solicitar la ayuda para la contrataci\u00f3n de seguros de vi\u00f1edo que ha publicado Diputaci\u00f3n de \u00c1lava"},"content":{"rendered":"<p><span style=\"font-family: arial, helvetica neue, helvetica, sans-serif;\">La Diputaci\u00f3n de \u00c1lava ha publicado el Decreto de ayudas destinadas a la contrataci\u00f3n de seguros de vi\u00f1edo para el a\u00f1o 2020.<\/span><\/p>\n<p>Ser\u00e1n subvencionables los seguros recogidos en las l\u00edneas del Plan Nacional de Seguros Agrarios Combinados vigente en el a\u00f1o 2020 y de aplicaci\u00f3n en parcelas ubicadas en el Territorio Hist\u00f3rico de \u00c1lava para la uva de vinificaci\u00f3n.<\/p>\n<p>La partida econ\u00f3mica total incluida en esta convocatoria es de 198.990 euros. La cuant\u00eda de la ayuda ser\u00e1 de un m\u00e1ximo del 65 por ciento del coste total neto. No se conceder\u00e1n subvenciones inferiores a 100 euros y la cantidad m\u00e1xima subvencionable es de 3.000 euros.<\/p>\n<p>Esta ayuda se puede tramitar a trav\u00e9s de la\u00a0<a href=\"https:\/\/e-s.araba.eus\/wps\/portal\/iniciarSesion_es\" target=\"_blank\" rel=\"noopener\">sede electr\u00f3nica<\/a>\u00a0de Diputaci\u00f3n Foral de \u00c1lava y en las oficinas comarcales agrarias.<\/p>\n<p>Puedes consultar aqu\u00ed el\u00a0<a href=\"https:\/\/www.araba.eus\/botha\/Boletines\/2020\/076\/2020_076_01759_C.pdf\" target=\"_blank\" rel=\"noopener\">Decreto<\/a>.<\/p>\n<p>+info\u00a0GUSTAVO: 635 704 865<\/p>\n","protected":false},"excerpt":{"rendered":"<p>La Diputaci\u00f3n de \u00c1lava ha publicado el Decreto de ayudas destinadas a la contrataci\u00f3n de seguros de vi\u00f1edo para el a\u00f1o 2020. Ser\u00e1n subvencionables los seguros recogidos en las l\u00edneas del Plan Nacional de Seguros Agrarios Combinados vigente en el a\u00f1o 2020 y de aplicaci\u00f3n en parcelas ubicadas en el Territorio Hist\u00f3rico de \u00c1lava para [&hellip;]<\/p>\n","protected":false},"author":4,"featured_media":4103,"comment_status":"closed","ping_status":"closed","sticky":false,"template":"","format":"standard","meta":{"footnotes":""},"categories":[7,5,6],"tags":[],"yoast_head":"<!-- This site is optimized with the Yoast SEO plugin v21.5 - https:\/\/yoast.com\/wordpress\/plugins\/seo\/ -->\n<title>Hasta el 31 de julio, abierto el plazo para solicitar la ayuda para la contrataci\u00f3n de seguros de vi\u00f1edo que ha publicado Diputaci\u00f3n de \u00c1lava - UAGA<\/title>\n<meta name=\"robots\" content=\"index, follow, max-snippet:-1, max-image-preview:large, max-video-preview:-1\" \/>\n<link rel=\"canonical\" href=\"https:\/\/www.uaga.eus\/eu\/hasta-el-31-de-julio-abierto-el-plazo-para-solicitar-la-ayuda-para-la-contratacion-de-seguros-de-vinedo-que-ha-publicado-diputacion-de-alava\/\" \/>\n<meta property=\"og:locale\" content=\"en_US\" \/>\n<meta property=\"og:type\" content=\"article\" \/>\n<meta property=\"og:title\" content=\"Hasta el 31 de julio, abierto el plazo para solicitar la ayuda para la contrataci\u00f3n de seguros de vi\u00f1edo que ha publicado Diputaci\u00f3n de \u00c1lava - UAGA\" \/>\n<meta property=\"og:description\" content=\"La Diputaci\u00f3n de \u00c1lava ha publicado el Decreto de ayudas destinadas a la contrataci\u00f3n de seguros de vi\u00f1edo para el a\u00f1o 2020. Ser\u00e1n subvencionables los seguros recogidos en las l\u00edneas del Plan Nacional de Seguros Agrarios Combinados vigente en el a\u00f1o 2020 y de aplicaci\u00f3n en parcelas ubicadas en el Territorio Hist\u00f3rico de \u00c1lava para [&hellip;]\" \/>\n<meta property=\"og:url\" content=\"https:\/\/www.uaga.eus\/eu\/hasta-el-31-de-julio-abierto-el-plazo-para-solicitar-la-ayuda-para-la-contratacion-de-seguros-de-vinedo-que-ha-publicado-diputacion-de-alava\/\" \/>\n<meta property=\"og:site_name\" content=\"UAGA\" \/>\n<meta property=\"article:published_time\" content=\"2020-07-08T11:36:31+00:00\" \/>\n<meta property=\"og:image\" content=\"https:\/\/www.uaga.eus\/wp-content\/uploads\/2018\/08\/2012-08-02-257-e1535626517511.jpg\" \/>\n\t<meta property=\"og:image:width\" content=\"686\" \/>\n\t<meta property=\"og:image:height\" content=\"360\" \/>\n\t<meta property=\"og:image:type\" content=\"image\/jpeg\" \/>\n<meta name=\"author\" content=\"Blanca S\u00e1nchez\" \/>\n<meta name=\"twitter:card\" content=\"summary_large_image\" \/>\n<meta name=\"twitter:label1\" content=\"Written by\" \/>\n\t<meta name=\"twitter:data1\" content=\"Blanca S\u00e1nchez\" \/>\n\t<meta name=\"twitter:label2\" content=\"Est. reading time\" \/>\n\t<meta name=\"twitter:data2\" content=\"1 minutua\" \/>\n<script type=\"application\/ld+json\" class=\"yoast-schema-graph\">{\"@context\":\"https:\/\/schema.org\",\"@graph\":[{\"@type\":\"WebPage\",\"@id\":\"https:\/\/www.uaga.eus\/eu\/hasta-el-31-de-julio-abierto-el-plazo-para-solicitar-la-ayuda-para-la-contratacion-de-seguros-de-vinedo-que-ha-publicado-diputacion-de-alava\/\",\"url\":\"https:\/\/www.uaga.eus\/eu\/hasta-el-31-de-julio-abierto-el-plazo-para-solicitar-la-ayuda-para-la-contratacion-de-seguros-de-vinedo-que-ha-publicado-diputacion-de-alava\/\",\"name\":\"Hasta el 31 de julio, abierto el plazo para solicitar la ayuda para la contrataci\u00f3n de seguros de vi\u00f1edo que ha publicado Diputaci\u00f3n de \u00c1lava - UAGA\",\"isPartOf\":{\"@id\":\"https:\/\/www.uaga.eus\/#website\"},\"datePublished\":\"2020-07-08T11:36:31+00:00\",\"dateModified\":\"2020-07-08T11:36:31+00:00\",\"author\":{\"@id\":\"https:\/\/www.uaga.eus\/#\/schema\/person\/48c3cbf0f33d1b788226dbb6518689cf\"},\"breadcrumb\":{\"@id\":\"https:\/\/www.uaga.eus\/eu\/hasta-el-31-de-julio-abierto-el-plazo-para-solicitar-la-ayuda-para-la-contratacion-de-seguros-de-vinedo-que-ha-publicado-diputacion-de-alava\/#breadcrumb\"},\"inLanguage\":\"eu\",\"potentialAction\":[{\"@type\":\"ReadAction\",\"target\":[\"https:\/\/www.uaga.eus\/eu\/hasta-el-31-de-julio-abierto-el-plazo-para-solicitar-la-ayuda-para-la-contratacion-de-seguros-de-vinedo-que-ha-publicado-diputacion-de-alava\/\"]}]},{\"@type\":\"BreadcrumbList\",\"@id\":\"https:\/\/www.uaga.eus\/eu\/hasta-el-31-de-julio-abierto-el-plazo-para-solicitar-la-ayuda-para-la-contratacion-de-seguros-de-vinedo-que-ha-publicado-diputacion-de-alava\/#breadcrumb\",\"itemListElement\":[{\"@type\":\"ListItem\",\"position\":1,\"name\":\"Inicio\",\"item\":\"https:\/\/www.uaga.eus\/\"},{\"@type\":\"ListItem\",\"position\":2,\"name\":\"Hasta el 31 de julio, abierto el plazo para solicitar la ayuda para la contrataci\u00f3n de seguros de vi\u00f1edo que ha publicado Diputaci\u00f3n de \u00c1lava\"}]},{\"@type\":\"WebSite\",\"@id\":\"https:\/\/www.uaga.eus\/#website\",\"url\":\"https:\/\/www.uaga.eus\/\",\"name\":\"UAGA\",\"description\":\"Uni\u00f3n Agroganadera de \u00c1lava - Araba Nekazarien Elkartea\",\"potentialAction\":[{\"@type\":\"SearchAction\",\"target\":{\"@type\":\"EntryPoint\",\"urlTemplate\":\"https:\/\/www.uaga.eus\/?s={search_term_string}\"},\"query-input\":\"required name=search_term_string\"}],\"inLanguage\":\"eu\"},{\"@type\":\"Person\",\"@id\":\"https:\/\/www.uaga.eus\/#\/schema\/person\/48c3cbf0f33d1b788226dbb6518689cf\",\"name\":\"Blanca S\u00e1nchez\",\"image\":{\"@type\":\"ImageObject\",\"inLanguage\":\"eu\",\"@id\":\"https:\/\/www.uaga.eus\/#\/schema\/person\/image\/\",\"url\":\"https:\/\/secure.gravatar.com\/avatar\/0dc91c20648254b1ce84877283f6751b?s=96&d=mm&r=g\",\"contentUrl\":\"https:\/\/secure.gravatar.com\/avatar\/0dc91c20648254b1ce84877283f6751b?s=96&d=mm&r=g\",\"caption\":\"Blanca S\u00e1nchez\"},\"url\":\"https:\/\/www.uaga.eus\/eu\/author\/bsanchez\/\"}]}<\/script>\n<!-- \/ Yoast SEO plugin. -->","yoast_head_json":{"title":"Hasta el 31 de julio, abierto el plazo para solicitar la ayuda para la contrataci\u00f3n de seguros de vi\u00f1edo que ha publicado Diputaci\u00f3n de \u00c1lava - UAGA","robots":{"index":"index","follow":"follow","max-snippet":"max-snippet:-1","max-image-preview":"max-image-preview:large","max-video-preview":"max-video-preview:-1"},"canonical":"https:\/\/www.uaga.eus\/eu\/hasta-el-31-de-julio-abierto-el-plazo-para-solicitar-la-ayuda-para-la-contratacion-de-seguros-de-vinedo-que-ha-publicado-diputacion-de-alava\/","og_locale":"en_US","og_type":"article","og_title":"Hasta el 31 de julio, abierto el plazo para solicitar la ayuda para la contrataci\u00f3n de seguros de vi\u00f1edo que ha publicado Diputaci\u00f3n de \u00c1lava - UAGA","og_description":"La Diputaci\u00f3n de \u00c1lava ha publicado el Decreto de ayudas destinadas a la contrataci\u00f3n de seguros de vi\u00f1edo para el a\u00f1o 2020. Ser\u00e1n subvencionables los seguros recogidos en las l\u00edneas del Plan Nacional de Seguros Agrarios Combinados vigente en el a\u00f1o 2020 y de aplicaci\u00f3n en parcelas ubicadas en el Territorio Hist\u00f3rico de \u00c1lava para [&hellip;]","og_url":"https:\/\/www.uaga.eus\/eu\/hasta-el-31-de-julio-abierto-el-plazo-para-solicitar-la-ayuda-para-la-contratacion-de-seguros-de-vinedo-que-ha-publicado-diputacion-de-alava\/","og_site_name":"UAGA","article_published_time":"2020-07-08T11:36:31+00:00","og_image":[{"width":686,"height":360,"url":"https:\/\/www.uaga.eus\/wp-content\/uploads\/2018\/08\/2012-08-02-257-e1535626517511.jpg","type":"image\/jpeg"}],"author":"Blanca S\u00e1nchez","twitter_card":"summary_large_image","twitter_misc":{"Written by":"Blanca S\u00e1nchez","Est. reading time":"1 minutua"},"schema":{"@context":"https:\/\/schema.org","@graph":[{"@type":"WebPage","@id":"https:\/\/www.uaga.eus\/eu\/hasta-el-31-de-julio-abierto-el-plazo-para-solicitar-la-ayuda-para-la-contratacion-de-seguros-de-vinedo-que-ha-publicado-diputacion-de-alava\/","url":"https:\/\/www.uaga.eus\/eu\/hasta-el-31-de-julio-abierto-el-plazo-para-solicitar-la-ayuda-para-la-contratacion-de-seguros-de-vinedo-que-ha-publicado-diputacion-de-alava\/","name":"Hasta el 31 de julio, abierto el plazo para solicitar la ayuda para la contrataci\u00f3n de seguros de vi\u00f1edo que ha publicado Diputaci\u00f3n de \u00c1lava - UAGA","isPartOf":{"@id":"https:\/\/www.uaga.eus\/#website"},"datePublished":"2020-07-08T11:36:31+00:00","dateModified":"2020-07-08T11:36:31+00:00","author":{"@id":"https:\/\/www.uaga.eus\/#\/schema\/person\/48c3cbf0f33d1b788226dbb6518689cf"},"breadcrumb":{"@id":"https:\/\/www.uaga.eus\/eu\/hasta-el-31-de-julio-abierto-el-plazo-para-solicitar-la-ayuda-para-la-contratacion-de-seguros-de-vinedo-que-ha-publicado-diputacion-de-alava\/#breadcrumb"},"inLanguage":"eu","potentialAction":[{"@type":"ReadAction","target":["https:\/\/www.uaga.eus\/eu\/hasta-el-31-de-julio-abierto-el-plazo-para-solicitar-la-ayuda-para-la-contratacion-de-seguros-de-vinedo-que-ha-publicado-diputacion-de-alava\/"]}]},{"@type":"BreadcrumbList","@id":"https:\/\/www.uaga.eus\/eu\/hasta-el-31-de-julio-abierto-el-plazo-para-solicitar-la-ayuda-para-la-contratacion-de-seguros-de-vinedo-que-ha-publicado-diputacion-de-alava\/#breadcrumb","itemListElement":[{"@type":"ListItem","position":1,"name":"Inicio","item":"https:\/\/www.uaga.eus\/"},{"@type":"ListItem","position":2,"name":"Hasta el 31 de julio, abierto el plazo para solicitar la ayuda para la contrataci\u00f3n de seguros de vi\u00f1edo que ha publicado Diputaci\u00f3n de \u00c1lava"}]},{"@type":"WebSite","@id":"https:\/\/www.uaga.eus\/#website","url":"https:\/\/www.uaga.eus\/","name":"UAGA","description":"Uni\u00f3n Agroganadera de \u00c1lava - Araba Nekazarien Elkartea","potentialAction":[{"@type":"SearchAction","target":{"@type":"EntryPoint","urlTemplate":"https:\/\/www.uaga.eus\/?s={search_term_string}"},"query-input":"required name=search_term_string"}],"inLanguage":"eu"},{"@type":"Person","@id":"https:\/\/www.uaga.eus\/#\/schema\/person\/48c3cbf0f33d1b788226dbb6518689cf","name":"Blanca S\u00e1nchez","image":{"@type":"ImageObject","inLanguage":"eu","@id":"https:\/\/www.uaga.eus\/#\/schema\/person\/image\/","url":"https:\/\/secure.gravatar.com\/avatar\/0dc91c20648254b1ce84877283f6751b?s=96&d=mm&r=g","contentUrl":"https:\/\/secure.gravatar.com\/avatar\/0dc91c20648254b1ce84877283f6751b?s=96&d=mm&r=g","caption":"Blanca S\u00e1nchez"},"url":"https:\/\/www.uaga.eus\/eu\/author\/bsanchez\/"}]}},"_links":{"self":[{"href":"https:\/\/www.uaga.eus\/eu\/wp-json\/wp\/v2\/posts\/7806"}],"collection":[{"href":"https:\/\/www.uaga.eus\/eu\/wp-json\/wp\/v2\/posts"}],"about":[{"href":"https:\/\/www.uaga.eus\/eu\/wp-json\/wp\/v2\/types\/post"}],"author":[{"embeddable":true,"href":"https:\/\/www.uaga.eus\/eu\/wp-json\/wp\/v2\/users\/4"}],"replies":[{"embeddable":true,"href":"https:\/\/www.uaga.eus\/eu\/wp-json\/wp\/v2\/comments?post=7806"}],"version-history":[{"count":1,"href":"https:\/\/www.uaga.eus\/eu\/wp-json\/wp\/v2\/posts\/7806\/revisions"}],"predecessor-version":[{"id":7807,"href":"https:\/\/www.uaga.eus\/eu\/wp-json\/wp\/v2\/posts\/7806\/revisions\/7807"}],"wp:featuredmedia":[{"embeddable":true,"href":"https:\/\/www.uaga.eus\/eu\/wp-json\/wp\/v2\/media\/4103"}],"wp:attachment":[{"href":"https:\/\/www.uaga.eus\/eu\/wp-json\/wp\/v2\/media?parent=7806"}],"wp:term":[{"taxonomy":"category","embeddable":true,"href":"https:\/\/www.uaga.eus\/eu\/wp-json\/wp\/v2\/categories?post=7806"},{"taxonomy":"post_tag","embeddable":true,"href":"https:\/\/www.uaga.eus\/eu\/wp-json\/wp\/v2\/tags?post=7806"}],"curies":[{"name":"wp","href":"https:\/\/api.w.org\/{rel}","templated":true}]}}