{"id":7794,"date":"2020-07-03T06:36:18","date_gmt":"2020-07-03T06:36:18","guid":{"rendered":"https:\/\/www.uaga.eus\/?p=7794"},"modified":"2020-07-03T06:46:04","modified_gmt":"2020-07-03T06:46:04","slug":"la-ue-permite-a-los-estados-miembros-asignar-fondos-del-pdr-a-una-ayuda-temporal-excepcional-para-el-sector-agrario-afectado-por-la-crisis-de-la-covid-19","status":"publish","type":"post","link":"https:\/\/www.uaga.eus\/eu\/la-ue-permite-a-los-estados-miembros-asignar-fondos-del-pdr-a-una-ayuda-temporal-excepcional-para-el-sector-agrario-afectado-por-la-crisis-de-la-covid-19\/","title":{"rendered":"La UE permite a los estados miembros asignar fondos del PDR a una ayuda temporal excepcional para el sector agrario afectado por la crisis de la Covid-19"},"content":{"rendered":"<p><span style=\"font-family: arial, helvetica neue, helvetica, sans-serif;\">Para responder a los efectos que la crisis sanitaria del Covid-19 ha producido en el sector agrario, el Parlamento Europeo y el Consejo de la Uni\u00f3n Europea\u00a0han aprobado una nueva medida excepcional y temporal para subsanar los problemas de liquidez que ponen en peligro la continuidad de las actividades agr\u00edcolas y ganaderas, as\u00ed como las de las peque\u00f1as empresas que se dedican la transformaci\u00f3n, comercializaci\u00f3n o desarrollo de productos agr\u00edcolas.<\/p>\n<p>Cada Estado miembro centrar\u00e1 la ayuda en los beneficiarios m\u00e1s afectados por la crisis de Covid-19, para lo cual establecer\u00e1 las condiciones de admisibilidad y los criterios de selecci\u00f3n.<\/p>\n<p>Se incluir\u00e1 la medida en el PDR de cada pa\u00eds mediante una modificaci\u00f3n y asignaci\u00f3n de fondos mediante transferencias de otras medidas. En Espa\u00f1a los PDR son competencia de las Comunidades Aut\u00f3nomas.<\/p>\n<p>La cuant\u00eda m\u00e1xima que se podr\u00e1 asignar a esta medida es el 2% de los sobres de cada PDR, siendo la ayuda m\u00e1xima de hasta 7.000 \u20ac por explotaci\u00f3n y 50.000 \u20ac paras peque\u00f1a empresas.<\/p>\n<p>El periodo de pago ser\u00e1 hasta el 30 de junio de 2021, sobre la base de las solicitudes de ayuda aprobadas, como muy tarde el 31 de diciembre de 2020.<\/p>\n<p>Puedes consultar <a href=\"https:\/\/eur-lex.europa.eu\/legal-content\/ES\/TXT\/PDF\/?uri=CELEX:32020R0872&amp;from=ES\" target=\"_blank\" rel=\"noopener\" data-cke-saved-href=\"https:\/\/eur-lex.europa.eu\/legal-content\/ES\/TXT\/PDF\/?uri=CELEX:32020R0872&amp;from=ES\">aqu\u00ed<\/a> el Reglamento.<\/span><\/p>\n<p>+info\u00a0YOLANDA: 615 779 584<\/p>\n<hr \/>\n<p><br data-cke-eol=\"1\" \/><\/p>","protected":false},"excerpt":{"rendered":"<p>Para responder a los efectos que la crisis sanitaria del Covid-19 ha producido en el sector agrario, el Parlamento Europeo y el Consejo de la Uni\u00f3n Europea\u00a0han aprobado una nueva medida excepcional y temporal para subsanar los problemas de liquidez que ponen en peligro la continuidad de las actividades agr\u00edcolas y ganaderas, as\u00ed como las [&hellip;]<\/p>\n","protected":false},"author":4,"featured_media":7792,"comment_status":"closed","ping_status":"closed","sticky":false,"template":"","format":"standard","meta":{"footnotes":""},"categories":[5,111,4],"tags":[],"yoast_head":"<!-- This site is optimized with the Yoast SEO plugin v21.5 - https:\/\/yoast.com\/wordpress\/plugins\/seo\/ -->\n<title>La UE permite a los estados miembros asignar fondos del PDR a una ayuda temporal excepcional para el sector agrario afectado por la crisis de la Covid-19 - UAGA<\/title>\n<meta name=\"robots\" content=\"index, follow, max-snippet:-1, max-image-preview:large, max-video-preview:-1\" \/>\n<link rel=\"canonical\" href=\"https:\/\/www.uaga.eus\/la-ue-permite-a-los-estados-miembros-asignar-fondos-del-pdr-a-una-ayuda-temporal-excepcional-para-el-sector-agrario-afectado-por-la-crisis-de-la-covid-19\/\" \/>\n<meta property=\"og:locale\" content=\"en_US\" \/>\n<meta property=\"og:type\" content=\"article\" \/>\n<meta property=\"og:title\" content=\"La UE permite a los estados miembros asignar fondos del PDR a una ayuda temporal excepcional para el sector agrario afectado por la crisis de la Covid-19 - UAGA\" \/>\n<meta property=\"og:description\" content=\"Para responder a los efectos que la crisis sanitaria del Covid-19 ha producido en el sector agrario, el Parlamento Europeo y el Consejo de la Uni\u00f3n Europea\u00a0han aprobado una nueva medida excepcional y temporal para subsanar los problemas de liquidez que ponen en peligro la continuidad de las actividades agr\u00edcolas y ganaderas, as\u00ed como las [&hellip;]\" \/>\n<meta property=\"og:url\" content=\"https:\/\/www.uaga.eus\/la-ue-permite-a-los-estados-miembros-asignar-fondos-del-pdr-a-una-ayuda-temporal-excepcional-para-el-sector-agrario-afectado-por-la-crisis-de-la-covid-19\/\" \/>\n<meta property=\"og:site_name\" content=\"UAGA\" \/>\n<meta property=\"article:published_time\" content=\"2020-07-03T06:36:18+00:00\" \/>\n<meta property=\"article:modified_time\" content=\"2020-07-03T06:46:04+00:00\" \/>\n<meta property=\"og:image\" content=\"https:\/\/www.uaga.eus\/wp-content\/uploads\/2020\/07\/VI\u00d1EDO-LAGUARDIA-e1593758397196.jpg\" \/>\n\t<meta property=\"og:image:width\" content=\"700\" \/>\n\t<meta property=\"og:image:height\" content=\"369\" \/>\n\t<meta property=\"og:image:type\" content=\"image\/jpeg\" \/>\n<meta name=\"author\" content=\"Blanca S\u00e1nchez\" \/>\n<meta name=\"twitter:card\" content=\"summary_large_image\" \/>\n<meta name=\"twitter:label1\" content=\"Written by\" \/>\n\t<meta name=\"twitter:data1\" content=\"Blanca S\u00e1nchez\" \/>\n\t<meta name=\"twitter:label2\" content=\"Est. reading time\" \/>\n\t<meta name=\"twitter:data2\" content=\"2 minutua\" \/>\n<script type=\"application\/ld+json\" class=\"yoast-schema-graph\">{\"@context\":\"https:\/\/schema.org\",\"@graph\":[{\"@type\":\"WebPage\",\"@id\":\"https:\/\/www.uaga.eus\/la-ue-permite-a-los-estados-miembros-asignar-fondos-del-pdr-a-una-ayuda-temporal-excepcional-para-el-sector-agrario-afectado-por-la-crisis-de-la-covid-19\/\",\"url\":\"https:\/\/www.uaga.eus\/la-ue-permite-a-los-estados-miembros-asignar-fondos-del-pdr-a-una-ayuda-temporal-excepcional-para-el-sector-agrario-afectado-por-la-crisis-de-la-covid-19\/\",\"name\":\"La UE permite a los estados miembros asignar fondos del PDR a una ayuda temporal excepcional para el sector agrario afectado por la crisis de la Covid-19 - UAGA\",\"isPartOf\":{\"@id\":\"https:\/\/www.uaga.eus\/#website\"},\"datePublished\":\"2020-07-03T06:36:18+00:00\",\"dateModified\":\"2020-07-03T06:46:04+00:00\",\"author\":{\"@id\":\"https:\/\/www.uaga.eus\/#\/schema\/person\/48c3cbf0f33d1b788226dbb6518689cf\"},\"breadcrumb\":{\"@id\":\"https:\/\/www.uaga.eus\/la-ue-permite-a-los-estados-miembros-asignar-fondos-del-pdr-a-una-ayuda-temporal-excepcional-para-el-sector-agrario-afectado-por-la-crisis-de-la-covid-19\/#breadcrumb\"},\"inLanguage\":\"eu\",\"potentialAction\":[{\"@type\":\"ReadAction\",\"target\":[\"https:\/\/www.uaga.eus\/la-ue-permite-a-los-estados-miembros-asignar-fondos-del-pdr-a-una-ayuda-temporal-excepcional-para-el-sector-agrario-afectado-por-la-crisis-de-la-covid-19\/\"]}]},{\"@type\":\"BreadcrumbList\",\"@id\":\"https:\/\/www.uaga.eus\/la-ue-permite-a-los-estados-miembros-asignar-fondos-del-pdr-a-una-ayuda-temporal-excepcional-para-el-sector-agrario-afectado-por-la-crisis-de-la-covid-19\/#breadcrumb\",\"itemListElement\":[{\"@type\":\"ListItem\",\"position\":1,\"name\":\"Inicio\",\"item\":\"https:\/\/www.uaga.eus\/\"},{\"@type\":\"ListItem\",\"position\":2,\"name\":\"La UE permite a los Estados miembros asignar fondos del PDR a una ayuda temporal excepcional para el sector agrario afectado por la crisis de la Covid-19\"}]},{\"@type\":\"WebSite\",\"@id\":\"https:\/\/www.uaga.eus\/#website\",\"url\":\"https:\/\/www.uaga.eus\/\",\"name\":\"UAGA\",\"description\":\"Uni\u00f3n Agroganadera de \u00c1lava - Araba Nekazarien Elkartea\",\"potentialAction\":[{\"@type\":\"SearchAction\",\"target\":{\"@type\":\"EntryPoint\",\"urlTemplate\":\"https:\/\/www.uaga.eus\/?s={search_term_string}\"},\"query-input\":\"required name=search_term_string\"}],\"inLanguage\":\"eu\"},{\"@type\":\"Person\",\"@id\":\"https:\/\/www.uaga.eus\/#\/schema\/person\/48c3cbf0f33d1b788226dbb6518689cf\",\"name\":\"Blanca S\u00e1nchez\",\"image\":{\"@type\":\"ImageObject\",\"inLanguage\":\"eu\",\"@id\":\"https:\/\/www.uaga.eus\/#\/schema\/person\/image\/\",\"url\":\"https:\/\/secure.gravatar.com\/avatar\/0dc91c20648254b1ce84877283f6751b?s=96&d=mm&r=g\",\"contentUrl\":\"https:\/\/secure.gravatar.com\/avatar\/0dc91c20648254b1ce84877283f6751b?s=96&d=mm&r=g\",\"caption\":\"Blanca S\u00e1nchez\"},\"url\":\"https:\/\/www.uaga.eus\/eu\/author\/bsanchez\/\"}]}<\/script>\n<!-- \/ Yoast SEO plugin. -->","yoast_head_json":{"title":"La UE permite a los estados miembros asignar fondos del PDR a una ayuda temporal excepcional para el sector agrario afectado por la crisis de la Covid-19 - UAGA","robots":{"index":"index","follow":"follow","max-snippet":"max-snippet:-1","max-image-preview":"max-image-preview:large","max-video-preview":"max-video-preview:-1"},"canonical":"https:\/\/www.uaga.eus\/la-ue-permite-a-los-estados-miembros-asignar-fondos-del-pdr-a-una-ayuda-temporal-excepcional-para-el-sector-agrario-afectado-por-la-crisis-de-la-covid-19\/","og_locale":"en_US","og_type":"article","og_title":"La UE permite a los estados miembros asignar fondos del PDR a una ayuda temporal excepcional para el sector agrario afectado por la crisis de la Covid-19 - UAGA","og_description":"Para responder a los efectos que la crisis sanitaria del Covid-19 ha producido en el sector agrario, el Parlamento Europeo y el Consejo de la Uni\u00f3n Europea\u00a0han aprobado una nueva medida excepcional y temporal para subsanar los problemas de liquidez que ponen en peligro la continuidad de las actividades agr\u00edcolas y ganaderas, as\u00ed como las [&hellip;]","og_url":"https:\/\/www.uaga.eus\/la-ue-permite-a-los-estados-miembros-asignar-fondos-del-pdr-a-una-ayuda-temporal-excepcional-para-el-sector-agrario-afectado-por-la-crisis-de-la-covid-19\/","og_site_name":"UAGA","article_published_time":"2020-07-03T06:36:18+00:00","article_modified_time":"2020-07-03T06:46:04+00:00","og_image":[{"width":700,"height":369,"url":"https:\/\/www.uaga.eus\/wp-content\/uploads\/2020\/07\/VI\u00d1EDO-LAGUARDIA-e1593758397196.jpg","type":"image\/jpeg"}],"author":"Blanca S\u00e1nchez","twitter_card":"summary_large_image","twitter_misc":{"Written by":"Blanca S\u00e1nchez","Est. reading time":"2 minutua"},"schema":{"@context":"https:\/\/schema.org","@graph":[{"@type":"WebPage","@id":"https:\/\/www.uaga.eus\/la-ue-permite-a-los-estados-miembros-asignar-fondos-del-pdr-a-una-ayuda-temporal-excepcional-para-el-sector-agrario-afectado-por-la-crisis-de-la-covid-19\/","url":"https:\/\/www.uaga.eus\/la-ue-permite-a-los-estados-miembros-asignar-fondos-del-pdr-a-una-ayuda-temporal-excepcional-para-el-sector-agrario-afectado-por-la-crisis-de-la-covid-19\/","name":"La UE permite a los estados miembros asignar fondos del PDR a una ayuda temporal excepcional para el sector agrario afectado por la crisis de la Covid-19 - UAGA","isPartOf":{"@id":"https:\/\/www.uaga.eus\/#website"},"datePublished":"2020-07-03T06:36:18+00:00","dateModified":"2020-07-03T06:46:04+00:00","author":{"@id":"https:\/\/www.uaga.eus\/#\/schema\/person\/48c3cbf0f33d1b788226dbb6518689cf"},"breadcrumb":{"@id":"https:\/\/www.uaga.eus\/la-ue-permite-a-los-estados-miembros-asignar-fondos-del-pdr-a-una-ayuda-temporal-excepcional-para-el-sector-agrario-afectado-por-la-crisis-de-la-covid-19\/#breadcrumb"},"inLanguage":"eu","potentialAction":[{"@type":"ReadAction","target":["https:\/\/www.uaga.eus\/la-ue-permite-a-los-estados-miembros-asignar-fondos-del-pdr-a-una-ayuda-temporal-excepcional-para-el-sector-agrario-afectado-por-la-crisis-de-la-covid-19\/"]}]},{"@type":"BreadcrumbList","@id":"https:\/\/www.uaga.eus\/la-ue-permite-a-los-estados-miembros-asignar-fondos-del-pdr-a-una-ayuda-temporal-excepcional-para-el-sector-agrario-afectado-por-la-crisis-de-la-covid-19\/#breadcrumb","itemListElement":[{"@type":"ListItem","position":1,"name":"Inicio","item":"https:\/\/www.uaga.eus\/"},{"@type":"ListItem","position":2,"name":"La UE permite a los Estados miembros asignar fondos del PDR a una ayuda temporal excepcional para el sector agrario afectado por la crisis de la Covid-19"}]},{"@type":"WebSite","@id":"https:\/\/www.uaga.eus\/#website","url":"https:\/\/www.uaga.eus\/","name":"UAGA","description":"Uni\u00f3n Agroganadera de \u00c1lava - Araba Nekazarien Elkartea","potentialAction":[{"@type":"SearchAction","target":{"@type":"EntryPoint","urlTemplate":"https:\/\/www.uaga.eus\/?s={search_term_string}"},"query-input":"required name=search_term_string"}],"inLanguage":"eu"},{"@type":"Person","@id":"https:\/\/www.uaga.eus\/#\/schema\/person\/48c3cbf0f33d1b788226dbb6518689cf","name":"Blanca S\u00e1nchez","image":{"@type":"ImageObject","inLanguage":"eu","@id":"https:\/\/www.uaga.eus\/#\/schema\/person\/image\/","url":"https:\/\/secure.gravatar.com\/avatar\/0dc91c20648254b1ce84877283f6751b?s=96&d=mm&r=g","contentUrl":"https:\/\/secure.gravatar.com\/avatar\/0dc91c20648254b1ce84877283f6751b?s=96&d=mm&r=g","caption":"Blanca S\u00e1nchez"},"url":"https:\/\/www.uaga.eus\/eu\/author\/bsanchez\/"}]}},"_links":{"self":[{"href":"https:\/\/www.uaga.eus\/eu\/wp-json\/wp\/v2\/posts\/7794"}],"collection":[{"href":"https:\/\/www.uaga.eus\/eu\/wp-json\/wp\/v2\/posts"}],"about":[{"href":"https:\/\/www.uaga.eus\/eu\/wp-json\/wp\/v2\/types\/post"}],"author":[{"embeddable":true,"href":"https:\/\/www.uaga.eus\/eu\/wp-json\/wp\/v2\/users\/4"}],"replies":[{"embeddable":true,"href":"https:\/\/www.uaga.eus\/eu\/wp-json\/wp\/v2\/comments?post=7794"}],"version-history":[{"count":2,"href":"https:\/\/www.uaga.eus\/eu\/wp-json\/wp\/v2\/posts\/7794\/revisions"}],"predecessor-version":[{"id":7799,"href":"https:\/\/www.uaga.eus\/eu\/wp-json\/wp\/v2\/posts\/7794\/revisions\/7799"}],"wp:featuredmedia":[{"embeddable":true,"href":"https:\/\/www.uaga.eus\/eu\/wp-json\/wp\/v2\/media\/7792"}],"wp:attachment":[{"href":"https:\/\/www.uaga.eus\/eu\/wp-json\/wp\/v2\/media?parent=7794"}],"wp:term":[{"taxonomy":"category","embeddable":true,"href":"https:\/\/www.uaga.eus\/eu\/wp-json\/wp\/v2\/categories?post=7794"},{"taxonomy":"post_tag","embeddable":true,"href":"https:\/\/www.uaga.eus\/eu\/wp-json\/wp\/v2\/tags?post=7794"}],"curies":[{"name":"wp","href":"https:\/\/api.w.org\/{rel}","templated":true}]}}