{"id":7789,"date":"2020-07-03T06:33:53","date_gmt":"2020-07-03T06:33:53","guid":{"rendered":"https:\/\/www.uaga.eus\/?p=7789"},"modified":"2020-07-03T06:33:53","modified_gmt":"2020-07-03T06:33:53","slug":"continua-la-tramitacion-del-anteproyecto-de-ley-de-la-cadena-alimentaria-para-fortalecer-la-posicion-negociadora-de-agricultores-y-ganaderos","status":"publish","type":"post","link":"https:\/\/www.uaga.eus\/eu\/continua-la-tramitacion-del-anteproyecto-de-ley-de-la-cadena-alimentaria-para-fortalecer-la-posicion-negociadora-de-agricultores-y-ganaderos\/","title":{"rendered":"Contin\u00faa la tramitaci\u00f3n del Anteproyecto de Ley de la Cadena Alimentaria para fortalecer la posici\u00f3n negociadora de agricultores y ganaderos"},"content":{"rendered":"<p><span style=\"font-family: arial, helvetica neue, helvetica, sans-serif;\">Comienza la segunda fase de la reforma de la Ley de la Cadena Alimentaria una vez completada la iniciada en febrero con el Real Decreto-ley 5\/2020 que proh\u00edbe la venta por debajo de coste de producci\u00f3n, cuesti\u00f3n que desgraciadamente ocurre en algunos de nuestros sectores, y la destrucci\u00f3n del valor de los productos a lo largo de la cadena alimentaria.<\/p>\n<p>Se trata de, a trav\u00e9s de esta ley, incorporar al derecho espa\u00f1ol la Directiva sobre pr\u00e1cticas comerciales desleales en el sector agroalimentario para reequilibrar la cadena y promover la transparencia en la formaci\u00f3n de precios.<\/p>\n<p>El Gobierno espa\u00f1ol mantiene su firme compromiso de lograr un impacto positivo en la dinamizaci\u00f3n del mercado, fomentar el reparto equitativo del valor a\u00f1adido y mejorar la capacidad de negociaci\u00f3n de los eslabones m\u00e1s d\u00e9biles de la cadena.<\/p>\n<p>Puedes consultar la <a href=\"https:\/\/www.mapa.gob.es\/es\/prensa\/ultimas-noticias\/comienza-la-tramitaci%C3%B3n-del-anteproyecto-de-ley-de-la-cadena-alimentaria-para-fortalecer-la-posici%C3%B3n-negociadora-de-agricultores-y-ganaderos\/tcm:30-540425\" target=\"_blank\" rel=\"noopener\" data-cke-saved-href=\"https:\/\/www.mapa.gob.es\/es\/prensa\/ultimas-noticias\/comienza-la-tramitaci%C3%B3n-del-anteproyecto-de-ley-de-la-cadena-alimentaria-para-fortalecer-la-posici%C3%B3n-negociadora-de-agricultores-y-ganaderos\/tcm:30-540425\">nota de prensa<\/a> del Consejo de Ministros.<\/span><\/p>\n<p>+info\u00a0YOLANDA: 615 779 584<\/p>\n","protected":false},"excerpt":{"rendered":"<p>Comienza la segunda fase de la reforma de la Ley de la Cadena Alimentaria una vez completada la iniciada en febrero con el Real Decreto-ley 5\/2020 que proh\u00edbe la venta por debajo de coste de producci\u00f3n, cuesti\u00f3n que desgraciadamente ocurre en algunos de nuestros sectores, y la destrucci\u00f3n del valor de los productos a lo [&hellip;]<\/p>\n","protected":false},"author":4,"featured_media":7790,"comment_status":"closed","ping_status":"closed","sticky":false,"template":"","format":"standard","meta":{"footnotes":""},"categories":[7,12,8],"tags":[],"yoast_head":"<!-- This site is optimized with the Yoast SEO plugin v21.5 - https:\/\/yoast.com\/wordpress\/plugins\/seo\/ -->\n<title>Contin\u00faa la tramitaci\u00f3n del Anteproyecto de Ley de la Cadena Alimentaria para fortalecer la posici\u00f3n negociadora de agricultores y ganaderos - UAGA<\/title>\n<meta name=\"robots\" content=\"index, follow, max-snippet:-1, max-image-preview:large, max-video-preview:-1\" \/>\n<link rel=\"canonical\" href=\"https:\/\/www.uaga.eus\/continua-la-tramitacion-del-anteproyecto-de-ley-de-la-cadena-alimentaria-para-fortalecer-la-posicion-negociadora-de-agricultores-y-ganaderos\/\" \/>\n<meta property=\"og:locale\" content=\"en_US\" \/>\n<meta property=\"og:type\" content=\"article\" \/>\n<meta property=\"og:title\" content=\"Contin\u00faa la tramitaci\u00f3n del Anteproyecto de Ley de la Cadena Alimentaria para fortalecer la posici\u00f3n negociadora de agricultores y ganaderos - UAGA\" \/>\n<meta property=\"og:description\" content=\"Comienza la segunda fase de la reforma de la Ley de la Cadena Alimentaria una vez completada la iniciada en febrero con el Real Decreto-ley 5\/2020 que proh\u00edbe la venta por debajo de coste de producci\u00f3n, cuesti\u00f3n que desgraciadamente ocurre en algunos de nuestros sectores, y la destrucci\u00f3n del valor de los productos a lo [&hellip;]\" \/>\n<meta property=\"og:url\" content=\"https:\/\/www.uaga.eus\/continua-la-tramitacion-del-anteproyecto-de-ley-de-la-cadena-alimentaria-para-fortalecer-la-posicion-negociadora-de-agricultores-y-ganaderos\/\" \/>\n<meta property=\"og:site_name\" content=\"UAGA\" \/>\n<meta property=\"article:published_time\" content=\"2020-07-03T06:33:53+00:00\" \/>\n<meta property=\"og:image\" content=\"https:\/\/www.uaga.eus\/wp-content\/uploads\/2020\/07\/VACA-DE-CARNE.jpg\" \/>\n\t<meta property=\"og:image:width\" content=\"650\" \/>\n\t<meta property=\"og:image:height\" content=\"366\" \/>\n\t<meta property=\"og:image:type\" content=\"image\/jpeg\" \/>\n<meta name=\"author\" content=\"Blanca S\u00e1nchez\" \/>\n<meta name=\"twitter:card\" content=\"summary_large_image\" \/>\n<meta name=\"twitter:label1\" content=\"Written by\" \/>\n\t<meta name=\"twitter:data1\" content=\"Blanca S\u00e1nchez\" \/>\n\t<meta name=\"twitter:label2\" content=\"Est. reading time\" \/>\n\t<meta name=\"twitter:data2\" content=\"1 minutua\" \/>\n<script type=\"application\/ld+json\" class=\"yoast-schema-graph\">{\"@context\":\"https:\/\/schema.org\",\"@graph\":[{\"@type\":\"WebPage\",\"@id\":\"https:\/\/www.uaga.eus\/continua-la-tramitacion-del-anteproyecto-de-ley-de-la-cadena-alimentaria-para-fortalecer-la-posicion-negociadora-de-agricultores-y-ganaderos\/\",\"url\":\"https:\/\/www.uaga.eus\/continua-la-tramitacion-del-anteproyecto-de-ley-de-la-cadena-alimentaria-para-fortalecer-la-posicion-negociadora-de-agricultores-y-ganaderos\/\",\"name\":\"Contin\u00faa la tramitaci\u00f3n del Anteproyecto de Ley de la Cadena Alimentaria para fortalecer la posici\u00f3n negociadora de agricultores y ganaderos - UAGA\",\"isPartOf\":{\"@id\":\"https:\/\/www.uaga.eus\/#website\"},\"datePublished\":\"2020-07-03T06:33:53+00:00\",\"dateModified\":\"2020-07-03T06:33:53+00:00\",\"author\":{\"@id\":\"https:\/\/www.uaga.eus\/#\/schema\/person\/48c3cbf0f33d1b788226dbb6518689cf\"},\"breadcrumb\":{\"@id\":\"https:\/\/www.uaga.eus\/continua-la-tramitacion-del-anteproyecto-de-ley-de-la-cadena-alimentaria-para-fortalecer-la-posicion-negociadora-de-agricultores-y-ganaderos\/#breadcrumb\"},\"inLanguage\":\"eu\",\"potentialAction\":[{\"@type\":\"ReadAction\",\"target\":[\"https:\/\/www.uaga.eus\/continua-la-tramitacion-del-anteproyecto-de-ley-de-la-cadena-alimentaria-para-fortalecer-la-posicion-negociadora-de-agricultores-y-ganaderos\/\"]}]},{\"@type\":\"BreadcrumbList\",\"@id\":\"https:\/\/www.uaga.eus\/continua-la-tramitacion-del-anteproyecto-de-ley-de-la-cadena-alimentaria-para-fortalecer-la-posicion-negociadora-de-agricultores-y-ganaderos\/#breadcrumb\",\"itemListElement\":[{\"@type\":\"ListItem\",\"position\":1,\"name\":\"Inicio\",\"item\":\"https:\/\/www.uaga.eus\/\"},{\"@type\":\"ListItem\",\"position\":2,\"name\":\"Contin\u00faa la tramitaci\u00f3n del Anteproyecto de Ley de la Cadena Alimentaria para fortalecer la posici\u00f3n negociadora de agricultores y ganaderos\"}]},{\"@type\":\"WebSite\",\"@id\":\"https:\/\/www.uaga.eus\/#website\",\"url\":\"https:\/\/www.uaga.eus\/\",\"name\":\"UAGA\",\"description\":\"Uni\u00f3n Agroganadera de \u00c1lava - Araba Nekazarien Elkartea\",\"potentialAction\":[{\"@type\":\"SearchAction\",\"target\":{\"@type\":\"EntryPoint\",\"urlTemplate\":\"https:\/\/www.uaga.eus\/?s={search_term_string}\"},\"query-input\":\"required name=search_term_string\"}],\"inLanguage\":\"eu\"},{\"@type\":\"Person\",\"@id\":\"https:\/\/www.uaga.eus\/#\/schema\/person\/48c3cbf0f33d1b788226dbb6518689cf\",\"name\":\"Blanca S\u00e1nchez\",\"image\":{\"@type\":\"ImageObject\",\"inLanguage\":\"eu\",\"@id\":\"https:\/\/www.uaga.eus\/#\/schema\/person\/image\/\",\"url\":\"https:\/\/secure.gravatar.com\/avatar\/0dc91c20648254b1ce84877283f6751b?s=96&d=mm&r=g\",\"contentUrl\":\"https:\/\/secure.gravatar.com\/avatar\/0dc91c20648254b1ce84877283f6751b?s=96&d=mm&r=g\",\"caption\":\"Blanca S\u00e1nchez\"},\"url\":\"https:\/\/www.uaga.eus\/eu\/author\/bsanchez\/\"}]}<\/script>\n<!-- \/ Yoast SEO plugin. -->","yoast_head_json":{"title":"Contin\u00faa la tramitaci\u00f3n del Anteproyecto de Ley de la Cadena Alimentaria para fortalecer la posici\u00f3n negociadora de agricultores y ganaderos - UAGA","robots":{"index":"index","follow":"follow","max-snippet":"max-snippet:-1","max-image-preview":"max-image-preview:large","max-video-preview":"max-video-preview:-1"},"canonical":"https:\/\/www.uaga.eus\/continua-la-tramitacion-del-anteproyecto-de-ley-de-la-cadena-alimentaria-para-fortalecer-la-posicion-negociadora-de-agricultores-y-ganaderos\/","og_locale":"en_US","og_type":"article","og_title":"Contin\u00faa la tramitaci\u00f3n del Anteproyecto de Ley de la Cadena Alimentaria para fortalecer la posici\u00f3n negociadora de agricultores y ganaderos - UAGA","og_description":"Comienza la segunda fase de la reforma de la Ley de la Cadena Alimentaria una vez completada la iniciada en febrero con el Real Decreto-ley 5\/2020 que proh\u00edbe la venta por debajo de coste de producci\u00f3n, cuesti\u00f3n que desgraciadamente ocurre en algunos de nuestros sectores, y la destrucci\u00f3n del valor de los productos a lo [&hellip;]","og_url":"https:\/\/www.uaga.eus\/continua-la-tramitacion-del-anteproyecto-de-ley-de-la-cadena-alimentaria-para-fortalecer-la-posicion-negociadora-de-agricultores-y-ganaderos\/","og_site_name":"UAGA","article_published_time":"2020-07-03T06:33:53+00:00","og_image":[{"width":650,"height":366,"url":"https:\/\/www.uaga.eus\/wp-content\/uploads\/2020\/07\/VACA-DE-CARNE.jpg","type":"image\/jpeg"}],"author":"Blanca S\u00e1nchez","twitter_card":"summary_large_image","twitter_misc":{"Written by":"Blanca S\u00e1nchez","Est. reading time":"1 minutua"},"schema":{"@context":"https:\/\/schema.org","@graph":[{"@type":"WebPage","@id":"https:\/\/www.uaga.eus\/continua-la-tramitacion-del-anteproyecto-de-ley-de-la-cadena-alimentaria-para-fortalecer-la-posicion-negociadora-de-agricultores-y-ganaderos\/","url":"https:\/\/www.uaga.eus\/continua-la-tramitacion-del-anteproyecto-de-ley-de-la-cadena-alimentaria-para-fortalecer-la-posicion-negociadora-de-agricultores-y-ganaderos\/","name":"Contin\u00faa la tramitaci\u00f3n del Anteproyecto de Ley de la Cadena Alimentaria para fortalecer la posici\u00f3n negociadora de agricultores y ganaderos - UAGA","isPartOf":{"@id":"https:\/\/www.uaga.eus\/#website"},"datePublished":"2020-07-03T06:33:53+00:00","dateModified":"2020-07-03T06:33:53+00:00","author":{"@id":"https:\/\/www.uaga.eus\/#\/schema\/person\/48c3cbf0f33d1b788226dbb6518689cf"},"breadcrumb":{"@id":"https:\/\/www.uaga.eus\/continua-la-tramitacion-del-anteproyecto-de-ley-de-la-cadena-alimentaria-para-fortalecer-la-posicion-negociadora-de-agricultores-y-ganaderos\/#breadcrumb"},"inLanguage":"eu","potentialAction":[{"@type":"ReadAction","target":["https:\/\/www.uaga.eus\/continua-la-tramitacion-del-anteproyecto-de-ley-de-la-cadena-alimentaria-para-fortalecer-la-posicion-negociadora-de-agricultores-y-ganaderos\/"]}]},{"@type":"BreadcrumbList","@id":"https:\/\/www.uaga.eus\/continua-la-tramitacion-del-anteproyecto-de-ley-de-la-cadena-alimentaria-para-fortalecer-la-posicion-negociadora-de-agricultores-y-ganaderos\/#breadcrumb","itemListElement":[{"@type":"ListItem","position":1,"name":"Inicio","item":"https:\/\/www.uaga.eus\/"},{"@type":"ListItem","position":2,"name":"Contin\u00faa la tramitaci\u00f3n del Anteproyecto de Ley de la Cadena Alimentaria para fortalecer la posici\u00f3n negociadora de agricultores y ganaderos"}]},{"@type":"WebSite","@id":"https:\/\/www.uaga.eus\/#website","url":"https:\/\/www.uaga.eus\/","name":"UAGA","description":"Uni\u00f3n Agroganadera de \u00c1lava - Araba Nekazarien Elkartea","potentialAction":[{"@type":"SearchAction","target":{"@type":"EntryPoint","urlTemplate":"https:\/\/www.uaga.eus\/?s={search_term_string}"},"query-input":"required name=search_term_string"}],"inLanguage":"eu"},{"@type":"Person","@id":"https:\/\/www.uaga.eus\/#\/schema\/person\/48c3cbf0f33d1b788226dbb6518689cf","name":"Blanca S\u00e1nchez","image":{"@type":"ImageObject","inLanguage":"eu","@id":"https:\/\/www.uaga.eus\/#\/schema\/person\/image\/","url":"https:\/\/secure.gravatar.com\/avatar\/0dc91c20648254b1ce84877283f6751b?s=96&d=mm&r=g","contentUrl":"https:\/\/secure.gravatar.com\/avatar\/0dc91c20648254b1ce84877283f6751b?s=96&d=mm&r=g","caption":"Blanca S\u00e1nchez"},"url":"https:\/\/www.uaga.eus\/eu\/author\/bsanchez\/"}]}},"_links":{"self":[{"href":"https:\/\/www.uaga.eus\/eu\/wp-json\/wp\/v2\/posts\/7789"}],"collection":[{"href":"https:\/\/www.uaga.eus\/eu\/wp-json\/wp\/v2\/posts"}],"about":[{"href":"https:\/\/www.uaga.eus\/eu\/wp-json\/wp\/v2\/types\/post"}],"author":[{"embeddable":true,"href":"https:\/\/www.uaga.eus\/eu\/wp-json\/wp\/v2\/users\/4"}],"replies":[{"embeddable":true,"href":"https:\/\/www.uaga.eus\/eu\/wp-json\/wp\/v2\/comments?post=7789"}],"version-history":[{"count":1,"href":"https:\/\/www.uaga.eus\/eu\/wp-json\/wp\/v2\/posts\/7789\/revisions"}],"predecessor-version":[{"id":7793,"href":"https:\/\/www.uaga.eus\/eu\/wp-json\/wp\/v2\/posts\/7789\/revisions\/7793"}],"wp:featuredmedia":[{"embeddable":true,"href":"https:\/\/www.uaga.eus\/eu\/wp-json\/wp\/v2\/media\/7790"}],"wp:attachment":[{"href":"https:\/\/www.uaga.eus\/eu\/wp-json\/wp\/v2\/media?parent=7789"}],"wp:term":[{"taxonomy":"category","embeddable":true,"href":"https:\/\/www.uaga.eus\/eu\/wp-json\/wp\/v2\/categories?post=7789"},{"taxonomy":"post_tag","embeddable":true,"href":"https:\/\/www.uaga.eus\/eu\/wp-json\/wp\/v2\/tags?post=7789"}],"curies":[{"name":"wp","href":"https:\/\/api.w.org\/{rel}","templated":true}]}}