{"id":7704,"date":"2020-06-19T11:16:11","date_gmt":"2020-06-19T11:16:11","guid":{"rendered":"https:\/\/www.uaga.eus\/?p=7704"},"modified":"2020-09-11T10:48:35","modified_gmt":"2020-09-11T10:48:35","slug":"23-de-junio-asamblea-extraordinaria-del-sector-de-remolacha-de-uaga","status":"publish","type":"post","link":"https:\/\/www.uaga.eus\/eu\/23-de-junio-asamblea-extraordinaria-del-sector-de-remolacha-de-uaga\/","title":{"rendered":"23\u00a0de junio, Asamblea Extraordinaria del Sector de Remolacha de UAGA"},"content":{"rendered":"<p>El sector de remolacha de UAGA celebrar\u00e1 una Asamblea Extraordinaria la pr\u00f3xima semana, el 23 de junio a las 9 h. en el auditorio del\u00a0<strong>Parque Tecnol\u00f3gico de Mi\u00f1ano.<\/strong><\/p>\n<p>El objetivo principal de esta asamblea es informar sobre las conversaciones mantenidas con las administraciones y la industria en los \u00faltimos meses, y debatir sobre el tipo de contrato que interesa firmar con la industria azucarera para la campa\u00f1a 2020-2021.<\/p>\n<p>Aprovecharemos la jornada para exponer el avance del proyecto de innovaci\u00f3n REMOLACHINN liderado por UAGA y en colaboraci\u00f3n con NEIKER, proyecto puesto en marcha para investigar sobre productos alternativos a los neonicotinoides y la problem\u00e1tica con pulgones.<\/p>\n<p>Puedes conocer un poco m\u00e1s el proyecto en este <a href=\"https:\/\/www.uaga.eus\/proyecto\/remolachinn-nuevo-sistema-de-manejo-en-remolacha-y-patata-sin-el-uso-de-neonicotinoides-2019-2021\/?preview=true\" target=\"_blank\" rel=\"noopener\" data-cke-saved-href=\"https:\/\/www.uaga.eus\/proyecto\/remolachinn-nuevo-sistema-de-manejo-en-remolacha-y-patata-sin-el-uso-de-neonicotinoides-2019-2021\/?preview=true\">enlace<\/a>.<\/p>\n<p>+info\u00a0YOLANDA: 615 779 584<\/p>\n","protected":false},"excerpt":{"rendered":"<p>El sector de remolacha de UAGA celebrar\u00e1 una Asamblea Extraordinaria la pr\u00f3xima semana, el 23 de junio a las 9 h. en el auditorio del\u00a0Parque Tecnol\u00f3gico de Mi\u00f1ano. El objetivo principal de esta asamblea es informar sobre las conversaciones mantenidas con las administraciones y la industria en los \u00faltimos meses, y debatir sobre el tipo [&hellip;]<\/p>\n","protected":false},"author":4,"featured_media":7679,"comment_status":"closed","ping_status":"closed","sticky":false,"template":"","format":"standard","meta":{"footnotes":""},"categories":[7,3],"tags":[],"yoast_head":"<!-- This site is optimized with the Yoast SEO plugin v21.5 - https:\/\/yoast.com\/wordpress\/plugins\/seo\/ -->\n<title>23\u00a0de junio, Asamblea Extraordinaria del Sector de Remolacha de UAGA - UAGA<\/title>\n<meta name=\"robots\" content=\"index, follow, max-snippet:-1, max-image-preview:large, max-video-preview:-1\" \/>\n<link rel=\"canonical\" href=\"https:\/\/www.uaga.eus\/eu\/23-de-junio-asamblea-extraordinaria-del-sector-de-remolacha-de-uaga\/\" \/>\n<meta property=\"og:locale\" content=\"en_US\" \/>\n<meta property=\"og:type\" content=\"article\" \/>\n<meta property=\"og:title\" content=\"23\u00a0de junio, Asamblea Extraordinaria del Sector de Remolacha de UAGA - UAGA\" \/>\n<meta property=\"og:description\" content=\"El sector de remolacha de UAGA celebrar\u00e1 una Asamblea Extraordinaria la pr\u00f3xima semana, el 23 de junio a las 9 h. en el auditorio del\u00a0Parque Tecnol\u00f3gico de Mi\u00f1ano. El objetivo principal de esta asamblea es informar sobre las conversaciones mantenidas con las administraciones y la industria en los \u00faltimos meses, y debatir sobre el tipo [&hellip;]\" \/>\n<meta property=\"og:url\" content=\"https:\/\/www.uaga.eus\/eu\/23-de-junio-asamblea-extraordinaria-del-sector-de-remolacha-de-uaga\/\" \/>\n<meta property=\"og:site_name\" content=\"UAGA\" \/>\n<meta property=\"article:published_time\" content=\"2020-06-19T11:16:11+00:00\" \/>\n<meta property=\"article:modified_time\" content=\"2020-09-11T10:48:35+00:00\" \/>\n<meta property=\"og:image\" content=\"https:\/\/www.uaga.eus\/wp-content\/uploads\/2020\/06\/remolacha-azucarera-e1592565357362.jpg\" \/>\n\t<meta property=\"og:image:width\" content=\"698\" \/>\n\t<meta property=\"og:image:height\" content=\"404\" \/>\n\t<meta property=\"og:image:type\" content=\"image\/jpeg\" \/>\n<meta name=\"author\" content=\"Blanca S\u00e1nchez\" \/>\n<meta name=\"twitter:card\" content=\"summary_large_image\" \/>\n<meta name=\"twitter:label1\" content=\"Written by\" \/>\n\t<meta name=\"twitter:data1\" content=\"Blanca S\u00e1nchez\" \/>\n\t<meta name=\"twitter:label2\" content=\"Est. reading time\" \/>\n\t<meta name=\"twitter:data2\" content=\"1 minutua\" \/>\n<script type=\"application\/ld+json\" class=\"yoast-schema-graph\">{\"@context\":\"https:\/\/schema.org\",\"@graph\":[{\"@type\":\"WebPage\",\"@id\":\"https:\/\/www.uaga.eus\/eu\/23-de-junio-asamblea-extraordinaria-del-sector-de-remolacha-de-uaga\/\",\"url\":\"https:\/\/www.uaga.eus\/eu\/23-de-junio-asamblea-extraordinaria-del-sector-de-remolacha-de-uaga\/\",\"name\":\"23\u00a0de junio, Asamblea Extraordinaria del Sector de Remolacha de UAGA - UAGA\",\"isPartOf\":{\"@id\":\"https:\/\/www.uaga.eus\/#website\"},\"datePublished\":\"2020-06-19T11:16:11+00:00\",\"dateModified\":\"2020-09-11T10:48:35+00:00\",\"author\":{\"@id\":\"https:\/\/www.uaga.eus\/#\/schema\/person\/48c3cbf0f33d1b788226dbb6518689cf\"},\"breadcrumb\":{\"@id\":\"https:\/\/www.uaga.eus\/eu\/23-de-junio-asamblea-extraordinaria-del-sector-de-remolacha-de-uaga\/#breadcrumb\"},\"inLanguage\":\"eu\",\"potentialAction\":[{\"@type\":\"ReadAction\",\"target\":[\"https:\/\/www.uaga.eus\/eu\/23-de-junio-asamblea-extraordinaria-del-sector-de-remolacha-de-uaga\/\"]}]},{\"@type\":\"BreadcrumbList\",\"@id\":\"https:\/\/www.uaga.eus\/eu\/23-de-junio-asamblea-extraordinaria-del-sector-de-remolacha-de-uaga\/#breadcrumb\",\"itemListElement\":[{\"@type\":\"ListItem\",\"position\":1,\"name\":\"Inicio\",\"item\":\"https:\/\/www.uaga.eus\/\"},{\"@type\":\"ListItem\",\"position\":2,\"name\":\"23\u00a0de junio, Asamblea Extraordinaria del Sector de Remolacha de UAGA\"}]},{\"@type\":\"WebSite\",\"@id\":\"https:\/\/www.uaga.eus\/#website\",\"url\":\"https:\/\/www.uaga.eus\/\",\"name\":\"UAGA\",\"description\":\"Uni\u00f3n Agroganadera de \u00c1lava - Araba Nekazarien Elkartea\",\"potentialAction\":[{\"@type\":\"SearchAction\",\"target\":{\"@type\":\"EntryPoint\",\"urlTemplate\":\"https:\/\/www.uaga.eus\/?s={search_term_string}\"},\"query-input\":\"required name=search_term_string\"}],\"inLanguage\":\"eu\"},{\"@type\":\"Person\",\"@id\":\"https:\/\/www.uaga.eus\/#\/schema\/person\/48c3cbf0f33d1b788226dbb6518689cf\",\"name\":\"Blanca S\u00e1nchez\",\"image\":{\"@type\":\"ImageObject\",\"inLanguage\":\"eu\",\"@id\":\"https:\/\/www.uaga.eus\/#\/schema\/person\/image\/\",\"url\":\"https:\/\/secure.gravatar.com\/avatar\/0dc91c20648254b1ce84877283f6751b?s=96&d=mm&r=g\",\"contentUrl\":\"https:\/\/secure.gravatar.com\/avatar\/0dc91c20648254b1ce84877283f6751b?s=96&d=mm&r=g\",\"caption\":\"Blanca S\u00e1nchez\"},\"url\":\"https:\/\/www.uaga.eus\/eu\/author\/bsanchez\/\"}]}<\/script>\n<!-- \/ Yoast SEO plugin. -->","yoast_head_json":{"title":"23\u00a0de junio, Asamblea Extraordinaria del Sector de Remolacha de UAGA - UAGA","robots":{"index":"index","follow":"follow","max-snippet":"max-snippet:-1","max-image-preview":"max-image-preview:large","max-video-preview":"max-video-preview:-1"},"canonical":"https:\/\/www.uaga.eus\/eu\/23-de-junio-asamblea-extraordinaria-del-sector-de-remolacha-de-uaga\/","og_locale":"en_US","og_type":"article","og_title":"23\u00a0de junio, Asamblea Extraordinaria del Sector de Remolacha de UAGA - UAGA","og_description":"El sector de remolacha de UAGA celebrar\u00e1 una Asamblea Extraordinaria la pr\u00f3xima semana, el 23 de junio a las 9 h. en el auditorio del\u00a0Parque Tecnol\u00f3gico de Mi\u00f1ano. El objetivo principal de esta asamblea es informar sobre las conversaciones mantenidas con las administraciones y la industria en los \u00faltimos meses, y debatir sobre el tipo [&hellip;]","og_url":"https:\/\/www.uaga.eus\/eu\/23-de-junio-asamblea-extraordinaria-del-sector-de-remolacha-de-uaga\/","og_site_name":"UAGA","article_published_time":"2020-06-19T11:16:11+00:00","article_modified_time":"2020-09-11T10:48:35+00:00","og_image":[{"width":698,"height":404,"url":"https:\/\/www.uaga.eus\/wp-content\/uploads\/2020\/06\/remolacha-azucarera-e1592565357362.jpg","type":"image\/jpeg"}],"author":"Blanca S\u00e1nchez","twitter_card":"summary_large_image","twitter_misc":{"Written by":"Blanca S\u00e1nchez","Est. reading time":"1 minutua"},"schema":{"@context":"https:\/\/schema.org","@graph":[{"@type":"WebPage","@id":"https:\/\/www.uaga.eus\/eu\/23-de-junio-asamblea-extraordinaria-del-sector-de-remolacha-de-uaga\/","url":"https:\/\/www.uaga.eus\/eu\/23-de-junio-asamblea-extraordinaria-del-sector-de-remolacha-de-uaga\/","name":"23\u00a0de junio, Asamblea Extraordinaria del Sector de Remolacha de UAGA - UAGA","isPartOf":{"@id":"https:\/\/www.uaga.eus\/#website"},"datePublished":"2020-06-19T11:16:11+00:00","dateModified":"2020-09-11T10:48:35+00:00","author":{"@id":"https:\/\/www.uaga.eus\/#\/schema\/person\/48c3cbf0f33d1b788226dbb6518689cf"},"breadcrumb":{"@id":"https:\/\/www.uaga.eus\/eu\/23-de-junio-asamblea-extraordinaria-del-sector-de-remolacha-de-uaga\/#breadcrumb"},"inLanguage":"eu","potentialAction":[{"@type":"ReadAction","target":["https:\/\/www.uaga.eus\/eu\/23-de-junio-asamblea-extraordinaria-del-sector-de-remolacha-de-uaga\/"]}]},{"@type":"BreadcrumbList","@id":"https:\/\/www.uaga.eus\/eu\/23-de-junio-asamblea-extraordinaria-del-sector-de-remolacha-de-uaga\/#breadcrumb","itemListElement":[{"@type":"ListItem","position":1,"name":"Inicio","item":"https:\/\/www.uaga.eus\/"},{"@type":"ListItem","position":2,"name":"23\u00a0de junio, Asamblea Extraordinaria del Sector de Remolacha de UAGA"}]},{"@type":"WebSite","@id":"https:\/\/www.uaga.eus\/#website","url":"https:\/\/www.uaga.eus\/","name":"UAGA","description":"Uni\u00f3n Agroganadera de \u00c1lava - Araba Nekazarien Elkartea","potentialAction":[{"@type":"SearchAction","target":{"@type":"EntryPoint","urlTemplate":"https:\/\/www.uaga.eus\/?s={search_term_string}"},"query-input":"required name=search_term_string"}],"inLanguage":"eu"},{"@type":"Person","@id":"https:\/\/www.uaga.eus\/#\/schema\/person\/48c3cbf0f33d1b788226dbb6518689cf","name":"Blanca S\u00e1nchez","image":{"@type":"ImageObject","inLanguage":"eu","@id":"https:\/\/www.uaga.eus\/#\/schema\/person\/image\/","url":"https:\/\/secure.gravatar.com\/avatar\/0dc91c20648254b1ce84877283f6751b?s=96&d=mm&r=g","contentUrl":"https:\/\/secure.gravatar.com\/avatar\/0dc91c20648254b1ce84877283f6751b?s=96&d=mm&r=g","caption":"Blanca S\u00e1nchez"},"url":"https:\/\/www.uaga.eus\/eu\/author\/bsanchez\/"}]}},"_links":{"self":[{"href":"https:\/\/www.uaga.eus\/eu\/wp-json\/wp\/v2\/posts\/7704"}],"collection":[{"href":"https:\/\/www.uaga.eus\/eu\/wp-json\/wp\/v2\/posts"}],"about":[{"href":"https:\/\/www.uaga.eus\/eu\/wp-json\/wp\/v2\/types\/post"}],"author":[{"embeddable":true,"href":"https:\/\/www.uaga.eus\/eu\/wp-json\/wp\/v2\/users\/4"}],"replies":[{"embeddable":true,"href":"https:\/\/www.uaga.eus\/eu\/wp-json\/wp\/v2\/comments?post=7704"}],"version-history":[{"count":3,"href":"https:\/\/www.uaga.eus\/eu\/wp-json\/wp\/v2\/posts\/7704\/revisions"}],"predecessor-version":[{"id":7706,"href":"https:\/\/www.uaga.eus\/eu\/wp-json\/wp\/v2\/posts\/7704\/revisions\/7706"}],"wp:featuredmedia":[{"embeddable":true,"href":"https:\/\/www.uaga.eus\/eu\/wp-json\/wp\/v2\/media\/7679"}],"wp:attachment":[{"href":"https:\/\/www.uaga.eus\/eu\/wp-json\/wp\/v2\/media?parent=7704"}],"wp:term":[{"taxonomy":"category","embeddable":true,"href":"https:\/\/www.uaga.eus\/eu\/wp-json\/wp\/v2\/categories?post=7704"},{"taxonomy":"post_tag","embeddable":true,"href":"https:\/\/www.uaga.eus\/eu\/wp-json\/wp\/v2\/tags?post=7704"}],"curies":[{"name":"wp","href":"https:\/\/api.w.org\/{rel}","templated":true}]}}