{"id":7695,"date":"2020-06-19T11:06:50","date_gmt":"2020-06-19T11:06:50","guid":{"rendered":"https:\/\/www.uaga.eus\/?p=7695"},"modified":"2020-06-19T11:06:50","modified_gmt":"2020-06-19T11:06:50","slug":"hasta-el-23-de-junio-abierto-el-plazo-para-solicitar-la-ayuda-para-cosecha-en-verde-del-vinedo-do-rioja-y-arabako-txakolina","status":"publish","type":"post","link":"https:\/\/www.uaga.eus\/eu\/hasta-el-23-de-junio-abierto-el-plazo-para-solicitar-la-ayuda-para-cosecha-en-verde-del-vinedo-do-rioja-y-arabako-txakolina\/","title":{"rendered":"Hasta el 23 de junio, abierto el plazo para solicitar la ayuda para cosecha en verde del vi\u00f1edo, DO RIOJA y ARABAKO TXAKOLINA"},"content":{"rendered":"<p>El Consejo de Ministros ha aprobado el Real Decreto 557\/2020 por el que publica las bases para la concesi\u00f3n, entre otras, de la ayuda para la cosecha en verde de la vendimia 2020.<\/p>\n<p>La \u00a0<strong>cosecha en verd<\/strong>e \u00a0consiste en la destrucci\u00f3n o eliminaci\u00f3n total de los racimos de uvas cuando todav\u00eda est\u00e1n inmaduras de manera que se reduzca a cero el rendimiento de la parcela y sin que puedan existir uvas sin vendimiar en la parcela objeto de la ayuda.<\/p>\n<p>Se pueden acoger a esta ayuda las <strong>parcelas completas<\/strong> de al menos 3.000 m2, que se hayan plantado antes de la campa\u00f1a 2016\/2017.\u00a0El modo\u00a0de destrucci\u00f3n o eliminaci\u00f3n de los racimos de uva ser\u00e1 manual.<\/p>\n<p>La explotaci\u00f3n completa queda sujeta a los controles de CONDICIONALIDAD.<\/p>\n<p>El \u00a0<strong>presupuesto <\/strong>total de la ayuda son 10 millones de \u20ac para todas las zonas vin\u00edcolas de Espa\u00f1a.<\/p>\n<p>Y los <strong>importes m\u00e1ximos<\/strong> de la ayuda son:<br \/>\n\u2022\u00a0\u00a0 \u00a0DO RIOJA \u00a0 \u00a0 \u00a0 \u00a0 \u00a0 \u00a0 \u00a0 \u00a0 \u00a0 \u00a0 \u00a0 \u00a0 \u00a0 \u00a0 \u00a0 \u00a0 \u00a0 \u00a0 \u00a0 \u00a0 \u00a0 \u00a03.806,47 \u00a0\u20ac\/ha<br \/>\n\u2022\u00a0\u00a0 \u00a0ARABAKO TXAKOLINA \u00a0 \u00a0 \u00a0 \u00a0 \u00a0 \u00a0 \u00a0 \u00a0 \u00a0 \u00a0 \u00a0 2.975,22\u00a0 \u20ac\/ha<\/p>\n<p>Para el pago, ser\u00e1 de aplicaci\u00f3n el sistema de factura e importes m\u00e1ximos con posibi\u00adlidad de justificarlos en forma de contribuciones por especie.<\/p>\n<p>La solicitud solo se puede tramitar via electr\u00f3nica enviando un mail a la siguiente direcci\u00f3n de correo electr\u00f3nico: viticulturayenologia@araba.eus<\/p>\n<p>Puedes consultar el <a href=\"https:\/\/www.boe.es\/boe\/dias\/2020\/06\/10\/pdfs\/BOE-A-2020-5898.pdf\" target=\"_blank\" rel=\"noopener\" data-cke-saved-href=\"https:\/\/www.boe.es\/boe\/dias\/2020\/06\/10\/pdfs\/BOE-A-2020-5898.pdf\">Decreto<\/a> estatal, la <a href=\"https:\/\/www.boe.es\/boe\/dias\/2020\/06\/10\/pdfs\/BOE-A-2020-5898.pdf\" target=\"_blank\" rel=\"noopener\" data-cke-saved-href=\"https:\/\/www.boe.es\/boe\/dias\/2020\/06\/10\/pdfs\/BOE-A-2020-5898.pdf\">R<\/a><a href=\"https:\/\/www.euskadi.eus\/y22-bopv\/es\/bopv2\/datos\/2020\/06\/2002429a.pdf\" target=\"_blank\" rel=\"noopener\" data-cke-saved-href=\"https:\/\/www.euskadi.eus\/y22-bopv\/es\/bopv2\/datos\/2020\/06\/2002429a.pdf\">esoluci\u00f3n<\/a> del Gobierno Vasco y acceder al modelo de solicitud a trav\u00e9s de este <a href=\"https:\/\/mcusercontent.com\/498b950ccfc4b8d0e600d7e48\/files\/ed253e66-47a7-4454-a83a-c78b07991660\/impreso_solicitud_aydas_vendimia_verde.pdf\" target=\"_blank\" rel=\"noopener\" data-cke-saved-href=\"https:\/\/mcusercontent.com\/498b950ccfc4b8d0e600d7e48\/files\/ed253e66-47a7-4454-a83a-c78b07991660\/impreso_solicitud_aydas_vendimia_verde.pdf\">enlace<\/a>.<\/p>\n<p>+info\u00a0NURIA: 661 595 811<\/p>\n","protected":false},"excerpt":{"rendered":"<p>El Consejo de Ministros ha aprobado el Real Decreto 557\/2020 por el que publica las bases para la concesi\u00f3n, entre otras, de la ayuda para la cosecha en verde de la vendimia 2020. La \u00a0cosecha en verde \u00a0consiste en la destrucci\u00f3n o eliminaci\u00f3n total de los racimos de uvas cuando todav\u00eda est\u00e1n inmaduras de manera [&hellip;]<\/p>\n","protected":false},"author":4,"featured_media":7696,"comment_status":"closed","ping_status":"closed","sticky":false,"template":"","format":"standard","meta":{"footnotes":""},"categories":[7,5,111],"tags":[],"yoast_head":"<!-- This site is optimized with the Yoast SEO plugin v21.5 - https:\/\/yoast.com\/wordpress\/plugins\/seo\/ -->\n<title>Hasta el 23 de junio, abierto el plazo para solicitar la ayuda para cosecha en verde del vi\u00f1edo, DO RIOJA y ARABAKO TXAKOLINA - UAGA<\/title>\n<meta name=\"robots\" content=\"index, follow, max-snippet:-1, max-image-preview:large, max-video-preview:-1\" \/>\n<link rel=\"canonical\" href=\"https:\/\/www.uaga.eus\/hasta-el-23-de-junio-abierto-el-plazo-para-solicitar-la-ayuda-para-cosecha-en-verde-del-vinedo-do-rioja-y-arabako-txakolina\/\" \/>\n<meta property=\"og:locale\" content=\"en_US\" \/>\n<meta property=\"og:type\" content=\"article\" \/>\n<meta property=\"og:title\" content=\"Hasta el 23 de junio, abierto el plazo para solicitar la ayuda para cosecha en verde del vi\u00f1edo, DO RIOJA y ARABAKO TXAKOLINA - UAGA\" \/>\n<meta property=\"og:description\" content=\"El Consejo de Ministros ha aprobado el Real Decreto 557\/2020 por el que publica las bases para la concesi\u00f3n, entre otras, de la ayuda para la cosecha en verde de la vendimia 2020. La \u00a0cosecha en verde \u00a0consiste en la destrucci\u00f3n o eliminaci\u00f3n total de los racimos de uvas cuando todav\u00eda est\u00e1n inmaduras de manera [&hellip;]\" \/>\n<meta property=\"og:url\" content=\"https:\/\/www.uaga.eus\/hasta-el-23-de-junio-abierto-el-plazo-para-solicitar-la-ayuda-para-cosecha-en-verde-del-vinedo-do-rioja-y-arabako-txakolina\/\" \/>\n<meta property=\"og:site_name\" content=\"UAGA\" \/>\n<meta property=\"article:published_time\" content=\"2020-06-19T11:06:50+00:00\" \/>\n<meta property=\"og:image\" content=\"https:\/\/www.uaga.eus\/wp-content\/uploads\/2020\/06\/uvas-verdes-e1592564789483.jpg\" \/>\n\t<meta property=\"og:image:width\" content=\"700\" \/>\n\t<meta property=\"og:image:height\" content=\"386\" \/>\n\t<meta property=\"og:image:type\" content=\"image\/jpeg\" \/>\n<meta name=\"author\" content=\"Blanca S\u00e1nchez\" \/>\n<meta name=\"twitter:card\" content=\"summary_large_image\" \/>\n<meta name=\"twitter:label1\" content=\"Written by\" \/>\n\t<meta name=\"twitter:data1\" content=\"Blanca S\u00e1nchez\" \/>\n\t<meta name=\"twitter:label2\" content=\"Est. reading time\" \/>\n\t<meta name=\"twitter:data2\" content=\"1 minutua\" \/>\n<script type=\"application\/ld+json\" class=\"yoast-schema-graph\">{\"@context\":\"https:\/\/schema.org\",\"@graph\":[{\"@type\":\"WebPage\",\"@id\":\"https:\/\/www.uaga.eus\/hasta-el-23-de-junio-abierto-el-plazo-para-solicitar-la-ayuda-para-cosecha-en-verde-del-vinedo-do-rioja-y-arabako-txakolina\/\",\"url\":\"https:\/\/www.uaga.eus\/hasta-el-23-de-junio-abierto-el-plazo-para-solicitar-la-ayuda-para-cosecha-en-verde-del-vinedo-do-rioja-y-arabako-txakolina\/\",\"name\":\"Hasta el 23 de junio, abierto el plazo para solicitar la ayuda para cosecha en verde del vi\u00f1edo, DO RIOJA y ARABAKO TXAKOLINA - UAGA\",\"isPartOf\":{\"@id\":\"https:\/\/www.uaga.eus\/#website\"},\"datePublished\":\"2020-06-19T11:06:50+00:00\",\"dateModified\":\"2020-06-19T11:06:50+00:00\",\"author\":{\"@id\":\"https:\/\/www.uaga.eus\/#\/schema\/person\/48c3cbf0f33d1b788226dbb6518689cf\"},\"breadcrumb\":{\"@id\":\"https:\/\/www.uaga.eus\/hasta-el-23-de-junio-abierto-el-plazo-para-solicitar-la-ayuda-para-cosecha-en-verde-del-vinedo-do-rioja-y-arabako-txakolina\/#breadcrumb\"},\"inLanguage\":\"eu\",\"potentialAction\":[{\"@type\":\"ReadAction\",\"target\":[\"https:\/\/www.uaga.eus\/hasta-el-23-de-junio-abierto-el-plazo-para-solicitar-la-ayuda-para-cosecha-en-verde-del-vinedo-do-rioja-y-arabako-txakolina\/\"]}]},{\"@type\":\"BreadcrumbList\",\"@id\":\"https:\/\/www.uaga.eus\/hasta-el-23-de-junio-abierto-el-plazo-para-solicitar-la-ayuda-para-cosecha-en-verde-del-vinedo-do-rioja-y-arabako-txakolina\/#breadcrumb\",\"itemListElement\":[{\"@type\":\"ListItem\",\"position\":1,\"name\":\"Inicio\",\"item\":\"https:\/\/www.uaga.eus\/\"},{\"@type\":\"ListItem\",\"position\":2,\"name\":\"Hasta el 23 de junio, abierto el plazo para solicitar la ayuda para cosecha en verde del vi\u00f1edo, DO RIOJA y ARABAKO TXAKOLINA\"}]},{\"@type\":\"WebSite\",\"@id\":\"https:\/\/www.uaga.eus\/#website\",\"url\":\"https:\/\/www.uaga.eus\/\",\"name\":\"UAGA\",\"description\":\"Uni\u00f3n Agroganadera de \u00c1lava - Araba Nekazarien Elkartea\",\"potentialAction\":[{\"@type\":\"SearchAction\",\"target\":{\"@type\":\"EntryPoint\",\"urlTemplate\":\"https:\/\/www.uaga.eus\/?s={search_term_string}\"},\"query-input\":\"required name=search_term_string\"}],\"inLanguage\":\"eu\"},{\"@type\":\"Person\",\"@id\":\"https:\/\/www.uaga.eus\/#\/schema\/person\/48c3cbf0f33d1b788226dbb6518689cf\",\"name\":\"Blanca S\u00e1nchez\",\"image\":{\"@type\":\"ImageObject\",\"inLanguage\":\"eu\",\"@id\":\"https:\/\/www.uaga.eus\/#\/schema\/person\/image\/\",\"url\":\"https:\/\/secure.gravatar.com\/avatar\/0dc91c20648254b1ce84877283f6751b?s=96&d=mm&r=g\",\"contentUrl\":\"https:\/\/secure.gravatar.com\/avatar\/0dc91c20648254b1ce84877283f6751b?s=96&d=mm&r=g\",\"caption\":\"Blanca S\u00e1nchez\"},\"url\":\"https:\/\/www.uaga.eus\/eu\/author\/bsanchez\/\"}]}<\/script>\n<!-- \/ Yoast SEO plugin. -->","yoast_head_json":{"title":"Hasta el 23 de junio, abierto el plazo para solicitar la ayuda para cosecha en verde del vi\u00f1edo, DO RIOJA y ARABAKO TXAKOLINA - UAGA","robots":{"index":"index","follow":"follow","max-snippet":"max-snippet:-1","max-image-preview":"max-image-preview:large","max-video-preview":"max-video-preview:-1"},"canonical":"https:\/\/www.uaga.eus\/hasta-el-23-de-junio-abierto-el-plazo-para-solicitar-la-ayuda-para-cosecha-en-verde-del-vinedo-do-rioja-y-arabako-txakolina\/","og_locale":"en_US","og_type":"article","og_title":"Hasta el 23 de junio, abierto el plazo para solicitar la ayuda para cosecha en verde del vi\u00f1edo, DO RIOJA y ARABAKO TXAKOLINA - UAGA","og_description":"El Consejo de Ministros ha aprobado el Real Decreto 557\/2020 por el que publica las bases para la concesi\u00f3n, entre otras, de la ayuda para la cosecha en verde de la vendimia 2020. La \u00a0cosecha en verde \u00a0consiste en la destrucci\u00f3n o eliminaci\u00f3n total de los racimos de uvas cuando todav\u00eda est\u00e1n inmaduras de manera [&hellip;]","og_url":"https:\/\/www.uaga.eus\/hasta-el-23-de-junio-abierto-el-plazo-para-solicitar-la-ayuda-para-cosecha-en-verde-del-vinedo-do-rioja-y-arabako-txakolina\/","og_site_name":"UAGA","article_published_time":"2020-06-19T11:06:50+00:00","og_image":[{"width":700,"height":386,"url":"https:\/\/www.uaga.eus\/wp-content\/uploads\/2020\/06\/uvas-verdes-e1592564789483.jpg","type":"image\/jpeg"}],"author":"Blanca S\u00e1nchez","twitter_card":"summary_large_image","twitter_misc":{"Written by":"Blanca S\u00e1nchez","Est. reading time":"1 minutua"},"schema":{"@context":"https:\/\/schema.org","@graph":[{"@type":"WebPage","@id":"https:\/\/www.uaga.eus\/hasta-el-23-de-junio-abierto-el-plazo-para-solicitar-la-ayuda-para-cosecha-en-verde-del-vinedo-do-rioja-y-arabako-txakolina\/","url":"https:\/\/www.uaga.eus\/hasta-el-23-de-junio-abierto-el-plazo-para-solicitar-la-ayuda-para-cosecha-en-verde-del-vinedo-do-rioja-y-arabako-txakolina\/","name":"Hasta el 23 de junio, abierto el plazo para solicitar la ayuda para cosecha en verde del vi\u00f1edo, DO RIOJA y ARABAKO TXAKOLINA - UAGA","isPartOf":{"@id":"https:\/\/www.uaga.eus\/#website"},"datePublished":"2020-06-19T11:06:50+00:00","dateModified":"2020-06-19T11:06:50+00:00","author":{"@id":"https:\/\/www.uaga.eus\/#\/schema\/person\/48c3cbf0f33d1b788226dbb6518689cf"},"breadcrumb":{"@id":"https:\/\/www.uaga.eus\/hasta-el-23-de-junio-abierto-el-plazo-para-solicitar-la-ayuda-para-cosecha-en-verde-del-vinedo-do-rioja-y-arabako-txakolina\/#breadcrumb"},"inLanguage":"eu","potentialAction":[{"@type":"ReadAction","target":["https:\/\/www.uaga.eus\/hasta-el-23-de-junio-abierto-el-plazo-para-solicitar-la-ayuda-para-cosecha-en-verde-del-vinedo-do-rioja-y-arabako-txakolina\/"]}]},{"@type":"BreadcrumbList","@id":"https:\/\/www.uaga.eus\/hasta-el-23-de-junio-abierto-el-plazo-para-solicitar-la-ayuda-para-cosecha-en-verde-del-vinedo-do-rioja-y-arabako-txakolina\/#breadcrumb","itemListElement":[{"@type":"ListItem","position":1,"name":"Inicio","item":"https:\/\/www.uaga.eus\/"},{"@type":"ListItem","position":2,"name":"Hasta el 23 de junio, abierto el plazo para solicitar la ayuda para cosecha en verde del vi\u00f1edo, DO RIOJA y ARABAKO TXAKOLINA"}]},{"@type":"WebSite","@id":"https:\/\/www.uaga.eus\/#website","url":"https:\/\/www.uaga.eus\/","name":"UAGA","description":"Uni\u00f3n Agroganadera de \u00c1lava - Araba Nekazarien Elkartea","potentialAction":[{"@type":"SearchAction","target":{"@type":"EntryPoint","urlTemplate":"https:\/\/www.uaga.eus\/?s={search_term_string}"},"query-input":"required name=search_term_string"}],"inLanguage":"eu"},{"@type":"Person","@id":"https:\/\/www.uaga.eus\/#\/schema\/person\/48c3cbf0f33d1b788226dbb6518689cf","name":"Blanca S\u00e1nchez","image":{"@type":"ImageObject","inLanguage":"eu","@id":"https:\/\/www.uaga.eus\/#\/schema\/person\/image\/","url":"https:\/\/secure.gravatar.com\/avatar\/0dc91c20648254b1ce84877283f6751b?s=96&d=mm&r=g","contentUrl":"https:\/\/secure.gravatar.com\/avatar\/0dc91c20648254b1ce84877283f6751b?s=96&d=mm&r=g","caption":"Blanca S\u00e1nchez"},"url":"https:\/\/www.uaga.eus\/eu\/author\/bsanchez\/"}]}},"_links":{"self":[{"href":"https:\/\/www.uaga.eus\/eu\/wp-json\/wp\/v2\/posts\/7695"}],"collection":[{"href":"https:\/\/www.uaga.eus\/eu\/wp-json\/wp\/v2\/posts"}],"about":[{"href":"https:\/\/www.uaga.eus\/eu\/wp-json\/wp\/v2\/types\/post"}],"author":[{"embeddable":true,"href":"https:\/\/www.uaga.eus\/eu\/wp-json\/wp\/v2\/users\/4"}],"replies":[{"embeddable":true,"href":"https:\/\/www.uaga.eus\/eu\/wp-json\/wp\/v2\/comments?post=7695"}],"version-history":[{"count":1,"href":"https:\/\/www.uaga.eus\/eu\/wp-json\/wp\/v2\/posts\/7695\/revisions"}],"predecessor-version":[{"id":7697,"href":"https:\/\/www.uaga.eus\/eu\/wp-json\/wp\/v2\/posts\/7695\/revisions\/7697"}],"wp:featuredmedia":[{"embeddable":true,"href":"https:\/\/www.uaga.eus\/eu\/wp-json\/wp\/v2\/media\/7696"}],"wp:attachment":[{"href":"https:\/\/www.uaga.eus\/eu\/wp-json\/wp\/v2\/media?parent=7695"}],"wp:term":[{"taxonomy":"category","embeddable":true,"href":"https:\/\/www.uaga.eus\/eu\/wp-json\/wp\/v2\/categories?post=7695"},{"taxonomy":"post_tag","embeddable":true,"href":"https:\/\/www.uaga.eus\/eu\/wp-json\/wp\/v2\/tags?post=7695"}],"curies":[{"name":"wp","href":"https:\/\/api.w.org\/{rel}","templated":true}]}}