{"id":7686,"date":"2020-06-19T11:01:11","date_gmt":"2020-06-19T11:01:11","guid":{"rendered":"https:\/\/www.uaga.eus\/?p=7686"},"modified":"2020-06-19T11:32:41","modified_gmt":"2020-06-19T11:32:41","slug":"22-de-junio-taller-de-campo-online-de-agricultura-ecologica-en-cultivos-extensivos","status":"publish","type":"post","link":"https:\/\/www.uaga.eus\/eu\/22-de-junio-taller-de-campo-online-de-agricultura-ecologica-en-cultivos-extensivos\/","title":{"rendered":"22 de junio, taller de campo on line de agricultura ecol\u00f3gica en cultivos extensivos"},"content":{"rendered":"<p>El Grupo Operativo Ecopionet es una organizaci\u00f3n supra-aut\u00f3nomica \u00a0que ha puesto en marcha un proyecto de innovaci\u00f3n con el objetivo de crear\u00a0una organizaci\u00f3n de productores de cultivos herb\u00e1ceos extensivos en ecol\u00f3gico a trav\u00e9s de un sistema innovador de transferencia y organizaci\u00f3n.<\/p>\n<p>El 22 de junio han organizado un taller donde se realizar\u00e1 una visita virtual a la Finca Mu\u00f1ovela (Salamanca) y a la Finca La Higueruela (Santa Olalla-Toledo). Explicar\u00e1n y se podr\u00e1n visualizar las parcelas en las que se est\u00e1 desarrollando agricultura ecol\u00f3gica. Tambi\u00e9n se visitar\u00e1 la finca de un agricultor que contar\u00e1 la experiencia vivida en el Grupo Operativo Ecopionet.<\/p>\n<p>El <strong>webinar <\/strong>\u2018<strong>Taller de campo agricultura ecol\u00f3gica\u2019<\/strong>, organizado por el Grupo Operativo Ecopionet, tendr\u00e1 lugar el <strong>lunes 22 de junio<\/strong> a las <strong>17 horas<\/strong>.<\/p>\n<p>Es necesaria inscripci\u00f3n previa a trav\u00e9s del <a href=\"https:\/\/www.fundacioncajamarvalencia.es\/es\/comun\/formularios\/alta-evento\/tallerecopionet\/\" target=\"_blank\" rel=\"noopener\" data-cke-saved-href=\"https:\/\/www.fundacioncajamarvalencia.es\/es\/comun\/formularios\/alta-evento\/tallerecopionet\/\">siguiente formulario<\/a>.<\/p>","protected":false},"excerpt":{"rendered":"<p>El Grupo Operativo Ecopionet es una organizaci\u00f3n supra-aut\u00f3nomica \u00a0que ha puesto en marcha un proyecto de innovaci\u00f3n con el objetivo de crear\u00a0una organizaci\u00f3n de productores de cultivos herb\u00e1ceos extensivos en ecol\u00f3gico a trav\u00e9s de un sistema innovador de transferencia y organizaci\u00f3n. El 22 de junio han organizado un taller donde se realizar\u00e1 una visita virtual [&hellip;]<\/p>\n","protected":false},"author":4,"featured_media":7687,"comment_status":"closed","ping_status":"closed","sticky":false,"template":"","format":"standard","meta":{"footnotes":""},"categories":[10,66],"tags":[],"yoast_head":"<!-- This site is optimized with the Yoast SEO plugin v21.5 - https:\/\/yoast.com\/wordpress\/plugins\/seo\/ -->\n<title>22 de junio, taller de campo on line de agricultura ecol\u00f3gica en cultivos extensivos - UAGA<\/title>\n<meta name=\"robots\" content=\"index, follow, max-snippet:-1, max-image-preview:large, max-video-preview:-1\" \/>\n<link rel=\"canonical\" href=\"https:\/\/www.uaga.eus\/22-de-junio-taller-de-campo-online-de-agricultura-ecologica-en-cultivos-extensivos\/\" \/>\n<meta property=\"og:locale\" content=\"en_US\" \/>\n<meta property=\"og:type\" content=\"article\" \/>\n<meta property=\"og:title\" content=\"22 de junio, taller de campo on line de agricultura ecol\u00f3gica en cultivos extensivos - UAGA\" \/>\n<meta property=\"og:description\" content=\"El Grupo Operativo Ecopionet es una organizaci\u00f3n supra-aut\u00f3nomica \u00a0que ha puesto en marcha un proyecto de innovaci\u00f3n con el objetivo de crear\u00a0una organizaci\u00f3n de productores de cultivos herb\u00e1ceos extensivos en ecol\u00f3gico a trav\u00e9s de un sistema innovador de transferencia y organizaci\u00f3n. El 22 de junio han organizado un taller donde se realizar\u00e1 una visita virtual [&hellip;]\" \/>\n<meta property=\"og:url\" content=\"https:\/\/www.uaga.eus\/22-de-junio-taller-de-campo-online-de-agricultura-ecologica-en-cultivos-extensivos\/\" \/>\n<meta property=\"og:site_name\" content=\"UAGA\" \/>\n<meta property=\"article:published_time\" content=\"2020-06-19T11:01:11+00:00\" \/>\n<meta property=\"article:modified_time\" content=\"2020-06-19T11:32:41+00:00\" \/>\n<meta property=\"og:image\" content=\"https:\/\/www.uaga.eus\/wp-content\/uploads\/2020\/06\/finca-cebada.jpg\" \/>\n\t<meta property=\"og:image:width\" content=\"650\" \/>\n\t<meta property=\"og:image:height\" content=\"366\" \/>\n\t<meta property=\"og:image:type\" content=\"image\/jpeg\" \/>\n<meta name=\"author\" content=\"Blanca S\u00e1nchez\" \/>\n<meta name=\"twitter:card\" content=\"summary_large_image\" \/>\n<meta name=\"twitter:label1\" content=\"Written by\" \/>\n\t<meta name=\"twitter:data1\" content=\"Blanca S\u00e1nchez\" \/>\n\t<meta name=\"twitter:label2\" content=\"Est. reading time\" \/>\n\t<meta name=\"twitter:data2\" content=\"1 minutua\" \/>\n<script type=\"application\/ld+json\" class=\"yoast-schema-graph\">{\"@context\":\"https:\/\/schema.org\",\"@graph\":[{\"@type\":\"WebPage\",\"@id\":\"https:\/\/www.uaga.eus\/22-de-junio-taller-de-campo-online-de-agricultura-ecologica-en-cultivos-extensivos\/\",\"url\":\"https:\/\/www.uaga.eus\/22-de-junio-taller-de-campo-online-de-agricultura-ecologica-en-cultivos-extensivos\/\",\"name\":\"22 de junio, taller de campo on line de agricultura ecol\u00f3gica en cultivos extensivos - UAGA\",\"isPartOf\":{\"@id\":\"https:\/\/www.uaga.eus\/#website\"},\"datePublished\":\"2020-06-19T11:01:11+00:00\",\"dateModified\":\"2020-06-19T11:32:41+00:00\",\"author\":{\"@id\":\"https:\/\/www.uaga.eus\/#\/schema\/person\/48c3cbf0f33d1b788226dbb6518689cf\"},\"breadcrumb\":{\"@id\":\"https:\/\/www.uaga.eus\/22-de-junio-taller-de-campo-online-de-agricultura-ecologica-en-cultivos-extensivos\/#breadcrumb\"},\"inLanguage\":\"eu\",\"potentialAction\":[{\"@type\":\"ReadAction\",\"target\":[\"https:\/\/www.uaga.eus\/22-de-junio-taller-de-campo-online-de-agricultura-ecologica-en-cultivos-extensivos\/\"]}]},{\"@type\":\"BreadcrumbList\",\"@id\":\"https:\/\/www.uaga.eus\/22-de-junio-taller-de-campo-online-de-agricultura-ecologica-en-cultivos-extensivos\/#breadcrumb\",\"itemListElement\":[{\"@type\":\"ListItem\",\"position\":1,\"name\":\"Inicio\",\"item\":\"https:\/\/www.uaga.eus\/\"},{\"@type\":\"ListItem\",\"position\":2,\"name\":\"22 de junio, taller de campo on line de agricultura ecol\u00f3gica en cultivos extensivos\"}]},{\"@type\":\"WebSite\",\"@id\":\"https:\/\/www.uaga.eus\/#website\",\"url\":\"https:\/\/www.uaga.eus\/\",\"name\":\"UAGA\",\"description\":\"Uni\u00f3n Agroganadera de \u00c1lava - Araba Nekazarien Elkartea\",\"potentialAction\":[{\"@type\":\"SearchAction\",\"target\":{\"@type\":\"EntryPoint\",\"urlTemplate\":\"https:\/\/www.uaga.eus\/?s={search_term_string}\"},\"query-input\":\"required name=search_term_string\"}],\"inLanguage\":\"eu\"},{\"@type\":\"Person\",\"@id\":\"https:\/\/www.uaga.eus\/#\/schema\/person\/48c3cbf0f33d1b788226dbb6518689cf\",\"name\":\"Blanca S\u00e1nchez\",\"image\":{\"@type\":\"ImageObject\",\"inLanguage\":\"eu\",\"@id\":\"https:\/\/www.uaga.eus\/#\/schema\/person\/image\/\",\"url\":\"https:\/\/secure.gravatar.com\/avatar\/0dc91c20648254b1ce84877283f6751b?s=96&d=mm&r=g\",\"contentUrl\":\"https:\/\/secure.gravatar.com\/avatar\/0dc91c20648254b1ce84877283f6751b?s=96&d=mm&r=g\",\"caption\":\"Blanca S\u00e1nchez\"},\"url\":\"https:\/\/www.uaga.eus\/eu\/author\/bsanchez\/\"}]}<\/script>\n<!-- \/ Yoast SEO plugin. -->","yoast_head_json":{"title":"22 de junio, taller de campo on line de agricultura ecol\u00f3gica en cultivos extensivos - UAGA","robots":{"index":"index","follow":"follow","max-snippet":"max-snippet:-1","max-image-preview":"max-image-preview:large","max-video-preview":"max-video-preview:-1"},"canonical":"https:\/\/www.uaga.eus\/22-de-junio-taller-de-campo-online-de-agricultura-ecologica-en-cultivos-extensivos\/","og_locale":"en_US","og_type":"article","og_title":"22 de junio, taller de campo on line de agricultura ecol\u00f3gica en cultivos extensivos - UAGA","og_description":"El Grupo Operativo Ecopionet es una organizaci\u00f3n supra-aut\u00f3nomica \u00a0que ha puesto en marcha un proyecto de innovaci\u00f3n con el objetivo de crear\u00a0una organizaci\u00f3n de productores de cultivos herb\u00e1ceos extensivos en ecol\u00f3gico a trav\u00e9s de un sistema innovador de transferencia y organizaci\u00f3n. El 22 de junio han organizado un taller donde se realizar\u00e1 una visita virtual [&hellip;]","og_url":"https:\/\/www.uaga.eus\/22-de-junio-taller-de-campo-online-de-agricultura-ecologica-en-cultivos-extensivos\/","og_site_name":"UAGA","article_published_time":"2020-06-19T11:01:11+00:00","article_modified_time":"2020-06-19T11:32:41+00:00","og_image":[{"width":650,"height":366,"url":"https:\/\/www.uaga.eus\/wp-content\/uploads\/2020\/06\/finca-cebada.jpg","type":"image\/jpeg"}],"author":"Blanca S\u00e1nchez","twitter_card":"summary_large_image","twitter_misc":{"Written by":"Blanca S\u00e1nchez","Est. reading time":"1 minutua"},"schema":{"@context":"https:\/\/schema.org","@graph":[{"@type":"WebPage","@id":"https:\/\/www.uaga.eus\/22-de-junio-taller-de-campo-online-de-agricultura-ecologica-en-cultivos-extensivos\/","url":"https:\/\/www.uaga.eus\/22-de-junio-taller-de-campo-online-de-agricultura-ecologica-en-cultivos-extensivos\/","name":"22 de junio, taller de campo on line de agricultura ecol\u00f3gica en cultivos extensivos - UAGA","isPartOf":{"@id":"https:\/\/www.uaga.eus\/#website"},"datePublished":"2020-06-19T11:01:11+00:00","dateModified":"2020-06-19T11:32:41+00:00","author":{"@id":"https:\/\/www.uaga.eus\/#\/schema\/person\/48c3cbf0f33d1b788226dbb6518689cf"},"breadcrumb":{"@id":"https:\/\/www.uaga.eus\/22-de-junio-taller-de-campo-online-de-agricultura-ecologica-en-cultivos-extensivos\/#breadcrumb"},"inLanguage":"eu","potentialAction":[{"@type":"ReadAction","target":["https:\/\/www.uaga.eus\/22-de-junio-taller-de-campo-online-de-agricultura-ecologica-en-cultivos-extensivos\/"]}]},{"@type":"BreadcrumbList","@id":"https:\/\/www.uaga.eus\/22-de-junio-taller-de-campo-online-de-agricultura-ecologica-en-cultivos-extensivos\/#breadcrumb","itemListElement":[{"@type":"ListItem","position":1,"name":"Inicio","item":"https:\/\/www.uaga.eus\/"},{"@type":"ListItem","position":2,"name":"22 de junio, taller de campo on line de agricultura ecol\u00f3gica en cultivos extensivos"}]},{"@type":"WebSite","@id":"https:\/\/www.uaga.eus\/#website","url":"https:\/\/www.uaga.eus\/","name":"UAGA","description":"Uni\u00f3n Agroganadera de \u00c1lava - Araba Nekazarien Elkartea","potentialAction":[{"@type":"SearchAction","target":{"@type":"EntryPoint","urlTemplate":"https:\/\/www.uaga.eus\/?s={search_term_string}"},"query-input":"required name=search_term_string"}],"inLanguage":"eu"},{"@type":"Person","@id":"https:\/\/www.uaga.eus\/#\/schema\/person\/48c3cbf0f33d1b788226dbb6518689cf","name":"Blanca S\u00e1nchez","image":{"@type":"ImageObject","inLanguage":"eu","@id":"https:\/\/www.uaga.eus\/#\/schema\/person\/image\/","url":"https:\/\/secure.gravatar.com\/avatar\/0dc91c20648254b1ce84877283f6751b?s=96&d=mm&r=g","contentUrl":"https:\/\/secure.gravatar.com\/avatar\/0dc91c20648254b1ce84877283f6751b?s=96&d=mm&r=g","caption":"Blanca S\u00e1nchez"},"url":"https:\/\/www.uaga.eus\/eu\/author\/bsanchez\/"}]}},"_links":{"self":[{"href":"https:\/\/www.uaga.eus\/eu\/wp-json\/wp\/v2\/posts\/7686"}],"collection":[{"href":"https:\/\/www.uaga.eus\/eu\/wp-json\/wp\/v2\/posts"}],"about":[{"href":"https:\/\/www.uaga.eus\/eu\/wp-json\/wp\/v2\/types\/post"}],"author":[{"embeddable":true,"href":"https:\/\/www.uaga.eus\/eu\/wp-json\/wp\/v2\/users\/4"}],"replies":[{"embeddable":true,"href":"https:\/\/www.uaga.eus\/eu\/wp-json\/wp\/v2\/comments?post=7686"}],"version-history":[{"count":3,"href":"https:\/\/www.uaga.eus\/eu\/wp-json\/wp\/v2\/posts\/7686\/revisions"}],"predecessor-version":[{"id":7721,"href":"https:\/\/www.uaga.eus\/eu\/wp-json\/wp\/v2\/posts\/7686\/revisions\/7721"}],"wp:featuredmedia":[{"embeddable":true,"href":"https:\/\/www.uaga.eus\/eu\/wp-json\/wp\/v2\/media\/7687"}],"wp:attachment":[{"href":"https:\/\/www.uaga.eus\/eu\/wp-json\/wp\/v2\/media?parent=7686"}],"wp:term":[{"taxonomy":"category","embeddable":true,"href":"https:\/\/www.uaga.eus\/eu\/wp-json\/wp\/v2\/categories?post=7686"},{"taxonomy":"post_tag","embeddable":true,"href":"https:\/\/www.uaga.eus\/eu\/wp-json\/wp\/v2\/tags?post=7686"}],"curies":[{"name":"wp","href":"https:\/\/api.w.org\/{rel}","templated":true}]}}