{"id":7665,"date":"2020-06-12T12:13:37","date_gmt":"2020-06-12T12:13:37","guid":{"rendered":"https:\/\/www.uaga.eus\/?p=7665"},"modified":"2020-06-12T12:13:37","modified_gmt":"2020-06-12T12:13:37","slug":"uaga-informa-sobre-las-nuevas-condiciones-de-ocupacion-de-los-vehiculos-por-carretera-y-obligatoriedad-del-uso-de-mascarillas","status":"publish","type":"post","link":"https:\/\/www.uaga.eus\/eu\/uaga-informa-sobre-las-nuevas-condiciones-de-ocupacion-de-los-vehiculos-por-carretera-y-obligatoriedad-del-uso-de-mascarillas\/","title":{"rendered":"UAGA informa sobre las nuevas condiciones de ocupaci\u00f3n de los veh\u00edculos por carretera y obligatoriedad del uso de mascarillas"},"content":{"rendered":"<p>Acorde con el plan para la transici\u00f3n hacia una nueva normalidad, se ha publicado la Orden SND\/507\/2020,\u00a0por la que se dictan instrucciones sobre la utilizaci\u00f3n de mascarillas en los distintos medios de transporte y se fijan requisitos para garantizar una movilidad segura.<\/p>\n<p>Se mantiene el <strong>uso\u00a0obligatorio de mascarillas<\/strong> que cubran nariz y boca para todos los usuarios del transporte p\u00fablico en autob\u00fas, ferrocarril, a\u00e9reo y mar\u00edtimo, as\u00ed como en el privado cuando los viajeros no residan en el mismo domicilio.<\/p>\n<p>La nueva orden modifica las condiciones de <strong>ocupaci\u00f3n de los veh\u00edculos\u00a0en el transporte terrestre<\/strong>:<\/p>\n<p>En los <strong>transportes privados particulares y privados complementarios de personas en veh\u00edculos de hasta nueve plazas<\/strong>, incluido el conductor:<\/p>\n<ul>\n<li>cuando todas las personas residan en el mismo domicilio, podr\u00e1n viajar tantas personas como plazas tenga el veh\u00edculo<\/li>\n<li>cuando no todas convivan en el mismo domicilio, podr\u00e1n desplazarse dos personas por cada fila de asientos, siempre que respeten la m\u00e1xima distancia posible entre los ocupantes<\/li>\n<\/ul>\n<p>En los <strong>transportes p\u00fablicos de viajeros en veh\u00edculos de hasta nueve plazas<\/strong>, incluido el conductor, podr\u00e1n desplazarse:<\/p>\n<ul>\n<li>dos personas por cada fila adicional de asientos respecto de la del conductor, debiendo garantizarse, en todo caso, la distancia m\u00e1xima posible entre sus ocupantes<\/li>\n<li>en caso de que todos los usuarios convivan en el mismo domicilio, podr\u00e1n ir tres personas por cada fila adicional de asientos respecto de la del conductor<\/li>\n<\/ul>\n<p>En los <strong>veh\u00edculos con una \u00fanica fila de asientos<\/strong>, como en el supuesto de cabinas de veh\u00edculos pesados, furgonetas, u otros, podr\u00e1n viajar como m\u00e1ximo dos personas, siempre que guarden la m\u00e1xima distancia posible<\/p>\n<p>En el <strong>transporte p\u00fablico regular, discrecional y privado complementario de viajeros en autob\u00fas, as\u00ed como en los transportes ferroviarios<\/strong>, en los que todos los ocupantes deban ir sentados, se podr\u00e1n usar la totalidad de los asientos. Cuando el nivel de ocupaci\u00f3n lo permita, se procurar\u00e1 la m\u00e1xima separaci\u00f3n entre los usuarios.<\/p>\n<p>En los <strong>transportes p\u00fablicos colectivos de viajeros de \u00e1mbito urbano y periurbano, en los que existan plataformas habilitadas para el transporte de viajeros de pie<\/strong>, podr\u00e1n ocuparse la totalidad de las plazas sentadas, y se mantendr\u00e1 una referencia de ocupaci\u00f3n de dos usuarios por cada metro cuadrado en la zona habilitada para viajar de pie, debiendo procurarse, en todo caso, la mayor separaci\u00f3n entre los pasajeros.<\/p>\n<div><\/div>\n","protected":false},"excerpt":{"rendered":"<p>Acorde con el plan para la transici\u00f3n hacia una nueva normalidad, se ha publicado la Orden SND\/507\/2020,\u00a0por la que se dictan instrucciones sobre la utilizaci\u00f3n de mascarillas en los distintos medios de transporte y se fijan requisitos para garantizar una movilidad segura. Se mantiene el uso\u00a0obligatorio de mascarillas que cubran nariz y boca para todos [&hellip;]<\/p>\n","protected":false},"author":4,"featured_media":7652,"comment_status":"closed","ping_status":"closed","sticky":false,"template":"","format":"standard","meta":{"footnotes":""},"categories":[111],"tags":[],"yoast_head":"<!-- This site is optimized with the Yoast SEO plugin v21.5 - https:\/\/yoast.com\/wordpress\/plugins\/seo\/ -->\n<title>UAGA informa sobre las nuevas condiciones de ocupaci\u00f3n de los veh\u00edculos por carretera y obligatoriedad del uso de mascarillas - UAGA<\/title>\n<meta name=\"robots\" content=\"index, follow, max-snippet:-1, max-image-preview:large, max-video-preview:-1\" \/>\n<link rel=\"canonical\" href=\"https:\/\/www.uaga.eus\/uaga-informa-sobre-las-nuevas-condiciones-de-ocupacion-de-los-vehiculos-por-carretera-y-obligatoriedad-del-uso-de-mascarillas\/\" \/>\n<meta property=\"og:locale\" content=\"en_US\" \/>\n<meta property=\"og:type\" content=\"article\" \/>\n<meta property=\"og:title\" content=\"UAGA informa sobre las nuevas condiciones de ocupaci\u00f3n de los veh\u00edculos por carretera y obligatoriedad del uso de mascarillas - UAGA\" \/>\n<meta property=\"og:description\" content=\"Acorde con el plan para la transici\u00f3n hacia una nueva normalidad, se ha publicado la Orden SND\/507\/2020,\u00a0por la que se dictan instrucciones sobre la utilizaci\u00f3n de mascarillas en los distintos medios de transporte y se fijan requisitos para garantizar una movilidad segura. Se mantiene el uso\u00a0obligatorio de mascarillas que cubran nariz y boca para todos [&hellip;]\" \/>\n<meta property=\"og:url\" content=\"https:\/\/www.uaga.eus\/uaga-informa-sobre-las-nuevas-condiciones-de-ocupacion-de-los-vehiculos-por-carretera-y-obligatoriedad-del-uso-de-mascarillas\/\" \/>\n<meta property=\"og:site_name\" content=\"UAGA\" \/>\n<meta property=\"article:published_time\" content=\"2020-06-12T12:13:37+00:00\" \/>\n<meta property=\"og:image\" content=\"https:\/\/www.uaga.eus\/wp-content\/uploads\/2020\/06\/fog-road-traffic-car-highway-driving-951394-pxhere.com_-e1591964005868.jpg\" \/>\n\t<meta property=\"og:image:width\" content=\"700\" \/>\n\t<meta property=\"og:image:height\" content=\"337\" \/>\n\t<meta property=\"og:image:type\" content=\"image\/jpeg\" \/>\n<meta name=\"author\" content=\"Blanca S\u00e1nchez\" \/>\n<meta name=\"twitter:card\" content=\"summary_large_image\" \/>\n<meta name=\"twitter:label1\" content=\"Written by\" \/>\n\t<meta name=\"twitter:data1\" content=\"Blanca S\u00e1nchez\" \/>\n\t<meta name=\"twitter:label2\" content=\"Est. reading time\" \/>\n\t<meta name=\"twitter:data2\" content=\"2 minutua\" \/>\n<script type=\"application\/ld+json\" class=\"yoast-schema-graph\">{\"@context\":\"https:\/\/schema.org\",\"@graph\":[{\"@type\":\"WebPage\",\"@id\":\"https:\/\/www.uaga.eus\/uaga-informa-sobre-las-nuevas-condiciones-de-ocupacion-de-los-vehiculos-por-carretera-y-obligatoriedad-del-uso-de-mascarillas\/\",\"url\":\"https:\/\/www.uaga.eus\/uaga-informa-sobre-las-nuevas-condiciones-de-ocupacion-de-los-vehiculos-por-carretera-y-obligatoriedad-del-uso-de-mascarillas\/\",\"name\":\"UAGA informa sobre las nuevas condiciones de ocupaci\u00f3n de los veh\u00edculos por carretera y obligatoriedad del uso de mascarillas - UAGA\",\"isPartOf\":{\"@id\":\"https:\/\/www.uaga.eus\/#website\"},\"datePublished\":\"2020-06-12T12:13:37+00:00\",\"dateModified\":\"2020-06-12T12:13:37+00:00\",\"author\":{\"@id\":\"https:\/\/www.uaga.eus\/#\/schema\/person\/48c3cbf0f33d1b788226dbb6518689cf\"},\"breadcrumb\":{\"@id\":\"https:\/\/www.uaga.eus\/uaga-informa-sobre-las-nuevas-condiciones-de-ocupacion-de-los-vehiculos-por-carretera-y-obligatoriedad-del-uso-de-mascarillas\/#breadcrumb\"},\"inLanguage\":\"eu\",\"potentialAction\":[{\"@type\":\"ReadAction\",\"target\":[\"https:\/\/www.uaga.eus\/uaga-informa-sobre-las-nuevas-condiciones-de-ocupacion-de-los-vehiculos-por-carretera-y-obligatoriedad-del-uso-de-mascarillas\/\"]}]},{\"@type\":\"BreadcrumbList\",\"@id\":\"https:\/\/www.uaga.eus\/uaga-informa-sobre-las-nuevas-condiciones-de-ocupacion-de-los-vehiculos-por-carretera-y-obligatoriedad-del-uso-de-mascarillas\/#breadcrumb\",\"itemListElement\":[{\"@type\":\"ListItem\",\"position\":1,\"name\":\"Inicio\",\"item\":\"https:\/\/www.uaga.eus\/\"},{\"@type\":\"ListItem\",\"position\":2,\"name\":\"UAGA informa sobre las nuevas condiciones de ocupaci\u00f3n de los veh\u00edculos por carretera y obligatoriedad del uso de mascarillas\"}]},{\"@type\":\"WebSite\",\"@id\":\"https:\/\/www.uaga.eus\/#website\",\"url\":\"https:\/\/www.uaga.eus\/\",\"name\":\"UAGA\",\"description\":\"Uni\u00f3n Agroganadera de \u00c1lava - Araba Nekazarien Elkartea\",\"potentialAction\":[{\"@type\":\"SearchAction\",\"target\":{\"@type\":\"EntryPoint\",\"urlTemplate\":\"https:\/\/www.uaga.eus\/?s={search_term_string}\"},\"query-input\":\"required name=search_term_string\"}],\"inLanguage\":\"eu\"},{\"@type\":\"Person\",\"@id\":\"https:\/\/www.uaga.eus\/#\/schema\/person\/48c3cbf0f33d1b788226dbb6518689cf\",\"name\":\"Blanca S\u00e1nchez\",\"image\":{\"@type\":\"ImageObject\",\"inLanguage\":\"eu\",\"@id\":\"https:\/\/www.uaga.eus\/#\/schema\/person\/image\/\",\"url\":\"https:\/\/secure.gravatar.com\/avatar\/0dc91c20648254b1ce84877283f6751b?s=96&d=mm&r=g\",\"contentUrl\":\"https:\/\/secure.gravatar.com\/avatar\/0dc91c20648254b1ce84877283f6751b?s=96&d=mm&r=g\",\"caption\":\"Blanca S\u00e1nchez\"},\"url\":\"https:\/\/www.uaga.eus\/eu\/author\/bsanchez\/\"}]}<\/script>\n<!-- \/ Yoast SEO plugin. -->","yoast_head_json":{"title":"UAGA informa sobre las nuevas condiciones de ocupaci\u00f3n de los veh\u00edculos por carretera y obligatoriedad del uso de mascarillas - UAGA","robots":{"index":"index","follow":"follow","max-snippet":"max-snippet:-1","max-image-preview":"max-image-preview:large","max-video-preview":"max-video-preview:-1"},"canonical":"https:\/\/www.uaga.eus\/uaga-informa-sobre-las-nuevas-condiciones-de-ocupacion-de-los-vehiculos-por-carretera-y-obligatoriedad-del-uso-de-mascarillas\/","og_locale":"en_US","og_type":"article","og_title":"UAGA informa sobre las nuevas condiciones de ocupaci\u00f3n de los veh\u00edculos por carretera y obligatoriedad del uso de mascarillas - UAGA","og_description":"Acorde con el plan para la transici\u00f3n hacia una nueva normalidad, se ha publicado la Orden SND\/507\/2020,\u00a0por la que se dictan instrucciones sobre la utilizaci\u00f3n de mascarillas en los distintos medios de transporte y se fijan requisitos para garantizar una movilidad segura. Se mantiene el uso\u00a0obligatorio de mascarillas que cubran nariz y boca para todos [&hellip;]","og_url":"https:\/\/www.uaga.eus\/uaga-informa-sobre-las-nuevas-condiciones-de-ocupacion-de-los-vehiculos-por-carretera-y-obligatoriedad-del-uso-de-mascarillas\/","og_site_name":"UAGA","article_published_time":"2020-06-12T12:13:37+00:00","og_image":[{"width":700,"height":337,"url":"https:\/\/www.uaga.eus\/wp-content\/uploads\/2020\/06\/fog-road-traffic-car-highway-driving-951394-pxhere.com_-e1591964005868.jpg","type":"image\/jpeg"}],"author":"Blanca S\u00e1nchez","twitter_card":"summary_large_image","twitter_misc":{"Written by":"Blanca S\u00e1nchez","Est. reading time":"2 minutua"},"schema":{"@context":"https:\/\/schema.org","@graph":[{"@type":"WebPage","@id":"https:\/\/www.uaga.eus\/uaga-informa-sobre-las-nuevas-condiciones-de-ocupacion-de-los-vehiculos-por-carretera-y-obligatoriedad-del-uso-de-mascarillas\/","url":"https:\/\/www.uaga.eus\/uaga-informa-sobre-las-nuevas-condiciones-de-ocupacion-de-los-vehiculos-por-carretera-y-obligatoriedad-del-uso-de-mascarillas\/","name":"UAGA informa sobre las nuevas condiciones de ocupaci\u00f3n de los veh\u00edculos por carretera y obligatoriedad del uso de mascarillas - UAGA","isPartOf":{"@id":"https:\/\/www.uaga.eus\/#website"},"datePublished":"2020-06-12T12:13:37+00:00","dateModified":"2020-06-12T12:13:37+00:00","author":{"@id":"https:\/\/www.uaga.eus\/#\/schema\/person\/48c3cbf0f33d1b788226dbb6518689cf"},"breadcrumb":{"@id":"https:\/\/www.uaga.eus\/uaga-informa-sobre-las-nuevas-condiciones-de-ocupacion-de-los-vehiculos-por-carretera-y-obligatoriedad-del-uso-de-mascarillas\/#breadcrumb"},"inLanguage":"eu","potentialAction":[{"@type":"ReadAction","target":["https:\/\/www.uaga.eus\/uaga-informa-sobre-las-nuevas-condiciones-de-ocupacion-de-los-vehiculos-por-carretera-y-obligatoriedad-del-uso-de-mascarillas\/"]}]},{"@type":"BreadcrumbList","@id":"https:\/\/www.uaga.eus\/uaga-informa-sobre-las-nuevas-condiciones-de-ocupacion-de-los-vehiculos-por-carretera-y-obligatoriedad-del-uso-de-mascarillas\/#breadcrumb","itemListElement":[{"@type":"ListItem","position":1,"name":"Inicio","item":"https:\/\/www.uaga.eus\/"},{"@type":"ListItem","position":2,"name":"UAGA informa sobre las nuevas condiciones de ocupaci\u00f3n de los veh\u00edculos por carretera y obligatoriedad del uso de mascarillas"}]},{"@type":"WebSite","@id":"https:\/\/www.uaga.eus\/#website","url":"https:\/\/www.uaga.eus\/","name":"UAGA","description":"Uni\u00f3n Agroganadera de \u00c1lava - Araba Nekazarien Elkartea","potentialAction":[{"@type":"SearchAction","target":{"@type":"EntryPoint","urlTemplate":"https:\/\/www.uaga.eus\/?s={search_term_string}"},"query-input":"required name=search_term_string"}],"inLanguage":"eu"},{"@type":"Person","@id":"https:\/\/www.uaga.eus\/#\/schema\/person\/48c3cbf0f33d1b788226dbb6518689cf","name":"Blanca S\u00e1nchez","image":{"@type":"ImageObject","inLanguage":"eu","@id":"https:\/\/www.uaga.eus\/#\/schema\/person\/image\/","url":"https:\/\/secure.gravatar.com\/avatar\/0dc91c20648254b1ce84877283f6751b?s=96&d=mm&r=g","contentUrl":"https:\/\/secure.gravatar.com\/avatar\/0dc91c20648254b1ce84877283f6751b?s=96&d=mm&r=g","caption":"Blanca S\u00e1nchez"},"url":"https:\/\/www.uaga.eus\/eu\/author\/bsanchez\/"}]}},"_links":{"self":[{"href":"https:\/\/www.uaga.eus\/eu\/wp-json\/wp\/v2\/posts\/7665"}],"collection":[{"href":"https:\/\/www.uaga.eus\/eu\/wp-json\/wp\/v2\/posts"}],"about":[{"href":"https:\/\/www.uaga.eus\/eu\/wp-json\/wp\/v2\/types\/post"}],"author":[{"embeddable":true,"href":"https:\/\/www.uaga.eus\/eu\/wp-json\/wp\/v2\/users\/4"}],"replies":[{"embeddable":true,"href":"https:\/\/www.uaga.eus\/eu\/wp-json\/wp\/v2\/comments?post=7665"}],"version-history":[{"count":1,"href":"https:\/\/www.uaga.eus\/eu\/wp-json\/wp\/v2\/posts\/7665\/revisions"}],"predecessor-version":[{"id":7666,"href":"https:\/\/www.uaga.eus\/eu\/wp-json\/wp\/v2\/posts\/7665\/revisions\/7666"}],"wp:featuredmedia":[{"embeddable":true,"href":"https:\/\/www.uaga.eus\/eu\/wp-json\/wp\/v2\/media\/7652"}],"wp:attachment":[{"href":"https:\/\/www.uaga.eus\/eu\/wp-json\/wp\/v2\/media?parent=7665"}],"wp:term":[{"taxonomy":"category","embeddable":true,"href":"https:\/\/www.uaga.eus\/eu\/wp-json\/wp\/v2\/categories?post=7665"},{"taxonomy":"post_tag","embeddable":true,"href":"https:\/\/www.uaga.eus\/eu\/wp-json\/wp\/v2\/tags?post=7665"}],"curies":[{"name":"wp","href":"https:\/\/api.w.org\/{rel}","templated":true}]}}