{"id":7662,"date":"2020-06-12T12:11:01","date_gmt":"2020-06-12T12:11:01","guid":{"rendered":"https:\/\/www.uaga.eus\/?p=7662"},"modified":"2020-06-12T12:11:01","modified_gmt":"2020-06-12T12:11:01","slug":"se-aprueba-el-decreto-de-medidas-extraordinarias-para-el-sector-vitivinicola-para-paliar-la-crisis-producida-por-la-covid-19","status":"publish","type":"post","link":"https:\/\/www.uaga.eus\/eu\/se-aprueba-el-decreto-de-medidas-extraordinarias-para-el-sector-vitivinicola-para-paliar-la-crisis-producida-por-la-covid-19\/","title":{"rendered":"Se aprueba el Decreto de Medidas Extraordinarias para el sector vitivin\u00edcola para paliar la crisis producida por la Covid-19"},"content":{"rendered":"<p>El Consejo de Ministros ha aprobado el Decreto 557\/2020 para aplicar al <strong>sector vitivin\u00edcola en todo el territorio nacional<\/strong>, el Reglamento de la Uni\u00f3n Europea que establece medidas excepcionales de car\u00e1cter temporal para hacer frente a la dif\u00edcil situaci\u00f3n del mercado causada por la Covid-19.<\/p>\n<p>Las medidas que se recogen son las ayudas para la destilaci\u00f3n de crisis, el almacenamiento privado de vino y la cosecha en verde.<\/p>\n<p><strong>La destilaci\u00f3n de crisis<\/strong> es una ayuda para el vino a granel con grado alcoh\u00f3lico m\u00ednimo del 11%. El importe de la ayuda a pagar a los destiladores autorizados para la destilaci\u00f3n de crisis est\u00e1 establecido en 0,40 \u20ac\/litro de vino destilado para el vino con DOP, y de 0,30 \u20ac\/litro de vino destilado para el resto de vinos.<br \/>\nEl alcohol obtenido de la destilaci\u00f3n de vino a la que se haya concedido la ayuda se utilizar\u00e1 exclusivamente en procesos industriales, incluida la fabricaci\u00f3n de desinfectantes y productos farmac\u00e9uticos, o energ\u00e9ticos<\/p>\n<p>Se establece una <strong>ayuda al almacenamiento privado de vino en casos de crisis<\/strong>, para el almacenamiento voluntario de 2.250.000 de hectolitros de vino con DOP.<br \/>\nLos vinos, ser\u00e1n vinos a granel que se encuentren almacenados en dep\u00f3sitos o almacenes precintables, de forma que se garantice que el producto objeto de la ayuda no sale al mercado antes del periodo de almacenamiento comprometido. La ayuda est\u00e1 establecida en 0,027 \u20ac\/hectolitro y d\u00eda de vino almacenado.<\/p>\n<p>La <strong>cosecha en verde<\/strong> es la destrucci\u00f3n o eliminaci\u00f3n total de los racimos de uvas cuando todav\u00eda est\u00e1n inmaduros, de manera que se reduzca a cero el rendimiento de la parcela, sin que puedan existir uvas sin vendimiar en la parcela de vi\u00f1edo.<br \/>\nSe establece una ayuda de 10 millones de euros en las comunidades aut\u00f3nomas que lo soliciten al Ministerio.<br \/>\nSe podr\u00e1n acoger a la ayuda a la cosecha en verde los viticultores inscritos en alguna DOP, para parcelas cuya superficie m\u00ednima sea igual o superior a 0,3 hect\u00e1reas.<br \/>\nLas Comunidades Aut\u00f3nomas fijar\u00e1n la compensaci\u00f3n por la p\u00e9rdida de ingresos calculada como el 60% del valor medio de la uva de las tres \u00faltimas campa\u00f1as en el \u00e1mbito territorial donde se ubique la parcela de vi\u00f1edo objeto de la cosecha en verde, que la Comunidad Aut\u00f3noma deber\u00e1 definir.<\/p>\n<p>Puedes consultar el Decreto <a href=\"https:\/\/www.boe.es\/boe\/dias\/2020\/06\/10\/pdfs\/BOE-A-2020-5898.pdf\" target=\"_blank\" rel=\"noopener\" data-cke-saved-href=\"https:\/\/www.boe.es\/boe\/dias\/2020\/06\/10\/pdfs\/BOE-A-2020-5898.pdf\">aqu\u00ed<\/a>.<\/p>\n<p>+info NURIA:\u00a0 661 595 811<\/p>\n<div><\/div>\n","protected":false},"excerpt":{"rendered":"<p>El Consejo de Ministros ha aprobado el Decreto 557\/2020 para aplicar al sector vitivin\u00edcola en todo el territorio nacional, el Reglamento de la Uni\u00f3n Europea que establece medidas excepcionales de car\u00e1cter temporal para hacer frente a la dif\u00edcil situaci\u00f3n del mercado causada por la Covid-19. Las medidas que se recogen son las ayudas para la [&hellip;]<\/p>\n","protected":false},"author":4,"featured_media":7663,"comment_status":"closed","ping_status":"closed","sticky":false,"template":"","format":"standard","meta":{"footnotes":""},"categories":[7,5],"tags":[],"yoast_head":"<!-- This site is optimized with the Yoast SEO plugin v21.5 - https:\/\/yoast.com\/wordpress\/plugins\/seo\/ -->\n<title>Se aprueba el Decreto de Medidas Extraordinarias para el sector vitivin\u00edcola para paliar la crisis producida por la Covid-19 - UAGA<\/title>\n<meta name=\"robots\" content=\"index, follow, max-snippet:-1, max-image-preview:large, max-video-preview:-1\" \/>\n<link rel=\"canonical\" href=\"https:\/\/www.uaga.eus\/se-aprueba-el-decreto-de-medidas-extraordinarias-para-el-sector-vitivinicola-para-paliar-la-crisis-producida-por-la-covid-19\/\" \/>\n<meta property=\"og:locale\" content=\"en_US\" \/>\n<meta property=\"og:type\" content=\"article\" \/>\n<meta property=\"og:title\" content=\"Se aprueba el Decreto de Medidas Extraordinarias para el sector vitivin\u00edcola para paliar la crisis producida por la Covid-19 - UAGA\" \/>\n<meta property=\"og:description\" content=\"El Consejo de Ministros ha aprobado el Decreto 557\/2020 para aplicar al sector vitivin\u00edcola en todo el territorio nacional, el Reglamento de la Uni\u00f3n Europea que establece medidas excepcionales de car\u00e1cter temporal para hacer frente a la dif\u00edcil situaci\u00f3n del mercado causada por la Covid-19. Las medidas que se recogen son las ayudas para la [&hellip;]\" \/>\n<meta property=\"og:url\" content=\"https:\/\/www.uaga.eus\/se-aprueba-el-decreto-de-medidas-extraordinarias-para-el-sector-vitivinicola-para-paliar-la-crisis-producida-por-la-covid-19\/\" \/>\n<meta property=\"og:site_name\" content=\"UAGA\" \/>\n<meta property=\"article:published_time\" content=\"2020-06-12T12:11:01+00:00\" \/>\n<meta property=\"og:image\" content=\"https:\/\/www.uaga.eus\/wp-content\/uploads\/2020\/06\/c4eac4ee-bc9e-4bca-8400-6450b19b8b3e.jpg\" \/>\n\t<meta property=\"og:image:width\" content=\"650\" \/>\n\t<meta property=\"og:image:height\" content=\"366\" \/>\n\t<meta property=\"og:image:type\" content=\"image\/jpeg\" \/>\n<meta name=\"author\" content=\"Blanca S\u00e1nchez\" \/>\n<meta name=\"twitter:card\" content=\"summary_large_image\" \/>\n<meta name=\"twitter:label1\" content=\"Written by\" \/>\n\t<meta name=\"twitter:data1\" content=\"Blanca S\u00e1nchez\" \/>\n\t<meta name=\"twitter:label2\" content=\"Est. reading time\" \/>\n\t<meta name=\"twitter:data2\" content=\"2 minutua\" \/>\n<script type=\"application\/ld+json\" class=\"yoast-schema-graph\">{\"@context\":\"https:\/\/schema.org\",\"@graph\":[{\"@type\":\"WebPage\",\"@id\":\"https:\/\/www.uaga.eus\/se-aprueba-el-decreto-de-medidas-extraordinarias-para-el-sector-vitivinicola-para-paliar-la-crisis-producida-por-la-covid-19\/\",\"url\":\"https:\/\/www.uaga.eus\/se-aprueba-el-decreto-de-medidas-extraordinarias-para-el-sector-vitivinicola-para-paliar-la-crisis-producida-por-la-covid-19\/\",\"name\":\"Se aprueba el Decreto de Medidas Extraordinarias para el sector vitivin\u00edcola para paliar la crisis producida por la Covid-19 - UAGA\",\"isPartOf\":{\"@id\":\"https:\/\/www.uaga.eus\/#website\"},\"datePublished\":\"2020-06-12T12:11:01+00:00\",\"dateModified\":\"2020-06-12T12:11:01+00:00\",\"author\":{\"@id\":\"https:\/\/www.uaga.eus\/#\/schema\/person\/48c3cbf0f33d1b788226dbb6518689cf\"},\"breadcrumb\":{\"@id\":\"https:\/\/www.uaga.eus\/se-aprueba-el-decreto-de-medidas-extraordinarias-para-el-sector-vitivinicola-para-paliar-la-crisis-producida-por-la-covid-19\/#breadcrumb\"},\"inLanguage\":\"eu\",\"potentialAction\":[{\"@type\":\"ReadAction\",\"target\":[\"https:\/\/www.uaga.eus\/se-aprueba-el-decreto-de-medidas-extraordinarias-para-el-sector-vitivinicola-para-paliar-la-crisis-producida-por-la-covid-19\/\"]}]},{\"@type\":\"BreadcrumbList\",\"@id\":\"https:\/\/www.uaga.eus\/se-aprueba-el-decreto-de-medidas-extraordinarias-para-el-sector-vitivinicola-para-paliar-la-crisis-producida-por-la-covid-19\/#breadcrumb\",\"itemListElement\":[{\"@type\":\"ListItem\",\"position\":1,\"name\":\"Inicio\",\"item\":\"https:\/\/www.uaga.eus\/\"},{\"@type\":\"ListItem\",\"position\":2,\"name\":\"Se aprueba el Decreto de Medidas Extraordinarias para el sector vitivin\u00edcola para paliar la crisis producida por la Covid-19\"}]},{\"@type\":\"WebSite\",\"@id\":\"https:\/\/www.uaga.eus\/#website\",\"url\":\"https:\/\/www.uaga.eus\/\",\"name\":\"UAGA\",\"description\":\"Uni\u00f3n Agroganadera de \u00c1lava - Araba Nekazarien Elkartea\",\"potentialAction\":[{\"@type\":\"SearchAction\",\"target\":{\"@type\":\"EntryPoint\",\"urlTemplate\":\"https:\/\/www.uaga.eus\/?s={search_term_string}\"},\"query-input\":\"required name=search_term_string\"}],\"inLanguage\":\"eu\"},{\"@type\":\"Person\",\"@id\":\"https:\/\/www.uaga.eus\/#\/schema\/person\/48c3cbf0f33d1b788226dbb6518689cf\",\"name\":\"Blanca S\u00e1nchez\",\"image\":{\"@type\":\"ImageObject\",\"inLanguage\":\"eu\",\"@id\":\"https:\/\/www.uaga.eus\/#\/schema\/person\/image\/\",\"url\":\"https:\/\/secure.gravatar.com\/avatar\/0dc91c20648254b1ce84877283f6751b?s=96&d=mm&r=g\",\"contentUrl\":\"https:\/\/secure.gravatar.com\/avatar\/0dc91c20648254b1ce84877283f6751b?s=96&d=mm&r=g\",\"caption\":\"Blanca S\u00e1nchez\"},\"url\":\"https:\/\/www.uaga.eus\/eu\/author\/bsanchez\/\"}]}<\/script>\n<!-- \/ Yoast SEO plugin. -->","yoast_head_json":{"title":"Se aprueba el Decreto de Medidas Extraordinarias para el sector vitivin\u00edcola para paliar la crisis producida por la Covid-19 - UAGA","robots":{"index":"index","follow":"follow","max-snippet":"max-snippet:-1","max-image-preview":"max-image-preview:large","max-video-preview":"max-video-preview:-1"},"canonical":"https:\/\/www.uaga.eus\/se-aprueba-el-decreto-de-medidas-extraordinarias-para-el-sector-vitivinicola-para-paliar-la-crisis-producida-por-la-covid-19\/","og_locale":"en_US","og_type":"article","og_title":"Se aprueba el Decreto de Medidas Extraordinarias para el sector vitivin\u00edcola para paliar la crisis producida por la Covid-19 - UAGA","og_description":"El Consejo de Ministros ha aprobado el Decreto 557\/2020 para aplicar al sector vitivin\u00edcola en todo el territorio nacional, el Reglamento de la Uni\u00f3n Europea que establece medidas excepcionales de car\u00e1cter temporal para hacer frente a la dif\u00edcil situaci\u00f3n del mercado causada por la Covid-19. Las medidas que se recogen son las ayudas para la [&hellip;]","og_url":"https:\/\/www.uaga.eus\/se-aprueba-el-decreto-de-medidas-extraordinarias-para-el-sector-vitivinicola-para-paliar-la-crisis-producida-por-la-covid-19\/","og_site_name":"UAGA","article_published_time":"2020-06-12T12:11:01+00:00","og_image":[{"width":650,"height":366,"url":"https:\/\/www.uaga.eus\/wp-content\/uploads\/2020\/06\/c4eac4ee-bc9e-4bca-8400-6450b19b8b3e.jpg","type":"image\/jpeg"}],"author":"Blanca S\u00e1nchez","twitter_card":"summary_large_image","twitter_misc":{"Written by":"Blanca S\u00e1nchez","Est. reading time":"2 minutua"},"schema":{"@context":"https:\/\/schema.org","@graph":[{"@type":"WebPage","@id":"https:\/\/www.uaga.eus\/se-aprueba-el-decreto-de-medidas-extraordinarias-para-el-sector-vitivinicola-para-paliar-la-crisis-producida-por-la-covid-19\/","url":"https:\/\/www.uaga.eus\/se-aprueba-el-decreto-de-medidas-extraordinarias-para-el-sector-vitivinicola-para-paliar-la-crisis-producida-por-la-covid-19\/","name":"Se aprueba el Decreto de Medidas Extraordinarias para el sector vitivin\u00edcola para paliar la crisis producida por la Covid-19 - UAGA","isPartOf":{"@id":"https:\/\/www.uaga.eus\/#website"},"datePublished":"2020-06-12T12:11:01+00:00","dateModified":"2020-06-12T12:11:01+00:00","author":{"@id":"https:\/\/www.uaga.eus\/#\/schema\/person\/48c3cbf0f33d1b788226dbb6518689cf"},"breadcrumb":{"@id":"https:\/\/www.uaga.eus\/se-aprueba-el-decreto-de-medidas-extraordinarias-para-el-sector-vitivinicola-para-paliar-la-crisis-producida-por-la-covid-19\/#breadcrumb"},"inLanguage":"eu","potentialAction":[{"@type":"ReadAction","target":["https:\/\/www.uaga.eus\/se-aprueba-el-decreto-de-medidas-extraordinarias-para-el-sector-vitivinicola-para-paliar-la-crisis-producida-por-la-covid-19\/"]}]},{"@type":"BreadcrumbList","@id":"https:\/\/www.uaga.eus\/se-aprueba-el-decreto-de-medidas-extraordinarias-para-el-sector-vitivinicola-para-paliar-la-crisis-producida-por-la-covid-19\/#breadcrumb","itemListElement":[{"@type":"ListItem","position":1,"name":"Inicio","item":"https:\/\/www.uaga.eus\/"},{"@type":"ListItem","position":2,"name":"Se aprueba el Decreto de Medidas Extraordinarias para el sector vitivin\u00edcola para paliar la crisis producida por la Covid-19"}]},{"@type":"WebSite","@id":"https:\/\/www.uaga.eus\/#website","url":"https:\/\/www.uaga.eus\/","name":"UAGA","description":"Uni\u00f3n Agroganadera de \u00c1lava - Araba Nekazarien Elkartea","potentialAction":[{"@type":"SearchAction","target":{"@type":"EntryPoint","urlTemplate":"https:\/\/www.uaga.eus\/?s={search_term_string}"},"query-input":"required name=search_term_string"}],"inLanguage":"eu"},{"@type":"Person","@id":"https:\/\/www.uaga.eus\/#\/schema\/person\/48c3cbf0f33d1b788226dbb6518689cf","name":"Blanca S\u00e1nchez","image":{"@type":"ImageObject","inLanguage":"eu","@id":"https:\/\/www.uaga.eus\/#\/schema\/person\/image\/","url":"https:\/\/secure.gravatar.com\/avatar\/0dc91c20648254b1ce84877283f6751b?s=96&d=mm&r=g","contentUrl":"https:\/\/secure.gravatar.com\/avatar\/0dc91c20648254b1ce84877283f6751b?s=96&d=mm&r=g","caption":"Blanca S\u00e1nchez"},"url":"https:\/\/www.uaga.eus\/eu\/author\/bsanchez\/"}]}},"_links":{"self":[{"href":"https:\/\/www.uaga.eus\/eu\/wp-json\/wp\/v2\/posts\/7662"}],"collection":[{"href":"https:\/\/www.uaga.eus\/eu\/wp-json\/wp\/v2\/posts"}],"about":[{"href":"https:\/\/www.uaga.eus\/eu\/wp-json\/wp\/v2\/types\/post"}],"author":[{"embeddable":true,"href":"https:\/\/www.uaga.eus\/eu\/wp-json\/wp\/v2\/users\/4"}],"replies":[{"embeddable":true,"href":"https:\/\/www.uaga.eus\/eu\/wp-json\/wp\/v2\/comments?post=7662"}],"version-history":[{"count":1,"href":"https:\/\/www.uaga.eus\/eu\/wp-json\/wp\/v2\/posts\/7662\/revisions"}],"predecessor-version":[{"id":7664,"href":"https:\/\/www.uaga.eus\/eu\/wp-json\/wp\/v2\/posts\/7662\/revisions\/7664"}],"wp:featuredmedia":[{"embeddable":true,"href":"https:\/\/www.uaga.eus\/eu\/wp-json\/wp\/v2\/media\/7663"}],"wp:attachment":[{"href":"https:\/\/www.uaga.eus\/eu\/wp-json\/wp\/v2\/media?parent=7662"}],"wp:term":[{"taxonomy":"category","embeddable":true,"href":"https:\/\/www.uaga.eus\/eu\/wp-json\/wp\/v2\/categories?post=7662"},{"taxonomy":"post_tag","embeddable":true,"href":"https:\/\/www.uaga.eus\/eu\/wp-json\/wp\/v2\/tags?post=7662"}],"curies":[{"name":"wp","href":"https:\/\/api.w.org\/{rel}","templated":true}]}}