{"id":7623,"date":"2020-06-05T11:17:06","date_gmt":"2020-06-05T11:17:06","guid":{"rendered":"https:\/\/www.uaga.eus\/?p=7623"},"modified":"2020-06-05T11:17:06","modified_gmt":"2020-06-05T11:17:06","slug":"gaztenek-hasta-el-29-de-junio-esta-abierto-el-plazo-de-solicitud-de-ayudas-a-la-creacion-de-empresas-por-jovenes-agricultores","status":"publish","type":"post","link":"https:\/\/www.uaga.eus\/eu\/gaztenek-hasta-el-29-de-junio-esta-abierto-el-plazo-de-solicitud-de-ayudas-a-la-creacion-de-empresas-por-jovenes-agricultores\/","title":{"rendered":"GAZTENEK, hasta el 29 de junio est\u00e1 abierto el plazo de solicitud de ayudas a la creaci\u00f3n de empresas por j\u00f3venes agricultores"},"content":{"rendered":"<p>La Diputaci\u00f3n ha publicado el Decreto Foral 14\/2020 en el que se establecen las bases y convocatoria de las ayudas a la creaci\u00f3n de empresas por j\u00f3venes agricultores para 2020.<\/p>\n<p>Los cambios m\u00e1s significativos son los siguientes:<\/p>\n<ul>\n<li>La asignaci\u00f3n por la incorporaci\u00f3n de una mujer pasa de 2 a 7 puntos.<\/li>\n<li>Dentro de los modelos productivos prioritarios, en el caso de las explotaciones de regad\u00edo extensivo, en lugar de 5 ha, se requerir\u00e1 un m\u00ednimo de 10 has en regad\u00edo para tener prioridad.<\/li>\n<li>En caso de asociacionismo, el proyecto obtendr\u00e1 un m\u00e1ximo de 5 puntos, en lugar de 10 puntos.<\/li>\n<\/ul>\n<p>Las solicitudes se tramitar\u00e1n en las Oficinas Comarcales Agrarias, OCAs, mediante cita previa (945 181 904).<\/p>\n<p>Puedes acceder a la normativa a trav\u00e9s de <a href=\"https:\/\/www.araba.eus\/botha\/Boletines\/2020\/061\/2020_061_01181_C.pdf\" target=\"_blank\" rel=\"noopener\" data-cke-saved-href=\"https:\/\/www.araba.eus\/botha\/Boletines\/2020\/061\/2020_061_01181_C.pdf\">este enlace<\/a>.<\/p>\n","protected":false},"excerpt":{"rendered":"<p>La Diputaci\u00f3n ha publicado el Decreto Foral 14\/2020 en el que se establecen las bases y convocatoria de las ayudas a la creaci\u00f3n de empresas por j\u00f3venes agricultores para 2020. Los cambios m\u00e1s significativos son los siguientes: La asignaci\u00f3n por la incorporaci\u00f3n de una mujer pasa de 2 a 7 puntos. Dentro de los modelos [&hellip;]<\/p>\n","protected":false},"author":4,"featured_media":2528,"comment_status":"closed","ping_status":"closed","sticky":false,"template":"","format":"standard","meta":{"footnotes":""},"categories":[7,5,8,4],"tags":[],"yoast_head":"<!-- This site is optimized with the Yoast SEO plugin v21.5 - https:\/\/yoast.com\/wordpress\/plugins\/seo\/ -->\n<title>GAZTENEK, hasta el 29 de junio est\u00e1 abierto el plazo de solicitud de ayudas a la creaci\u00f3n de empresas por j\u00f3venes agricultores - UAGA<\/title>\n<meta name=\"robots\" content=\"index, follow, max-snippet:-1, max-image-preview:large, max-video-preview:-1\" \/>\n<link rel=\"canonical\" href=\"https:\/\/www.uaga.eus\/gaztenek-hasta-el-29-de-junio-esta-abierto-el-plazo-de-solicitud-de-ayudas-a-la-creacion-de-empresas-por-jovenes-agricultores\/\" \/>\n<meta property=\"og:locale\" content=\"en_US\" \/>\n<meta property=\"og:type\" content=\"article\" \/>\n<meta property=\"og:title\" content=\"GAZTENEK, hasta el 29 de junio est\u00e1 abierto el plazo de solicitud de ayudas a la creaci\u00f3n de empresas por j\u00f3venes agricultores - UAGA\" \/>\n<meta property=\"og:description\" content=\"La Diputaci\u00f3n ha publicado el Decreto Foral 14\/2020 en el que se establecen las bases y convocatoria de las ayudas a la creaci\u00f3n de empresas por j\u00f3venes agricultores para 2020. Los cambios m\u00e1s significativos son los siguientes: La asignaci\u00f3n por la incorporaci\u00f3n de una mujer pasa de 2 a 7 puntos. Dentro de los modelos [&hellip;]\" \/>\n<meta property=\"og:url\" content=\"https:\/\/www.uaga.eus\/gaztenek-hasta-el-29-de-junio-esta-abierto-el-plazo-de-solicitud-de-ayudas-a-la-creacion-de-empresas-por-jovenes-agricultores\/\" \/>\n<meta property=\"og:site_name\" content=\"UAGA\" \/>\n<meta property=\"article:published_time\" content=\"2020-06-05T11:17:06+00:00\" \/>\n<meta property=\"og:image\" content=\"https:\/\/www.uaga.eus\/wp-content\/uploads\/2018\/03\/pastora-joven-y-pastor-al-fondo-e1591355812776.jpg\" \/>\n\t<meta property=\"og:image:width\" content=\"696\" \/>\n\t<meta property=\"og:image:height\" content=\"348\" \/>\n\t<meta property=\"og:image:type\" content=\"image\/jpeg\" \/>\n<meta name=\"author\" content=\"Blanca S\u00e1nchez\" \/>\n<meta name=\"twitter:card\" content=\"summary_large_image\" \/>\n<meta name=\"twitter:label1\" content=\"Written by\" \/>\n\t<meta name=\"twitter:data1\" content=\"Blanca S\u00e1nchez\" \/>\n\t<meta name=\"twitter:label2\" content=\"Est. reading time\" \/>\n\t<meta name=\"twitter:data2\" content=\"1 minutua\" \/>\n<script type=\"application\/ld+json\" class=\"yoast-schema-graph\">{\"@context\":\"https:\/\/schema.org\",\"@graph\":[{\"@type\":\"WebPage\",\"@id\":\"https:\/\/www.uaga.eus\/gaztenek-hasta-el-29-de-junio-esta-abierto-el-plazo-de-solicitud-de-ayudas-a-la-creacion-de-empresas-por-jovenes-agricultores\/\",\"url\":\"https:\/\/www.uaga.eus\/gaztenek-hasta-el-29-de-junio-esta-abierto-el-plazo-de-solicitud-de-ayudas-a-la-creacion-de-empresas-por-jovenes-agricultores\/\",\"name\":\"GAZTENEK, hasta el 29 de junio est\u00e1 abierto el plazo de solicitud de ayudas a la creaci\u00f3n de empresas por j\u00f3venes agricultores - UAGA\",\"isPartOf\":{\"@id\":\"https:\/\/www.uaga.eus\/#website\"},\"datePublished\":\"2020-06-05T11:17:06+00:00\",\"dateModified\":\"2020-06-05T11:17:06+00:00\",\"author\":{\"@id\":\"https:\/\/www.uaga.eus\/#\/schema\/person\/48c3cbf0f33d1b788226dbb6518689cf\"},\"breadcrumb\":{\"@id\":\"https:\/\/www.uaga.eus\/gaztenek-hasta-el-29-de-junio-esta-abierto-el-plazo-de-solicitud-de-ayudas-a-la-creacion-de-empresas-por-jovenes-agricultores\/#breadcrumb\"},\"inLanguage\":\"eu\",\"potentialAction\":[{\"@type\":\"ReadAction\",\"target\":[\"https:\/\/www.uaga.eus\/gaztenek-hasta-el-29-de-junio-esta-abierto-el-plazo-de-solicitud-de-ayudas-a-la-creacion-de-empresas-por-jovenes-agricultores\/\"]}]},{\"@type\":\"BreadcrumbList\",\"@id\":\"https:\/\/www.uaga.eus\/gaztenek-hasta-el-29-de-junio-esta-abierto-el-plazo-de-solicitud-de-ayudas-a-la-creacion-de-empresas-por-jovenes-agricultores\/#breadcrumb\",\"itemListElement\":[{\"@type\":\"ListItem\",\"position\":1,\"name\":\"Inicio\",\"item\":\"https:\/\/www.uaga.eus\/\"},{\"@type\":\"ListItem\",\"position\":2,\"name\":\"GAZTENEK, hasta el 29 de junio est\u00e1 abierto el plazo de solicitud de ayudas a la creaci\u00f3n de empresas por j\u00f3venes agricultores\"}]},{\"@type\":\"WebSite\",\"@id\":\"https:\/\/www.uaga.eus\/#website\",\"url\":\"https:\/\/www.uaga.eus\/\",\"name\":\"UAGA\",\"description\":\"Uni\u00f3n Agroganadera de \u00c1lava - Araba Nekazarien Elkartea\",\"potentialAction\":[{\"@type\":\"SearchAction\",\"target\":{\"@type\":\"EntryPoint\",\"urlTemplate\":\"https:\/\/www.uaga.eus\/?s={search_term_string}\"},\"query-input\":\"required name=search_term_string\"}],\"inLanguage\":\"eu\"},{\"@type\":\"Person\",\"@id\":\"https:\/\/www.uaga.eus\/#\/schema\/person\/48c3cbf0f33d1b788226dbb6518689cf\",\"name\":\"Blanca S\u00e1nchez\",\"image\":{\"@type\":\"ImageObject\",\"inLanguage\":\"eu\",\"@id\":\"https:\/\/www.uaga.eus\/#\/schema\/person\/image\/\",\"url\":\"https:\/\/secure.gravatar.com\/avatar\/0dc91c20648254b1ce84877283f6751b?s=96&d=mm&r=g\",\"contentUrl\":\"https:\/\/secure.gravatar.com\/avatar\/0dc91c20648254b1ce84877283f6751b?s=96&d=mm&r=g\",\"caption\":\"Blanca S\u00e1nchez\"},\"url\":\"https:\/\/www.uaga.eus\/eu\/author\/bsanchez\/\"}]}<\/script>\n<!-- \/ Yoast SEO plugin. -->","yoast_head_json":{"title":"GAZTENEK, hasta el 29 de junio est\u00e1 abierto el plazo de solicitud de ayudas a la creaci\u00f3n de empresas por j\u00f3venes agricultores - UAGA","robots":{"index":"index","follow":"follow","max-snippet":"max-snippet:-1","max-image-preview":"max-image-preview:large","max-video-preview":"max-video-preview:-1"},"canonical":"https:\/\/www.uaga.eus\/gaztenek-hasta-el-29-de-junio-esta-abierto-el-plazo-de-solicitud-de-ayudas-a-la-creacion-de-empresas-por-jovenes-agricultores\/","og_locale":"en_US","og_type":"article","og_title":"GAZTENEK, hasta el 29 de junio est\u00e1 abierto el plazo de solicitud de ayudas a la creaci\u00f3n de empresas por j\u00f3venes agricultores - UAGA","og_description":"La Diputaci\u00f3n ha publicado el Decreto Foral 14\/2020 en el que se establecen las bases y convocatoria de las ayudas a la creaci\u00f3n de empresas por j\u00f3venes agricultores para 2020. Los cambios m\u00e1s significativos son los siguientes: La asignaci\u00f3n por la incorporaci\u00f3n de una mujer pasa de 2 a 7 puntos. Dentro de los modelos [&hellip;]","og_url":"https:\/\/www.uaga.eus\/gaztenek-hasta-el-29-de-junio-esta-abierto-el-plazo-de-solicitud-de-ayudas-a-la-creacion-de-empresas-por-jovenes-agricultores\/","og_site_name":"UAGA","article_published_time":"2020-06-05T11:17:06+00:00","og_image":[{"width":696,"height":348,"url":"https:\/\/www.uaga.eus\/wp-content\/uploads\/2018\/03\/pastora-joven-y-pastor-al-fondo-e1591355812776.jpg","type":"image\/jpeg"}],"author":"Blanca S\u00e1nchez","twitter_card":"summary_large_image","twitter_misc":{"Written by":"Blanca S\u00e1nchez","Est. reading time":"1 minutua"},"schema":{"@context":"https:\/\/schema.org","@graph":[{"@type":"WebPage","@id":"https:\/\/www.uaga.eus\/gaztenek-hasta-el-29-de-junio-esta-abierto-el-plazo-de-solicitud-de-ayudas-a-la-creacion-de-empresas-por-jovenes-agricultores\/","url":"https:\/\/www.uaga.eus\/gaztenek-hasta-el-29-de-junio-esta-abierto-el-plazo-de-solicitud-de-ayudas-a-la-creacion-de-empresas-por-jovenes-agricultores\/","name":"GAZTENEK, hasta el 29 de junio est\u00e1 abierto el plazo de solicitud de ayudas a la creaci\u00f3n de empresas por j\u00f3venes agricultores - UAGA","isPartOf":{"@id":"https:\/\/www.uaga.eus\/#website"},"datePublished":"2020-06-05T11:17:06+00:00","dateModified":"2020-06-05T11:17:06+00:00","author":{"@id":"https:\/\/www.uaga.eus\/#\/schema\/person\/48c3cbf0f33d1b788226dbb6518689cf"},"breadcrumb":{"@id":"https:\/\/www.uaga.eus\/gaztenek-hasta-el-29-de-junio-esta-abierto-el-plazo-de-solicitud-de-ayudas-a-la-creacion-de-empresas-por-jovenes-agricultores\/#breadcrumb"},"inLanguage":"eu","potentialAction":[{"@type":"ReadAction","target":["https:\/\/www.uaga.eus\/gaztenek-hasta-el-29-de-junio-esta-abierto-el-plazo-de-solicitud-de-ayudas-a-la-creacion-de-empresas-por-jovenes-agricultores\/"]}]},{"@type":"BreadcrumbList","@id":"https:\/\/www.uaga.eus\/gaztenek-hasta-el-29-de-junio-esta-abierto-el-plazo-de-solicitud-de-ayudas-a-la-creacion-de-empresas-por-jovenes-agricultores\/#breadcrumb","itemListElement":[{"@type":"ListItem","position":1,"name":"Inicio","item":"https:\/\/www.uaga.eus\/"},{"@type":"ListItem","position":2,"name":"GAZTENEK, hasta el 29 de junio est\u00e1 abierto el plazo de solicitud de ayudas a la creaci\u00f3n de empresas por j\u00f3venes agricultores"}]},{"@type":"WebSite","@id":"https:\/\/www.uaga.eus\/#website","url":"https:\/\/www.uaga.eus\/","name":"UAGA","description":"Uni\u00f3n Agroganadera de \u00c1lava - Araba Nekazarien Elkartea","potentialAction":[{"@type":"SearchAction","target":{"@type":"EntryPoint","urlTemplate":"https:\/\/www.uaga.eus\/?s={search_term_string}"},"query-input":"required name=search_term_string"}],"inLanguage":"eu"},{"@type":"Person","@id":"https:\/\/www.uaga.eus\/#\/schema\/person\/48c3cbf0f33d1b788226dbb6518689cf","name":"Blanca S\u00e1nchez","image":{"@type":"ImageObject","inLanguage":"eu","@id":"https:\/\/www.uaga.eus\/#\/schema\/person\/image\/","url":"https:\/\/secure.gravatar.com\/avatar\/0dc91c20648254b1ce84877283f6751b?s=96&d=mm&r=g","contentUrl":"https:\/\/secure.gravatar.com\/avatar\/0dc91c20648254b1ce84877283f6751b?s=96&d=mm&r=g","caption":"Blanca S\u00e1nchez"},"url":"https:\/\/www.uaga.eus\/eu\/author\/bsanchez\/"}]}},"_links":{"self":[{"href":"https:\/\/www.uaga.eus\/eu\/wp-json\/wp\/v2\/posts\/7623"}],"collection":[{"href":"https:\/\/www.uaga.eus\/eu\/wp-json\/wp\/v2\/posts"}],"about":[{"href":"https:\/\/www.uaga.eus\/eu\/wp-json\/wp\/v2\/types\/post"}],"author":[{"embeddable":true,"href":"https:\/\/www.uaga.eus\/eu\/wp-json\/wp\/v2\/users\/4"}],"replies":[{"embeddable":true,"href":"https:\/\/www.uaga.eus\/eu\/wp-json\/wp\/v2\/comments?post=7623"}],"version-history":[{"count":1,"href":"https:\/\/www.uaga.eus\/eu\/wp-json\/wp\/v2\/posts\/7623\/revisions"}],"predecessor-version":[{"id":7624,"href":"https:\/\/www.uaga.eus\/eu\/wp-json\/wp\/v2\/posts\/7623\/revisions\/7624"}],"wp:featuredmedia":[{"embeddable":true,"href":"https:\/\/www.uaga.eus\/eu\/wp-json\/wp\/v2\/media\/2528"}],"wp:attachment":[{"href":"https:\/\/www.uaga.eus\/eu\/wp-json\/wp\/v2\/media?parent=7623"}],"wp:term":[{"taxonomy":"category","embeddable":true,"href":"https:\/\/www.uaga.eus\/eu\/wp-json\/wp\/v2\/categories?post=7623"},{"taxonomy":"post_tag","embeddable":true,"href":"https:\/\/www.uaga.eus\/eu\/wp-json\/wp\/v2\/tags?post=7623"}],"curies":[{"name":"wp","href":"https:\/\/api.w.org\/{rel}","templated":true}]}}