{"id":7618,"date":"2020-06-05T11:12:07","date_gmt":"2020-06-05T11:12:07","guid":{"rendered":"https:\/\/www.uaga.eus\/?p=7618"},"modified":"2020-06-05T11:24:58","modified_gmt":"2020-06-05T11:24:58","slug":"las-juntas-generales-de-alava-aprueban-una-mocion-sobre-medidas-de-apoyo-al-sector-agrario-frente-a-la-crisis-provocada-por-la-covid-19","status":"publish","type":"post","link":"https:\/\/www.uaga.eus\/eu\/las-juntas-generales-de-alava-aprueban-una-mocion-sobre-medidas-de-apoyo-al-sector-agrario-frente-a-la-crisis-provocada-por-la-covid-19\/","title":{"rendered":"Las Juntas Generales de \u00c1lava aprueban una moci\u00f3n sobre medidas de apoyo al sector agrario frente a la crisis provocada por la Covid-19"},"content":{"rendered":"<p>Las Juntas Generales de \u00c1lava, en la sesi\u00f3n plenaria del 20 de mayo, aprobaron una moci\u00f3n en la que instan a habilitar diferentes medidas de apoyo al sector primario a consecuencia de la Covid-19.<\/p>\n<p>Las medidas que solicitan son las siguientes: anticipar el 70% de los pagos de la PAC al mes de octubre;\u00a0negociar medidas financieras que faciliten circulante al sector; habilitar medidas de apoyo comercial y promoci\u00f3n de los productos agrarios,dirigidas sobre todo al consumo de proximidad, y realizar una campa\u00f1a de comunicaci\u00f3n sobre protocolos para prevenir el riesgo de contagio del coronavirus en las explotaciones agroganaderas.<\/p>\n<div><\/div>\n","protected":false},"excerpt":{"rendered":"<p>Las Juntas Generales de \u00c1lava, en la sesi\u00f3n plenaria del 20 de mayo, aprobaron una moci\u00f3n en la que instan a habilitar diferentes medidas de apoyo al sector primario a consecuencia de la Covid-19. Las medidas que solicitan son las siguientes: anticipar el 70% de los pagos de la PAC al mes de octubre;\u00a0negociar medidas [&hellip;]<\/p>\n","protected":false},"author":4,"featured_media":2198,"comment_status":"closed","ping_status":"closed","sticky":false,"template":"","format":"standard","meta":{"footnotes":""},"categories":[5,111],"tags":[],"yoast_head":"<!-- This site is optimized with the Yoast SEO plugin v21.5 - https:\/\/yoast.com\/wordpress\/plugins\/seo\/ -->\n<title>Las Juntas Generales de \u00c1lava aprueban una moci\u00f3n sobre medidas de apoyo al sector agrario frente a la crisis provocada por la Covid-19 - UAGA<\/title>\n<meta name=\"robots\" content=\"index, follow, max-snippet:-1, max-image-preview:large, max-video-preview:-1\" \/>\n<link rel=\"canonical\" href=\"https:\/\/www.uaga.eus\/las-juntas-generales-de-alava-aprueban-una-mocion-sobre-medidas-de-apoyo-al-sector-agrario-frente-a-la-crisis-provocada-por-la-covid-19\/\" \/>\n<meta property=\"og:locale\" content=\"en_US\" \/>\n<meta property=\"og:type\" content=\"article\" \/>\n<meta property=\"og:title\" content=\"Las Juntas Generales de \u00c1lava aprueban una moci\u00f3n sobre medidas de apoyo al sector agrario frente a la crisis provocada por la Covid-19 - UAGA\" \/>\n<meta property=\"og:description\" content=\"Las Juntas Generales de \u00c1lava, en la sesi\u00f3n plenaria del 20 de mayo, aprobaron una moci\u00f3n en la que instan a habilitar diferentes medidas de apoyo al sector primario a consecuencia de la Covid-19. Las medidas que solicitan son las siguientes: anticipar el 70% de los pagos de la PAC al mes de octubre;\u00a0negociar medidas [&hellip;]\" \/>\n<meta property=\"og:url\" content=\"https:\/\/www.uaga.eus\/las-juntas-generales-de-alava-aprueban-una-mocion-sobre-medidas-de-apoyo-al-sector-agrario-frente-a-la-crisis-provocada-por-la-covid-19\/\" \/>\n<meta property=\"og:site_name\" content=\"UAGA\" \/>\n<meta property=\"article:published_time\" content=\"2020-06-05T11:12:07+00:00\" \/>\n<meta property=\"article:modified_time\" content=\"2020-06-05T11:24:58+00:00\" \/>\n<meta property=\"og:image\" content=\"https:\/\/www.uaga.eus\/wp-content\/uploads\/2018\/03\/girasoles-e1591356290200.jpg\" \/>\n\t<meta property=\"og:image:width\" content=\"693\" \/>\n\t<meta property=\"og:image:height\" content=\"349\" \/>\n\t<meta property=\"og:image:type\" content=\"image\/jpeg\" \/>\n<meta name=\"author\" content=\"Blanca S\u00e1nchez\" \/>\n<meta name=\"twitter:card\" content=\"summary_large_image\" \/>\n<meta name=\"twitter:label1\" content=\"Written by\" \/>\n\t<meta name=\"twitter:data1\" content=\"Blanca S\u00e1nchez\" \/>\n\t<meta name=\"twitter:label2\" content=\"Est. reading time\" \/>\n\t<meta name=\"twitter:data2\" content=\"1 minutua\" \/>\n<script type=\"application\/ld+json\" class=\"yoast-schema-graph\">{\"@context\":\"https:\/\/schema.org\",\"@graph\":[{\"@type\":\"WebPage\",\"@id\":\"https:\/\/www.uaga.eus\/las-juntas-generales-de-alava-aprueban-una-mocion-sobre-medidas-de-apoyo-al-sector-agrario-frente-a-la-crisis-provocada-por-la-covid-19\/\",\"url\":\"https:\/\/www.uaga.eus\/las-juntas-generales-de-alava-aprueban-una-mocion-sobre-medidas-de-apoyo-al-sector-agrario-frente-a-la-crisis-provocada-por-la-covid-19\/\",\"name\":\"Las Juntas Generales de \u00c1lava aprueban una moci\u00f3n sobre medidas de apoyo al sector agrario frente a la crisis provocada por la Covid-19 - UAGA\",\"isPartOf\":{\"@id\":\"https:\/\/www.uaga.eus\/#website\"},\"datePublished\":\"2020-06-05T11:12:07+00:00\",\"dateModified\":\"2020-06-05T11:24:58+00:00\",\"author\":{\"@id\":\"https:\/\/www.uaga.eus\/#\/schema\/person\/48c3cbf0f33d1b788226dbb6518689cf\"},\"breadcrumb\":{\"@id\":\"https:\/\/www.uaga.eus\/las-juntas-generales-de-alava-aprueban-una-mocion-sobre-medidas-de-apoyo-al-sector-agrario-frente-a-la-crisis-provocada-por-la-covid-19\/#breadcrumb\"},\"inLanguage\":\"eu\",\"potentialAction\":[{\"@type\":\"ReadAction\",\"target\":[\"https:\/\/www.uaga.eus\/las-juntas-generales-de-alava-aprueban-una-mocion-sobre-medidas-de-apoyo-al-sector-agrario-frente-a-la-crisis-provocada-por-la-covid-19\/\"]}]},{\"@type\":\"BreadcrumbList\",\"@id\":\"https:\/\/www.uaga.eus\/las-juntas-generales-de-alava-aprueban-una-mocion-sobre-medidas-de-apoyo-al-sector-agrario-frente-a-la-crisis-provocada-por-la-covid-19\/#breadcrumb\",\"itemListElement\":[{\"@type\":\"ListItem\",\"position\":1,\"name\":\"Inicio\",\"item\":\"https:\/\/www.uaga.eus\/\"},{\"@type\":\"ListItem\",\"position\":2,\"name\":\"Las Juntas Generales de \u00c1lava aprueban una moci\u00f3n sobre medidas de apoyo al sector agrario frente a la crisis provocada por la Covid-19\"}]},{\"@type\":\"WebSite\",\"@id\":\"https:\/\/www.uaga.eus\/#website\",\"url\":\"https:\/\/www.uaga.eus\/\",\"name\":\"UAGA\",\"description\":\"Uni\u00f3n Agroganadera de \u00c1lava - Araba Nekazarien Elkartea\",\"potentialAction\":[{\"@type\":\"SearchAction\",\"target\":{\"@type\":\"EntryPoint\",\"urlTemplate\":\"https:\/\/www.uaga.eus\/?s={search_term_string}\"},\"query-input\":\"required name=search_term_string\"}],\"inLanguage\":\"eu\"},{\"@type\":\"Person\",\"@id\":\"https:\/\/www.uaga.eus\/#\/schema\/person\/48c3cbf0f33d1b788226dbb6518689cf\",\"name\":\"Blanca S\u00e1nchez\",\"image\":{\"@type\":\"ImageObject\",\"inLanguage\":\"eu\",\"@id\":\"https:\/\/www.uaga.eus\/#\/schema\/person\/image\/\",\"url\":\"https:\/\/secure.gravatar.com\/avatar\/0dc91c20648254b1ce84877283f6751b?s=96&d=mm&r=g\",\"contentUrl\":\"https:\/\/secure.gravatar.com\/avatar\/0dc91c20648254b1ce84877283f6751b?s=96&d=mm&r=g\",\"caption\":\"Blanca S\u00e1nchez\"},\"url\":\"https:\/\/www.uaga.eus\/eu\/author\/bsanchez\/\"}]}<\/script>\n<!-- \/ Yoast SEO plugin. -->","yoast_head_json":{"title":"Las Juntas Generales de \u00c1lava aprueban una moci\u00f3n sobre medidas de apoyo al sector agrario frente a la crisis provocada por la Covid-19 - UAGA","robots":{"index":"index","follow":"follow","max-snippet":"max-snippet:-1","max-image-preview":"max-image-preview:large","max-video-preview":"max-video-preview:-1"},"canonical":"https:\/\/www.uaga.eus\/las-juntas-generales-de-alava-aprueban-una-mocion-sobre-medidas-de-apoyo-al-sector-agrario-frente-a-la-crisis-provocada-por-la-covid-19\/","og_locale":"en_US","og_type":"article","og_title":"Las Juntas Generales de \u00c1lava aprueban una moci\u00f3n sobre medidas de apoyo al sector agrario frente a la crisis provocada por la Covid-19 - UAGA","og_description":"Las Juntas Generales de \u00c1lava, en la sesi\u00f3n plenaria del 20 de mayo, aprobaron una moci\u00f3n en la que instan a habilitar diferentes medidas de apoyo al sector primario a consecuencia de la Covid-19. Las medidas que solicitan son las siguientes: anticipar el 70% de los pagos de la PAC al mes de octubre;\u00a0negociar medidas [&hellip;]","og_url":"https:\/\/www.uaga.eus\/las-juntas-generales-de-alava-aprueban-una-mocion-sobre-medidas-de-apoyo-al-sector-agrario-frente-a-la-crisis-provocada-por-la-covid-19\/","og_site_name":"UAGA","article_published_time":"2020-06-05T11:12:07+00:00","article_modified_time":"2020-06-05T11:24:58+00:00","og_image":[{"width":693,"height":349,"url":"https:\/\/www.uaga.eus\/wp-content\/uploads\/2018\/03\/girasoles-e1591356290200.jpg","type":"image\/jpeg"}],"author":"Blanca S\u00e1nchez","twitter_card":"summary_large_image","twitter_misc":{"Written by":"Blanca S\u00e1nchez","Est. reading time":"1 minutua"},"schema":{"@context":"https:\/\/schema.org","@graph":[{"@type":"WebPage","@id":"https:\/\/www.uaga.eus\/las-juntas-generales-de-alava-aprueban-una-mocion-sobre-medidas-de-apoyo-al-sector-agrario-frente-a-la-crisis-provocada-por-la-covid-19\/","url":"https:\/\/www.uaga.eus\/las-juntas-generales-de-alava-aprueban-una-mocion-sobre-medidas-de-apoyo-al-sector-agrario-frente-a-la-crisis-provocada-por-la-covid-19\/","name":"Las Juntas Generales de \u00c1lava aprueban una moci\u00f3n sobre medidas de apoyo al sector agrario frente a la crisis provocada por la Covid-19 - UAGA","isPartOf":{"@id":"https:\/\/www.uaga.eus\/#website"},"datePublished":"2020-06-05T11:12:07+00:00","dateModified":"2020-06-05T11:24:58+00:00","author":{"@id":"https:\/\/www.uaga.eus\/#\/schema\/person\/48c3cbf0f33d1b788226dbb6518689cf"},"breadcrumb":{"@id":"https:\/\/www.uaga.eus\/las-juntas-generales-de-alava-aprueban-una-mocion-sobre-medidas-de-apoyo-al-sector-agrario-frente-a-la-crisis-provocada-por-la-covid-19\/#breadcrumb"},"inLanguage":"eu","potentialAction":[{"@type":"ReadAction","target":["https:\/\/www.uaga.eus\/las-juntas-generales-de-alava-aprueban-una-mocion-sobre-medidas-de-apoyo-al-sector-agrario-frente-a-la-crisis-provocada-por-la-covid-19\/"]}]},{"@type":"BreadcrumbList","@id":"https:\/\/www.uaga.eus\/las-juntas-generales-de-alava-aprueban-una-mocion-sobre-medidas-de-apoyo-al-sector-agrario-frente-a-la-crisis-provocada-por-la-covid-19\/#breadcrumb","itemListElement":[{"@type":"ListItem","position":1,"name":"Inicio","item":"https:\/\/www.uaga.eus\/"},{"@type":"ListItem","position":2,"name":"Las Juntas Generales de \u00c1lava aprueban una moci\u00f3n sobre medidas de apoyo al sector agrario frente a la crisis provocada por la Covid-19"}]},{"@type":"WebSite","@id":"https:\/\/www.uaga.eus\/#website","url":"https:\/\/www.uaga.eus\/","name":"UAGA","description":"Uni\u00f3n Agroganadera de \u00c1lava - Araba Nekazarien Elkartea","potentialAction":[{"@type":"SearchAction","target":{"@type":"EntryPoint","urlTemplate":"https:\/\/www.uaga.eus\/?s={search_term_string}"},"query-input":"required name=search_term_string"}],"inLanguage":"eu"},{"@type":"Person","@id":"https:\/\/www.uaga.eus\/#\/schema\/person\/48c3cbf0f33d1b788226dbb6518689cf","name":"Blanca S\u00e1nchez","image":{"@type":"ImageObject","inLanguage":"eu","@id":"https:\/\/www.uaga.eus\/#\/schema\/person\/image\/","url":"https:\/\/secure.gravatar.com\/avatar\/0dc91c20648254b1ce84877283f6751b?s=96&d=mm&r=g","contentUrl":"https:\/\/secure.gravatar.com\/avatar\/0dc91c20648254b1ce84877283f6751b?s=96&d=mm&r=g","caption":"Blanca S\u00e1nchez"},"url":"https:\/\/www.uaga.eus\/eu\/author\/bsanchez\/"}]}},"_links":{"self":[{"href":"https:\/\/www.uaga.eus\/eu\/wp-json\/wp\/v2\/posts\/7618"}],"collection":[{"href":"https:\/\/www.uaga.eus\/eu\/wp-json\/wp\/v2\/posts"}],"about":[{"href":"https:\/\/www.uaga.eus\/eu\/wp-json\/wp\/v2\/types\/post"}],"author":[{"embeddable":true,"href":"https:\/\/www.uaga.eus\/eu\/wp-json\/wp\/v2\/users\/4"}],"replies":[{"embeddable":true,"href":"https:\/\/www.uaga.eus\/eu\/wp-json\/wp\/v2\/comments?post=7618"}],"version-history":[{"count":2,"href":"https:\/\/www.uaga.eus\/eu\/wp-json\/wp\/v2\/posts\/7618\/revisions"}],"predecessor-version":[{"id":7635,"href":"https:\/\/www.uaga.eus\/eu\/wp-json\/wp\/v2\/posts\/7618\/revisions\/7635"}],"wp:featuredmedia":[{"embeddable":true,"href":"https:\/\/www.uaga.eus\/eu\/wp-json\/wp\/v2\/media\/2198"}],"wp:attachment":[{"href":"https:\/\/www.uaga.eus\/eu\/wp-json\/wp\/v2\/media?parent=7618"}],"wp:term":[{"taxonomy":"category","embeddable":true,"href":"https:\/\/www.uaga.eus\/eu\/wp-json\/wp\/v2\/categories?post=7618"},{"taxonomy":"post_tag","embeddable":true,"href":"https:\/\/www.uaga.eus\/eu\/wp-json\/wp\/v2\/tags?post=7618"}],"curies":[{"name":"wp","href":"https:\/\/api.w.org\/{rel}","templated":true}]}}