{"id":7616,"date":"2020-06-05T11:11:09","date_gmt":"2020-06-05T11:11:09","guid":{"rendered":"https:\/\/www.uaga.eus\/?p=7616"},"modified":"2020-06-05T11:25:38","modified_gmt":"2020-06-05T11:25:38","slug":"coag-presenta-en-el-congreso-las-100-medidas-agrarias-para-la-reconstruccion-social-y-economica-de-espana","status":"publish","type":"post","link":"https:\/\/www.uaga.eus\/eu\/coag-presenta-en-el-congreso-las-100-medidas-agrarias-para-la-reconstruccion-social-y-economica-de-espana\/","title":{"rendered":"COAG presenta en el Congreso \u201clas 100 medidas agrarias\u201d para la reconstrucci\u00f3n social y econ\u00f3mica de Espa\u00f1a"},"content":{"rendered":"<p>COAG, Coordinadora de Organizaciones de Agricultores y Ganaderos, a la que pertenece UAGA, ha presentado esta semana en el Congreso de los Diputados \u201clas 100 medidas agrarias para la reconstrucci\u00f3n social y econ\u00f3mica de Espa\u00f1a&#8221;, en la Comisi\u00f3n creada para paliar los efectos de la pandemia global por el COVID19.<\/p>\n<p>Miguel Blanco, secretario general de COAG, ha detallado que las l\u00edneas prioritarias de actuaci\u00f3n son el\u00a0 reequilibrio de la cadena alimentaria frente al actual abuso de posici\u00f3n de dominio de las grandes cadenas de distribuci\u00f3n, la dotaci\u00f3n\u00a0tecnol\u00f3gica y la democratizaci\u00f3n de la misma para la digitalizaci\u00f3n, el relevo generacional con el impulso a la incorporaci\u00f3n de j\u00f3venes y mujeres,\u00a0 la potenciaci\u00f3n de las energ\u00edas renovables, la valorizaci\u00f3n de nuestra contribuci\u00f3n a la descarbonizaci\u00f3n y el reforzamiento del presupuesto comunitario para la nueva PAC.<\/p>\n<p>Puedes consultar <a href=\"https:\/\/mcusercontent.com\/498b950ccfc4b8d0e600d7e48\/files\/4f65afba-3374-47ef-aa01-9709ecc1dd5b\/200502_COAG_medidas_agrarias_Reconstrucci\u00f3n.pdf\" target=\"_blank\" rel=\"noopener\" data-cke-saved-href=\"https:\/\/mcusercontent.com\/498b950ccfc4b8d0e600d7e48\/files\/4f65afba-3374-47ef-aa01-9709ecc1dd5b\/200502_COAG_medidas_agrarias_Reconstrucci\u00f3n.pdf\">aqu\u00ed<\/a> la nota de prensa.<\/p>\n<p>&nbsp;<\/p>\n","protected":false},"excerpt":{"rendered":"<p>COAG, Coordinadora de Organizaciones de Agricultores y Ganaderos, a la que pertenece UAGA, ha presentado esta semana en el Congreso de los Diputados \u201clas 100 medidas agrarias para la reconstrucci\u00f3n social y econ\u00f3mica de Espa\u00f1a&#8221;, en la Comisi\u00f3n creada para paliar los efectos de la pandemia global por el COVID19. Miguel Blanco, secretario general de [&hellip;]<\/p>\n","protected":false},"author":4,"featured_media":4474,"comment_status":"closed","ping_status":"closed","sticky":false,"template":"","format":"standard","meta":{"footnotes":""},"categories":[111,4],"tags":[],"yoast_head":"<!-- This site is optimized with the Yoast SEO plugin v21.5 - https:\/\/yoast.com\/wordpress\/plugins\/seo\/ -->\n<title>COAG presenta en el Congreso \u201clas 100 medidas agrarias\u201d para la reconstrucci\u00f3n social y econ\u00f3mica de Espa\u00f1a - UAGA<\/title>\n<meta name=\"robots\" content=\"index, follow, max-snippet:-1, max-image-preview:large, max-video-preview:-1\" \/>\n<link rel=\"canonical\" href=\"https:\/\/www.uaga.eus\/eu\/coag-presenta-en-el-congreso-las-100-medidas-agrarias-para-la-reconstruccion-social-y-economica-de-espana\/\" \/>\n<meta property=\"og:locale\" content=\"en_US\" \/>\n<meta property=\"og:type\" content=\"article\" \/>\n<meta property=\"og:title\" content=\"COAG presenta en el Congreso \u201clas 100 medidas agrarias\u201d para la reconstrucci\u00f3n social y econ\u00f3mica de Espa\u00f1a - UAGA\" \/>\n<meta property=\"og:description\" content=\"COAG, Coordinadora de Organizaciones de Agricultores y Ganaderos, a la que pertenece UAGA, ha presentado esta semana en el Congreso de los Diputados \u201clas 100 medidas agrarias para la reconstrucci\u00f3n social y econ\u00f3mica de Espa\u00f1a&#8221;, en la Comisi\u00f3n creada para paliar los efectos de la pandemia global por el COVID19. Miguel Blanco, secretario general de [&hellip;]\" \/>\n<meta property=\"og:url\" content=\"https:\/\/www.uaga.eus\/eu\/coag-presenta-en-el-congreso-las-100-medidas-agrarias-para-la-reconstruccion-social-y-economica-de-espana\/\" \/>\n<meta property=\"og:site_name\" content=\"UAGA\" \/>\n<meta property=\"article:published_time\" content=\"2020-06-05T11:11:09+00:00\" \/>\n<meta property=\"article:modified_time\" content=\"2020-06-05T11:25:38+00:00\" \/>\n<meta property=\"og:image\" content=\"https:\/\/www.uaga.eus\/wp-content\/uploads\/2018\/09\/haciendo-hierba.jpg\" \/>\n\t<meta property=\"og:image:width\" content=\"650\" \/>\n\t<meta property=\"og:image:height\" content=\"330\" \/>\n\t<meta property=\"og:image:type\" content=\"image\/jpeg\" \/>\n<meta name=\"author\" content=\"Blanca S\u00e1nchez\" \/>\n<meta name=\"twitter:card\" content=\"summary_large_image\" \/>\n<meta name=\"twitter:label1\" content=\"Written by\" \/>\n\t<meta name=\"twitter:data1\" content=\"Blanca S\u00e1nchez\" \/>\n\t<meta name=\"twitter:label2\" content=\"Est. reading time\" \/>\n\t<meta name=\"twitter:data2\" content=\"1 minutua\" \/>\n<script type=\"application\/ld+json\" class=\"yoast-schema-graph\">{\"@context\":\"https:\/\/schema.org\",\"@graph\":[{\"@type\":\"WebPage\",\"@id\":\"https:\/\/www.uaga.eus\/eu\/coag-presenta-en-el-congreso-las-100-medidas-agrarias-para-la-reconstruccion-social-y-economica-de-espana\/\",\"url\":\"https:\/\/www.uaga.eus\/eu\/coag-presenta-en-el-congreso-las-100-medidas-agrarias-para-la-reconstruccion-social-y-economica-de-espana\/\",\"name\":\"COAG presenta en el Congreso \u201clas 100 medidas agrarias\u201d para la reconstrucci\u00f3n social y econ\u00f3mica de Espa\u00f1a - UAGA\",\"isPartOf\":{\"@id\":\"https:\/\/www.uaga.eus\/#website\"},\"datePublished\":\"2020-06-05T11:11:09+00:00\",\"dateModified\":\"2020-06-05T11:25:38+00:00\",\"author\":{\"@id\":\"https:\/\/www.uaga.eus\/#\/schema\/person\/48c3cbf0f33d1b788226dbb6518689cf\"},\"breadcrumb\":{\"@id\":\"https:\/\/www.uaga.eus\/eu\/coag-presenta-en-el-congreso-las-100-medidas-agrarias-para-la-reconstruccion-social-y-economica-de-espana\/#breadcrumb\"},\"inLanguage\":\"eu\",\"potentialAction\":[{\"@type\":\"ReadAction\",\"target\":[\"https:\/\/www.uaga.eus\/eu\/coag-presenta-en-el-congreso-las-100-medidas-agrarias-para-la-reconstruccion-social-y-economica-de-espana\/\"]}]},{\"@type\":\"BreadcrumbList\",\"@id\":\"https:\/\/www.uaga.eus\/eu\/coag-presenta-en-el-congreso-las-100-medidas-agrarias-para-la-reconstruccion-social-y-economica-de-espana\/#breadcrumb\",\"itemListElement\":[{\"@type\":\"ListItem\",\"position\":1,\"name\":\"Inicio\",\"item\":\"https:\/\/www.uaga.eus\/\"},{\"@type\":\"ListItem\",\"position\":2,\"name\":\"COAG presenta en el Congreso \u201clas 100 medidas agrarias\u201d para la reconstrucci\u00f3n social y econ\u00f3mica de Espa\u00f1a\"}]},{\"@type\":\"WebSite\",\"@id\":\"https:\/\/www.uaga.eus\/#website\",\"url\":\"https:\/\/www.uaga.eus\/\",\"name\":\"UAGA\",\"description\":\"Uni\u00f3n Agroganadera de \u00c1lava - Araba Nekazarien Elkartea\",\"potentialAction\":[{\"@type\":\"SearchAction\",\"target\":{\"@type\":\"EntryPoint\",\"urlTemplate\":\"https:\/\/www.uaga.eus\/?s={search_term_string}\"},\"query-input\":\"required name=search_term_string\"}],\"inLanguage\":\"eu\"},{\"@type\":\"Person\",\"@id\":\"https:\/\/www.uaga.eus\/#\/schema\/person\/48c3cbf0f33d1b788226dbb6518689cf\",\"name\":\"Blanca S\u00e1nchez\",\"image\":{\"@type\":\"ImageObject\",\"inLanguage\":\"eu\",\"@id\":\"https:\/\/www.uaga.eus\/#\/schema\/person\/image\/\",\"url\":\"https:\/\/secure.gravatar.com\/avatar\/0dc91c20648254b1ce84877283f6751b?s=96&d=mm&r=g\",\"contentUrl\":\"https:\/\/secure.gravatar.com\/avatar\/0dc91c20648254b1ce84877283f6751b?s=96&d=mm&r=g\",\"caption\":\"Blanca S\u00e1nchez\"},\"url\":\"https:\/\/www.uaga.eus\/eu\/author\/bsanchez\/\"}]}<\/script>\n<!-- \/ Yoast SEO plugin. -->","yoast_head_json":{"title":"COAG presenta en el Congreso \u201clas 100 medidas agrarias\u201d para la reconstrucci\u00f3n social y econ\u00f3mica de Espa\u00f1a - UAGA","robots":{"index":"index","follow":"follow","max-snippet":"max-snippet:-1","max-image-preview":"max-image-preview:large","max-video-preview":"max-video-preview:-1"},"canonical":"https:\/\/www.uaga.eus\/eu\/coag-presenta-en-el-congreso-las-100-medidas-agrarias-para-la-reconstruccion-social-y-economica-de-espana\/","og_locale":"en_US","og_type":"article","og_title":"COAG presenta en el Congreso \u201clas 100 medidas agrarias\u201d para la reconstrucci\u00f3n social y econ\u00f3mica de Espa\u00f1a - UAGA","og_description":"COAG, Coordinadora de Organizaciones de Agricultores y Ganaderos, a la que pertenece UAGA, ha presentado esta semana en el Congreso de los Diputados \u201clas 100 medidas agrarias para la reconstrucci\u00f3n social y econ\u00f3mica de Espa\u00f1a&#8221;, en la Comisi\u00f3n creada para paliar los efectos de la pandemia global por el COVID19. Miguel Blanco, secretario general de [&hellip;]","og_url":"https:\/\/www.uaga.eus\/eu\/coag-presenta-en-el-congreso-las-100-medidas-agrarias-para-la-reconstruccion-social-y-economica-de-espana\/","og_site_name":"UAGA","article_published_time":"2020-06-05T11:11:09+00:00","article_modified_time":"2020-06-05T11:25:38+00:00","og_image":[{"width":650,"height":330,"url":"https:\/\/www.uaga.eus\/wp-content\/uploads\/2018\/09\/haciendo-hierba.jpg","type":"image\/jpeg"}],"author":"Blanca S\u00e1nchez","twitter_card":"summary_large_image","twitter_misc":{"Written by":"Blanca S\u00e1nchez","Est. reading time":"1 minutua"},"schema":{"@context":"https:\/\/schema.org","@graph":[{"@type":"WebPage","@id":"https:\/\/www.uaga.eus\/eu\/coag-presenta-en-el-congreso-las-100-medidas-agrarias-para-la-reconstruccion-social-y-economica-de-espana\/","url":"https:\/\/www.uaga.eus\/eu\/coag-presenta-en-el-congreso-las-100-medidas-agrarias-para-la-reconstruccion-social-y-economica-de-espana\/","name":"COAG presenta en el Congreso \u201clas 100 medidas agrarias\u201d para la reconstrucci\u00f3n social y econ\u00f3mica de Espa\u00f1a - UAGA","isPartOf":{"@id":"https:\/\/www.uaga.eus\/#website"},"datePublished":"2020-06-05T11:11:09+00:00","dateModified":"2020-06-05T11:25:38+00:00","author":{"@id":"https:\/\/www.uaga.eus\/#\/schema\/person\/48c3cbf0f33d1b788226dbb6518689cf"},"breadcrumb":{"@id":"https:\/\/www.uaga.eus\/eu\/coag-presenta-en-el-congreso-las-100-medidas-agrarias-para-la-reconstruccion-social-y-economica-de-espana\/#breadcrumb"},"inLanguage":"eu","potentialAction":[{"@type":"ReadAction","target":["https:\/\/www.uaga.eus\/eu\/coag-presenta-en-el-congreso-las-100-medidas-agrarias-para-la-reconstruccion-social-y-economica-de-espana\/"]}]},{"@type":"BreadcrumbList","@id":"https:\/\/www.uaga.eus\/eu\/coag-presenta-en-el-congreso-las-100-medidas-agrarias-para-la-reconstruccion-social-y-economica-de-espana\/#breadcrumb","itemListElement":[{"@type":"ListItem","position":1,"name":"Inicio","item":"https:\/\/www.uaga.eus\/"},{"@type":"ListItem","position":2,"name":"COAG presenta en el Congreso \u201clas 100 medidas agrarias\u201d para la reconstrucci\u00f3n social y econ\u00f3mica de Espa\u00f1a"}]},{"@type":"WebSite","@id":"https:\/\/www.uaga.eus\/#website","url":"https:\/\/www.uaga.eus\/","name":"UAGA","description":"Uni\u00f3n Agroganadera de \u00c1lava - Araba Nekazarien Elkartea","potentialAction":[{"@type":"SearchAction","target":{"@type":"EntryPoint","urlTemplate":"https:\/\/www.uaga.eus\/?s={search_term_string}"},"query-input":"required name=search_term_string"}],"inLanguage":"eu"},{"@type":"Person","@id":"https:\/\/www.uaga.eus\/#\/schema\/person\/48c3cbf0f33d1b788226dbb6518689cf","name":"Blanca S\u00e1nchez","image":{"@type":"ImageObject","inLanguage":"eu","@id":"https:\/\/www.uaga.eus\/#\/schema\/person\/image\/","url":"https:\/\/secure.gravatar.com\/avatar\/0dc91c20648254b1ce84877283f6751b?s=96&d=mm&r=g","contentUrl":"https:\/\/secure.gravatar.com\/avatar\/0dc91c20648254b1ce84877283f6751b?s=96&d=mm&r=g","caption":"Blanca S\u00e1nchez"},"url":"https:\/\/www.uaga.eus\/eu\/author\/bsanchez\/"}]}},"_links":{"self":[{"href":"https:\/\/www.uaga.eus\/eu\/wp-json\/wp\/v2\/posts\/7616"}],"collection":[{"href":"https:\/\/www.uaga.eus\/eu\/wp-json\/wp\/v2\/posts"}],"about":[{"href":"https:\/\/www.uaga.eus\/eu\/wp-json\/wp\/v2\/types\/post"}],"author":[{"embeddable":true,"href":"https:\/\/www.uaga.eus\/eu\/wp-json\/wp\/v2\/users\/4"}],"replies":[{"embeddable":true,"href":"https:\/\/www.uaga.eus\/eu\/wp-json\/wp\/v2\/comments?post=7616"}],"version-history":[{"count":3,"href":"https:\/\/www.uaga.eus\/eu\/wp-json\/wp\/v2\/posts\/7616\/revisions"}],"predecessor-version":[{"id":7637,"href":"https:\/\/www.uaga.eus\/eu\/wp-json\/wp\/v2\/posts\/7616\/revisions\/7637"}],"wp:featuredmedia":[{"embeddable":true,"href":"https:\/\/www.uaga.eus\/eu\/wp-json\/wp\/v2\/media\/4474"}],"wp:attachment":[{"href":"https:\/\/www.uaga.eus\/eu\/wp-json\/wp\/v2\/media?parent=7616"}],"wp:term":[{"taxonomy":"category","embeddable":true,"href":"https:\/\/www.uaga.eus\/eu\/wp-json\/wp\/v2\/categories?post=7616"},{"taxonomy":"post_tag","embeddable":true,"href":"https:\/\/www.uaga.eus\/eu\/wp-json\/wp\/v2\/tags?post=7616"}],"curies":[{"name":"wp","href":"https:\/\/api.w.org\/{rel}","templated":true}]}}