{"id":7614,"date":"2020-06-05T11:10:10","date_gmt":"2020-06-05T11:10:10","guid":{"rendered":"https:\/\/www.uaga.eus\/?p=7614"},"modified":"2020-06-05T11:10:10","modified_gmt":"2020-06-05T11:10:10","slug":"el-ministerio-de-agricultura-informa-del-borrador-de-decreto-de-medidas-extraordinarias-para-el-sector-del-vino-ante-la-situacion-producida-por-la-covid-19","status":"publish","type":"post","link":"https:\/\/www.uaga.eus\/eu\/el-ministerio-de-agricultura-informa-del-borrador-de-decreto-de-medidas-extraordinarias-para-el-sector-del-vino-ante-la-situacion-producida-por-la-covid-19\/","title":{"rendered":"(Castellano) El Ministerio de Agricultura informa del borrador de Decreto de medidas extraordinarias para el sector del vino ante la situaci\u00f3n producida por la Covid-19"},"content":{"rendered":"<p>Seg\u00fan el Ministerio de Agricultura, la propuesta de Decreto, pendiente a\u00fan de aprobaci\u00f3n, contiene un abanico de ayudas para contribuir a la mejora de la situaci\u00f3n actual del sector del vino, que van en concordancia con las propuestas planteadas por la OIVE, Organizaci\u00f3n Interprofesional del Vino de Espa\u00f1a.<\/p>\n<p>Se propone iniciar una destilaci\u00f3n de crisis para 2 millones de hectolitros de vino con cupo diferenciado para vinos de la DOP, tambi\u00e9n la financiaci\u00f3n p\u00fablica del almacenamiento privado y la puesta en marcha, en las CCAAs que as\u00ed lo determinen, de la cosecha en verde, a financiar exclusivamente para las parcelas bajo el amparo de las DOPs.<\/p>\n<p>Adem\u00e1s, se limitan los rendimientos m\u00e1ximos de kilos de uva de vinificaci\u00f3n por hect\u00e1rea y se a\u00f1ade la posibilidad de incrementar el volumen del alcohol en los subproductos si la campa\u00f1a as\u00ed lo requiere.<\/p>\n<p>+ info \u00a0 NURIA 661 595 811<\/p>\n","protected":false},"excerpt":{"rendered":"<p>Seg\u00fan el Ministerio de Agricultura, la propuesta de Decreto, pendiente a\u00fan de aprobaci\u00f3n, contiene un abanico de ayudas para contribuir a la mejora de la situaci\u00f3n actual del sector del vino, que van en concordancia con las propuestas planteadas por la OIVE, Organizaci\u00f3n Interprofesional del Vino de Espa\u00f1a. Se propone iniciar una destilaci\u00f3n de crisis [&hellip;]<\/p>\n","protected":false},"author":4,"featured_media":4747,"comment_status":"closed","ping_status":"closed","sticky":false,"template":"","format":"standard","meta":{"footnotes":""},"categories":[7,5,111],"tags":[],"yoast_head":"<!-- This site is optimized with the Yoast SEO plugin v21.5 - https:\/\/yoast.com\/wordpress\/plugins\/seo\/ -->\n<title>(Castellano) El Ministerio de Agricultura informa del borrador de Decreto de medidas extraordinarias para el sector del vino ante la situaci\u00f3n producida por la Covid-19 - UAGA<\/title>\n<meta name=\"robots\" content=\"index, follow, max-snippet:-1, max-image-preview:large, max-video-preview:-1\" \/>\n<link rel=\"canonical\" href=\"https:\/\/www.uaga.eus\/el-ministerio-de-agricultura-informa-del-borrador-de-decreto-de-medidas-extraordinarias-para-el-sector-del-vino-ante-la-situacion-producida-por-la-covid-19\/\" \/>\n<meta property=\"og:locale\" content=\"en_US\" \/>\n<meta property=\"og:type\" content=\"article\" \/>\n<meta property=\"og:title\" content=\"(Castellano) El Ministerio de Agricultura informa del borrador de Decreto de medidas extraordinarias para el sector del vino ante la situaci\u00f3n producida por la Covid-19 - UAGA\" \/>\n<meta property=\"og:description\" content=\"Seg\u00fan el Ministerio de Agricultura, la propuesta de Decreto, pendiente a\u00fan de aprobaci\u00f3n, contiene un abanico de ayudas para contribuir a la mejora de la situaci\u00f3n actual del sector del vino, que van en concordancia con las propuestas planteadas por la OIVE, Organizaci\u00f3n Interprofesional del Vino de Espa\u00f1a. Se propone iniciar una destilaci\u00f3n de crisis [&hellip;]\" \/>\n<meta property=\"og:url\" content=\"https:\/\/www.uaga.eus\/el-ministerio-de-agricultura-informa-del-borrador-de-decreto-de-medidas-extraordinarias-para-el-sector-del-vino-ante-la-situacion-producida-por-la-covid-19\/\" \/>\n<meta property=\"og:site_name\" content=\"UAGA\" \/>\n<meta property=\"article:published_time\" content=\"2020-06-05T11:10:10+00:00\" \/>\n<meta property=\"og:image\" content=\"https:\/\/www.uaga.eus\/wp-content\/uploads\/2018\/11\/IMG_20170823_094100-e1541159509615.jpg\" \/>\n\t<meta property=\"og:image:width\" content=\"700\" \/>\n\t<meta property=\"og:image:height\" content=\"379\" \/>\n\t<meta property=\"og:image:type\" content=\"image\/jpeg\" \/>\n<meta name=\"author\" content=\"Blanca S\u00e1nchez\" \/>\n<meta name=\"twitter:card\" content=\"summary_large_image\" \/>\n<meta name=\"twitter:label1\" content=\"Written by\" \/>\n\t<meta name=\"twitter:data1\" content=\"Blanca S\u00e1nchez\" \/>\n\t<meta name=\"twitter:label2\" content=\"Est. reading time\" \/>\n\t<meta name=\"twitter:data2\" content=\"1 minutua\" \/>\n<script type=\"application\/ld+json\" class=\"yoast-schema-graph\">{\"@context\":\"https:\/\/schema.org\",\"@graph\":[{\"@type\":\"WebPage\",\"@id\":\"https:\/\/www.uaga.eus\/el-ministerio-de-agricultura-informa-del-borrador-de-decreto-de-medidas-extraordinarias-para-el-sector-del-vino-ante-la-situacion-producida-por-la-covid-19\/\",\"url\":\"https:\/\/www.uaga.eus\/el-ministerio-de-agricultura-informa-del-borrador-de-decreto-de-medidas-extraordinarias-para-el-sector-del-vino-ante-la-situacion-producida-por-la-covid-19\/\",\"name\":\"(Castellano) El Ministerio de Agricultura informa del borrador de Decreto de medidas extraordinarias para el sector del vino ante la situaci\u00f3n producida por la Covid-19 - UAGA\",\"isPartOf\":{\"@id\":\"https:\/\/www.uaga.eus\/#website\"},\"datePublished\":\"2020-06-05T11:10:10+00:00\",\"dateModified\":\"2020-06-05T11:10:10+00:00\",\"author\":{\"@id\":\"https:\/\/www.uaga.eus\/#\/schema\/person\/48c3cbf0f33d1b788226dbb6518689cf\"},\"breadcrumb\":{\"@id\":\"https:\/\/www.uaga.eus\/el-ministerio-de-agricultura-informa-del-borrador-de-decreto-de-medidas-extraordinarias-para-el-sector-del-vino-ante-la-situacion-producida-por-la-covid-19\/#breadcrumb\"},\"inLanguage\":\"eu\",\"potentialAction\":[{\"@type\":\"ReadAction\",\"target\":[\"https:\/\/www.uaga.eus\/el-ministerio-de-agricultura-informa-del-borrador-de-decreto-de-medidas-extraordinarias-para-el-sector-del-vino-ante-la-situacion-producida-por-la-covid-19\/\"]}]},{\"@type\":\"BreadcrumbList\",\"@id\":\"https:\/\/www.uaga.eus\/el-ministerio-de-agricultura-informa-del-borrador-de-decreto-de-medidas-extraordinarias-para-el-sector-del-vino-ante-la-situacion-producida-por-la-covid-19\/#breadcrumb\",\"itemListElement\":[{\"@type\":\"ListItem\",\"position\":1,\"name\":\"Inicio\",\"item\":\"https:\/\/www.uaga.eus\/\"},{\"@type\":\"ListItem\",\"position\":2,\"name\":\"El Ministerio de Agricultura informa del borrador de Decreto de medidas extraordinarias para el sector del vino ante la situaci\u00f3n producida por la Covid-19\"}]},{\"@type\":\"WebSite\",\"@id\":\"https:\/\/www.uaga.eus\/#website\",\"url\":\"https:\/\/www.uaga.eus\/\",\"name\":\"UAGA\",\"description\":\"Uni\u00f3n Agroganadera de \u00c1lava - Araba Nekazarien Elkartea\",\"potentialAction\":[{\"@type\":\"SearchAction\",\"target\":{\"@type\":\"EntryPoint\",\"urlTemplate\":\"https:\/\/www.uaga.eus\/?s={search_term_string}\"},\"query-input\":\"required name=search_term_string\"}],\"inLanguage\":\"eu\"},{\"@type\":\"Person\",\"@id\":\"https:\/\/www.uaga.eus\/#\/schema\/person\/48c3cbf0f33d1b788226dbb6518689cf\",\"name\":\"Blanca S\u00e1nchez\",\"image\":{\"@type\":\"ImageObject\",\"inLanguage\":\"eu\",\"@id\":\"https:\/\/www.uaga.eus\/#\/schema\/person\/image\/\",\"url\":\"https:\/\/secure.gravatar.com\/avatar\/0dc91c20648254b1ce84877283f6751b?s=96&d=mm&r=g\",\"contentUrl\":\"https:\/\/secure.gravatar.com\/avatar\/0dc91c20648254b1ce84877283f6751b?s=96&d=mm&r=g\",\"caption\":\"Blanca S\u00e1nchez\"},\"url\":\"https:\/\/www.uaga.eus\/eu\/author\/bsanchez\/\"}]}<\/script>\n<!-- \/ Yoast SEO plugin. -->","yoast_head_json":{"title":"(Castellano) El Ministerio de Agricultura informa del borrador de Decreto de medidas extraordinarias para el sector del vino ante la situaci\u00f3n producida por la Covid-19 - UAGA","robots":{"index":"index","follow":"follow","max-snippet":"max-snippet:-1","max-image-preview":"max-image-preview:large","max-video-preview":"max-video-preview:-1"},"canonical":"https:\/\/www.uaga.eus\/el-ministerio-de-agricultura-informa-del-borrador-de-decreto-de-medidas-extraordinarias-para-el-sector-del-vino-ante-la-situacion-producida-por-la-covid-19\/","og_locale":"en_US","og_type":"article","og_title":"(Castellano) El Ministerio de Agricultura informa del borrador de Decreto de medidas extraordinarias para el sector del vino ante la situaci\u00f3n producida por la Covid-19 - UAGA","og_description":"Seg\u00fan el Ministerio de Agricultura, la propuesta de Decreto, pendiente a\u00fan de aprobaci\u00f3n, contiene un abanico de ayudas para contribuir a la mejora de la situaci\u00f3n actual del sector del vino, que van en concordancia con las propuestas planteadas por la OIVE, Organizaci\u00f3n Interprofesional del Vino de Espa\u00f1a. Se propone iniciar una destilaci\u00f3n de crisis [&hellip;]","og_url":"https:\/\/www.uaga.eus\/el-ministerio-de-agricultura-informa-del-borrador-de-decreto-de-medidas-extraordinarias-para-el-sector-del-vino-ante-la-situacion-producida-por-la-covid-19\/","og_site_name":"UAGA","article_published_time":"2020-06-05T11:10:10+00:00","og_image":[{"width":700,"height":379,"url":"https:\/\/www.uaga.eus\/wp-content\/uploads\/2018\/11\/IMG_20170823_094100-e1541159509615.jpg","type":"image\/jpeg"}],"author":"Blanca S\u00e1nchez","twitter_card":"summary_large_image","twitter_misc":{"Written by":"Blanca S\u00e1nchez","Est. reading time":"1 minutua"},"schema":{"@context":"https:\/\/schema.org","@graph":[{"@type":"WebPage","@id":"https:\/\/www.uaga.eus\/el-ministerio-de-agricultura-informa-del-borrador-de-decreto-de-medidas-extraordinarias-para-el-sector-del-vino-ante-la-situacion-producida-por-la-covid-19\/","url":"https:\/\/www.uaga.eus\/el-ministerio-de-agricultura-informa-del-borrador-de-decreto-de-medidas-extraordinarias-para-el-sector-del-vino-ante-la-situacion-producida-por-la-covid-19\/","name":"(Castellano) El Ministerio de Agricultura informa del borrador de Decreto de medidas extraordinarias para el sector del vino ante la situaci\u00f3n producida por la Covid-19 - UAGA","isPartOf":{"@id":"https:\/\/www.uaga.eus\/#website"},"datePublished":"2020-06-05T11:10:10+00:00","dateModified":"2020-06-05T11:10:10+00:00","author":{"@id":"https:\/\/www.uaga.eus\/#\/schema\/person\/48c3cbf0f33d1b788226dbb6518689cf"},"breadcrumb":{"@id":"https:\/\/www.uaga.eus\/el-ministerio-de-agricultura-informa-del-borrador-de-decreto-de-medidas-extraordinarias-para-el-sector-del-vino-ante-la-situacion-producida-por-la-covid-19\/#breadcrumb"},"inLanguage":"eu","potentialAction":[{"@type":"ReadAction","target":["https:\/\/www.uaga.eus\/el-ministerio-de-agricultura-informa-del-borrador-de-decreto-de-medidas-extraordinarias-para-el-sector-del-vino-ante-la-situacion-producida-por-la-covid-19\/"]}]},{"@type":"BreadcrumbList","@id":"https:\/\/www.uaga.eus\/el-ministerio-de-agricultura-informa-del-borrador-de-decreto-de-medidas-extraordinarias-para-el-sector-del-vino-ante-la-situacion-producida-por-la-covid-19\/#breadcrumb","itemListElement":[{"@type":"ListItem","position":1,"name":"Inicio","item":"https:\/\/www.uaga.eus\/"},{"@type":"ListItem","position":2,"name":"El Ministerio de Agricultura informa del borrador de Decreto de medidas extraordinarias para el sector del vino ante la situaci\u00f3n producida por la Covid-19"}]},{"@type":"WebSite","@id":"https:\/\/www.uaga.eus\/#website","url":"https:\/\/www.uaga.eus\/","name":"UAGA","description":"Uni\u00f3n Agroganadera de \u00c1lava - Araba Nekazarien Elkartea","potentialAction":[{"@type":"SearchAction","target":{"@type":"EntryPoint","urlTemplate":"https:\/\/www.uaga.eus\/?s={search_term_string}"},"query-input":"required name=search_term_string"}],"inLanguage":"eu"},{"@type":"Person","@id":"https:\/\/www.uaga.eus\/#\/schema\/person\/48c3cbf0f33d1b788226dbb6518689cf","name":"Blanca S\u00e1nchez","image":{"@type":"ImageObject","inLanguage":"eu","@id":"https:\/\/www.uaga.eus\/#\/schema\/person\/image\/","url":"https:\/\/secure.gravatar.com\/avatar\/0dc91c20648254b1ce84877283f6751b?s=96&d=mm&r=g","contentUrl":"https:\/\/secure.gravatar.com\/avatar\/0dc91c20648254b1ce84877283f6751b?s=96&d=mm&r=g","caption":"Blanca S\u00e1nchez"},"url":"https:\/\/www.uaga.eus\/eu\/author\/bsanchez\/"}]}},"_links":{"self":[{"href":"https:\/\/www.uaga.eus\/eu\/wp-json\/wp\/v2\/posts\/7614"}],"collection":[{"href":"https:\/\/www.uaga.eus\/eu\/wp-json\/wp\/v2\/posts"}],"about":[{"href":"https:\/\/www.uaga.eus\/eu\/wp-json\/wp\/v2\/types\/post"}],"author":[{"embeddable":true,"href":"https:\/\/www.uaga.eus\/eu\/wp-json\/wp\/v2\/users\/4"}],"replies":[{"embeddable":true,"href":"https:\/\/www.uaga.eus\/eu\/wp-json\/wp\/v2\/comments?post=7614"}],"version-history":[{"count":1,"href":"https:\/\/www.uaga.eus\/eu\/wp-json\/wp\/v2\/posts\/7614\/revisions"}],"predecessor-version":[{"id":7615,"href":"https:\/\/www.uaga.eus\/eu\/wp-json\/wp\/v2\/posts\/7614\/revisions\/7615"}],"wp:featuredmedia":[{"embeddable":true,"href":"https:\/\/www.uaga.eus\/eu\/wp-json\/wp\/v2\/media\/4747"}],"wp:attachment":[{"href":"https:\/\/www.uaga.eus\/eu\/wp-json\/wp\/v2\/media?parent=7614"}],"wp:term":[{"taxonomy":"category","embeddable":true,"href":"https:\/\/www.uaga.eus\/eu\/wp-json\/wp\/v2\/categories?post=7614"},{"taxonomy":"post_tag","embeddable":true,"href":"https:\/\/www.uaga.eus\/eu\/wp-json\/wp\/v2\/tags?post=7614"}],"curies":[{"name":"wp","href":"https:\/\/api.w.org\/{rel}","templated":true}]}}