{"id":7611,"date":"2020-06-05T11:09:04","date_gmt":"2020-06-05T11:09:04","guid":{"rendered":"https:\/\/www.uaga.eus\/?p=7611"},"modified":"2020-06-05T11:09:04","modified_gmt":"2020-06-05T11:09:04","slug":"se-prorroga-la-vigencia-de-los-actuales-carnets-de-aplicador-de-biocidas-hasta-el-15-de-julio-de-2021","status":"publish","type":"post","link":"https:\/\/www.uaga.eus\/eu\/se-prorroga-la-vigencia-de-los-actuales-carnets-de-aplicador-de-biocidas-hasta-el-15-de-julio-de-2021\/","title":{"rendered":"Se prorroga la vigencia de los actuales carnets de aplicador de biocidas hasta el 15 de julio de 2021"},"content":{"rendered":"<p>Teniendo en cuenta las dificultades surgidas en la obtenci\u00f3n de los nuevos Certificados de Profesionalidad exigidos por el RD 830\/2010, unido la situaci\u00f3n de excepcionalidad que se est\u00e1 viviendo a causa del COVID-19 y el aumento de la demanda de personal aplicador que ha generado, la Comisi\u00f3n de Salud P\u00fablica del Ministerio de Sanidad ha decidido prorrogar la vigencia de los actuales carn\u00e9s de aplicador de biocida hasta el 15 de julio de 2021.<\/p>\n<p><strong>Los biocidas son productos\u00a0de uso no agr\u00edcola que se utilizan para la limpieza de instalaciones ganaderas, veh\u00edculos de transporte de animales, sistemas de orde\u00f1o o\u00a0control de plagas en almacenes e instalaciones.<\/strong><\/p>\n","protected":false},"excerpt":{"rendered":"<p>Teniendo en cuenta las dificultades surgidas en la obtenci\u00f3n de los nuevos Certificados de Profesionalidad exigidos por el RD 830\/2010, unido la situaci\u00f3n de excepcionalidad que se est\u00e1 viviendo a causa del COVID-19 y el aumento de la demanda de personal aplicador que ha generado, la Comisi\u00f3n de Salud P\u00fablica del Ministerio de Sanidad ha [&hellip;]<\/p>\n","protected":false},"author":4,"featured_media":7612,"comment_status":"closed","ping_status":"closed","sticky":false,"template":"","format":"standard","meta":{"footnotes":""},"categories":[111,8],"tags":[],"yoast_head":"<!-- This site is optimized with the Yoast SEO plugin v21.5 - https:\/\/yoast.com\/wordpress\/plugins\/seo\/ -->\n<title>Se prorroga la vigencia de los actuales carnets de aplicador de biocidas hasta el 15 de julio de 2021 - UAGA<\/title>\n<meta name=\"robots\" content=\"index, follow, max-snippet:-1, max-image-preview:large, max-video-preview:-1\" \/>\n<link rel=\"canonical\" href=\"https:\/\/www.uaga.eus\/se-prorroga-la-vigencia-de-los-actuales-carnets-de-aplicador-de-biocidas-hasta-el-15-de-julio-de-2021\/\" \/>\n<meta property=\"og:locale\" content=\"en_US\" \/>\n<meta property=\"og:type\" content=\"article\" \/>\n<meta property=\"og:title\" content=\"Se prorroga la vigencia de los actuales carnets de aplicador de biocidas hasta el 15 de julio de 2021 - UAGA\" \/>\n<meta property=\"og:description\" content=\"Teniendo en cuenta las dificultades surgidas en la obtenci\u00f3n de los nuevos Certificados de Profesionalidad exigidos por el RD 830\/2010, unido la situaci\u00f3n de excepcionalidad que se est\u00e1 viviendo a causa del COVID-19 y el aumento de la demanda de personal aplicador que ha generado, la Comisi\u00f3n de Salud P\u00fablica del Ministerio de Sanidad ha [&hellip;]\" \/>\n<meta property=\"og:url\" content=\"https:\/\/www.uaga.eus\/se-prorroga-la-vigencia-de-los-actuales-carnets-de-aplicador-de-biocidas-hasta-el-15-de-julio-de-2021\/\" \/>\n<meta property=\"og:site_name\" content=\"UAGA\" \/>\n<meta property=\"article:published_time\" content=\"2020-06-05T11:09:04+00:00\" \/>\n<meta property=\"og:image\" content=\"https:\/\/www.uaga.eus\/wp-content\/uploads\/2020\/06\/Queseria_-e1591355314807.jpg\" \/>\n\t<meta property=\"og:image:width\" content=\"689\" \/>\n\t<meta property=\"og:image:height\" content=\"381\" \/>\n\t<meta property=\"og:image:type\" content=\"image\/jpeg\" \/>\n<meta name=\"author\" content=\"Blanca S\u00e1nchez\" \/>\n<meta name=\"twitter:card\" content=\"summary_large_image\" \/>\n<meta name=\"twitter:label1\" content=\"Written by\" \/>\n\t<meta name=\"twitter:data1\" content=\"Blanca S\u00e1nchez\" \/>\n\t<meta name=\"twitter:label2\" content=\"Est. reading time\" \/>\n\t<meta name=\"twitter:data2\" content=\"1 minutua\" \/>\n<script type=\"application\/ld+json\" class=\"yoast-schema-graph\">{\"@context\":\"https:\/\/schema.org\",\"@graph\":[{\"@type\":\"WebPage\",\"@id\":\"https:\/\/www.uaga.eus\/se-prorroga-la-vigencia-de-los-actuales-carnets-de-aplicador-de-biocidas-hasta-el-15-de-julio-de-2021\/\",\"url\":\"https:\/\/www.uaga.eus\/se-prorroga-la-vigencia-de-los-actuales-carnets-de-aplicador-de-biocidas-hasta-el-15-de-julio-de-2021\/\",\"name\":\"Se prorroga la vigencia de los actuales carnets de aplicador de biocidas hasta el 15 de julio de 2021 - UAGA\",\"isPartOf\":{\"@id\":\"https:\/\/www.uaga.eus\/#website\"},\"datePublished\":\"2020-06-05T11:09:04+00:00\",\"dateModified\":\"2020-06-05T11:09:04+00:00\",\"author\":{\"@id\":\"https:\/\/www.uaga.eus\/#\/schema\/person\/48c3cbf0f33d1b788226dbb6518689cf\"},\"breadcrumb\":{\"@id\":\"https:\/\/www.uaga.eus\/se-prorroga-la-vigencia-de-los-actuales-carnets-de-aplicador-de-biocidas-hasta-el-15-de-julio-de-2021\/#breadcrumb\"},\"inLanguage\":\"eu\",\"potentialAction\":[{\"@type\":\"ReadAction\",\"target\":[\"https:\/\/www.uaga.eus\/se-prorroga-la-vigencia-de-los-actuales-carnets-de-aplicador-de-biocidas-hasta-el-15-de-julio-de-2021\/\"]}]},{\"@type\":\"BreadcrumbList\",\"@id\":\"https:\/\/www.uaga.eus\/se-prorroga-la-vigencia-de-los-actuales-carnets-de-aplicador-de-biocidas-hasta-el-15-de-julio-de-2021\/#breadcrumb\",\"itemListElement\":[{\"@type\":\"ListItem\",\"position\":1,\"name\":\"Inicio\",\"item\":\"https:\/\/www.uaga.eus\/\"},{\"@type\":\"ListItem\",\"position\":2,\"name\":\"Se prorroga la vigencia de los actuales carnets de aplicador de biocidas hasta el 15 de julio de 2021\"}]},{\"@type\":\"WebSite\",\"@id\":\"https:\/\/www.uaga.eus\/#website\",\"url\":\"https:\/\/www.uaga.eus\/\",\"name\":\"UAGA\",\"description\":\"Uni\u00f3n Agroganadera de \u00c1lava - Araba Nekazarien Elkartea\",\"potentialAction\":[{\"@type\":\"SearchAction\",\"target\":{\"@type\":\"EntryPoint\",\"urlTemplate\":\"https:\/\/www.uaga.eus\/?s={search_term_string}\"},\"query-input\":\"required name=search_term_string\"}],\"inLanguage\":\"eu\"},{\"@type\":\"Person\",\"@id\":\"https:\/\/www.uaga.eus\/#\/schema\/person\/48c3cbf0f33d1b788226dbb6518689cf\",\"name\":\"Blanca S\u00e1nchez\",\"image\":{\"@type\":\"ImageObject\",\"inLanguage\":\"eu\",\"@id\":\"https:\/\/www.uaga.eus\/#\/schema\/person\/image\/\",\"url\":\"https:\/\/secure.gravatar.com\/avatar\/0dc91c20648254b1ce84877283f6751b?s=96&d=mm&r=g\",\"contentUrl\":\"https:\/\/secure.gravatar.com\/avatar\/0dc91c20648254b1ce84877283f6751b?s=96&d=mm&r=g\",\"caption\":\"Blanca S\u00e1nchez\"},\"url\":\"https:\/\/www.uaga.eus\/eu\/author\/bsanchez\/\"}]}<\/script>\n<!-- \/ Yoast SEO plugin. -->","yoast_head_json":{"title":"Se prorroga la vigencia de los actuales carnets de aplicador de biocidas hasta el 15 de julio de 2021 - UAGA","robots":{"index":"index","follow":"follow","max-snippet":"max-snippet:-1","max-image-preview":"max-image-preview:large","max-video-preview":"max-video-preview:-1"},"canonical":"https:\/\/www.uaga.eus\/se-prorroga-la-vigencia-de-los-actuales-carnets-de-aplicador-de-biocidas-hasta-el-15-de-julio-de-2021\/","og_locale":"en_US","og_type":"article","og_title":"Se prorroga la vigencia de los actuales carnets de aplicador de biocidas hasta el 15 de julio de 2021 - UAGA","og_description":"Teniendo en cuenta las dificultades surgidas en la obtenci\u00f3n de los nuevos Certificados de Profesionalidad exigidos por el RD 830\/2010, unido la situaci\u00f3n de excepcionalidad que se est\u00e1 viviendo a causa del COVID-19 y el aumento de la demanda de personal aplicador que ha generado, la Comisi\u00f3n de Salud P\u00fablica del Ministerio de Sanidad ha [&hellip;]","og_url":"https:\/\/www.uaga.eus\/se-prorroga-la-vigencia-de-los-actuales-carnets-de-aplicador-de-biocidas-hasta-el-15-de-julio-de-2021\/","og_site_name":"UAGA","article_published_time":"2020-06-05T11:09:04+00:00","og_image":[{"width":689,"height":381,"url":"https:\/\/www.uaga.eus\/wp-content\/uploads\/2020\/06\/Queseria_-e1591355314807.jpg","type":"image\/jpeg"}],"author":"Blanca S\u00e1nchez","twitter_card":"summary_large_image","twitter_misc":{"Written by":"Blanca S\u00e1nchez","Est. reading time":"1 minutua"},"schema":{"@context":"https:\/\/schema.org","@graph":[{"@type":"WebPage","@id":"https:\/\/www.uaga.eus\/se-prorroga-la-vigencia-de-los-actuales-carnets-de-aplicador-de-biocidas-hasta-el-15-de-julio-de-2021\/","url":"https:\/\/www.uaga.eus\/se-prorroga-la-vigencia-de-los-actuales-carnets-de-aplicador-de-biocidas-hasta-el-15-de-julio-de-2021\/","name":"Se prorroga la vigencia de los actuales carnets de aplicador de biocidas hasta el 15 de julio de 2021 - UAGA","isPartOf":{"@id":"https:\/\/www.uaga.eus\/#website"},"datePublished":"2020-06-05T11:09:04+00:00","dateModified":"2020-06-05T11:09:04+00:00","author":{"@id":"https:\/\/www.uaga.eus\/#\/schema\/person\/48c3cbf0f33d1b788226dbb6518689cf"},"breadcrumb":{"@id":"https:\/\/www.uaga.eus\/se-prorroga-la-vigencia-de-los-actuales-carnets-de-aplicador-de-biocidas-hasta-el-15-de-julio-de-2021\/#breadcrumb"},"inLanguage":"eu","potentialAction":[{"@type":"ReadAction","target":["https:\/\/www.uaga.eus\/se-prorroga-la-vigencia-de-los-actuales-carnets-de-aplicador-de-biocidas-hasta-el-15-de-julio-de-2021\/"]}]},{"@type":"BreadcrumbList","@id":"https:\/\/www.uaga.eus\/se-prorroga-la-vigencia-de-los-actuales-carnets-de-aplicador-de-biocidas-hasta-el-15-de-julio-de-2021\/#breadcrumb","itemListElement":[{"@type":"ListItem","position":1,"name":"Inicio","item":"https:\/\/www.uaga.eus\/"},{"@type":"ListItem","position":2,"name":"Se prorroga la vigencia de los actuales carnets de aplicador de biocidas hasta el 15 de julio de 2021"}]},{"@type":"WebSite","@id":"https:\/\/www.uaga.eus\/#website","url":"https:\/\/www.uaga.eus\/","name":"UAGA","description":"Uni\u00f3n Agroganadera de \u00c1lava - Araba Nekazarien Elkartea","potentialAction":[{"@type":"SearchAction","target":{"@type":"EntryPoint","urlTemplate":"https:\/\/www.uaga.eus\/?s={search_term_string}"},"query-input":"required name=search_term_string"}],"inLanguage":"eu"},{"@type":"Person","@id":"https:\/\/www.uaga.eus\/#\/schema\/person\/48c3cbf0f33d1b788226dbb6518689cf","name":"Blanca S\u00e1nchez","image":{"@type":"ImageObject","inLanguage":"eu","@id":"https:\/\/www.uaga.eus\/#\/schema\/person\/image\/","url":"https:\/\/secure.gravatar.com\/avatar\/0dc91c20648254b1ce84877283f6751b?s=96&d=mm&r=g","contentUrl":"https:\/\/secure.gravatar.com\/avatar\/0dc91c20648254b1ce84877283f6751b?s=96&d=mm&r=g","caption":"Blanca S\u00e1nchez"},"url":"https:\/\/www.uaga.eus\/eu\/author\/bsanchez\/"}]}},"_links":{"self":[{"href":"https:\/\/www.uaga.eus\/eu\/wp-json\/wp\/v2\/posts\/7611"}],"collection":[{"href":"https:\/\/www.uaga.eus\/eu\/wp-json\/wp\/v2\/posts"}],"about":[{"href":"https:\/\/www.uaga.eus\/eu\/wp-json\/wp\/v2\/types\/post"}],"author":[{"embeddable":true,"href":"https:\/\/www.uaga.eus\/eu\/wp-json\/wp\/v2\/users\/4"}],"replies":[{"embeddable":true,"href":"https:\/\/www.uaga.eus\/eu\/wp-json\/wp\/v2\/comments?post=7611"}],"version-history":[{"count":1,"href":"https:\/\/www.uaga.eus\/eu\/wp-json\/wp\/v2\/posts\/7611\/revisions"}],"predecessor-version":[{"id":7613,"href":"https:\/\/www.uaga.eus\/eu\/wp-json\/wp\/v2\/posts\/7611\/revisions\/7613"}],"wp:featuredmedia":[{"embeddable":true,"href":"https:\/\/www.uaga.eus\/eu\/wp-json\/wp\/v2\/media\/7612"}],"wp:attachment":[{"href":"https:\/\/www.uaga.eus\/eu\/wp-json\/wp\/v2\/media?parent=7611"}],"wp:term":[{"taxonomy":"category","embeddable":true,"href":"https:\/\/www.uaga.eus\/eu\/wp-json\/wp\/v2\/categories?post=7611"},{"taxonomy":"post_tag","embeddable":true,"href":"https:\/\/www.uaga.eus\/eu\/wp-json\/wp\/v2\/tags?post=7611"}],"curies":[{"name":"wp","href":"https:\/\/api.w.org\/{rel}","templated":true}]}}