{"id":7609,"date":"2020-06-05T11:06:37","date_gmt":"2020-06-05T11:06:37","guid":{"rendered":"https:\/\/www.uaga.eus\/?p=7609"},"modified":"2020-06-05T11:06:37","modified_gmt":"2020-06-05T11:06:37","slug":"plazo-de-10-dias-habiles-desde-el-5-de-junio-para-solicitar-las-ayudas-que-el-ayuntamiento-de-ayala-ha-convocado-para-paliar-las-consecuencias-economicas-derivadas-de-la-covid-19","status":"publish","type":"post","link":"https:\/\/www.uaga.eus\/eu\/plazo-de-10-dias-habiles-desde-el-5-de-junio-para-solicitar-las-ayudas-que-el-ayuntamiento-de-ayala-ha-convocado-para-paliar-las-consecuencias-economicas-derivadas-de-la-covid-19\/","title":{"rendered":"Plazo de 10 d\u00edas h\u00e1biles desde el 5 de junio para solicitar las ayudas que el Ayuntamiento de Ayala ha convocado para paliar las consecuencias econ\u00f3micas derivadas de la COVID-19"},"content":{"rendered":"<p>El Ayuntamiento de Ayala ha asignado 40.000 euros a ayudas para dotar de cierta liquidez adicional a algunos colectivos que est\u00e1n sufriendo m\u00e1s la situaci\u00f3n econ\u00f3mica que se deriva de la pandemia.<\/p>\n<p>Los objetivos de la convocatoria son:<\/p>\n<ul>\n<li>compensar la merma de ingresos derivada del cierre de comercios<\/li>\n<li>compensar p\u00e9rdidas econ\u00f3micas generadas por encontrarse dentro de las actividades no esenciales o esenciales, y tener que haber paralizado o suspendido, de forma total o parcial, la producci\u00f3n o realizaci\u00f3n de bienes o servicios<\/li>\n<li>facilitar el teletrabajo o el estudio a distancia<\/li>\n<li>compensar el costo de las medidas para la conciliaci\u00f3n de la vida personal y familiar<\/li>\n<li>dotar de algo de liquidez en caso de p\u00e9rdida del empleo<\/li>\n<\/ul>\n<p>En el caso de las personas dadas de alta como aut\u00f3nomas, la condici\u00f3n para optar a dichas ayudas son haber sufrido una merma de sus ingresos, como consecuencia de la pandemia, superior al 70% respecto al \u00faltimo trimestre del a\u00f1o 2019.<\/p>\n<p>El importe de la subvenci\u00f3n m\u00e1xima ser\u00e1 de 2.500 euros por persona o entidad beneficiaria.<\/p>\n<p>El plazo de presentaci\u00f3n de solicitudes es de 10 d\u00edas h\u00e1biles a partir del 5 de junio, fecha de su publicaci\u00f3n en el BOTHA.<\/p>\n<p>Puedes acceder a la normativa a trav\u00e9s de <a href=\"https:\/\/www.araba.eus\/botha\/Boletines\/2020\/063\/2020_063_01209_C.pdf\" target=\"_blank\" rel=\"noopener\" data-cke-saved-href=\"https:\/\/www.araba.eus\/botha\/Boletines\/2020\/063\/2020_063_01209_C.pdf\">este enlace.<\/a><\/p>\n<p>&nbsp;<\/p>\n","protected":false},"excerpt":{"rendered":"<p>El Ayuntamiento de Ayala ha asignado 40.000 euros a ayudas para dotar de cierta liquidez adicional a algunos colectivos que est\u00e1n sufriendo m\u00e1s la situaci\u00f3n econ\u00f3mica que se deriva de la pandemia. Los objetivos de la convocatoria son: compensar la merma de ingresos derivada del cierre de comercios compensar p\u00e9rdidas econ\u00f3micas generadas por encontrarse dentro [&hellip;]<\/p>\n","protected":false},"author":4,"featured_media":1920,"comment_status":"closed","ping_status":"closed","sticky":false,"template":"","format":"standard","meta":{"footnotes":""},"categories":[5,111],"tags":[],"yoast_head":"<!-- This site is optimized with the Yoast SEO plugin v21.5 - https:\/\/yoast.com\/wordpress\/plugins\/seo\/ -->\n<title>Plazo de 10 d\u00edas h\u00e1biles desde el 5 de junio para solicitar las ayudas que el Ayuntamiento de Ayala ha convocado para paliar las consecuencias econ\u00f3micas derivadas de la COVID-19 - UAGA<\/title>\n<meta name=\"robots\" content=\"index, follow, max-snippet:-1, max-image-preview:large, max-video-preview:-1\" \/>\n<link rel=\"canonical\" href=\"https:\/\/www.uaga.eus\/plazo-de-10-dias-habiles-desde-el-5-de-junio-para-solicitar-las-ayudas-que-el-ayuntamiento-de-ayala-ha-convocado-para-paliar-las-consecuencias-economicas-derivadas-de-la-covid-19\/\" \/>\n<meta property=\"og:locale\" content=\"en_US\" \/>\n<meta property=\"og:type\" content=\"article\" \/>\n<meta property=\"og:title\" content=\"Plazo de 10 d\u00edas h\u00e1biles desde el 5 de junio para solicitar las ayudas que el Ayuntamiento de Ayala ha convocado para paliar las consecuencias econ\u00f3micas derivadas de la COVID-19 - UAGA\" \/>\n<meta property=\"og:description\" content=\"El Ayuntamiento de Ayala ha asignado 40.000 euros a ayudas para dotar de cierta liquidez adicional a algunos colectivos que est\u00e1n sufriendo m\u00e1s la situaci\u00f3n econ\u00f3mica que se deriva de la pandemia. Los objetivos de la convocatoria son: compensar la merma de ingresos derivada del cierre de comercios compensar p\u00e9rdidas econ\u00f3micas generadas por encontrarse dentro [&hellip;]\" \/>\n<meta property=\"og:url\" content=\"https:\/\/www.uaga.eus\/plazo-de-10-dias-habiles-desde-el-5-de-junio-para-solicitar-las-ayudas-que-el-ayuntamiento-de-ayala-ha-convocado-para-paliar-las-consecuencias-economicas-derivadas-de-la-covid-19\/\" \/>\n<meta property=\"og:site_name\" content=\"UAGA\" \/>\n<meta property=\"article:published_time\" content=\"2020-06-05T11:06:37+00:00\" \/>\n<meta property=\"og:image\" content=\"https:\/\/www.uaga.eus\/wp-content\/uploads\/2018\/03\/granja-vacas-de-leche-e1591355183388.jpg\" \/>\n\t<meta property=\"og:image:width\" content=\"700\" \/>\n\t<meta property=\"og:image:height\" content=\"360\" \/>\n\t<meta property=\"og:image:type\" content=\"image\/jpeg\" \/>\n<meta name=\"author\" content=\"Blanca S\u00e1nchez\" \/>\n<meta name=\"twitter:card\" content=\"summary_large_image\" \/>\n<meta name=\"twitter:label1\" content=\"Written by\" \/>\n\t<meta name=\"twitter:data1\" content=\"Blanca S\u00e1nchez\" \/>\n\t<meta name=\"twitter:label2\" content=\"Est. reading time\" \/>\n\t<meta name=\"twitter:data2\" content=\"1 minutua\" \/>\n<script type=\"application\/ld+json\" class=\"yoast-schema-graph\">{\"@context\":\"https:\/\/schema.org\",\"@graph\":[{\"@type\":\"WebPage\",\"@id\":\"https:\/\/www.uaga.eus\/plazo-de-10-dias-habiles-desde-el-5-de-junio-para-solicitar-las-ayudas-que-el-ayuntamiento-de-ayala-ha-convocado-para-paliar-las-consecuencias-economicas-derivadas-de-la-covid-19\/\",\"url\":\"https:\/\/www.uaga.eus\/plazo-de-10-dias-habiles-desde-el-5-de-junio-para-solicitar-las-ayudas-que-el-ayuntamiento-de-ayala-ha-convocado-para-paliar-las-consecuencias-economicas-derivadas-de-la-covid-19\/\",\"name\":\"Plazo de 10 d\u00edas h\u00e1biles desde el 5 de junio para solicitar las ayudas que el Ayuntamiento de Ayala ha convocado para paliar las consecuencias econ\u00f3micas derivadas de la COVID-19 - UAGA\",\"isPartOf\":{\"@id\":\"https:\/\/www.uaga.eus\/#website\"},\"datePublished\":\"2020-06-05T11:06:37+00:00\",\"dateModified\":\"2020-06-05T11:06:37+00:00\",\"author\":{\"@id\":\"https:\/\/www.uaga.eus\/#\/schema\/person\/48c3cbf0f33d1b788226dbb6518689cf\"},\"breadcrumb\":{\"@id\":\"https:\/\/www.uaga.eus\/plazo-de-10-dias-habiles-desde-el-5-de-junio-para-solicitar-las-ayudas-que-el-ayuntamiento-de-ayala-ha-convocado-para-paliar-las-consecuencias-economicas-derivadas-de-la-covid-19\/#breadcrumb\"},\"inLanguage\":\"eu\",\"potentialAction\":[{\"@type\":\"ReadAction\",\"target\":[\"https:\/\/www.uaga.eus\/plazo-de-10-dias-habiles-desde-el-5-de-junio-para-solicitar-las-ayudas-que-el-ayuntamiento-de-ayala-ha-convocado-para-paliar-las-consecuencias-economicas-derivadas-de-la-covid-19\/\"]}]},{\"@type\":\"BreadcrumbList\",\"@id\":\"https:\/\/www.uaga.eus\/plazo-de-10-dias-habiles-desde-el-5-de-junio-para-solicitar-las-ayudas-que-el-ayuntamiento-de-ayala-ha-convocado-para-paliar-las-consecuencias-economicas-derivadas-de-la-covid-19\/#breadcrumb\",\"itemListElement\":[{\"@type\":\"ListItem\",\"position\":1,\"name\":\"Inicio\",\"item\":\"https:\/\/www.uaga.eus\/\"},{\"@type\":\"ListItem\",\"position\":2,\"name\":\"Plazo de 10 d\u00edas h\u00e1biles desde el 5 de junio para solicitar las ayudas que el Ayuntamiento de Ayala ha convocado para paliar las consecuencias econ\u00f3micas derivadas de la COVID-19\"}]},{\"@type\":\"WebSite\",\"@id\":\"https:\/\/www.uaga.eus\/#website\",\"url\":\"https:\/\/www.uaga.eus\/\",\"name\":\"UAGA\",\"description\":\"Uni\u00f3n Agroganadera de \u00c1lava - Araba Nekazarien Elkartea\",\"potentialAction\":[{\"@type\":\"SearchAction\",\"target\":{\"@type\":\"EntryPoint\",\"urlTemplate\":\"https:\/\/www.uaga.eus\/?s={search_term_string}\"},\"query-input\":\"required name=search_term_string\"}],\"inLanguage\":\"eu\"},{\"@type\":\"Person\",\"@id\":\"https:\/\/www.uaga.eus\/#\/schema\/person\/48c3cbf0f33d1b788226dbb6518689cf\",\"name\":\"Blanca S\u00e1nchez\",\"image\":{\"@type\":\"ImageObject\",\"inLanguage\":\"eu\",\"@id\":\"https:\/\/www.uaga.eus\/#\/schema\/person\/image\/\",\"url\":\"https:\/\/secure.gravatar.com\/avatar\/0dc91c20648254b1ce84877283f6751b?s=96&d=mm&r=g\",\"contentUrl\":\"https:\/\/secure.gravatar.com\/avatar\/0dc91c20648254b1ce84877283f6751b?s=96&d=mm&r=g\",\"caption\":\"Blanca S\u00e1nchez\"},\"url\":\"https:\/\/www.uaga.eus\/eu\/author\/bsanchez\/\"}]}<\/script>\n<!-- \/ Yoast SEO plugin. -->","yoast_head_json":{"title":"Plazo de 10 d\u00edas h\u00e1biles desde el 5 de junio para solicitar las ayudas que el Ayuntamiento de Ayala ha convocado para paliar las consecuencias econ\u00f3micas derivadas de la COVID-19 - UAGA","robots":{"index":"index","follow":"follow","max-snippet":"max-snippet:-1","max-image-preview":"max-image-preview:large","max-video-preview":"max-video-preview:-1"},"canonical":"https:\/\/www.uaga.eus\/plazo-de-10-dias-habiles-desde-el-5-de-junio-para-solicitar-las-ayudas-que-el-ayuntamiento-de-ayala-ha-convocado-para-paliar-las-consecuencias-economicas-derivadas-de-la-covid-19\/","og_locale":"en_US","og_type":"article","og_title":"Plazo de 10 d\u00edas h\u00e1biles desde el 5 de junio para solicitar las ayudas que el Ayuntamiento de Ayala ha convocado para paliar las consecuencias econ\u00f3micas derivadas de la COVID-19 - UAGA","og_description":"El Ayuntamiento de Ayala ha asignado 40.000 euros a ayudas para dotar de cierta liquidez adicional a algunos colectivos que est\u00e1n sufriendo m\u00e1s la situaci\u00f3n econ\u00f3mica que se deriva de la pandemia. Los objetivos de la convocatoria son: compensar la merma de ingresos derivada del cierre de comercios compensar p\u00e9rdidas econ\u00f3micas generadas por encontrarse dentro [&hellip;]","og_url":"https:\/\/www.uaga.eus\/plazo-de-10-dias-habiles-desde-el-5-de-junio-para-solicitar-las-ayudas-que-el-ayuntamiento-de-ayala-ha-convocado-para-paliar-las-consecuencias-economicas-derivadas-de-la-covid-19\/","og_site_name":"UAGA","article_published_time":"2020-06-05T11:06:37+00:00","og_image":[{"width":700,"height":360,"url":"https:\/\/www.uaga.eus\/wp-content\/uploads\/2018\/03\/granja-vacas-de-leche-e1591355183388.jpg","type":"image\/jpeg"}],"author":"Blanca S\u00e1nchez","twitter_card":"summary_large_image","twitter_misc":{"Written by":"Blanca S\u00e1nchez","Est. reading time":"1 minutua"},"schema":{"@context":"https:\/\/schema.org","@graph":[{"@type":"WebPage","@id":"https:\/\/www.uaga.eus\/plazo-de-10-dias-habiles-desde-el-5-de-junio-para-solicitar-las-ayudas-que-el-ayuntamiento-de-ayala-ha-convocado-para-paliar-las-consecuencias-economicas-derivadas-de-la-covid-19\/","url":"https:\/\/www.uaga.eus\/plazo-de-10-dias-habiles-desde-el-5-de-junio-para-solicitar-las-ayudas-que-el-ayuntamiento-de-ayala-ha-convocado-para-paliar-las-consecuencias-economicas-derivadas-de-la-covid-19\/","name":"Plazo de 10 d\u00edas h\u00e1biles desde el 5 de junio para solicitar las ayudas que el Ayuntamiento de Ayala ha convocado para paliar las consecuencias econ\u00f3micas derivadas de la COVID-19 - UAGA","isPartOf":{"@id":"https:\/\/www.uaga.eus\/#website"},"datePublished":"2020-06-05T11:06:37+00:00","dateModified":"2020-06-05T11:06:37+00:00","author":{"@id":"https:\/\/www.uaga.eus\/#\/schema\/person\/48c3cbf0f33d1b788226dbb6518689cf"},"breadcrumb":{"@id":"https:\/\/www.uaga.eus\/plazo-de-10-dias-habiles-desde-el-5-de-junio-para-solicitar-las-ayudas-que-el-ayuntamiento-de-ayala-ha-convocado-para-paliar-las-consecuencias-economicas-derivadas-de-la-covid-19\/#breadcrumb"},"inLanguage":"eu","potentialAction":[{"@type":"ReadAction","target":["https:\/\/www.uaga.eus\/plazo-de-10-dias-habiles-desde-el-5-de-junio-para-solicitar-las-ayudas-que-el-ayuntamiento-de-ayala-ha-convocado-para-paliar-las-consecuencias-economicas-derivadas-de-la-covid-19\/"]}]},{"@type":"BreadcrumbList","@id":"https:\/\/www.uaga.eus\/plazo-de-10-dias-habiles-desde-el-5-de-junio-para-solicitar-las-ayudas-que-el-ayuntamiento-de-ayala-ha-convocado-para-paliar-las-consecuencias-economicas-derivadas-de-la-covid-19\/#breadcrumb","itemListElement":[{"@type":"ListItem","position":1,"name":"Inicio","item":"https:\/\/www.uaga.eus\/"},{"@type":"ListItem","position":2,"name":"Plazo de 10 d\u00edas h\u00e1biles desde el 5 de junio para solicitar las ayudas que el Ayuntamiento de Ayala ha convocado para paliar las consecuencias econ\u00f3micas derivadas de la COVID-19"}]},{"@type":"WebSite","@id":"https:\/\/www.uaga.eus\/#website","url":"https:\/\/www.uaga.eus\/","name":"UAGA","description":"Uni\u00f3n Agroganadera de \u00c1lava - Araba Nekazarien Elkartea","potentialAction":[{"@type":"SearchAction","target":{"@type":"EntryPoint","urlTemplate":"https:\/\/www.uaga.eus\/?s={search_term_string}"},"query-input":"required name=search_term_string"}],"inLanguage":"eu"},{"@type":"Person","@id":"https:\/\/www.uaga.eus\/#\/schema\/person\/48c3cbf0f33d1b788226dbb6518689cf","name":"Blanca S\u00e1nchez","image":{"@type":"ImageObject","inLanguage":"eu","@id":"https:\/\/www.uaga.eus\/#\/schema\/person\/image\/","url":"https:\/\/secure.gravatar.com\/avatar\/0dc91c20648254b1ce84877283f6751b?s=96&d=mm&r=g","contentUrl":"https:\/\/secure.gravatar.com\/avatar\/0dc91c20648254b1ce84877283f6751b?s=96&d=mm&r=g","caption":"Blanca S\u00e1nchez"},"url":"https:\/\/www.uaga.eus\/eu\/author\/bsanchez\/"}]}},"_links":{"self":[{"href":"https:\/\/www.uaga.eus\/eu\/wp-json\/wp\/v2\/posts\/7609"}],"collection":[{"href":"https:\/\/www.uaga.eus\/eu\/wp-json\/wp\/v2\/posts"}],"about":[{"href":"https:\/\/www.uaga.eus\/eu\/wp-json\/wp\/v2\/types\/post"}],"author":[{"embeddable":true,"href":"https:\/\/www.uaga.eus\/eu\/wp-json\/wp\/v2\/users\/4"}],"replies":[{"embeddable":true,"href":"https:\/\/www.uaga.eus\/eu\/wp-json\/wp\/v2\/comments?post=7609"}],"version-history":[{"count":1,"href":"https:\/\/www.uaga.eus\/eu\/wp-json\/wp\/v2\/posts\/7609\/revisions"}],"predecessor-version":[{"id":7610,"href":"https:\/\/www.uaga.eus\/eu\/wp-json\/wp\/v2\/posts\/7609\/revisions\/7610"}],"wp:featuredmedia":[{"embeddable":true,"href":"https:\/\/www.uaga.eus\/eu\/wp-json\/wp\/v2\/media\/1920"}],"wp:attachment":[{"href":"https:\/\/www.uaga.eus\/eu\/wp-json\/wp\/v2\/media?parent=7609"}],"wp:term":[{"taxonomy":"category","embeddable":true,"href":"https:\/\/www.uaga.eus\/eu\/wp-json\/wp\/v2\/categories?post=7609"},{"taxonomy":"post_tag","embeddable":true,"href":"https:\/\/www.uaga.eus\/eu\/wp-json\/wp\/v2\/tags?post=7609"}],"curies":[{"name":"wp","href":"https:\/\/api.w.org\/{rel}","templated":true}]}}