{"id":7602,"date":"2020-06-05T11:03:40","date_gmt":"2020-06-05T11:03:40","guid":{"rendered":"https:\/\/www.uaga.eus\/?p=7602"},"modified":"2020-06-05T11:03:40","modified_gmt":"2020-06-05T11:03:40","slug":"curso-de-emprendimiento-en-el-medio-rural","status":"publish","type":"post","link":"https:\/\/www.uaga.eus\/eu\/curso-de-emprendimiento-en-el-medio-rural\/","title":{"rendered":"Curso de emprendimiento en el medio rural"},"content":{"rendered":"<p>La Red Rural Nacional va a poner en marcha la 2\u00aa edici\u00f3n del Curso online \u00abEmprendimiento en el medio rural\u00bb. El curso empezar\u00e1 el pr\u00f3ximo d\u00eda 15 de junio de 2020\u00a0y tendr\u00e1 una duraci\u00f3n de cuatro semanas.<\/p>\n<p>La inscripci\u00f3n est\u00e1 abierta hasta el 6 de junio. El 10 de junio se publicar\u00e1 la relaci\u00f3n de personas admitidas.<\/p>\n<p>En el curso se profundizar\u00e1 en el desarrollo de un Plan de Negocio y se adquirir\u00e1n habilidades en la comercializaci\u00f3n de productos y servicios, la comunicaci\u00f3n, la cooperaci\u00f3n y la generaci\u00f3n de sinergias con otras iniciativas.<\/p>\n<p>Puedes consultar aqu\u00ed el <a href=\"http:\/\/www.redruralnacional.es\/documents\/10182\/684803\/Programa_Emprendimiento\/216b23f0-0653-4af6-9f52-d495266415f1\" target=\"_blank\" rel=\"noopener\" data-cke-saved-href=\"http:\/\/www.redruralnacional.es\/documents\/10182\/684803\/Programa_Emprendimiento\/216b23f0-0653-4af6-9f52-d495266415f1\">programa<\/a> y realizar aqu\u00ed la <a href=\"http:\/\/www.redruralnacional.es\/calendario-de-eventos\/inscripcion-a-evento?p_p_id=FormsPortlet_WAR_RRNportlet&amp;p_p_lifecycle=0&amp;p_p_mode=view&amp;p_p_state=normal&amp;_FormsPortlet_WAR_RRNportlet_evento=684783\" target=\"_blank\" rel=\"noopener\" data-cke-saved-href=\"http:\/\/www.redruralnacional.es\/calendario-de-eventos\/inscripcion-a-evento?p_p_id=FormsPortlet_WAR_RRNportlet&amp;p_p_lifecycle=0&amp;p_p_mode=view&amp;p_p_state=normal&amp;_FormsPortlet_WAR_RRNportlet_evento=684783\">inscripci\u00f3n<\/a>.<\/p>\n","protected":false},"excerpt":{"rendered":"<p>La Red Rural Nacional va a poner en marcha la 2\u00aa edici\u00f3n del Curso online \u00abEmprendimiento en el medio rural\u00bb. El curso empezar\u00e1 el pr\u00f3ximo d\u00eda 15 de junio de 2020\u00a0y tendr\u00e1 una duraci\u00f3n de cuatro semanas. La inscripci\u00f3n est\u00e1 abierta hasta el 6 de junio. El 10 de junio se publicar\u00e1 la relaci\u00f3n de [&hellip;]<\/p>\n","protected":false},"author":4,"featured_media":7603,"comment_status":"closed","ping_status":"closed","sticky":false,"template":"","format":"standard","meta":{"footnotes":""},"categories":[37,66],"tags":[],"yoast_head":"<!-- This site is optimized with the Yoast SEO plugin v21.5 - https:\/\/yoast.com\/wordpress\/plugins\/seo\/ -->\n<title>Curso de emprendimiento en el medio rural - UAGA<\/title>\n<meta name=\"robots\" content=\"index, follow, max-snippet:-1, max-image-preview:large, max-video-preview:-1\" \/>\n<link rel=\"canonical\" href=\"https:\/\/www.uaga.eus\/curso-de-emprendimiento-en-el-medio-rural\/\" \/>\n<meta property=\"og:locale\" content=\"en_US\" \/>\n<meta property=\"og:type\" content=\"article\" \/>\n<meta property=\"og:title\" content=\"Curso de emprendimiento en el medio rural - UAGA\" \/>\n<meta property=\"og:description\" content=\"La Red Rural Nacional va a poner en marcha la 2\u00aa edici\u00f3n del Curso online \u00abEmprendimiento en el medio rural\u00bb. El curso empezar\u00e1 el pr\u00f3ximo d\u00eda 15 de junio de 2020\u00a0y tendr\u00e1 una duraci\u00f3n de cuatro semanas. La inscripci\u00f3n est\u00e1 abierta hasta el 6 de junio. El 10 de junio se publicar\u00e1 la relaci\u00f3n de [&hellip;]\" \/>\n<meta property=\"og:url\" content=\"https:\/\/www.uaga.eus\/curso-de-emprendimiento-en-el-medio-rural\/\" \/>\n<meta property=\"og:site_name\" content=\"UAGA\" \/>\n<meta property=\"article:published_time\" content=\"2020-06-05T11:03:40+00:00\" \/>\n<meta property=\"og:image\" content=\"https:\/\/www.uaga.eus\/wp-content\/uploads\/2020\/06\/manos-artesan\u00eda-emprendimiento-e1591355007196.jpg\" \/>\n\t<meta property=\"og:image:width\" content=\"700\" \/>\n\t<meta property=\"og:image:height\" content=\"388\" \/>\n\t<meta property=\"og:image:type\" content=\"image\/jpeg\" \/>\n<meta name=\"author\" content=\"Blanca S\u00e1nchez\" \/>\n<meta name=\"twitter:card\" content=\"summary_large_image\" \/>\n<meta name=\"twitter:label1\" content=\"Written by\" \/>\n\t<meta name=\"twitter:data1\" content=\"Blanca S\u00e1nchez\" \/>\n\t<meta name=\"twitter:label2\" content=\"Est. reading time\" \/>\n\t<meta name=\"twitter:data2\" content=\"1 minutua\" \/>\n<script type=\"application\/ld+json\" class=\"yoast-schema-graph\">{\"@context\":\"https:\/\/schema.org\",\"@graph\":[{\"@type\":\"WebPage\",\"@id\":\"https:\/\/www.uaga.eus\/curso-de-emprendimiento-en-el-medio-rural\/\",\"url\":\"https:\/\/www.uaga.eus\/curso-de-emprendimiento-en-el-medio-rural\/\",\"name\":\"Curso de emprendimiento en el medio rural - UAGA\",\"isPartOf\":{\"@id\":\"https:\/\/www.uaga.eus\/#website\"},\"datePublished\":\"2020-06-05T11:03:40+00:00\",\"dateModified\":\"2020-06-05T11:03:40+00:00\",\"author\":{\"@id\":\"https:\/\/www.uaga.eus\/#\/schema\/person\/48c3cbf0f33d1b788226dbb6518689cf\"},\"breadcrumb\":{\"@id\":\"https:\/\/www.uaga.eus\/curso-de-emprendimiento-en-el-medio-rural\/#breadcrumb\"},\"inLanguage\":\"eu\",\"potentialAction\":[{\"@type\":\"ReadAction\",\"target\":[\"https:\/\/www.uaga.eus\/curso-de-emprendimiento-en-el-medio-rural\/\"]}]},{\"@type\":\"BreadcrumbList\",\"@id\":\"https:\/\/www.uaga.eus\/curso-de-emprendimiento-en-el-medio-rural\/#breadcrumb\",\"itemListElement\":[{\"@type\":\"ListItem\",\"position\":1,\"name\":\"Inicio\",\"item\":\"https:\/\/www.uaga.eus\/\"},{\"@type\":\"ListItem\",\"position\":2,\"name\":\"Curso de emprendimiento en el medio rural\"}]},{\"@type\":\"WebSite\",\"@id\":\"https:\/\/www.uaga.eus\/#website\",\"url\":\"https:\/\/www.uaga.eus\/\",\"name\":\"UAGA\",\"description\":\"Uni\u00f3n Agroganadera de \u00c1lava - Araba Nekazarien Elkartea\",\"potentialAction\":[{\"@type\":\"SearchAction\",\"target\":{\"@type\":\"EntryPoint\",\"urlTemplate\":\"https:\/\/www.uaga.eus\/?s={search_term_string}\"},\"query-input\":\"required name=search_term_string\"}],\"inLanguage\":\"eu\"},{\"@type\":\"Person\",\"@id\":\"https:\/\/www.uaga.eus\/#\/schema\/person\/48c3cbf0f33d1b788226dbb6518689cf\",\"name\":\"Blanca S\u00e1nchez\",\"image\":{\"@type\":\"ImageObject\",\"inLanguage\":\"eu\",\"@id\":\"https:\/\/www.uaga.eus\/#\/schema\/person\/image\/\",\"url\":\"https:\/\/secure.gravatar.com\/avatar\/0dc91c20648254b1ce84877283f6751b?s=96&d=mm&r=g\",\"contentUrl\":\"https:\/\/secure.gravatar.com\/avatar\/0dc91c20648254b1ce84877283f6751b?s=96&d=mm&r=g\",\"caption\":\"Blanca S\u00e1nchez\"},\"url\":\"https:\/\/www.uaga.eus\/eu\/author\/bsanchez\/\"}]}<\/script>\n<!-- \/ Yoast SEO plugin. -->","yoast_head_json":{"title":"Curso de emprendimiento en el medio rural - UAGA","robots":{"index":"index","follow":"follow","max-snippet":"max-snippet:-1","max-image-preview":"max-image-preview:large","max-video-preview":"max-video-preview:-1"},"canonical":"https:\/\/www.uaga.eus\/curso-de-emprendimiento-en-el-medio-rural\/","og_locale":"en_US","og_type":"article","og_title":"Curso de emprendimiento en el medio rural - UAGA","og_description":"La Red Rural Nacional va a poner en marcha la 2\u00aa edici\u00f3n del Curso online \u00abEmprendimiento en el medio rural\u00bb. El curso empezar\u00e1 el pr\u00f3ximo d\u00eda 15 de junio de 2020\u00a0y tendr\u00e1 una duraci\u00f3n de cuatro semanas. La inscripci\u00f3n est\u00e1 abierta hasta el 6 de junio. El 10 de junio se publicar\u00e1 la relaci\u00f3n de [&hellip;]","og_url":"https:\/\/www.uaga.eus\/curso-de-emprendimiento-en-el-medio-rural\/","og_site_name":"UAGA","article_published_time":"2020-06-05T11:03:40+00:00","og_image":[{"width":700,"height":388,"url":"https:\/\/www.uaga.eus\/wp-content\/uploads\/2020\/06\/manos-artesan\u00eda-emprendimiento-e1591355007196.jpg","type":"image\/jpeg"}],"author":"Blanca S\u00e1nchez","twitter_card":"summary_large_image","twitter_misc":{"Written by":"Blanca S\u00e1nchez","Est. reading time":"1 minutua"},"schema":{"@context":"https:\/\/schema.org","@graph":[{"@type":"WebPage","@id":"https:\/\/www.uaga.eus\/curso-de-emprendimiento-en-el-medio-rural\/","url":"https:\/\/www.uaga.eus\/curso-de-emprendimiento-en-el-medio-rural\/","name":"Curso de emprendimiento en el medio rural - UAGA","isPartOf":{"@id":"https:\/\/www.uaga.eus\/#website"},"datePublished":"2020-06-05T11:03:40+00:00","dateModified":"2020-06-05T11:03:40+00:00","author":{"@id":"https:\/\/www.uaga.eus\/#\/schema\/person\/48c3cbf0f33d1b788226dbb6518689cf"},"breadcrumb":{"@id":"https:\/\/www.uaga.eus\/curso-de-emprendimiento-en-el-medio-rural\/#breadcrumb"},"inLanguage":"eu","potentialAction":[{"@type":"ReadAction","target":["https:\/\/www.uaga.eus\/curso-de-emprendimiento-en-el-medio-rural\/"]}]},{"@type":"BreadcrumbList","@id":"https:\/\/www.uaga.eus\/curso-de-emprendimiento-en-el-medio-rural\/#breadcrumb","itemListElement":[{"@type":"ListItem","position":1,"name":"Inicio","item":"https:\/\/www.uaga.eus\/"},{"@type":"ListItem","position":2,"name":"Curso de emprendimiento en el medio rural"}]},{"@type":"WebSite","@id":"https:\/\/www.uaga.eus\/#website","url":"https:\/\/www.uaga.eus\/","name":"UAGA","description":"Uni\u00f3n Agroganadera de \u00c1lava - Araba Nekazarien Elkartea","potentialAction":[{"@type":"SearchAction","target":{"@type":"EntryPoint","urlTemplate":"https:\/\/www.uaga.eus\/?s={search_term_string}"},"query-input":"required name=search_term_string"}],"inLanguage":"eu"},{"@type":"Person","@id":"https:\/\/www.uaga.eus\/#\/schema\/person\/48c3cbf0f33d1b788226dbb6518689cf","name":"Blanca S\u00e1nchez","image":{"@type":"ImageObject","inLanguage":"eu","@id":"https:\/\/www.uaga.eus\/#\/schema\/person\/image\/","url":"https:\/\/secure.gravatar.com\/avatar\/0dc91c20648254b1ce84877283f6751b?s=96&d=mm&r=g","contentUrl":"https:\/\/secure.gravatar.com\/avatar\/0dc91c20648254b1ce84877283f6751b?s=96&d=mm&r=g","caption":"Blanca S\u00e1nchez"},"url":"https:\/\/www.uaga.eus\/eu\/author\/bsanchez\/"}]}},"_links":{"self":[{"href":"https:\/\/www.uaga.eus\/eu\/wp-json\/wp\/v2\/posts\/7602"}],"collection":[{"href":"https:\/\/www.uaga.eus\/eu\/wp-json\/wp\/v2\/posts"}],"about":[{"href":"https:\/\/www.uaga.eus\/eu\/wp-json\/wp\/v2\/types\/post"}],"author":[{"embeddable":true,"href":"https:\/\/www.uaga.eus\/eu\/wp-json\/wp\/v2\/users\/4"}],"replies":[{"embeddable":true,"href":"https:\/\/www.uaga.eus\/eu\/wp-json\/wp\/v2\/comments?post=7602"}],"version-history":[{"count":1,"href":"https:\/\/www.uaga.eus\/eu\/wp-json\/wp\/v2\/posts\/7602\/revisions"}],"predecessor-version":[{"id":7605,"href":"https:\/\/www.uaga.eus\/eu\/wp-json\/wp\/v2\/posts\/7602\/revisions\/7605"}],"wp:featuredmedia":[{"embeddable":true,"href":"https:\/\/www.uaga.eus\/eu\/wp-json\/wp\/v2\/media\/7603"}],"wp:attachment":[{"href":"https:\/\/www.uaga.eus\/eu\/wp-json\/wp\/v2\/media?parent=7602"}],"wp:term":[{"taxonomy":"category","embeddable":true,"href":"https:\/\/www.uaga.eus\/eu\/wp-json\/wp\/v2\/categories?post=7602"},{"taxonomy":"post_tag","embeddable":true,"href":"https:\/\/www.uaga.eus\/eu\/wp-json\/wp\/v2\/tags?post=7602"}],"curies":[{"name":"wp","href":"https:\/\/api.w.org\/{rel}","templated":true}]}}