{"id":7576,"date":"2020-05-29T13:07:41","date_gmt":"2020-05-29T13:07:41","guid":{"rendered":"https:\/\/www.uaga.eus\/?p=7576"},"modified":"2020-05-29T13:07:41","modified_gmt":"2020-05-29T13:07:41","slug":"la-oive-organizacion-interprofesional-del-vino-de-espana-solicita-al-ministerio-de-agricultura-aumentar-el-presupuesto-para-el-sector-vitivinicola-ante-la-crisis-causada-por-la-covid-19","status":"publish","type":"post","link":"https:\/\/www.uaga.eus\/eu\/la-oive-organizacion-interprofesional-del-vino-de-espana-solicita-al-ministerio-de-agricultura-aumentar-el-presupuesto-para-el-sector-vitivinicola-ante-la-crisis-causada-por-la-covid-19\/","title":{"rendered":"La OIVE, Organizaci\u00f3n Interprofesional del Vino de Espa\u00f1a, solicita al Ministerio de Agricultura aumentar el presupuesto para el sector vitivin\u00edcola ante la crisis causada por la COVID-19"},"content":{"rendered":"<p>La entidades que integran la Organizaci\u00f3n Interprofesional del Vino de Espa\u00f1a, COAG, ASAJA, UPA, Cooperativas Agroalimentarias de Espa\u00f1a, FEV y AEVE, se han reunido el pasado 20 de mayo, acordando solicitar al Ministerio de Agricultura que \u00a0las medidas extraordinarias para el sector vitivin\u00edcola ante la crisis provocada por la COVID19 se doten con mayor presupuesto, tanto solicit\u00e1ndolo a la Uni\u00f3n Europea como habilitando fondos nacionales, dada la situaci\u00f3n excepcional provocada por la emergencia sanitaria actual que tan gravemente est\u00e1 afectando al sector vitivin\u00edcola.<\/p>\n<p>Puedes consultar las alegaciones en este <a href=\"https:\/\/mcusercontent.com\/498b950ccfc4b8d0e600d7e48\/files\/fb0bd004-3fc9-4223-931b-7fadca8f004a\/OVIVE_alegaciones_RD_medidas_COVID_19_Vfinal_1_.pdf\" target=\"_blank\" rel=\"noopener\" data-cke-saved-href=\"https:\/\/mcusercontent.com\/498b950ccfc4b8d0e600d7e48\/files\/fb0bd004-3fc9-4223-931b-7fadca8f004a\/OVIVE_alegaciones_RD_medidas_COVID_19_Vfinal_1_.pdf\">link<\/a>.<\/p>\n<p>Por otra parte, la OIVE ha impulsado un trabajo extenso y riguroso sobre la realidad del consumo de vino en Espa\u00f1a, para saber cu\u00e1nto vino se consume, de qu\u00e9 tipo y, sobre todo, por qu\u00e9 canales de distribuci\u00f3n llega a los consumidores. \u00a0El vino est\u00e1 siendo un sector muy castigado en esta pandemia y se buscan nuevos canales para paliar sus efectos.<\/p>\n<p>Puedes consultar la <a href=\"https:\/\/mcusercontent.com\/498b950ccfc4b8d0e600d7e48\/files\/df0f9b4d-d0b5-48e9-8b3f-ece30f960edc\/20200527_NOTA_PRENSA_OIVE.pdf\" target=\"_blank\" rel=\"noopener\" data-cke-saved-href=\"https:\/\/mcusercontent.com\/498b950ccfc4b8d0e600d7e48\/files\/df0f9b4d-d0b5-48e9-8b3f-ece30f960edc\/20200527_NOTA_PRENSA_OIVE.pdf\">nota de prensa<\/a> y el <a href=\"https:\/\/mcusercontent.com\/498b950ccfc4b8d0e600d7e48\/files\/5ff5c164-1b5c-4c7a-9c1f-d17775e8f590\/vino.pdf\" target=\"_blank\" rel=\"noopener\" data-cke-saved-href=\"https:\/\/mcusercontent.com\/498b950ccfc4b8d0e600d7e48\/files\/5ff5c164-1b5c-4c7a-9c1f-d17775e8f590\/vino.pdf\">informe de consumo<\/a> en estos enlaces.<\/p>\n<div>\n+ info NURIA: 661 595 811<\/div>\n<div><\/div>\n","protected":false},"excerpt":{"rendered":"<p>La entidades que integran la Organizaci\u00f3n Interprofesional del Vino de Espa\u00f1a, COAG, ASAJA, UPA, Cooperativas Agroalimentarias de Espa\u00f1a, FEV y AEVE, se han reunido el pasado 20 de mayo, acordando solicitar al Ministerio de Agricultura que \u00a0las medidas extraordinarias para el sector vitivin\u00edcola ante la crisis provocada por la COVID19 se doten con mayor presupuesto, [&hellip;]<\/p>\n","protected":false},"author":4,"featured_media":2855,"comment_status":"closed","ping_status":"closed","sticky":false,"template":"","format":"standard","meta":{"footnotes":""},"categories":[7,111],"tags":[],"yoast_head":"<!-- This site is optimized with the Yoast SEO plugin v21.5 - https:\/\/yoast.com\/wordpress\/plugins\/seo\/ -->\n<title>La OIVE, Organizaci\u00f3n Interprofesional del Vino de Espa\u00f1a, solicita al Ministerio de Agricultura aumentar el presupuesto para el sector vitivin\u00edcola ante la crisis causada por la COVID-19 - UAGA<\/title>\n<meta name=\"robots\" content=\"index, follow, max-snippet:-1, max-image-preview:large, max-video-preview:-1\" \/>\n<link rel=\"canonical\" href=\"https:\/\/www.uaga.eus\/la-oive-organizacion-interprofesional-del-vino-de-espana-solicita-al-ministerio-de-agricultura-aumentar-el-presupuesto-para-el-sector-vitivinicola-ante-la-crisis-causada-por-la-covid-19\/\" \/>\n<meta property=\"og:locale\" content=\"en_US\" \/>\n<meta property=\"og:type\" content=\"article\" \/>\n<meta property=\"og:title\" content=\"La OIVE, Organizaci\u00f3n Interprofesional del Vino de Espa\u00f1a, solicita al Ministerio de Agricultura aumentar el presupuesto para el sector vitivin\u00edcola ante la crisis causada por la COVID-19 - UAGA\" \/>\n<meta property=\"og:description\" content=\"La entidades que integran la Organizaci\u00f3n Interprofesional del Vino de Espa\u00f1a, COAG, ASAJA, UPA, Cooperativas Agroalimentarias de Espa\u00f1a, FEV y AEVE, se han reunido el pasado 20 de mayo, acordando solicitar al Ministerio de Agricultura que \u00a0las medidas extraordinarias para el sector vitivin\u00edcola ante la crisis provocada por la COVID19 se doten con mayor presupuesto, [&hellip;]\" \/>\n<meta property=\"og:url\" content=\"https:\/\/www.uaga.eus\/la-oive-organizacion-interprofesional-del-vino-de-espana-solicita-al-ministerio-de-agricultura-aumentar-el-presupuesto-para-el-sector-vitivinicola-ante-la-crisis-causada-por-la-covid-19\/\" \/>\n<meta property=\"og:site_name\" content=\"UAGA\" \/>\n<meta property=\"article:published_time\" content=\"2020-05-29T13:07:41+00:00\" \/>\n<meta property=\"og:image\" content=\"https:\/\/www.uaga.eus\/wp-content\/uploads\/2018\/05\/botellas-vino-reserva-e1526627319222.jpg\" \/>\n\t<meta property=\"og:image:width\" content=\"700\" \/>\n\t<meta property=\"og:image:height\" content=\"467\" \/>\n\t<meta property=\"og:image:type\" content=\"image\/jpeg\" \/>\n<meta name=\"author\" content=\"Blanca S\u00e1nchez\" \/>\n<meta name=\"twitter:card\" content=\"summary_large_image\" \/>\n<meta name=\"twitter:label1\" content=\"Written by\" \/>\n\t<meta name=\"twitter:data1\" content=\"Blanca S\u00e1nchez\" \/>\n\t<meta name=\"twitter:label2\" content=\"Est. reading time\" \/>\n\t<meta name=\"twitter:data2\" content=\"1 minutua\" \/>\n<script type=\"application\/ld+json\" class=\"yoast-schema-graph\">{\"@context\":\"https:\/\/schema.org\",\"@graph\":[{\"@type\":\"WebPage\",\"@id\":\"https:\/\/www.uaga.eus\/la-oive-organizacion-interprofesional-del-vino-de-espana-solicita-al-ministerio-de-agricultura-aumentar-el-presupuesto-para-el-sector-vitivinicola-ante-la-crisis-causada-por-la-covid-19\/\",\"url\":\"https:\/\/www.uaga.eus\/la-oive-organizacion-interprofesional-del-vino-de-espana-solicita-al-ministerio-de-agricultura-aumentar-el-presupuesto-para-el-sector-vitivinicola-ante-la-crisis-causada-por-la-covid-19\/\",\"name\":\"La OIVE, Organizaci\u00f3n Interprofesional del Vino de Espa\u00f1a, solicita al Ministerio de Agricultura aumentar el presupuesto para el sector vitivin\u00edcola ante la crisis causada por la COVID-19 - UAGA\",\"isPartOf\":{\"@id\":\"https:\/\/www.uaga.eus\/#website\"},\"datePublished\":\"2020-05-29T13:07:41+00:00\",\"dateModified\":\"2020-05-29T13:07:41+00:00\",\"author\":{\"@id\":\"https:\/\/www.uaga.eus\/#\/schema\/person\/48c3cbf0f33d1b788226dbb6518689cf\"},\"breadcrumb\":{\"@id\":\"https:\/\/www.uaga.eus\/la-oive-organizacion-interprofesional-del-vino-de-espana-solicita-al-ministerio-de-agricultura-aumentar-el-presupuesto-para-el-sector-vitivinicola-ante-la-crisis-causada-por-la-covid-19\/#breadcrumb\"},\"inLanguage\":\"eu\",\"potentialAction\":[{\"@type\":\"ReadAction\",\"target\":[\"https:\/\/www.uaga.eus\/la-oive-organizacion-interprofesional-del-vino-de-espana-solicita-al-ministerio-de-agricultura-aumentar-el-presupuesto-para-el-sector-vitivinicola-ante-la-crisis-causada-por-la-covid-19\/\"]}]},{\"@type\":\"BreadcrumbList\",\"@id\":\"https:\/\/www.uaga.eus\/la-oive-organizacion-interprofesional-del-vino-de-espana-solicita-al-ministerio-de-agricultura-aumentar-el-presupuesto-para-el-sector-vitivinicola-ante-la-crisis-causada-por-la-covid-19\/#breadcrumb\",\"itemListElement\":[{\"@type\":\"ListItem\",\"position\":1,\"name\":\"Inicio\",\"item\":\"https:\/\/www.uaga.eus\/\"},{\"@type\":\"ListItem\",\"position\":2,\"name\":\"La OIVE, Organizaci\u00f3n Interprofesional del Vino de Espa\u00f1a, solicita al Ministerio de Agricultura aumentar el presupuesto para el sector vitivin\u00edcola ante la crisis causada por la COVID-19\"}]},{\"@type\":\"WebSite\",\"@id\":\"https:\/\/www.uaga.eus\/#website\",\"url\":\"https:\/\/www.uaga.eus\/\",\"name\":\"UAGA\",\"description\":\"Uni\u00f3n Agroganadera de \u00c1lava - Araba Nekazarien Elkartea\",\"potentialAction\":[{\"@type\":\"SearchAction\",\"target\":{\"@type\":\"EntryPoint\",\"urlTemplate\":\"https:\/\/www.uaga.eus\/?s={search_term_string}\"},\"query-input\":\"required name=search_term_string\"}],\"inLanguage\":\"eu\"},{\"@type\":\"Person\",\"@id\":\"https:\/\/www.uaga.eus\/#\/schema\/person\/48c3cbf0f33d1b788226dbb6518689cf\",\"name\":\"Blanca S\u00e1nchez\",\"image\":{\"@type\":\"ImageObject\",\"inLanguage\":\"eu\",\"@id\":\"https:\/\/www.uaga.eus\/#\/schema\/person\/image\/\",\"url\":\"https:\/\/secure.gravatar.com\/avatar\/0dc91c20648254b1ce84877283f6751b?s=96&d=mm&r=g\",\"contentUrl\":\"https:\/\/secure.gravatar.com\/avatar\/0dc91c20648254b1ce84877283f6751b?s=96&d=mm&r=g\",\"caption\":\"Blanca S\u00e1nchez\"},\"url\":\"https:\/\/www.uaga.eus\/eu\/author\/bsanchez\/\"}]}<\/script>\n<!-- \/ Yoast SEO plugin. -->","yoast_head_json":{"title":"La OIVE, Organizaci\u00f3n Interprofesional del Vino de Espa\u00f1a, solicita al Ministerio de Agricultura aumentar el presupuesto para el sector vitivin\u00edcola ante la crisis causada por la COVID-19 - UAGA","robots":{"index":"index","follow":"follow","max-snippet":"max-snippet:-1","max-image-preview":"max-image-preview:large","max-video-preview":"max-video-preview:-1"},"canonical":"https:\/\/www.uaga.eus\/la-oive-organizacion-interprofesional-del-vino-de-espana-solicita-al-ministerio-de-agricultura-aumentar-el-presupuesto-para-el-sector-vitivinicola-ante-la-crisis-causada-por-la-covid-19\/","og_locale":"en_US","og_type":"article","og_title":"La OIVE, Organizaci\u00f3n Interprofesional del Vino de Espa\u00f1a, solicita al Ministerio de Agricultura aumentar el presupuesto para el sector vitivin\u00edcola ante la crisis causada por la COVID-19 - UAGA","og_description":"La entidades que integran la Organizaci\u00f3n Interprofesional del Vino de Espa\u00f1a, COAG, ASAJA, UPA, Cooperativas Agroalimentarias de Espa\u00f1a, FEV y AEVE, se han reunido el pasado 20 de mayo, acordando solicitar al Ministerio de Agricultura que \u00a0las medidas extraordinarias para el sector vitivin\u00edcola ante la crisis provocada por la COVID19 se doten con mayor presupuesto, [&hellip;]","og_url":"https:\/\/www.uaga.eus\/la-oive-organizacion-interprofesional-del-vino-de-espana-solicita-al-ministerio-de-agricultura-aumentar-el-presupuesto-para-el-sector-vitivinicola-ante-la-crisis-causada-por-la-covid-19\/","og_site_name":"UAGA","article_published_time":"2020-05-29T13:07:41+00:00","og_image":[{"width":700,"height":467,"url":"https:\/\/www.uaga.eus\/wp-content\/uploads\/2018\/05\/botellas-vino-reserva-e1526627319222.jpg","type":"image\/jpeg"}],"author":"Blanca S\u00e1nchez","twitter_card":"summary_large_image","twitter_misc":{"Written by":"Blanca S\u00e1nchez","Est. reading time":"1 minutua"},"schema":{"@context":"https:\/\/schema.org","@graph":[{"@type":"WebPage","@id":"https:\/\/www.uaga.eus\/la-oive-organizacion-interprofesional-del-vino-de-espana-solicita-al-ministerio-de-agricultura-aumentar-el-presupuesto-para-el-sector-vitivinicola-ante-la-crisis-causada-por-la-covid-19\/","url":"https:\/\/www.uaga.eus\/la-oive-organizacion-interprofesional-del-vino-de-espana-solicita-al-ministerio-de-agricultura-aumentar-el-presupuesto-para-el-sector-vitivinicola-ante-la-crisis-causada-por-la-covid-19\/","name":"La OIVE, Organizaci\u00f3n Interprofesional del Vino de Espa\u00f1a, solicita al Ministerio de Agricultura aumentar el presupuesto para el sector vitivin\u00edcola ante la crisis causada por la COVID-19 - UAGA","isPartOf":{"@id":"https:\/\/www.uaga.eus\/#website"},"datePublished":"2020-05-29T13:07:41+00:00","dateModified":"2020-05-29T13:07:41+00:00","author":{"@id":"https:\/\/www.uaga.eus\/#\/schema\/person\/48c3cbf0f33d1b788226dbb6518689cf"},"breadcrumb":{"@id":"https:\/\/www.uaga.eus\/la-oive-organizacion-interprofesional-del-vino-de-espana-solicita-al-ministerio-de-agricultura-aumentar-el-presupuesto-para-el-sector-vitivinicola-ante-la-crisis-causada-por-la-covid-19\/#breadcrumb"},"inLanguage":"eu","potentialAction":[{"@type":"ReadAction","target":["https:\/\/www.uaga.eus\/la-oive-organizacion-interprofesional-del-vino-de-espana-solicita-al-ministerio-de-agricultura-aumentar-el-presupuesto-para-el-sector-vitivinicola-ante-la-crisis-causada-por-la-covid-19\/"]}]},{"@type":"BreadcrumbList","@id":"https:\/\/www.uaga.eus\/la-oive-organizacion-interprofesional-del-vino-de-espana-solicita-al-ministerio-de-agricultura-aumentar-el-presupuesto-para-el-sector-vitivinicola-ante-la-crisis-causada-por-la-covid-19\/#breadcrumb","itemListElement":[{"@type":"ListItem","position":1,"name":"Inicio","item":"https:\/\/www.uaga.eus\/"},{"@type":"ListItem","position":2,"name":"La OIVE, Organizaci\u00f3n Interprofesional del Vino de Espa\u00f1a, solicita al Ministerio de Agricultura aumentar el presupuesto para el sector vitivin\u00edcola ante la crisis causada por la COVID-19"}]},{"@type":"WebSite","@id":"https:\/\/www.uaga.eus\/#website","url":"https:\/\/www.uaga.eus\/","name":"UAGA","description":"Uni\u00f3n Agroganadera de \u00c1lava - Araba Nekazarien Elkartea","potentialAction":[{"@type":"SearchAction","target":{"@type":"EntryPoint","urlTemplate":"https:\/\/www.uaga.eus\/?s={search_term_string}"},"query-input":"required name=search_term_string"}],"inLanguage":"eu"},{"@type":"Person","@id":"https:\/\/www.uaga.eus\/#\/schema\/person\/48c3cbf0f33d1b788226dbb6518689cf","name":"Blanca S\u00e1nchez","image":{"@type":"ImageObject","inLanguage":"eu","@id":"https:\/\/www.uaga.eus\/#\/schema\/person\/image\/","url":"https:\/\/secure.gravatar.com\/avatar\/0dc91c20648254b1ce84877283f6751b?s=96&d=mm&r=g","contentUrl":"https:\/\/secure.gravatar.com\/avatar\/0dc91c20648254b1ce84877283f6751b?s=96&d=mm&r=g","caption":"Blanca S\u00e1nchez"},"url":"https:\/\/www.uaga.eus\/eu\/author\/bsanchez\/"}]}},"_links":{"self":[{"href":"https:\/\/www.uaga.eus\/eu\/wp-json\/wp\/v2\/posts\/7576"}],"collection":[{"href":"https:\/\/www.uaga.eus\/eu\/wp-json\/wp\/v2\/posts"}],"about":[{"href":"https:\/\/www.uaga.eus\/eu\/wp-json\/wp\/v2\/types\/post"}],"author":[{"embeddable":true,"href":"https:\/\/www.uaga.eus\/eu\/wp-json\/wp\/v2\/users\/4"}],"replies":[{"embeddable":true,"href":"https:\/\/www.uaga.eus\/eu\/wp-json\/wp\/v2\/comments?post=7576"}],"version-history":[{"count":1,"href":"https:\/\/www.uaga.eus\/eu\/wp-json\/wp\/v2\/posts\/7576\/revisions"}],"predecessor-version":[{"id":7577,"href":"https:\/\/www.uaga.eus\/eu\/wp-json\/wp\/v2\/posts\/7576\/revisions\/7577"}],"wp:featuredmedia":[{"embeddable":true,"href":"https:\/\/www.uaga.eus\/eu\/wp-json\/wp\/v2\/media\/2855"}],"wp:attachment":[{"href":"https:\/\/www.uaga.eus\/eu\/wp-json\/wp\/v2\/media?parent=7576"}],"wp:term":[{"taxonomy":"category","embeddable":true,"href":"https:\/\/www.uaga.eus\/eu\/wp-json\/wp\/v2\/categories?post=7576"},{"taxonomy":"post_tag","embeddable":true,"href":"https:\/\/www.uaga.eus\/eu\/wp-json\/wp\/v2\/tags?post=7576"}],"curies":[{"name":"wp","href":"https:\/\/api.w.org\/{rel}","templated":true}]}}