{"id":7554,"date":"2020-05-27T13:17:35","date_gmt":"2020-05-27T13:17:35","guid":{"rendered":"https:\/\/www.uaga.eus\/?p=7554"},"modified":"2020-05-27T13:17:35","modified_gmt":"2020-05-27T13:17:35","slug":"coag-solicita-al-ministerio-de-agricultura-un-reforzamiento-de-la-pac-en-el-nuevo-presupuesto-de-la-ue-para-garantizar-la-seguridad-alimentaria-de-europa","status":"publish","type":"post","link":"https:\/\/www.uaga.eus\/eu\/coag-solicita-al-ministerio-de-agricultura-un-reforzamiento-de-la-pac-en-el-nuevo-presupuesto-de-la-ue-para-garantizar-la-seguridad-alimentaria-de-europa\/","title":{"rendered":"COAG solicita al Ministerio de Agricultura un reforzamiento de la PAC en el nuevo presupuesto de la UE para garantizar la seguridad alimentaria de Europa"},"content":{"rendered":"<p>En el Consejo Europeo de hoy se inicia la negociaci\u00f3n del Marco Financiero Europeo, sobre la nueva propuesta que presentar\u00e1 la Comisi\u00f3n para el periodo 2021-2027, donde la agricultura espa\u00f1ola se juega m\u00e1s de 45.000 millones de euros para los pr\u00f3ximos siete a\u00f1os.<\/p>\n<p>En el caso de la pol\u00edtica agraria, Europa no puede permitirse una dependencia alimentaria de terceros pa\u00edses y el enfoque pol\u00edtico debe girar en torno a los conceptos de seguridad y soberan\u00eda alimentaria, compromiso de lucha contra el cambio clim\u00e1tico y gesti\u00f3n y vertebraci\u00f3n del medio rural.<\/p>\n<p>COAG ha trasladado al Gobierno espa\u00f1ol que, para abordar la incertidumbre actual, necesitamos un escenario de seguridad y estabilidad, por lo que una pr\u00f3rroga de las disposiciones y l\u00edmites del presupuesto de 2020 para 2021, incluso para 2022, ser\u00eda deseable.<\/p>\n<p>Desde COAG se valora de forma positiva la posici\u00f3n un\u00e1nime del Comit\u00e9 de Agricultura del Parlamento Europeo en relaci\u00f3n a los reglamentos de transici\u00f3n de la PAC, acordando un per\u00edodo de transici\u00f3n flexible de hasta dos a\u00f1os de duraci\u00f3n, etapa en la que se garantizar\u00eda una financiaci\u00f3n asegurada, sin recortes, tanto del primer pilar de la PAC como del desarrollo rural.<\/p>\n<p>Puedes ver la nota de prensa completa de COAG en este <a href=\"https:\/\/mcusercontent.com\/498b950ccfc4b8d0e600d7e48\/files\/c682bc0a-5141-40b0-8a02-fcd5ef2c1856\/202526_COAG_PRESUPUESTO_UE_Y_PAC.pdf\" target=\"_blank\" rel=\"noopener\" data-cke-saved-href=\"https:\/\/mcusercontent.com\/498b950ccfc4b8d0e600d7e48\/files\/c682bc0a-5141-40b0-8a02-fcd5ef2c1856\/202526_COAG_PRESUPUESTO_UE_Y_PAC.pdf\">enlace<\/a>.<\/p>\n","protected":false},"excerpt":{"rendered":"<p>En el Consejo Europeo de hoy se inicia la negociaci\u00f3n del Marco Financiero Europeo, sobre la nueva propuesta que presentar\u00e1 la Comisi\u00f3n para el periodo 2021-2027, donde la agricultura espa\u00f1ola se juega m\u00e1s de 45.000 millones de euros para los pr\u00f3ximos siete a\u00f1os. En el caso de la pol\u00edtica agraria, Europa no puede permitirse una [&hellip;]<\/p>\n","protected":false},"author":4,"featured_media":7555,"comment_status":"closed","ping_status":"closed","sticky":false,"template":"","format":"standard","meta":{"footnotes":""},"categories":[3,4],"tags":[],"yoast_head":"<!-- This site is optimized with the Yoast SEO plugin v21.5 - https:\/\/yoast.com\/wordpress\/plugins\/seo\/ -->\n<title>COAG solicita al Ministerio de Agricultura un reforzamiento de la PAC en el nuevo presupuesto de la UE para garantizar la seguridad alimentaria de Europa - UAGA<\/title>\n<meta name=\"robots\" content=\"index, follow, max-snippet:-1, max-image-preview:large, max-video-preview:-1\" \/>\n<link rel=\"canonical\" href=\"https:\/\/www.uaga.eus\/coag-solicita-al-ministerio-de-agricultura-un-reforzamiento-de-la-pac-en-el-nuevo-presupuesto-de-la-ue-para-garantizar-la-seguridad-alimentaria-de-europa\/\" \/>\n<meta property=\"og:locale\" content=\"en_US\" \/>\n<meta property=\"og:type\" content=\"article\" \/>\n<meta property=\"og:title\" content=\"COAG solicita al Ministerio de Agricultura un reforzamiento de la PAC en el nuevo presupuesto de la UE para garantizar la seguridad alimentaria de Europa - UAGA\" \/>\n<meta property=\"og:description\" content=\"En el Consejo Europeo de hoy se inicia la negociaci\u00f3n del Marco Financiero Europeo, sobre la nueva propuesta que presentar\u00e1 la Comisi\u00f3n para el periodo 2021-2027, donde la agricultura espa\u00f1ola se juega m\u00e1s de 45.000 millones de euros para los pr\u00f3ximos siete a\u00f1os. En el caso de la pol\u00edtica agraria, Europa no puede permitirse una [&hellip;]\" \/>\n<meta property=\"og:url\" content=\"https:\/\/www.uaga.eus\/coag-solicita-al-ministerio-de-agricultura-un-reforzamiento-de-la-pac-en-el-nuevo-presupuesto-de-la-ue-para-garantizar-la-seguridad-alimentaria-de-europa\/\" \/>\n<meta property=\"og:site_name\" content=\"UAGA\" \/>\n<meta property=\"article:published_time\" content=\"2020-05-27T13:17:35+00:00\" \/>\n<meta property=\"og:image\" content=\"https:\/\/www.uaga.eus\/wp-content\/uploads\/2020\/05\/veza.jpg\" \/>\n\t<meta property=\"og:image:width\" content=\"650\" \/>\n\t<meta property=\"og:image:height\" content=\"366\" \/>\n\t<meta property=\"og:image:type\" content=\"image\/jpeg\" \/>\n<meta name=\"author\" content=\"Blanca S\u00e1nchez\" \/>\n<meta name=\"twitter:card\" content=\"summary_large_image\" \/>\n<meta name=\"twitter:label1\" content=\"Written by\" \/>\n\t<meta name=\"twitter:data1\" content=\"Blanca S\u00e1nchez\" \/>\n\t<meta name=\"twitter:label2\" content=\"Est. reading time\" \/>\n\t<meta name=\"twitter:data2\" content=\"1 minutua\" \/>\n<script type=\"application\/ld+json\" class=\"yoast-schema-graph\">{\"@context\":\"https:\/\/schema.org\",\"@graph\":[{\"@type\":\"WebPage\",\"@id\":\"https:\/\/www.uaga.eus\/coag-solicita-al-ministerio-de-agricultura-un-reforzamiento-de-la-pac-en-el-nuevo-presupuesto-de-la-ue-para-garantizar-la-seguridad-alimentaria-de-europa\/\",\"url\":\"https:\/\/www.uaga.eus\/coag-solicita-al-ministerio-de-agricultura-un-reforzamiento-de-la-pac-en-el-nuevo-presupuesto-de-la-ue-para-garantizar-la-seguridad-alimentaria-de-europa\/\",\"name\":\"COAG solicita al Ministerio de Agricultura un reforzamiento de la PAC en el nuevo presupuesto de la UE para garantizar la seguridad alimentaria de Europa - UAGA\",\"isPartOf\":{\"@id\":\"https:\/\/www.uaga.eus\/#website\"},\"datePublished\":\"2020-05-27T13:17:35+00:00\",\"dateModified\":\"2020-05-27T13:17:35+00:00\",\"author\":{\"@id\":\"https:\/\/www.uaga.eus\/#\/schema\/person\/48c3cbf0f33d1b788226dbb6518689cf\"},\"breadcrumb\":{\"@id\":\"https:\/\/www.uaga.eus\/coag-solicita-al-ministerio-de-agricultura-un-reforzamiento-de-la-pac-en-el-nuevo-presupuesto-de-la-ue-para-garantizar-la-seguridad-alimentaria-de-europa\/#breadcrumb\"},\"inLanguage\":\"eu\",\"potentialAction\":[{\"@type\":\"ReadAction\",\"target\":[\"https:\/\/www.uaga.eus\/coag-solicita-al-ministerio-de-agricultura-un-reforzamiento-de-la-pac-en-el-nuevo-presupuesto-de-la-ue-para-garantizar-la-seguridad-alimentaria-de-europa\/\"]}]},{\"@type\":\"BreadcrumbList\",\"@id\":\"https:\/\/www.uaga.eus\/coag-solicita-al-ministerio-de-agricultura-un-reforzamiento-de-la-pac-en-el-nuevo-presupuesto-de-la-ue-para-garantizar-la-seguridad-alimentaria-de-europa\/#breadcrumb\",\"itemListElement\":[{\"@type\":\"ListItem\",\"position\":1,\"name\":\"Inicio\",\"item\":\"https:\/\/www.uaga.eus\/\"},{\"@type\":\"ListItem\",\"position\":2,\"name\":\"COAG solicita al Ministerio de Agricultura un reforzamiento de la PAC en el nuevo presupuesto de la UE para garantizar la seguridad alimentaria de Europa\"}]},{\"@type\":\"WebSite\",\"@id\":\"https:\/\/www.uaga.eus\/#website\",\"url\":\"https:\/\/www.uaga.eus\/\",\"name\":\"UAGA\",\"description\":\"Uni\u00f3n Agroganadera de \u00c1lava - Araba Nekazarien Elkartea\",\"potentialAction\":[{\"@type\":\"SearchAction\",\"target\":{\"@type\":\"EntryPoint\",\"urlTemplate\":\"https:\/\/www.uaga.eus\/?s={search_term_string}\"},\"query-input\":\"required name=search_term_string\"}],\"inLanguage\":\"eu\"},{\"@type\":\"Person\",\"@id\":\"https:\/\/www.uaga.eus\/#\/schema\/person\/48c3cbf0f33d1b788226dbb6518689cf\",\"name\":\"Blanca S\u00e1nchez\",\"image\":{\"@type\":\"ImageObject\",\"inLanguage\":\"eu\",\"@id\":\"https:\/\/www.uaga.eus\/#\/schema\/person\/image\/\",\"url\":\"https:\/\/secure.gravatar.com\/avatar\/0dc91c20648254b1ce84877283f6751b?s=96&d=mm&r=g\",\"contentUrl\":\"https:\/\/secure.gravatar.com\/avatar\/0dc91c20648254b1ce84877283f6751b?s=96&d=mm&r=g\",\"caption\":\"Blanca S\u00e1nchez\"},\"url\":\"https:\/\/www.uaga.eus\/eu\/author\/bsanchez\/\"}]}<\/script>\n<!-- \/ Yoast SEO plugin. -->","yoast_head_json":{"title":"COAG solicita al Ministerio de Agricultura un reforzamiento de la PAC en el nuevo presupuesto de la UE para garantizar la seguridad alimentaria de Europa - UAGA","robots":{"index":"index","follow":"follow","max-snippet":"max-snippet:-1","max-image-preview":"max-image-preview:large","max-video-preview":"max-video-preview:-1"},"canonical":"https:\/\/www.uaga.eus\/coag-solicita-al-ministerio-de-agricultura-un-reforzamiento-de-la-pac-en-el-nuevo-presupuesto-de-la-ue-para-garantizar-la-seguridad-alimentaria-de-europa\/","og_locale":"en_US","og_type":"article","og_title":"COAG solicita al Ministerio de Agricultura un reforzamiento de la PAC en el nuevo presupuesto de la UE para garantizar la seguridad alimentaria de Europa - UAGA","og_description":"En el Consejo Europeo de hoy se inicia la negociaci\u00f3n del Marco Financiero Europeo, sobre la nueva propuesta que presentar\u00e1 la Comisi\u00f3n para el periodo 2021-2027, donde la agricultura espa\u00f1ola se juega m\u00e1s de 45.000 millones de euros para los pr\u00f3ximos siete a\u00f1os. En el caso de la pol\u00edtica agraria, Europa no puede permitirse una [&hellip;]","og_url":"https:\/\/www.uaga.eus\/coag-solicita-al-ministerio-de-agricultura-un-reforzamiento-de-la-pac-en-el-nuevo-presupuesto-de-la-ue-para-garantizar-la-seguridad-alimentaria-de-europa\/","og_site_name":"UAGA","article_published_time":"2020-05-27T13:17:35+00:00","og_image":[{"width":650,"height":366,"url":"https:\/\/www.uaga.eus\/wp-content\/uploads\/2020\/05\/veza.jpg","type":"image\/jpeg"}],"author":"Blanca S\u00e1nchez","twitter_card":"summary_large_image","twitter_misc":{"Written by":"Blanca S\u00e1nchez","Est. reading time":"1 minutua"},"schema":{"@context":"https:\/\/schema.org","@graph":[{"@type":"WebPage","@id":"https:\/\/www.uaga.eus\/coag-solicita-al-ministerio-de-agricultura-un-reforzamiento-de-la-pac-en-el-nuevo-presupuesto-de-la-ue-para-garantizar-la-seguridad-alimentaria-de-europa\/","url":"https:\/\/www.uaga.eus\/coag-solicita-al-ministerio-de-agricultura-un-reforzamiento-de-la-pac-en-el-nuevo-presupuesto-de-la-ue-para-garantizar-la-seguridad-alimentaria-de-europa\/","name":"COAG solicita al Ministerio de Agricultura un reforzamiento de la PAC en el nuevo presupuesto de la UE para garantizar la seguridad alimentaria de Europa - UAGA","isPartOf":{"@id":"https:\/\/www.uaga.eus\/#website"},"datePublished":"2020-05-27T13:17:35+00:00","dateModified":"2020-05-27T13:17:35+00:00","author":{"@id":"https:\/\/www.uaga.eus\/#\/schema\/person\/48c3cbf0f33d1b788226dbb6518689cf"},"breadcrumb":{"@id":"https:\/\/www.uaga.eus\/coag-solicita-al-ministerio-de-agricultura-un-reforzamiento-de-la-pac-en-el-nuevo-presupuesto-de-la-ue-para-garantizar-la-seguridad-alimentaria-de-europa\/#breadcrumb"},"inLanguage":"eu","potentialAction":[{"@type":"ReadAction","target":["https:\/\/www.uaga.eus\/coag-solicita-al-ministerio-de-agricultura-un-reforzamiento-de-la-pac-en-el-nuevo-presupuesto-de-la-ue-para-garantizar-la-seguridad-alimentaria-de-europa\/"]}]},{"@type":"BreadcrumbList","@id":"https:\/\/www.uaga.eus\/coag-solicita-al-ministerio-de-agricultura-un-reforzamiento-de-la-pac-en-el-nuevo-presupuesto-de-la-ue-para-garantizar-la-seguridad-alimentaria-de-europa\/#breadcrumb","itemListElement":[{"@type":"ListItem","position":1,"name":"Inicio","item":"https:\/\/www.uaga.eus\/"},{"@type":"ListItem","position":2,"name":"COAG solicita al Ministerio de Agricultura un reforzamiento de la PAC en el nuevo presupuesto de la UE para garantizar la seguridad alimentaria de Europa"}]},{"@type":"WebSite","@id":"https:\/\/www.uaga.eus\/#website","url":"https:\/\/www.uaga.eus\/","name":"UAGA","description":"Uni\u00f3n Agroganadera de \u00c1lava - Araba Nekazarien Elkartea","potentialAction":[{"@type":"SearchAction","target":{"@type":"EntryPoint","urlTemplate":"https:\/\/www.uaga.eus\/?s={search_term_string}"},"query-input":"required name=search_term_string"}],"inLanguage":"eu"},{"@type":"Person","@id":"https:\/\/www.uaga.eus\/#\/schema\/person\/48c3cbf0f33d1b788226dbb6518689cf","name":"Blanca S\u00e1nchez","image":{"@type":"ImageObject","inLanguage":"eu","@id":"https:\/\/www.uaga.eus\/#\/schema\/person\/image\/","url":"https:\/\/secure.gravatar.com\/avatar\/0dc91c20648254b1ce84877283f6751b?s=96&d=mm&r=g","contentUrl":"https:\/\/secure.gravatar.com\/avatar\/0dc91c20648254b1ce84877283f6751b?s=96&d=mm&r=g","caption":"Blanca S\u00e1nchez"},"url":"https:\/\/www.uaga.eus\/eu\/author\/bsanchez\/"}]}},"_links":{"self":[{"href":"https:\/\/www.uaga.eus\/eu\/wp-json\/wp\/v2\/posts\/7554"}],"collection":[{"href":"https:\/\/www.uaga.eus\/eu\/wp-json\/wp\/v2\/posts"}],"about":[{"href":"https:\/\/www.uaga.eus\/eu\/wp-json\/wp\/v2\/types\/post"}],"author":[{"embeddable":true,"href":"https:\/\/www.uaga.eus\/eu\/wp-json\/wp\/v2\/users\/4"}],"replies":[{"embeddable":true,"href":"https:\/\/www.uaga.eus\/eu\/wp-json\/wp\/v2\/comments?post=7554"}],"version-history":[{"count":2,"href":"https:\/\/www.uaga.eus\/eu\/wp-json\/wp\/v2\/posts\/7554\/revisions"}],"predecessor-version":[{"id":7557,"href":"https:\/\/www.uaga.eus\/eu\/wp-json\/wp\/v2\/posts\/7554\/revisions\/7557"}],"wp:featuredmedia":[{"embeddable":true,"href":"https:\/\/www.uaga.eus\/eu\/wp-json\/wp\/v2\/media\/7555"}],"wp:attachment":[{"href":"https:\/\/www.uaga.eus\/eu\/wp-json\/wp\/v2\/media?parent=7554"}],"wp:term":[{"taxonomy":"category","embeddable":true,"href":"https:\/\/www.uaga.eus\/eu\/wp-json\/wp\/v2\/categories?post=7554"},{"taxonomy":"post_tag","embeddable":true,"href":"https:\/\/www.uaga.eus\/eu\/wp-json\/wp\/v2\/tags?post=7554"}],"curies":[{"name":"wp","href":"https:\/\/api.w.org\/{rel}","templated":true}]}}