{"id":7537,"date":"2020-05-27T13:02:36","date_gmt":"2020-05-27T13:02:36","guid":{"rendered":"https:\/\/www.uaga.eus\/?p=7537"},"modified":"2020-05-27T13:02:36","modified_gmt":"2020-05-27T13:02:36","slug":"10-de-junio-jornada-online-sobre-flexibilizacion-de-los-requisitos-higienico-sanitarios-del-sector-de-los-transformados-vegetales","status":"publish","type":"post","link":"https:\/\/www.uaga.eus\/eu\/10-de-junio-jornada-online-sobre-flexibilizacion-de-los-requisitos-higienico-sanitarios-del-sector-de-los-transformados-vegetales\/","title":{"rendered":"10 de junio,\u00a0jornada\u00a0 online sobre flexibilizaci\u00f3n de los requisitos higi\u00e9nico-sanitarios del sector de los transformados vegetales"},"content":{"rendered":"<p>En la normativa auton\u00f3mica elaborada sobre la flexibilizaci\u00f3n de requisitos higi\u00e9nico-sanitarios, destinada a peque\u00f1os establecimientos, se han desarrollado las normas para diversos sectores de especial inter\u00e9s en el la CAPV, entre ellos el sector de los transformados vegetales.<\/p>\n<p>ELIKA ha organizado un curso online de formaci\u00f3n espec\u00edfico sobre el sector de los transformados vegetales, dirigido tanto a operadores que deseen acogerse a la nueva normativa flexibilizada como a personal t\u00e9cnico relacionado con la materia.<\/p>\n<p>El curso tendr\u00e1 lugar el 10 de junio, de 10 a 12:30 h.<\/p>\n<p>Puedes ver el programa e inscribirte <a href=\"https:\/\/www.elika.eus\/eventos\/curso-online-flexibilizacion-de-los-requisitos-higienico-sanitarios-del-sector-de-vegetales\/?utm_campaign=difusion-curso-online-flexi&amp;utm_medium=email&amp;utm_source=acumbamail\" target=\"_blank\" rel=\"noopener\" data-cke-saved-href=\"https:\/\/www.elika.eus\/eventos\/curso-online-flexibilizacion-de-los-requisitos-higienico-sanitarios-del-sector-de-vegetales\/?utm_campaign=difusion-curso-online-flexi&amp;utm_medium=email&amp;utm_source=acumbamail\">aqu\u00ed<\/a><\/p>\n<div><\/div>\n<div><\/div>\n","protected":false},"excerpt":{"rendered":"<p>En la normativa auton\u00f3mica elaborada sobre la flexibilizaci\u00f3n de requisitos higi\u00e9nico-sanitarios, destinada a peque\u00f1os establecimientos, se han desarrollado las normas para diversos sectores de especial inter\u00e9s en el la CAPV, entre ellos el sector de los transformados vegetales. ELIKA ha organizado un curso online de formaci\u00f3n espec\u00edfico sobre el sector de los transformados vegetales, dirigido [&hellip;]<\/p>\n","protected":false},"author":4,"featured_media":3023,"comment_status":"closed","ping_status":"closed","sticky":false,"template":"","format":"standard","meta":{"footnotes":""},"categories":[66],"tags":[],"yoast_head":"<!-- This site is optimized with the Yoast SEO plugin v21.5 - https:\/\/yoast.com\/wordpress\/plugins\/seo\/ -->\n<title>10 de junio,\u00a0jornada\u00a0 online sobre flexibilizaci\u00f3n de los requisitos higi\u00e9nico-sanitarios del sector de los transformados vegetales - UAGA<\/title>\n<meta name=\"robots\" content=\"index, follow, max-snippet:-1, max-image-preview:large, max-video-preview:-1\" \/>\n<link rel=\"canonical\" href=\"https:\/\/www.uaga.eus\/10-de-junio-jornada-online-sobre-flexibilizacion-de-los-requisitos-higienico-sanitarios-del-sector-de-los-transformados-vegetales\/\" \/>\n<meta property=\"og:locale\" content=\"en_US\" \/>\n<meta property=\"og:type\" content=\"article\" \/>\n<meta property=\"og:title\" content=\"10 de junio,\u00a0jornada\u00a0 online sobre flexibilizaci\u00f3n de los requisitos higi\u00e9nico-sanitarios del sector de los transformados vegetales - UAGA\" \/>\n<meta property=\"og:description\" content=\"En la normativa auton\u00f3mica elaborada sobre la flexibilizaci\u00f3n de requisitos higi\u00e9nico-sanitarios, destinada a peque\u00f1os establecimientos, se han desarrollado las normas para diversos sectores de especial inter\u00e9s en el la CAPV, entre ellos el sector de los transformados vegetales. ELIKA ha organizado un curso online de formaci\u00f3n espec\u00edfico sobre el sector de los transformados vegetales, dirigido [&hellip;]\" \/>\n<meta property=\"og:url\" content=\"https:\/\/www.uaga.eus\/10-de-junio-jornada-online-sobre-flexibilizacion-de-los-requisitos-higienico-sanitarios-del-sector-de-los-transformados-vegetales\/\" \/>\n<meta property=\"og:site_name\" content=\"UAGA\" \/>\n<meta property=\"article:published_time\" content=\"2020-05-27T13:02:36+00:00\" \/>\n<meta property=\"og:image\" content=\"https:\/\/www.uaga.eus\/wp-content\/uploads\/2018\/06\/conserva-tomates-e1529579642479.jpg\" \/>\n\t<meta property=\"og:image:width\" content=\"700\" \/>\n\t<meta property=\"og:image:height\" content=\"353\" \/>\n\t<meta property=\"og:image:type\" content=\"image\/jpeg\" \/>\n<meta name=\"author\" content=\"Blanca S\u00e1nchez\" \/>\n<meta name=\"twitter:card\" content=\"summary_large_image\" \/>\n<meta name=\"twitter:label1\" content=\"Written by\" \/>\n\t<meta name=\"twitter:data1\" content=\"Blanca S\u00e1nchez\" \/>\n<script type=\"application\/ld+json\" class=\"yoast-schema-graph\">{\"@context\":\"https:\/\/schema.org\",\"@graph\":[{\"@type\":\"WebPage\",\"@id\":\"https:\/\/www.uaga.eus\/10-de-junio-jornada-online-sobre-flexibilizacion-de-los-requisitos-higienico-sanitarios-del-sector-de-los-transformados-vegetales\/\",\"url\":\"https:\/\/www.uaga.eus\/10-de-junio-jornada-online-sobre-flexibilizacion-de-los-requisitos-higienico-sanitarios-del-sector-de-los-transformados-vegetales\/\",\"name\":\"10 de junio,\u00a0jornada\u00a0 online sobre flexibilizaci\u00f3n de los requisitos higi\u00e9nico-sanitarios del sector de los transformados vegetales - UAGA\",\"isPartOf\":{\"@id\":\"https:\/\/www.uaga.eus\/#website\"},\"datePublished\":\"2020-05-27T13:02:36+00:00\",\"dateModified\":\"2020-05-27T13:02:36+00:00\",\"author\":{\"@id\":\"https:\/\/www.uaga.eus\/#\/schema\/person\/48c3cbf0f33d1b788226dbb6518689cf\"},\"breadcrumb\":{\"@id\":\"https:\/\/www.uaga.eus\/10-de-junio-jornada-online-sobre-flexibilizacion-de-los-requisitos-higienico-sanitarios-del-sector-de-los-transformados-vegetales\/#breadcrumb\"},\"inLanguage\":\"eu\",\"potentialAction\":[{\"@type\":\"ReadAction\",\"target\":[\"https:\/\/www.uaga.eus\/10-de-junio-jornada-online-sobre-flexibilizacion-de-los-requisitos-higienico-sanitarios-del-sector-de-los-transformados-vegetales\/\"]}]},{\"@type\":\"BreadcrumbList\",\"@id\":\"https:\/\/www.uaga.eus\/10-de-junio-jornada-online-sobre-flexibilizacion-de-los-requisitos-higienico-sanitarios-del-sector-de-los-transformados-vegetales\/#breadcrumb\",\"itemListElement\":[{\"@type\":\"ListItem\",\"position\":1,\"name\":\"Inicio\",\"item\":\"https:\/\/www.uaga.eus\/\"},{\"@type\":\"ListItem\",\"position\":2,\"name\":\"10 de junio,\u00a0jornada\u00a0 online sobre flexibilizaci\u00f3n de los requisitos higi\u00e9nico-sanitarios del sector de los transformados vegetales\"}]},{\"@type\":\"WebSite\",\"@id\":\"https:\/\/www.uaga.eus\/#website\",\"url\":\"https:\/\/www.uaga.eus\/\",\"name\":\"UAGA\",\"description\":\"Uni\u00f3n Agroganadera de \u00c1lava - Araba Nekazarien Elkartea\",\"potentialAction\":[{\"@type\":\"SearchAction\",\"target\":{\"@type\":\"EntryPoint\",\"urlTemplate\":\"https:\/\/www.uaga.eus\/?s={search_term_string}\"},\"query-input\":\"required name=search_term_string\"}],\"inLanguage\":\"eu\"},{\"@type\":\"Person\",\"@id\":\"https:\/\/www.uaga.eus\/#\/schema\/person\/48c3cbf0f33d1b788226dbb6518689cf\",\"name\":\"Blanca S\u00e1nchez\",\"image\":{\"@type\":\"ImageObject\",\"inLanguage\":\"eu\",\"@id\":\"https:\/\/www.uaga.eus\/#\/schema\/person\/image\/\",\"url\":\"https:\/\/secure.gravatar.com\/avatar\/0dc91c20648254b1ce84877283f6751b?s=96&d=mm&r=g\",\"contentUrl\":\"https:\/\/secure.gravatar.com\/avatar\/0dc91c20648254b1ce84877283f6751b?s=96&d=mm&r=g\",\"caption\":\"Blanca S\u00e1nchez\"},\"url\":\"https:\/\/www.uaga.eus\/eu\/author\/bsanchez\/\"}]}<\/script>\n<!-- \/ Yoast SEO plugin. -->","yoast_head_json":{"title":"10 de junio,\u00a0jornada\u00a0 online sobre flexibilizaci\u00f3n de los requisitos higi\u00e9nico-sanitarios del sector de los transformados vegetales - UAGA","robots":{"index":"index","follow":"follow","max-snippet":"max-snippet:-1","max-image-preview":"max-image-preview:large","max-video-preview":"max-video-preview:-1"},"canonical":"https:\/\/www.uaga.eus\/10-de-junio-jornada-online-sobre-flexibilizacion-de-los-requisitos-higienico-sanitarios-del-sector-de-los-transformados-vegetales\/","og_locale":"en_US","og_type":"article","og_title":"10 de junio,\u00a0jornada\u00a0 online sobre flexibilizaci\u00f3n de los requisitos higi\u00e9nico-sanitarios del sector de los transformados vegetales - UAGA","og_description":"En la normativa auton\u00f3mica elaborada sobre la flexibilizaci\u00f3n de requisitos higi\u00e9nico-sanitarios, destinada a peque\u00f1os establecimientos, se han desarrollado las normas para diversos sectores de especial inter\u00e9s en el la CAPV, entre ellos el sector de los transformados vegetales. ELIKA ha organizado un curso online de formaci\u00f3n espec\u00edfico sobre el sector de los transformados vegetales, dirigido [&hellip;]","og_url":"https:\/\/www.uaga.eus\/10-de-junio-jornada-online-sobre-flexibilizacion-de-los-requisitos-higienico-sanitarios-del-sector-de-los-transformados-vegetales\/","og_site_name":"UAGA","article_published_time":"2020-05-27T13:02:36+00:00","og_image":[{"width":700,"height":353,"url":"https:\/\/www.uaga.eus\/wp-content\/uploads\/2018\/06\/conserva-tomates-e1529579642479.jpg","type":"image\/jpeg"}],"author":"Blanca S\u00e1nchez","twitter_card":"summary_large_image","twitter_misc":{"Written by":"Blanca S\u00e1nchez"},"schema":{"@context":"https:\/\/schema.org","@graph":[{"@type":"WebPage","@id":"https:\/\/www.uaga.eus\/10-de-junio-jornada-online-sobre-flexibilizacion-de-los-requisitos-higienico-sanitarios-del-sector-de-los-transformados-vegetales\/","url":"https:\/\/www.uaga.eus\/10-de-junio-jornada-online-sobre-flexibilizacion-de-los-requisitos-higienico-sanitarios-del-sector-de-los-transformados-vegetales\/","name":"10 de junio,\u00a0jornada\u00a0 online sobre flexibilizaci\u00f3n de los requisitos higi\u00e9nico-sanitarios del sector de los transformados vegetales - UAGA","isPartOf":{"@id":"https:\/\/www.uaga.eus\/#website"},"datePublished":"2020-05-27T13:02:36+00:00","dateModified":"2020-05-27T13:02:36+00:00","author":{"@id":"https:\/\/www.uaga.eus\/#\/schema\/person\/48c3cbf0f33d1b788226dbb6518689cf"},"breadcrumb":{"@id":"https:\/\/www.uaga.eus\/10-de-junio-jornada-online-sobre-flexibilizacion-de-los-requisitos-higienico-sanitarios-del-sector-de-los-transformados-vegetales\/#breadcrumb"},"inLanguage":"eu","potentialAction":[{"@type":"ReadAction","target":["https:\/\/www.uaga.eus\/10-de-junio-jornada-online-sobre-flexibilizacion-de-los-requisitos-higienico-sanitarios-del-sector-de-los-transformados-vegetales\/"]}]},{"@type":"BreadcrumbList","@id":"https:\/\/www.uaga.eus\/10-de-junio-jornada-online-sobre-flexibilizacion-de-los-requisitos-higienico-sanitarios-del-sector-de-los-transformados-vegetales\/#breadcrumb","itemListElement":[{"@type":"ListItem","position":1,"name":"Inicio","item":"https:\/\/www.uaga.eus\/"},{"@type":"ListItem","position":2,"name":"10 de junio,\u00a0jornada\u00a0 online sobre flexibilizaci\u00f3n de los requisitos higi\u00e9nico-sanitarios del sector de los transformados vegetales"}]},{"@type":"WebSite","@id":"https:\/\/www.uaga.eus\/#website","url":"https:\/\/www.uaga.eus\/","name":"UAGA","description":"Uni\u00f3n Agroganadera de \u00c1lava - Araba Nekazarien Elkartea","potentialAction":[{"@type":"SearchAction","target":{"@type":"EntryPoint","urlTemplate":"https:\/\/www.uaga.eus\/?s={search_term_string}"},"query-input":"required name=search_term_string"}],"inLanguage":"eu"},{"@type":"Person","@id":"https:\/\/www.uaga.eus\/#\/schema\/person\/48c3cbf0f33d1b788226dbb6518689cf","name":"Blanca S\u00e1nchez","image":{"@type":"ImageObject","inLanguage":"eu","@id":"https:\/\/www.uaga.eus\/#\/schema\/person\/image\/","url":"https:\/\/secure.gravatar.com\/avatar\/0dc91c20648254b1ce84877283f6751b?s=96&d=mm&r=g","contentUrl":"https:\/\/secure.gravatar.com\/avatar\/0dc91c20648254b1ce84877283f6751b?s=96&d=mm&r=g","caption":"Blanca S\u00e1nchez"},"url":"https:\/\/www.uaga.eus\/eu\/author\/bsanchez\/"}]}},"_links":{"self":[{"href":"https:\/\/www.uaga.eus\/eu\/wp-json\/wp\/v2\/posts\/7537"}],"collection":[{"href":"https:\/\/www.uaga.eus\/eu\/wp-json\/wp\/v2\/posts"}],"about":[{"href":"https:\/\/www.uaga.eus\/eu\/wp-json\/wp\/v2\/types\/post"}],"author":[{"embeddable":true,"href":"https:\/\/www.uaga.eus\/eu\/wp-json\/wp\/v2\/users\/4"}],"replies":[{"embeddable":true,"href":"https:\/\/www.uaga.eus\/eu\/wp-json\/wp\/v2\/comments?post=7537"}],"version-history":[{"count":1,"href":"https:\/\/www.uaga.eus\/eu\/wp-json\/wp\/v2\/posts\/7537\/revisions"}],"predecessor-version":[{"id":7538,"href":"https:\/\/www.uaga.eus\/eu\/wp-json\/wp\/v2\/posts\/7537\/revisions\/7538"}],"wp:featuredmedia":[{"embeddable":true,"href":"https:\/\/www.uaga.eus\/eu\/wp-json\/wp\/v2\/media\/3023"}],"wp:attachment":[{"href":"https:\/\/www.uaga.eus\/eu\/wp-json\/wp\/v2\/media?parent=7537"}],"wp:term":[{"taxonomy":"category","embeddable":true,"href":"https:\/\/www.uaga.eus\/eu\/wp-json\/wp\/v2\/categories?post=7537"},{"taxonomy":"post_tag","embeddable":true,"href":"https:\/\/www.uaga.eus\/eu\/wp-json\/wp\/v2\/tags?post=7537"}],"curies":[{"name":"wp","href":"https:\/\/api.w.org\/{rel}","templated":true}]}}