{"id":7503,"date":"2020-05-22T12:50:05","date_gmt":"2020-05-22T12:50:05","guid":{"rendered":"https:\/\/www.uaga.eus\/?p=7503"},"modified":"2020-05-22T12:50:05","modified_gmt":"2020-05-22T12:50:05","slug":"uaga-inicia-la-contratacion-de-remolacha-azucarera-para-la-campana-2020-2021","status":"publish","type":"post","link":"https:\/\/www.uaga.eus\/eu\/uaga-inicia-la-contratacion-de-remolacha-azucarera-para-la-campana-2020-2021\/","title":{"rendered":"UAGA inicia la contrataci\u00f3n de remolacha azucarera para la campa\u00f1a 2020-2021"},"content":{"rendered":"<p>UAGA ha defendido en numerosas ocasiones la importancia para el sector agrario alav\u00e9s de mantener el cultivo de la remolacha a pesar de las dificultades que ha tenido este sector en los \u00faltimos a\u00f1os sobre todo por los bajos precios y las dificultades de negociaci\u00f3n con la Azucarera.<\/p>\n<p>Una campa\u00f1a m\u00e1s, el sector remolachero de UAGA se ha comprometido con el cultivo, con 73 explotaciones que han sembrado este a\u00f1o. Sin embargo, se ha reducido la superficie cultivada, habi\u00e9ndose sembrado alrededor de un 20% menos de superficie contratada que en la campa\u00f1a anterior.<\/p>\n<p>Durante 2019 y 2020, los responsables del sector de remolacha de UAGA han realizado un esfuerzo muy importante para que el precio de remolacha sea suficiente para garantizar la viabilidad de las explotaciones, habiendo mantenido multitud de conversaciones tanto con la industria como con las administraciones, Gobierno Vasco y Diputaci\u00f3n, administraciones que tambi\u00e9n se est\u00e1n comprometiendo con el mantenimiento del sector.<\/p>\n<p>Con el inicio de la campa\u00f1a, UAGA ha comenzado esta semana la contrataci\u00f3n para la campa\u00f1a 2020-2021.<\/p>\n<p>Dado el actual estado de alarma sanitaria provocado por el COVID-19, la atenci\u00f3n desde UAGA se est\u00e1 haciendo preferentemente v\u00eda telem\u00e1tica,\u00a0 por lo que hemos definido las siguientes v\u00edas para que nos env\u00edes la PAC, documentaci\u00f3n necesaria para redactar los contratos.<\/p>\n<p><strong>De manera preferente, proponemos el env\u00edo telem\u00e1tico de la PAC,<\/strong> aprovechando adem\u00e1s que este a\u00f1o muchas explotaciones habeis hecho la declaraci\u00f3n de la PAC de manera telem\u00e1tica y teneis guardada la PAC en formato PDF.<br \/>\nPuedes enviarnos el fichero PDF a trav\u00e9s de mail <strong>a la direcci\u00f3n de correo\u00a0<\/strong><strong><u><a href=\"mailto:nbernaus@uaga.eus\" data-cke-saved-href=\"mailto:nbernaus@uaga.eus\">nbernaus@uaga.eus<\/a><\/u><\/strong>\u00a0<strong>o <\/strong><strong>por Whatsapp al tel\u00e9fono 615779583.<\/strong><\/p>\n<p>Tambi\u00e9n puedes enviarnos la PAC de las dos siguientes maneras:<\/p>\n<ul>\n<li>enviando una fotograf\u00eda de las p\u00e1ginas de la PAC por Whatsapp al tel\u00e9fono 615779583, siempre comprobando que todas las p\u00e1ginas sean legibles.<\/li>\n<li>dejando una copia de la PAC en papel en la recepci\u00f3n de UAGA, donde podemos hacer la copia<\/li>\n<\/ul>\n<p>Por favor, te agradecer\u00edamos trajeras cuanto antes la documentaci\u00f3n para tener preparada la contrataci\u00f3n a principios de junio.<\/p>\n<div>+ info: YOLANDA 615779584 \/\u00a0N\u00c0DIA\u00a0\u00a0615779583<\/div>\n","protected":false},"excerpt":{"rendered":"<p>UAGA ha defendido en numerosas ocasiones la importancia para el sector agrario alav\u00e9s de mantener el cultivo de la remolacha a pesar de las dificultades que ha tenido este sector en los \u00faltimos a\u00f1os sobre todo por los bajos precios y las dificultades de negociaci\u00f3n con la Azucarera. Una campa\u00f1a m\u00e1s, el sector remolachero de [&hellip;]<\/p>\n","protected":false},"author":4,"featured_media":7487,"comment_status":"closed","ping_status":"closed","sticky":false,"template":"","format":"standard","meta":{"footnotes":""},"categories":[7],"tags":[],"yoast_head":"<!-- This site is optimized with the Yoast SEO plugin v21.5 - https:\/\/yoast.com\/wordpress\/plugins\/seo\/ -->\n<title>UAGA inicia la contrataci\u00f3n de remolacha azucarera para la campa\u00f1a 2020-2021 - UAGA<\/title>\n<meta name=\"robots\" content=\"index, follow, max-snippet:-1, max-image-preview:large, max-video-preview:-1\" \/>\n<link rel=\"canonical\" href=\"https:\/\/www.uaga.eus\/uaga-inicia-la-contratacion-de-remolacha-azucarera-para-la-campana-2020-2021\/\" \/>\n<meta property=\"og:locale\" content=\"en_US\" \/>\n<meta property=\"og:type\" content=\"article\" \/>\n<meta property=\"og:title\" content=\"UAGA inicia la contrataci\u00f3n de remolacha azucarera para la campa\u00f1a 2020-2021 - UAGA\" \/>\n<meta property=\"og:description\" content=\"UAGA ha defendido en numerosas ocasiones la importancia para el sector agrario alav\u00e9s de mantener el cultivo de la remolacha a pesar de las dificultades que ha tenido este sector en los \u00faltimos a\u00f1os sobre todo por los bajos precios y las dificultades de negociaci\u00f3n con la Azucarera. Una campa\u00f1a m\u00e1s, el sector remolachero de [&hellip;]\" \/>\n<meta property=\"og:url\" content=\"https:\/\/www.uaga.eus\/uaga-inicia-la-contratacion-de-remolacha-azucarera-para-la-campana-2020-2021\/\" \/>\n<meta property=\"og:site_name\" content=\"UAGA\" \/>\n<meta property=\"article:published_time\" content=\"2020-05-22T12:50:05+00:00\" \/>\n<meta property=\"og:image\" content=\"https:\/\/www.uaga.eus\/wp-content\/uploads\/2020\/05\/remolacha-azucarera-2-e1590151781429.jpg\" \/>\n\t<meta property=\"og:image:width\" content=\"700\" \/>\n\t<meta property=\"og:image:height\" content=\"418\" \/>\n\t<meta property=\"og:image:type\" content=\"image\/jpeg\" \/>\n<meta name=\"author\" content=\"Blanca S\u00e1nchez\" \/>\n<meta name=\"twitter:card\" content=\"summary_large_image\" \/>\n<meta name=\"twitter:label1\" content=\"Written by\" \/>\n\t<meta name=\"twitter:data1\" content=\"Blanca S\u00e1nchez\" \/>\n\t<meta name=\"twitter:label2\" content=\"Est. reading time\" \/>\n\t<meta name=\"twitter:data2\" content=\"2 minutua\" \/>\n<script type=\"application\/ld+json\" class=\"yoast-schema-graph\">{\"@context\":\"https:\/\/schema.org\",\"@graph\":[{\"@type\":\"WebPage\",\"@id\":\"https:\/\/www.uaga.eus\/uaga-inicia-la-contratacion-de-remolacha-azucarera-para-la-campana-2020-2021\/\",\"url\":\"https:\/\/www.uaga.eus\/uaga-inicia-la-contratacion-de-remolacha-azucarera-para-la-campana-2020-2021\/\",\"name\":\"UAGA inicia la contrataci\u00f3n de remolacha azucarera para la campa\u00f1a 2020-2021 - UAGA\",\"isPartOf\":{\"@id\":\"https:\/\/www.uaga.eus\/#website\"},\"datePublished\":\"2020-05-22T12:50:05+00:00\",\"dateModified\":\"2020-05-22T12:50:05+00:00\",\"author\":{\"@id\":\"https:\/\/www.uaga.eus\/#\/schema\/person\/48c3cbf0f33d1b788226dbb6518689cf\"},\"breadcrumb\":{\"@id\":\"https:\/\/www.uaga.eus\/uaga-inicia-la-contratacion-de-remolacha-azucarera-para-la-campana-2020-2021\/#breadcrumb\"},\"inLanguage\":\"eu\",\"potentialAction\":[{\"@type\":\"ReadAction\",\"target\":[\"https:\/\/www.uaga.eus\/uaga-inicia-la-contratacion-de-remolacha-azucarera-para-la-campana-2020-2021\/\"]}]},{\"@type\":\"BreadcrumbList\",\"@id\":\"https:\/\/www.uaga.eus\/uaga-inicia-la-contratacion-de-remolacha-azucarera-para-la-campana-2020-2021\/#breadcrumb\",\"itemListElement\":[{\"@type\":\"ListItem\",\"position\":1,\"name\":\"Inicio\",\"item\":\"https:\/\/www.uaga.eus\/\"},{\"@type\":\"ListItem\",\"position\":2,\"name\":\"UAGA inicia la contrataci\u00f3n de remolacha azucarera para la campa\u00f1a 2020-2021\"}]},{\"@type\":\"WebSite\",\"@id\":\"https:\/\/www.uaga.eus\/#website\",\"url\":\"https:\/\/www.uaga.eus\/\",\"name\":\"UAGA\",\"description\":\"Uni\u00f3n Agroganadera de \u00c1lava - Araba Nekazarien Elkartea\",\"potentialAction\":[{\"@type\":\"SearchAction\",\"target\":{\"@type\":\"EntryPoint\",\"urlTemplate\":\"https:\/\/www.uaga.eus\/?s={search_term_string}\"},\"query-input\":\"required name=search_term_string\"}],\"inLanguage\":\"eu\"},{\"@type\":\"Person\",\"@id\":\"https:\/\/www.uaga.eus\/#\/schema\/person\/48c3cbf0f33d1b788226dbb6518689cf\",\"name\":\"Blanca S\u00e1nchez\",\"image\":{\"@type\":\"ImageObject\",\"inLanguage\":\"eu\",\"@id\":\"https:\/\/www.uaga.eus\/#\/schema\/person\/image\/\",\"url\":\"https:\/\/secure.gravatar.com\/avatar\/0dc91c20648254b1ce84877283f6751b?s=96&d=mm&r=g\",\"contentUrl\":\"https:\/\/secure.gravatar.com\/avatar\/0dc91c20648254b1ce84877283f6751b?s=96&d=mm&r=g\",\"caption\":\"Blanca S\u00e1nchez\"},\"url\":\"https:\/\/www.uaga.eus\/eu\/author\/bsanchez\/\"}]}<\/script>\n<!-- \/ Yoast SEO plugin. -->","yoast_head_json":{"title":"UAGA inicia la contrataci\u00f3n de remolacha azucarera para la campa\u00f1a 2020-2021 - UAGA","robots":{"index":"index","follow":"follow","max-snippet":"max-snippet:-1","max-image-preview":"max-image-preview:large","max-video-preview":"max-video-preview:-1"},"canonical":"https:\/\/www.uaga.eus\/uaga-inicia-la-contratacion-de-remolacha-azucarera-para-la-campana-2020-2021\/","og_locale":"en_US","og_type":"article","og_title":"UAGA inicia la contrataci\u00f3n de remolacha azucarera para la campa\u00f1a 2020-2021 - UAGA","og_description":"UAGA ha defendido en numerosas ocasiones la importancia para el sector agrario alav\u00e9s de mantener el cultivo de la remolacha a pesar de las dificultades que ha tenido este sector en los \u00faltimos a\u00f1os sobre todo por los bajos precios y las dificultades de negociaci\u00f3n con la Azucarera. Una campa\u00f1a m\u00e1s, el sector remolachero de [&hellip;]","og_url":"https:\/\/www.uaga.eus\/uaga-inicia-la-contratacion-de-remolacha-azucarera-para-la-campana-2020-2021\/","og_site_name":"UAGA","article_published_time":"2020-05-22T12:50:05+00:00","og_image":[{"width":700,"height":418,"url":"https:\/\/www.uaga.eus\/wp-content\/uploads\/2020\/05\/remolacha-azucarera-2-e1590151781429.jpg","type":"image\/jpeg"}],"author":"Blanca S\u00e1nchez","twitter_card":"summary_large_image","twitter_misc":{"Written by":"Blanca S\u00e1nchez","Est. reading time":"2 minutua"},"schema":{"@context":"https:\/\/schema.org","@graph":[{"@type":"WebPage","@id":"https:\/\/www.uaga.eus\/uaga-inicia-la-contratacion-de-remolacha-azucarera-para-la-campana-2020-2021\/","url":"https:\/\/www.uaga.eus\/uaga-inicia-la-contratacion-de-remolacha-azucarera-para-la-campana-2020-2021\/","name":"UAGA inicia la contrataci\u00f3n de remolacha azucarera para la campa\u00f1a 2020-2021 - UAGA","isPartOf":{"@id":"https:\/\/www.uaga.eus\/#website"},"datePublished":"2020-05-22T12:50:05+00:00","dateModified":"2020-05-22T12:50:05+00:00","author":{"@id":"https:\/\/www.uaga.eus\/#\/schema\/person\/48c3cbf0f33d1b788226dbb6518689cf"},"breadcrumb":{"@id":"https:\/\/www.uaga.eus\/uaga-inicia-la-contratacion-de-remolacha-azucarera-para-la-campana-2020-2021\/#breadcrumb"},"inLanguage":"eu","potentialAction":[{"@type":"ReadAction","target":["https:\/\/www.uaga.eus\/uaga-inicia-la-contratacion-de-remolacha-azucarera-para-la-campana-2020-2021\/"]}]},{"@type":"BreadcrumbList","@id":"https:\/\/www.uaga.eus\/uaga-inicia-la-contratacion-de-remolacha-azucarera-para-la-campana-2020-2021\/#breadcrumb","itemListElement":[{"@type":"ListItem","position":1,"name":"Inicio","item":"https:\/\/www.uaga.eus\/"},{"@type":"ListItem","position":2,"name":"UAGA inicia la contrataci\u00f3n de remolacha azucarera para la campa\u00f1a 2020-2021"}]},{"@type":"WebSite","@id":"https:\/\/www.uaga.eus\/#website","url":"https:\/\/www.uaga.eus\/","name":"UAGA","description":"Uni\u00f3n Agroganadera de \u00c1lava - Araba Nekazarien Elkartea","potentialAction":[{"@type":"SearchAction","target":{"@type":"EntryPoint","urlTemplate":"https:\/\/www.uaga.eus\/?s={search_term_string}"},"query-input":"required name=search_term_string"}],"inLanguage":"eu"},{"@type":"Person","@id":"https:\/\/www.uaga.eus\/#\/schema\/person\/48c3cbf0f33d1b788226dbb6518689cf","name":"Blanca S\u00e1nchez","image":{"@type":"ImageObject","inLanguage":"eu","@id":"https:\/\/www.uaga.eus\/#\/schema\/person\/image\/","url":"https:\/\/secure.gravatar.com\/avatar\/0dc91c20648254b1ce84877283f6751b?s=96&d=mm&r=g","contentUrl":"https:\/\/secure.gravatar.com\/avatar\/0dc91c20648254b1ce84877283f6751b?s=96&d=mm&r=g","caption":"Blanca S\u00e1nchez"},"url":"https:\/\/www.uaga.eus\/eu\/author\/bsanchez\/"}]}},"_links":{"self":[{"href":"https:\/\/www.uaga.eus\/eu\/wp-json\/wp\/v2\/posts\/7503"}],"collection":[{"href":"https:\/\/www.uaga.eus\/eu\/wp-json\/wp\/v2\/posts"}],"about":[{"href":"https:\/\/www.uaga.eus\/eu\/wp-json\/wp\/v2\/types\/post"}],"author":[{"embeddable":true,"href":"https:\/\/www.uaga.eus\/eu\/wp-json\/wp\/v2\/users\/4"}],"replies":[{"embeddable":true,"href":"https:\/\/www.uaga.eus\/eu\/wp-json\/wp\/v2\/comments?post=7503"}],"version-history":[{"count":2,"href":"https:\/\/www.uaga.eus\/eu\/wp-json\/wp\/v2\/posts\/7503\/revisions"}],"predecessor-version":[{"id":7505,"href":"https:\/\/www.uaga.eus\/eu\/wp-json\/wp\/v2\/posts\/7503\/revisions\/7505"}],"wp:featuredmedia":[{"embeddable":true,"href":"https:\/\/www.uaga.eus\/eu\/wp-json\/wp\/v2\/media\/7487"}],"wp:attachment":[{"href":"https:\/\/www.uaga.eus\/eu\/wp-json\/wp\/v2\/media?parent=7503"}],"wp:term":[{"taxonomy":"category","embeddable":true,"href":"https:\/\/www.uaga.eus\/eu\/wp-json\/wp\/v2\/categories?post=7503"},{"taxonomy":"post_tag","embeddable":true,"href":"https:\/\/www.uaga.eus\/eu\/wp-json\/wp\/v2\/tags?post=7503"}],"curies":[{"name":"wp","href":"https:\/\/api.w.org\/{rel}","templated":true}]}}