{"id":7497,"date":"2020-05-22T12:43:57","date_gmt":"2020-05-22T12:43:57","guid":{"rendered":"https:\/\/www.uaga.eus\/?p=7497"},"modified":"2020-05-22T12:45:08","modified_gmt":"2020-05-22T12:45:08","slug":"uaga-informa-sobre-la-obligatoriedad-del-uso-de-mascarillas-y-las-nuevas-condiciones-de-ocupacion-en-los-vehiculos-por-carretera","status":"publish","type":"post","link":"https:\/\/www.uaga.eus\/eu\/uaga-informa-sobre-la-obligatoriedad-del-uso-de-mascarillas-y-las-nuevas-condiciones-de-ocupacion-en-los-vehiculos-por-carretera\/","title":{"rendered":"UAGA informa sobre la obligatoriedad del uso de mascarillas y las nuevas condiciones de ocupaci\u00f3n en los veh\u00edculos por carretera"},"content":{"rendered":"<p><span style=\"font-family: arial, helvetica neue, helvetica, sans-serif;\">Esta semana se ha publicado la Orden TMA\/424\/2020, de 20 de mayo, por la que se modifica la Orden TMA\/384\/2020, de 3 de mayo, que dicta las instrucciones sobre la utilizaci\u00f3n de mascarillas en los distintos medios de transporte y fija los requisitos para garantizar una movilidad segura de conformidad con el plan para la transici\u00f3n hacia una nueva normalidad.<\/span><\/p>\n<p>En cuanto al uso de <strong>mascarillas en los veh\u00edculos<\/strong>, en los veh\u00edculos de hasta nueve plazas, incluido el conductor, tanto en los transportes p\u00fablicos, privados complementarios y privados particulares de viajeros, los ocupantes deben llevar mascarilla cuando no todos convivan en el mismo domicilio.<\/p>\n<p>En los veh\u00edculos con una sola fila de asientos, como cabinas de veh\u00edculos pesados, furgonetas, u otros, en los que viaje m\u00e1s de un ocupante, deber\u00e1 utilizarse mascarilla cuando no convivan en el mismo domicilio.<\/p>\n<p>En cuanto a la <strong>ocupaci\u00f3n de los veh\u00edculos<\/strong>, en el caso en que todas las personas que viajen residan en el mismo domicilio, podr\u00e1n viajar tantas personas como plazas tenga el veh\u00edculo.<\/p>\n<p>Cuando no todas convivan en el mismo domicilio, podr\u00e1n desplazarse dos personas por cada fila de asientos, siempre que respeten la m\u00e1xima distancia posible entre los ocupantes.<\/p>\n<p>En los veh\u00edculos con una sola fila de asientos, como cabinas de veh\u00edculos pesados, furgonetas, u otros, en los que viaje m\u00e1s de un ocupante, podr\u00e1n viajar como m\u00e1ximo dos personas, y siempre guardando la m\u00e1xima distancia posible.<\/p>\n<p>Puedes consultar la Orden en este <a href=\"https:\/\/www.boe.es\/boe\/dias\/2020\/05\/21\/pdfs\/BOE-A-2020-5192.pdf\" target=\"_blank\" rel=\"noopener\" data-cke-saved-href=\"https:\/\/www.boe.es\/boe\/dias\/2020\/05\/21\/pdfs\/BOE-A-2020-5192.pdf\">enlace<\/a>.<\/p>\n<div>+INFO YOLANDA: 615 779 584<\/div>\n","protected":false},"excerpt":{"rendered":"<p>Esta semana se ha publicado la Orden TMA\/424\/2020, de 20 de mayo, por la que se modifica la Orden TMA\/384\/2020, de 3 de mayo, que dicta las instrucciones sobre la utilizaci\u00f3n de mascarillas en los distintos medios de transporte y fija los requisitos para garantizar una movilidad segura de conformidad con el plan para la [&hellip;]<\/p>\n","protected":false},"author":4,"featured_media":7367,"comment_status":"closed","ping_status":"closed","sticky":false,"template":"","format":"standard","meta":{"footnotes":""},"categories":[7,111,37],"tags":[],"yoast_head":"<!-- This site is optimized with the Yoast SEO plugin v21.5 - https:\/\/yoast.com\/wordpress\/plugins\/seo\/ -->\n<title>UAGA informa sobre la obligatoriedad del uso de mascarillas y las nuevas condiciones de ocupaci\u00f3n en los veh\u00edculos por carretera - UAGA<\/title>\n<meta name=\"robots\" content=\"index, follow, max-snippet:-1, max-image-preview:large, max-video-preview:-1\" \/>\n<link rel=\"canonical\" href=\"https:\/\/www.uaga.eus\/uaga-informa-sobre-la-obligatoriedad-del-uso-de-mascarillas-y-las-nuevas-condiciones-de-ocupacion-en-los-vehiculos-por-carretera\/\" \/>\n<meta property=\"og:locale\" content=\"en_US\" \/>\n<meta property=\"og:type\" content=\"article\" \/>\n<meta property=\"og:title\" content=\"UAGA informa sobre la obligatoriedad del uso de mascarillas y las nuevas condiciones de ocupaci\u00f3n en los veh\u00edculos por carretera - UAGA\" \/>\n<meta property=\"og:description\" content=\"Esta semana se ha publicado la Orden TMA\/424\/2020, de 20 de mayo, por la que se modifica la Orden TMA\/384\/2020, de 3 de mayo, que dicta las instrucciones sobre la utilizaci\u00f3n de mascarillas en los distintos medios de transporte y fija los requisitos para garantizar una movilidad segura de conformidad con el plan para la [&hellip;]\" \/>\n<meta property=\"og:url\" content=\"https:\/\/www.uaga.eus\/uaga-informa-sobre-la-obligatoriedad-del-uso-de-mascarillas-y-las-nuevas-condiciones-de-ocupacion-en-los-vehiculos-por-carretera\/\" \/>\n<meta property=\"og:site_name\" content=\"UAGA\" \/>\n<meta property=\"article:published_time\" content=\"2020-05-22T12:43:57+00:00\" \/>\n<meta property=\"article:modified_time\" content=\"2020-05-22T12:45:08+00:00\" \/>\n<meta property=\"og:image\" content=\"https:\/\/www.uaga.eus\/wp-content\/uploads\/2020\/05\/furgoneta-en-carretera-transporte-e1588681052376.jpg\" \/>\n\t<meta property=\"og:image:width\" content=\"700\" \/>\n\t<meta property=\"og:image:height\" content=\"353\" \/>\n\t<meta property=\"og:image:type\" content=\"image\/jpeg\" \/>\n<meta name=\"author\" content=\"Blanca S\u00e1nchez\" \/>\n<meta name=\"twitter:card\" content=\"summary_large_image\" \/>\n<meta name=\"twitter:label1\" content=\"Written by\" \/>\n\t<meta name=\"twitter:data1\" content=\"Blanca S\u00e1nchez\" \/>\n\t<meta name=\"twitter:label2\" content=\"Est. reading time\" \/>\n\t<meta name=\"twitter:data2\" content=\"1 minutua\" \/>\n<script type=\"application\/ld+json\" class=\"yoast-schema-graph\">{\"@context\":\"https:\/\/schema.org\",\"@graph\":[{\"@type\":\"WebPage\",\"@id\":\"https:\/\/www.uaga.eus\/uaga-informa-sobre-la-obligatoriedad-del-uso-de-mascarillas-y-las-nuevas-condiciones-de-ocupacion-en-los-vehiculos-por-carretera\/\",\"url\":\"https:\/\/www.uaga.eus\/uaga-informa-sobre-la-obligatoriedad-del-uso-de-mascarillas-y-las-nuevas-condiciones-de-ocupacion-en-los-vehiculos-por-carretera\/\",\"name\":\"UAGA informa sobre la obligatoriedad del uso de mascarillas y las nuevas condiciones de ocupaci\u00f3n en los veh\u00edculos por carretera - UAGA\",\"isPartOf\":{\"@id\":\"https:\/\/www.uaga.eus\/#website\"},\"datePublished\":\"2020-05-22T12:43:57+00:00\",\"dateModified\":\"2020-05-22T12:45:08+00:00\",\"author\":{\"@id\":\"https:\/\/www.uaga.eus\/#\/schema\/person\/48c3cbf0f33d1b788226dbb6518689cf\"},\"breadcrumb\":{\"@id\":\"https:\/\/www.uaga.eus\/uaga-informa-sobre-la-obligatoriedad-del-uso-de-mascarillas-y-las-nuevas-condiciones-de-ocupacion-en-los-vehiculos-por-carretera\/#breadcrumb\"},\"inLanguage\":\"eu\",\"potentialAction\":[{\"@type\":\"ReadAction\",\"target\":[\"https:\/\/www.uaga.eus\/uaga-informa-sobre-la-obligatoriedad-del-uso-de-mascarillas-y-las-nuevas-condiciones-de-ocupacion-en-los-vehiculos-por-carretera\/\"]}]},{\"@type\":\"BreadcrumbList\",\"@id\":\"https:\/\/www.uaga.eus\/uaga-informa-sobre-la-obligatoriedad-del-uso-de-mascarillas-y-las-nuevas-condiciones-de-ocupacion-en-los-vehiculos-por-carretera\/#breadcrumb\",\"itemListElement\":[{\"@type\":\"ListItem\",\"position\":1,\"name\":\"Inicio\",\"item\":\"https:\/\/www.uaga.eus\/\"},{\"@type\":\"ListItem\",\"position\":2,\"name\":\"UAGA informa sobre la obligatoriedad del uso de mascarillas y las nuevas condiciones de ocupaci\u00f3n en los veh\u00edculos por carretera\"}]},{\"@type\":\"WebSite\",\"@id\":\"https:\/\/www.uaga.eus\/#website\",\"url\":\"https:\/\/www.uaga.eus\/\",\"name\":\"UAGA\",\"description\":\"Uni\u00f3n Agroganadera de \u00c1lava - Araba Nekazarien Elkartea\",\"potentialAction\":[{\"@type\":\"SearchAction\",\"target\":{\"@type\":\"EntryPoint\",\"urlTemplate\":\"https:\/\/www.uaga.eus\/?s={search_term_string}\"},\"query-input\":\"required name=search_term_string\"}],\"inLanguage\":\"eu\"},{\"@type\":\"Person\",\"@id\":\"https:\/\/www.uaga.eus\/#\/schema\/person\/48c3cbf0f33d1b788226dbb6518689cf\",\"name\":\"Blanca S\u00e1nchez\",\"image\":{\"@type\":\"ImageObject\",\"inLanguage\":\"eu\",\"@id\":\"https:\/\/www.uaga.eus\/#\/schema\/person\/image\/\",\"url\":\"https:\/\/secure.gravatar.com\/avatar\/0dc91c20648254b1ce84877283f6751b?s=96&d=mm&r=g\",\"contentUrl\":\"https:\/\/secure.gravatar.com\/avatar\/0dc91c20648254b1ce84877283f6751b?s=96&d=mm&r=g\",\"caption\":\"Blanca S\u00e1nchez\"},\"url\":\"https:\/\/www.uaga.eus\/eu\/author\/bsanchez\/\"}]}<\/script>\n<!-- \/ Yoast SEO plugin. -->","yoast_head_json":{"title":"UAGA informa sobre la obligatoriedad del uso de mascarillas y las nuevas condiciones de ocupaci\u00f3n en los veh\u00edculos por carretera - UAGA","robots":{"index":"index","follow":"follow","max-snippet":"max-snippet:-1","max-image-preview":"max-image-preview:large","max-video-preview":"max-video-preview:-1"},"canonical":"https:\/\/www.uaga.eus\/uaga-informa-sobre-la-obligatoriedad-del-uso-de-mascarillas-y-las-nuevas-condiciones-de-ocupacion-en-los-vehiculos-por-carretera\/","og_locale":"en_US","og_type":"article","og_title":"UAGA informa sobre la obligatoriedad del uso de mascarillas y las nuevas condiciones de ocupaci\u00f3n en los veh\u00edculos por carretera - UAGA","og_description":"Esta semana se ha publicado la Orden TMA\/424\/2020, de 20 de mayo, por la que se modifica la Orden TMA\/384\/2020, de 3 de mayo, que dicta las instrucciones sobre la utilizaci\u00f3n de mascarillas en los distintos medios de transporte y fija los requisitos para garantizar una movilidad segura de conformidad con el plan para la [&hellip;]","og_url":"https:\/\/www.uaga.eus\/uaga-informa-sobre-la-obligatoriedad-del-uso-de-mascarillas-y-las-nuevas-condiciones-de-ocupacion-en-los-vehiculos-por-carretera\/","og_site_name":"UAGA","article_published_time":"2020-05-22T12:43:57+00:00","article_modified_time":"2020-05-22T12:45:08+00:00","og_image":[{"width":700,"height":353,"url":"https:\/\/www.uaga.eus\/wp-content\/uploads\/2020\/05\/furgoneta-en-carretera-transporte-e1588681052376.jpg","type":"image\/jpeg"}],"author":"Blanca S\u00e1nchez","twitter_card":"summary_large_image","twitter_misc":{"Written by":"Blanca S\u00e1nchez","Est. reading time":"1 minutua"},"schema":{"@context":"https:\/\/schema.org","@graph":[{"@type":"WebPage","@id":"https:\/\/www.uaga.eus\/uaga-informa-sobre-la-obligatoriedad-del-uso-de-mascarillas-y-las-nuevas-condiciones-de-ocupacion-en-los-vehiculos-por-carretera\/","url":"https:\/\/www.uaga.eus\/uaga-informa-sobre-la-obligatoriedad-del-uso-de-mascarillas-y-las-nuevas-condiciones-de-ocupacion-en-los-vehiculos-por-carretera\/","name":"UAGA informa sobre la obligatoriedad del uso de mascarillas y las nuevas condiciones de ocupaci\u00f3n en los veh\u00edculos por carretera - UAGA","isPartOf":{"@id":"https:\/\/www.uaga.eus\/#website"},"datePublished":"2020-05-22T12:43:57+00:00","dateModified":"2020-05-22T12:45:08+00:00","author":{"@id":"https:\/\/www.uaga.eus\/#\/schema\/person\/48c3cbf0f33d1b788226dbb6518689cf"},"breadcrumb":{"@id":"https:\/\/www.uaga.eus\/uaga-informa-sobre-la-obligatoriedad-del-uso-de-mascarillas-y-las-nuevas-condiciones-de-ocupacion-en-los-vehiculos-por-carretera\/#breadcrumb"},"inLanguage":"eu","potentialAction":[{"@type":"ReadAction","target":["https:\/\/www.uaga.eus\/uaga-informa-sobre-la-obligatoriedad-del-uso-de-mascarillas-y-las-nuevas-condiciones-de-ocupacion-en-los-vehiculos-por-carretera\/"]}]},{"@type":"BreadcrumbList","@id":"https:\/\/www.uaga.eus\/uaga-informa-sobre-la-obligatoriedad-del-uso-de-mascarillas-y-las-nuevas-condiciones-de-ocupacion-en-los-vehiculos-por-carretera\/#breadcrumb","itemListElement":[{"@type":"ListItem","position":1,"name":"Inicio","item":"https:\/\/www.uaga.eus\/"},{"@type":"ListItem","position":2,"name":"UAGA informa sobre la obligatoriedad del uso de mascarillas y las nuevas condiciones de ocupaci\u00f3n en los veh\u00edculos por carretera"}]},{"@type":"WebSite","@id":"https:\/\/www.uaga.eus\/#website","url":"https:\/\/www.uaga.eus\/","name":"UAGA","description":"Uni\u00f3n Agroganadera de \u00c1lava - Araba Nekazarien Elkartea","potentialAction":[{"@type":"SearchAction","target":{"@type":"EntryPoint","urlTemplate":"https:\/\/www.uaga.eus\/?s={search_term_string}"},"query-input":"required name=search_term_string"}],"inLanguage":"eu"},{"@type":"Person","@id":"https:\/\/www.uaga.eus\/#\/schema\/person\/48c3cbf0f33d1b788226dbb6518689cf","name":"Blanca S\u00e1nchez","image":{"@type":"ImageObject","inLanguage":"eu","@id":"https:\/\/www.uaga.eus\/#\/schema\/person\/image\/","url":"https:\/\/secure.gravatar.com\/avatar\/0dc91c20648254b1ce84877283f6751b?s=96&d=mm&r=g","contentUrl":"https:\/\/secure.gravatar.com\/avatar\/0dc91c20648254b1ce84877283f6751b?s=96&d=mm&r=g","caption":"Blanca S\u00e1nchez"},"url":"https:\/\/www.uaga.eus\/eu\/author\/bsanchez\/"}]}},"_links":{"self":[{"href":"https:\/\/www.uaga.eus\/eu\/wp-json\/wp\/v2\/posts\/7497"}],"collection":[{"href":"https:\/\/www.uaga.eus\/eu\/wp-json\/wp\/v2\/posts"}],"about":[{"href":"https:\/\/www.uaga.eus\/eu\/wp-json\/wp\/v2\/types\/post"}],"author":[{"embeddable":true,"href":"https:\/\/www.uaga.eus\/eu\/wp-json\/wp\/v2\/users\/4"}],"replies":[{"embeddable":true,"href":"https:\/\/www.uaga.eus\/eu\/wp-json\/wp\/v2\/comments?post=7497"}],"version-history":[{"count":2,"href":"https:\/\/www.uaga.eus\/eu\/wp-json\/wp\/v2\/posts\/7497\/revisions"}],"predecessor-version":[{"id":7499,"href":"https:\/\/www.uaga.eus\/eu\/wp-json\/wp\/v2\/posts\/7497\/revisions\/7499"}],"wp:featuredmedia":[{"embeddable":true,"href":"https:\/\/www.uaga.eus\/eu\/wp-json\/wp\/v2\/media\/7367"}],"wp:attachment":[{"href":"https:\/\/www.uaga.eus\/eu\/wp-json\/wp\/v2\/media?parent=7497"}],"wp:term":[{"taxonomy":"category","embeddable":true,"href":"https:\/\/www.uaga.eus\/eu\/wp-json\/wp\/v2\/categories?post=7497"},{"taxonomy":"post_tag","embeddable":true,"href":"https:\/\/www.uaga.eus\/eu\/wp-json\/wp\/v2\/tags?post=7497"}],"curies":[{"name":"wp","href":"https:\/\/api.w.org\/{rel}","templated":true}]}}