{"id":7490,"date":"2020-05-22T12:40:42","date_gmt":"2020-05-22T12:40:42","guid":{"rendered":"https:\/\/www.uaga.eus\/?p=7490"},"modified":"2020-05-27T07:54:34","modified_gmt":"2020-05-27T07:54:34","slug":"ampliacion-de-plazo-de-las-itv-tanto-para-vehiculos-agricolas-como-para-vehiculos-privados","status":"publish","type":"post","link":"https:\/\/www.uaga.eus\/eu\/ampliacion-de-plazo-de-las-itv-tanto-para-vehiculos-agricolas-como-para-vehiculos-privados\/","title":{"rendered":"Ampliaci\u00f3n de plazo de las ITV tanto para veh\u00edculos agr\u00edcolas como para veh\u00edculos privados"},"content":{"rendered":"<p>El Ministerio de Sanidad ha ampliado el plazo de validez del certificado de inspecci\u00f3n t\u00e9cnica peri\u00f3dica de los veh\u00edculos.<\/p>\n<p>En el caso de los veh\u00edculos agr\u00edcolas destinados a labores en el campo, el plazo se prorroga hasta el 10 de noviembre de 2020.<\/p>\n<p>Para el resto de veh\u00edculos, los certificados de ITV cuya vigencia terminase durante el periodo del estado de alarma, adem\u00e1s de los 30 d\u00edas de pr\u00f3rroga inicial, se ampl\u00eda el plazo en 15 d\u00edas por cada semana transcurrida desde el inicio del estado de alarma hasta que se hubiera producido el vencimiento del certificado, seg\u00fan el siguiente cuadro:<\/p>\n<table class=\" cke_show_border\" border=\"0\" cellspacing=\"0\" cellpadding=\"0\" align=\"center\">\n<tbody>\n<tr>\n<td><strong>Fecha de inspecci\u00f3n inicial<\/strong><\/td>\n<td><strong>Periodo de pr\u00f3rroga<\/strong><\/td>\n<\/tr>\n<tr>\n<td>Semana 1: 14 a 20 de marzo.<\/td>\n<td>30 d\u00edas m\u00e1s 15 d\u00edas adicionales.<\/td>\n<\/tr>\n<tr>\n<td>Semana 2: 21 a 27 de marzo.<\/td>\n<td>30 d\u00edas m\u00e1s 2 periodos de 15 d\u00edas.<\/td>\n<\/tr>\n<tr>\n<td>Semana 3: 28 de marzo a 3 de abril.<\/td>\n<td>30 d\u00edas m\u00e1s 3 periodos de 15 d\u00edas.<\/td>\n<\/tr>\n<tr>\n<td>Semana n.<\/td>\n<td>30 d\u00edas m\u00e1s n periodos de 15 d\u00edas.<\/td>\n<\/tr>\n<\/tbody>\n<\/table>\n<div>\n<p>Puedes consultar la ampliaci\u00f3n del plazo publicada en el BOE en el siguiente <a href=\"https:\/\/www.boe.es\/buscar\/pdf\/2020\/BOE-A-2020-5081-consolidado.pdf\" target=\"_blank\" rel=\"noopener\" data-cke-saved-href=\"https:\/\/www.boe.es\/buscar\/pdf\/2020\/BOE-A-2020-5081-consolidado.pdf\">enlace<\/a>.<\/p>\n<\/div>\n<p>&nbsp;<\/p>\n<div>\n<p>+INFO SUGOI: 675 707 696<\/p>\n<\/div>\n<div><\/div>\n","protected":false},"excerpt":{"rendered":"<p>El Ministerio de Sanidad ha ampliado el plazo de validez del certificado de inspecci\u00f3n t\u00e9cnica peri\u00f3dica de los veh\u00edculos. En el caso de los veh\u00edculos agr\u00edcolas destinados a labores en el campo, el plazo se prorroga hasta el 10 de noviembre de 2020. Para el resto de veh\u00edculos, los certificados de ITV cuya vigencia terminase [&hellip;]<\/p>\n","protected":false},"author":4,"featured_media":7081,"comment_status":"closed","ping_status":"closed","sticky":false,"template":"","format":"standard","meta":{"footnotes":""},"categories":[7,111,37],"tags":[],"yoast_head":"<!-- This site is optimized with the Yoast SEO plugin v21.5 - https:\/\/yoast.com\/wordpress\/plugins\/seo\/ -->\n<title>Ampliaci\u00f3n de plazo de las ITV tanto para veh\u00edculos agr\u00edcolas como para veh\u00edculos privados - UAGA<\/title>\n<meta name=\"robots\" content=\"index, follow, max-snippet:-1, max-image-preview:large, max-video-preview:-1\" \/>\n<link rel=\"canonical\" href=\"https:\/\/www.uaga.eus\/ampliacion-de-plazo-de-las-itv-tanto-para-vehiculos-agricolas-como-para-vehiculos-privados\/\" \/>\n<meta property=\"og:locale\" content=\"en_US\" \/>\n<meta property=\"og:type\" content=\"article\" \/>\n<meta property=\"og:title\" content=\"Ampliaci\u00f3n de plazo de las ITV tanto para veh\u00edculos agr\u00edcolas como para veh\u00edculos privados - UAGA\" \/>\n<meta property=\"og:description\" content=\"El Ministerio de Sanidad ha ampliado el plazo de validez del certificado de inspecci\u00f3n t\u00e9cnica peri\u00f3dica de los veh\u00edculos. En el caso de los veh\u00edculos agr\u00edcolas destinados a labores en el campo, el plazo se prorroga hasta el 10 de noviembre de 2020. Para el resto de veh\u00edculos, los certificados de ITV cuya vigencia terminase [&hellip;]\" \/>\n<meta property=\"og:url\" content=\"https:\/\/www.uaga.eus\/ampliacion-de-plazo-de-las-itv-tanto-para-vehiculos-agricolas-como-para-vehiculos-privados\/\" \/>\n<meta property=\"og:site_name\" content=\"UAGA\" \/>\n<meta property=\"article:published_time\" content=\"2020-05-22T12:40:42+00:00\" \/>\n<meta property=\"article:modified_time\" content=\"2020-05-27T07:54:34+00:00\" \/>\n<meta property=\"og:image\" content=\"https:\/\/www.uaga.eus\/wp-content\/uploads\/2020\/03\/tractor-carretera-web.jpg\" \/>\n\t<meta property=\"og:image:width\" content=\"650\" \/>\n\t<meta property=\"og:image:height\" content=\"366\" \/>\n\t<meta property=\"og:image:type\" content=\"image\/jpeg\" \/>\n<meta name=\"author\" content=\"Blanca S\u00e1nchez\" \/>\n<meta name=\"twitter:card\" content=\"summary_large_image\" \/>\n<meta name=\"twitter:label1\" content=\"Written by\" \/>\n\t<meta name=\"twitter:data1\" content=\"Blanca S\u00e1nchez\" \/>\n\t<meta name=\"twitter:label2\" content=\"Est. reading time\" \/>\n\t<meta name=\"twitter:data2\" content=\"1 minutua\" \/>\n<script type=\"application\/ld+json\" class=\"yoast-schema-graph\">{\"@context\":\"https:\/\/schema.org\",\"@graph\":[{\"@type\":\"WebPage\",\"@id\":\"https:\/\/www.uaga.eus\/ampliacion-de-plazo-de-las-itv-tanto-para-vehiculos-agricolas-como-para-vehiculos-privados\/\",\"url\":\"https:\/\/www.uaga.eus\/ampliacion-de-plazo-de-las-itv-tanto-para-vehiculos-agricolas-como-para-vehiculos-privados\/\",\"name\":\"Ampliaci\u00f3n de plazo de las ITV tanto para veh\u00edculos agr\u00edcolas como para veh\u00edculos privados - UAGA\",\"isPartOf\":{\"@id\":\"https:\/\/www.uaga.eus\/#website\"},\"datePublished\":\"2020-05-22T12:40:42+00:00\",\"dateModified\":\"2020-05-27T07:54:34+00:00\",\"author\":{\"@id\":\"https:\/\/www.uaga.eus\/#\/schema\/person\/48c3cbf0f33d1b788226dbb6518689cf\"},\"breadcrumb\":{\"@id\":\"https:\/\/www.uaga.eus\/ampliacion-de-plazo-de-las-itv-tanto-para-vehiculos-agricolas-como-para-vehiculos-privados\/#breadcrumb\"},\"inLanguage\":\"eu\",\"potentialAction\":[{\"@type\":\"ReadAction\",\"target\":[\"https:\/\/www.uaga.eus\/ampliacion-de-plazo-de-las-itv-tanto-para-vehiculos-agricolas-como-para-vehiculos-privados\/\"]}]},{\"@type\":\"BreadcrumbList\",\"@id\":\"https:\/\/www.uaga.eus\/ampliacion-de-plazo-de-las-itv-tanto-para-vehiculos-agricolas-como-para-vehiculos-privados\/#breadcrumb\",\"itemListElement\":[{\"@type\":\"ListItem\",\"position\":1,\"name\":\"Inicio\",\"item\":\"https:\/\/www.uaga.eus\/\"},{\"@type\":\"ListItem\",\"position\":2,\"name\":\"Ampliaci\u00f3n de plazo de las ITV tanto para veh\u00edculos agr\u00edcolas como para veh\u00edculos privados\"}]},{\"@type\":\"WebSite\",\"@id\":\"https:\/\/www.uaga.eus\/#website\",\"url\":\"https:\/\/www.uaga.eus\/\",\"name\":\"UAGA\",\"description\":\"Uni\u00f3n Agroganadera de \u00c1lava - Araba Nekazarien Elkartea\",\"potentialAction\":[{\"@type\":\"SearchAction\",\"target\":{\"@type\":\"EntryPoint\",\"urlTemplate\":\"https:\/\/www.uaga.eus\/?s={search_term_string}\"},\"query-input\":\"required name=search_term_string\"}],\"inLanguage\":\"eu\"},{\"@type\":\"Person\",\"@id\":\"https:\/\/www.uaga.eus\/#\/schema\/person\/48c3cbf0f33d1b788226dbb6518689cf\",\"name\":\"Blanca S\u00e1nchez\",\"image\":{\"@type\":\"ImageObject\",\"inLanguage\":\"eu\",\"@id\":\"https:\/\/www.uaga.eus\/#\/schema\/person\/image\/\",\"url\":\"https:\/\/secure.gravatar.com\/avatar\/0dc91c20648254b1ce84877283f6751b?s=96&d=mm&r=g\",\"contentUrl\":\"https:\/\/secure.gravatar.com\/avatar\/0dc91c20648254b1ce84877283f6751b?s=96&d=mm&r=g\",\"caption\":\"Blanca S\u00e1nchez\"},\"url\":\"https:\/\/www.uaga.eus\/eu\/author\/bsanchez\/\"}]}<\/script>\n<!-- \/ Yoast SEO plugin. -->","yoast_head_json":{"title":"Ampliaci\u00f3n de plazo de las ITV tanto para veh\u00edculos agr\u00edcolas como para veh\u00edculos privados - UAGA","robots":{"index":"index","follow":"follow","max-snippet":"max-snippet:-1","max-image-preview":"max-image-preview:large","max-video-preview":"max-video-preview:-1"},"canonical":"https:\/\/www.uaga.eus\/ampliacion-de-plazo-de-las-itv-tanto-para-vehiculos-agricolas-como-para-vehiculos-privados\/","og_locale":"en_US","og_type":"article","og_title":"Ampliaci\u00f3n de plazo de las ITV tanto para veh\u00edculos agr\u00edcolas como para veh\u00edculos privados - UAGA","og_description":"El Ministerio de Sanidad ha ampliado el plazo de validez del certificado de inspecci\u00f3n t\u00e9cnica peri\u00f3dica de los veh\u00edculos. En el caso de los veh\u00edculos agr\u00edcolas destinados a labores en el campo, el plazo se prorroga hasta el 10 de noviembre de 2020. Para el resto de veh\u00edculos, los certificados de ITV cuya vigencia terminase [&hellip;]","og_url":"https:\/\/www.uaga.eus\/ampliacion-de-plazo-de-las-itv-tanto-para-vehiculos-agricolas-como-para-vehiculos-privados\/","og_site_name":"UAGA","article_published_time":"2020-05-22T12:40:42+00:00","article_modified_time":"2020-05-27T07:54:34+00:00","og_image":[{"width":650,"height":366,"url":"https:\/\/www.uaga.eus\/wp-content\/uploads\/2020\/03\/tractor-carretera-web.jpg","type":"image\/jpeg"}],"author":"Blanca S\u00e1nchez","twitter_card":"summary_large_image","twitter_misc":{"Written by":"Blanca S\u00e1nchez","Est. reading time":"1 minutua"},"schema":{"@context":"https:\/\/schema.org","@graph":[{"@type":"WebPage","@id":"https:\/\/www.uaga.eus\/ampliacion-de-plazo-de-las-itv-tanto-para-vehiculos-agricolas-como-para-vehiculos-privados\/","url":"https:\/\/www.uaga.eus\/ampliacion-de-plazo-de-las-itv-tanto-para-vehiculos-agricolas-como-para-vehiculos-privados\/","name":"Ampliaci\u00f3n de plazo de las ITV tanto para veh\u00edculos agr\u00edcolas como para veh\u00edculos privados - UAGA","isPartOf":{"@id":"https:\/\/www.uaga.eus\/#website"},"datePublished":"2020-05-22T12:40:42+00:00","dateModified":"2020-05-27T07:54:34+00:00","author":{"@id":"https:\/\/www.uaga.eus\/#\/schema\/person\/48c3cbf0f33d1b788226dbb6518689cf"},"breadcrumb":{"@id":"https:\/\/www.uaga.eus\/ampliacion-de-plazo-de-las-itv-tanto-para-vehiculos-agricolas-como-para-vehiculos-privados\/#breadcrumb"},"inLanguage":"eu","potentialAction":[{"@type":"ReadAction","target":["https:\/\/www.uaga.eus\/ampliacion-de-plazo-de-las-itv-tanto-para-vehiculos-agricolas-como-para-vehiculos-privados\/"]}]},{"@type":"BreadcrumbList","@id":"https:\/\/www.uaga.eus\/ampliacion-de-plazo-de-las-itv-tanto-para-vehiculos-agricolas-como-para-vehiculos-privados\/#breadcrumb","itemListElement":[{"@type":"ListItem","position":1,"name":"Inicio","item":"https:\/\/www.uaga.eus\/"},{"@type":"ListItem","position":2,"name":"Ampliaci\u00f3n de plazo de las ITV tanto para veh\u00edculos agr\u00edcolas como para veh\u00edculos privados"}]},{"@type":"WebSite","@id":"https:\/\/www.uaga.eus\/#website","url":"https:\/\/www.uaga.eus\/","name":"UAGA","description":"Uni\u00f3n Agroganadera de \u00c1lava - Araba Nekazarien Elkartea","potentialAction":[{"@type":"SearchAction","target":{"@type":"EntryPoint","urlTemplate":"https:\/\/www.uaga.eus\/?s={search_term_string}"},"query-input":"required name=search_term_string"}],"inLanguage":"eu"},{"@type":"Person","@id":"https:\/\/www.uaga.eus\/#\/schema\/person\/48c3cbf0f33d1b788226dbb6518689cf","name":"Blanca S\u00e1nchez","image":{"@type":"ImageObject","inLanguage":"eu","@id":"https:\/\/www.uaga.eus\/#\/schema\/person\/image\/","url":"https:\/\/secure.gravatar.com\/avatar\/0dc91c20648254b1ce84877283f6751b?s=96&d=mm&r=g","contentUrl":"https:\/\/secure.gravatar.com\/avatar\/0dc91c20648254b1ce84877283f6751b?s=96&d=mm&r=g","caption":"Blanca S\u00e1nchez"},"url":"https:\/\/www.uaga.eus\/eu\/author\/bsanchez\/"}]}},"_links":{"self":[{"href":"https:\/\/www.uaga.eus\/eu\/wp-json\/wp\/v2\/posts\/7490"}],"collection":[{"href":"https:\/\/www.uaga.eus\/eu\/wp-json\/wp\/v2\/posts"}],"about":[{"href":"https:\/\/www.uaga.eus\/eu\/wp-json\/wp\/v2\/types\/post"}],"author":[{"embeddable":true,"href":"https:\/\/www.uaga.eus\/eu\/wp-json\/wp\/v2\/users\/4"}],"replies":[{"embeddable":true,"href":"https:\/\/www.uaga.eus\/eu\/wp-json\/wp\/v2\/comments?post=7490"}],"version-history":[{"count":2,"href":"https:\/\/www.uaga.eus\/eu\/wp-json\/wp\/v2\/posts\/7490\/revisions"}],"predecessor-version":[{"id":7534,"href":"https:\/\/www.uaga.eus\/eu\/wp-json\/wp\/v2\/posts\/7490\/revisions\/7534"}],"wp:featuredmedia":[{"embeddable":true,"href":"https:\/\/www.uaga.eus\/eu\/wp-json\/wp\/v2\/media\/7081"}],"wp:attachment":[{"href":"https:\/\/www.uaga.eus\/eu\/wp-json\/wp\/v2\/media?parent=7490"}],"wp:term":[{"taxonomy":"category","embeddable":true,"href":"https:\/\/www.uaga.eus\/eu\/wp-json\/wp\/v2\/categories?post=7490"},{"taxonomy":"post_tag","embeddable":true,"href":"https:\/\/www.uaga.eus\/eu\/wp-json\/wp\/v2\/tags?post=7490"}],"curies":[{"name":"wp","href":"https:\/\/api.w.org\/{rel}","templated":true}]}}