{"id":7484,"date":"2020-05-22T12:37:04","date_gmt":"2020-05-22T12:37:04","guid":{"rendered":"https:\/\/www.uaga.eus\/?p=7484"},"modified":"2020-05-22T13:19:23","modified_gmt":"2020-05-22T13:19:23","slug":"la-cooperativa-aga-informa-del-horario-de-atencion-presencial-en-las-oficinas-para-este-ano","status":"publish","type":"post","link":"https:\/\/www.uaga.eus\/eu\/la-cooperativa-aga-informa-del-horario-de-atencion-presencial-en-las-oficinas-para-este-ano\/","title":{"rendered":"La Cooperativa AGA informa del horario de atenci\u00f3n presencial en sus oficinas y almacenes para este a\u00f1o"},"content":{"rendered":"<p>Con motivo de la alarma sanitaria provocada por el COVID-19, la Cooperativa AGA informa de que se est\u00e1 atendiendo de manera presencial tanto en sus\u00a0oficinas como en almacenes.<\/p>\n<p>Se atender\u00e1 <strong>preferentemente con CITA PREVIA reservada con el t\u00e9cnico correspondiente<\/strong>.<\/p>\n<p>El horario de atenci\u00f3n al p\u00fablico para el resto del a\u00f1o es el siguiente de lunes a vierne<\/p>\n<p>\u2022\u00a0\u00a0 \u00a0del 01\/05\/2020 al 14\/06\/2020 \u00a0 \u00a0 \u00a0 \u00a0 \u00a0 \u00a0 \u00a0 \u00a0 \u00a0 \u00a0 \u00a0 \u00a0 \u00a0 \u00a0 \u00a0<strong>de 8 h. a 15:30 h.<\/strong><br \/>\n\u2022\u00a0\u00a0 \u00a0del 15\/06\/2020 al 04\/10\/2020 \u00a0 \u00a0 \u00a0 \u00a0 \u00a0 \u00a0 \u00a0 \u00a0 \u00a0 \u00a0 \u00a0 \u00a0 \u00a0 <strong>\u00a0 \u00a0de 8 h. a 14:30 h.<\/strong><br \/>\n\u2022\u00a0\u00a0 \u00a0del 05\/10\/2020 al 31\/12\/2020 \u00a0 \u00a0 \u00a0 \u00a0 \u00a0 \u00a0 \u00a0 \u00a0 \u00a0 \u00a0 \u00a0 \u00a0 \u00a0 \u00a0 \u00a0<strong>de 8 h. a 15:30 h.<\/strong><\/p>\n<p>Como excepci\u00f3n, del 15 de junio al 31 de agosto, el horario de los vi\u00e9rnes ser\u00e1 de 8 h. a 14 h.<\/p>\n<p>Por otra parte, se informa de la <strong>obligatoriedad del uso de mascarilla<\/strong> por parte de todas las personas que acudan a la oficina o al almac\u00e9n.<\/p>","protected":false},"excerpt":{"rendered":"<p>Con motivo de la alarma sanitaria provocada por el COVID-19, la Cooperativa AGA informa de que se est\u00e1 atendiendo de manera presencial tanto en sus\u00a0oficinas como en almacenes. Se atender\u00e1 preferentemente con CITA PREVIA reservada con el t\u00e9cnico correspondiente. El horario de atenci\u00f3n al p\u00fablico para el resto del a\u00f1o es el siguiente de lunes [&hellip;]<\/p>\n","protected":false},"author":4,"featured_media":6817,"comment_status":"closed","ping_status":"closed","sticky":false,"template":"","format":"standard","meta":{"footnotes":""},"categories":[12,111],"tags":[],"yoast_head":"<!-- This site is optimized with the Yoast SEO plugin v21.5 - https:\/\/yoast.com\/wordpress\/plugins\/seo\/ -->\n<title>La Cooperativa AGA informa del horario de atenci\u00f3n presencial en sus oficinas y almacenes para este a\u00f1o - UAGA<\/title>\n<meta name=\"robots\" content=\"index, follow, max-snippet:-1, max-image-preview:large, max-video-preview:-1\" \/>\n<link rel=\"canonical\" href=\"https:\/\/www.uaga.eus\/la-cooperativa-aga-informa-del-horario-de-atencion-presencial-en-las-oficinas-para-este-ano\/\" \/>\n<meta property=\"og:locale\" content=\"en_US\" \/>\n<meta property=\"og:type\" content=\"article\" \/>\n<meta property=\"og:title\" content=\"La Cooperativa AGA informa del horario de atenci\u00f3n presencial en sus oficinas y almacenes para este a\u00f1o - UAGA\" \/>\n<meta property=\"og:description\" content=\"Con motivo de la alarma sanitaria provocada por el COVID-19, la Cooperativa AGA informa de que se est\u00e1 atendiendo de manera presencial tanto en sus\u00a0oficinas como en almacenes. Se atender\u00e1 preferentemente con CITA PREVIA reservada con el t\u00e9cnico correspondiente. El horario de atenci\u00f3n al p\u00fablico para el resto del a\u00f1o es el siguiente de lunes [&hellip;]\" \/>\n<meta property=\"og:url\" content=\"https:\/\/www.uaga.eus\/la-cooperativa-aga-informa-del-horario-de-atencion-presencial-en-las-oficinas-para-este-ano\/\" \/>\n<meta property=\"og:site_name\" content=\"UAGA\" \/>\n<meta property=\"article:published_time\" content=\"2020-05-22T12:37:04+00:00\" \/>\n<meta property=\"article:modified_time\" content=\"2020-05-22T13:19:23+00:00\" \/>\n<meta property=\"og:image\" content=\"https:\/\/www.uaga.eus\/wp-content\/uploads\/2020\/01\/logo-aga-e1580390778895.jpg\" \/>\n\t<meta property=\"og:image:width\" content=\"200\" \/>\n\t<meta property=\"og:image:height\" content=\"149\" \/>\n\t<meta property=\"og:image:type\" content=\"image\/jpeg\" \/>\n<meta name=\"author\" content=\"Blanca S\u00e1nchez\" \/>\n<meta name=\"twitter:card\" content=\"summary_large_image\" \/>\n<meta name=\"twitter:label1\" content=\"Written by\" \/>\n\t<meta name=\"twitter:data1\" content=\"Blanca S\u00e1nchez\" \/>\n\t<meta name=\"twitter:label2\" content=\"Est. reading time\" \/>\n\t<meta name=\"twitter:data2\" content=\"1 minutua\" \/>\n<script type=\"application\/ld+json\" class=\"yoast-schema-graph\">{\"@context\":\"https:\/\/schema.org\",\"@graph\":[{\"@type\":\"WebPage\",\"@id\":\"https:\/\/www.uaga.eus\/la-cooperativa-aga-informa-del-horario-de-atencion-presencial-en-las-oficinas-para-este-ano\/\",\"url\":\"https:\/\/www.uaga.eus\/la-cooperativa-aga-informa-del-horario-de-atencion-presencial-en-las-oficinas-para-este-ano\/\",\"name\":\"La Cooperativa AGA informa del horario de atenci\u00f3n presencial en sus oficinas y almacenes para este a\u00f1o - UAGA\",\"isPartOf\":{\"@id\":\"https:\/\/www.uaga.eus\/#website\"},\"datePublished\":\"2020-05-22T12:37:04+00:00\",\"dateModified\":\"2020-05-22T13:19:23+00:00\",\"author\":{\"@id\":\"https:\/\/www.uaga.eus\/#\/schema\/person\/48c3cbf0f33d1b788226dbb6518689cf\"},\"breadcrumb\":{\"@id\":\"https:\/\/www.uaga.eus\/la-cooperativa-aga-informa-del-horario-de-atencion-presencial-en-las-oficinas-para-este-ano\/#breadcrumb\"},\"inLanguage\":\"eu\",\"potentialAction\":[{\"@type\":\"ReadAction\",\"target\":[\"https:\/\/www.uaga.eus\/la-cooperativa-aga-informa-del-horario-de-atencion-presencial-en-las-oficinas-para-este-ano\/\"]}]},{\"@type\":\"BreadcrumbList\",\"@id\":\"https:\/\/www.uaga.eus\/la-cooperativa-aga-informa-del-horario-de-atencion-presencial-en-las-oficinas-para-este-ano\/#breadcrumb\",\"itemListElement\":[{\"@type\":\"ListItem\",\"position\":1,\"name\":\"Inicio\",\"item\":\"https:\/\/www.uaga.eus\/\"},{\"@type\":\"ListItem\",\"position\":2,\"name\":\"La Cooperativa AGA informa del horario de atenci\u00f3n presencial en sus oficinas y almacenes para este a\u00f1o\"}]},{\"@type\":\"WebSite\",\"@id\":\"https:\/\/www.uaga.eus\/#website\",\"url\":\"https:\/\/www.uaga.eus\/\",\"name\":\"UAGA\",\"description\":\"Uni\u00f3n Agroganadera de \u00c1lava - Araba Nekazarien Elkartea\",\"potentialAction\":[{\"@type\":\"SearchAction\",\"target\":{\"@type\":\"EntryPoint\",\"urlTemplate\":\"https:\/\/www.uaga.eus\/?s={search_term_string}\"},\"query-input\":\"required name=search_term_string\"}],\"inLanguage\":\"eu\"},{\"@type\":\"Person\",\"@id\":\"https:\/\/www.uaga.eus\/#\/schema\/person\/48c3cbf0f33d1b788226dbb6518689cf\",\"name\":\"Blanca S\u00e1nchez\",\"image\":{\"@type\":\"ImageObject\",\"inLanguage\":\"eu\",\"@id\":\"https:\/\/www.uaga.eus\/#\/schema\/person\/image\/\",\"url\":\"https:\/\/secure.gravatar.com\/avatar\/0dc91c20648254b1ce84877283f6751b?s=96&d=mm&r=g\",\"contentUrl\":\"https:\/\/secure.gravatar.com\/avatar\/0dc91c20648254b1ce84877283f6751b?s=96&d=mm&r=g\",\"caption\":\"Blanca S\u00e1nchez\"},\"url\":\"https:\/\/www.uaga.eus\/eu\/author\/bsanchez\/\"}]}<\/script>\n<!-- \/ Yoast SEO plugin. -->","yoast_head_json":{"title":"La Cooperativa AGA informa del horario de atenci\u00f3n presencial en sus oficinas y almacenes para este a\u00f1o - UAGA","robots":{"index":"index","follow":"follow","max-snippet":"max-snippet:-1","max-image-preview":"max-image-preview:large","max-video-preview":"max-video-preview:-1"},"canonical":"https:\/\/www.uaga.eus\/la-cooperativa-aga-informa-del-horario-de-atencion-presencial-en-las-oficinas-para-este-ano\/","og_locale":"en_US","og_type":"article","og_title":"La Cooperativa AGA informa del horario de atenci\u00f3n presencial en sus oficinas y almacenes para este a\u00f1o - UAGA","og_description":"Con motivo de la alarma sanitaria provocada por el COVID-19, la Cooperativa AGA informa de que se est\u00e1 atendiendo de manera presencial tanto en sus\u00a0oficinas como en almacenes. Se atender\u00e1 preferentemente con CITA PREVIA reservada con el t\u00e9cnico correspondiente. El horario de atenci\u00f3n al p\u00fablico para el resto del a\u00f1o es el siguiente de lunes [&hellip;]","og_url":"https:\/\/www.uaga.eus\/la-cooperativa-aga-informa-del-horario-de-atencion-presencial-en-las-oficinas-para-este-ano\/","og_site_name":"UAGA","article_published_time":"2020-05-22T12:37:04+00:00","article_modified_time":"2020-05-22T13:19:23+00:00","og_image":[{"width":200,"height":149,"url":"https:\/\/www.uaga.eus\/wp-content\/uploads\/2020\/01\/logo-aga-e1580390778895.jpg","type":"image\/jpeg"}],"author":"Blanca S\u00e1nchez","twitter_card":"summary_large_image","twitter_misc":{"Written by":"Blanca S\u00e1nchez","Est. reading time":"1 minutua"},"schema":{"@context":"https:\/\/schema.org","@graph":[{"@type":"WebPage","@id":"https:\/\/www.uaga.eus\/la-cooperativa-aga-informa-del-horario-de-atencion-presencial-en-las-oficinas-para-este-ano\/","url":"https:\/\/www.uaga.eus\/la-cooperativa-aga-informa-del-horario-de-atencion-presencial-en-las-oficinas-para-este-ano\/","name":"La Cooperativa AGA informa del horario de atenci\u00f3n presencial en sus oficinas y almacenes para este a\u00f1o - UAGA","isPartOf":{"@id":"https:\/\/www.uaga.eus\/#website"},"datePublished":"2020-05-22T12:37:04+00:00","dateModified":"2020-05-22T13:19:23+00:00","author":{"@id":"https:\/\/www.uaga.eus\/#\/schema\/person\/48c3cbf0f33d1b788226dbb6518689cf"},"breadcrumb":{"@id":"https:\/\/www.uaga.eus\/la-cooperativa-aga-informa-del-horario-de-atencion-presencial-en-las-oficinas-para-este-ano\/#breadcrumb"},"inLanguage":"eu","potentialAction":[{"@type":"ReadAction","target":["https:\/\/www.uaga.eus\/la-cooperativa-aga-informa-del-horario-de-atencion-presencial-en-las-oficinas-para-este-ano\/"]}]},{"@type":"BreadcrumbList","@id":"https:\/\/www.uaga.eus\/la-cooperativa-aga-informa-del-horario-de-atencion-presencial-en-las-oficinas-para-este-ano\/#breadcrumb","itemListElement":[{"@type":"ListItem","position":1,"name":"Inicio","item":"https:\/\/www.uaga.eus\/"},{"@type":"ListItem","position":2,"name":"La Cooperativa AGA informa del horario de atenci\u00f3n presencial en sus oficinas y almacenes para este a\u00f1o"}]},{"@type":"WebSite","@id":"https:\/\/www.uaga.eus\/#website","url":"https:\/\/www.uaga.eus\/","name":"UAGA","description":"Uni\u00f3n Agroganadera de \u00c1lava - Araba Nekazarien Elkartea","potentialAction":[{"@type":"SearchAction","target":{"@type":"EntryPoint","urlTemplate":"https:\/\/www.uaga.eus\/?s={search_term_string}"},"query-input":"required name=search_term_string"}],"inLanguage":"eu"},{"@type":"Person","@id":"https:\/\/www.uaga.eus\/#\/schema\/person\/48c3cbf0f33d1b788226dbb6518689cf","name":"Blanca S\u00e1nchez","image":{"@type":"ImageObject","inLanguage":"eu","@id":"https:\/\/www.uaga.eus\/#\/schema\/person\/image\/","url":"https:\/\/secure.gravatar.com\/avatar\/0dc91c20648254b1ce84877283f6751b?s=96&d=mm&r=g","contentUrl":"https:\/\/secure.gravatar.com\/avatar\/0dc91c20648254b1ce84877283f6751b?s=96&d=mm&r=g","caption":"Blanca S\u00e1nchez"},"url":"https:\/\/www.uaga.eus\/eu\/author\/bsanchez\/"}]}},"_links":{"self":[{"href":"https:\/\/www.uaga.eus\/eu\/wp-json\/wp\/v2\/posts\/7484"}],"collection":[{"href":"https:\/\/www.uaga.eus\/eu\/wp-json\/wp\/v2\/posts"}],"about":[{"href":"https:\/\/www.uaga.eus\/eu\/wp-json\/wp\/v2\/types\/post"}],"author":[{"embeddable":true,"href":"https:\/\/www.uaga.eus\/eu\/wp-json\/wp\/v2\/users\/4"}],"replies":[{"embeddable":true,"href":"https:\/\/www.uaga.eus\/eu\/wp-json\/wp\/v2\/comments?post=7484"}],"version-history":[{"count":5,"href":"https:\/\/www.uaga.eus\/eu\/wp-json\/wp\/v2\/posts\/7484\/revisions"}],"predecessor-version":[{"id":7520,"href":"https:\/\/www.uaga.eus\/eu\/wp-json\/wp\/v2\/posts\/7484\/revisions\/7520"}],"wp:featuredmedia":[{"embeddable":true,"href":"https:\/\/www.uaga.eus\/eu\/wp-json\/wp\/v2\/media\/6817"}],"wp:attachment":[{"href":"https:\/\/www.uaga.eus\/eu\/wp-json\/wp\/v2\/media?parent=7484"}],"wp:term":[{"taxonomy":"category","embeddable":true,"href":"https:\/\/www.uaga.eus\/eu\/wp-json\/wp\/v2\/categories?post=7484"},{"taxonomy":"post_tag","embeddable":true,"href":"https:\/\/www.uaga.eus\/eu\/wp-json\/wp\/v2\/tags?post=7484"}],"curies":[{"name":"wp","href":"https:\/\/api.w.org\/{rel}","templated":true}]}}