{"id":7482,"date":"2020-05-22T12:36:08","date_gmt":"2020-05-22T12:36:08","guid":{"rendered":"https:\/\/www.uaga.eus\/?p=7482"},"modified":"2020-05-22T12:36:08","modified_gmt":"2020-05-22T12:36:08","slug":"se-suspende-la-feria-de-santiago-para-este-ano","status":"publish","type":"post","link":"https:\/\/www.uaga.eus\/eu\/se-suspende-la-feria-de-santiago-para-este-ano\/","title":{"rendered":"Se suspende la Feria de Santiago para este a\u00f1o"},"content":{"rendered":"<p>El Diputado de Agricultura, Eduardo Aguinaco, ha anunciado que este a\u00f1o no se celebrar\u00e1 la tradicional Feria de Santiago del 25 de julio en el marco del programa festivo del D\u00eda del Blusa. Es una decisi\u00f3n vinculada a la suspensi\u00f3n de las Fiestas de la Virgen Blanca.<\/p>\n<p>Por la misma raz\u00f3n, previsiblemente, muchas ferias que se deb\u00edan celebrar o est\u00e1n en calendario a lo largo del a\u00f1o en los pueblos y cuadrillas alavesas y que cuentan con financiaci\u00f3n foral no se celebrar\u00e1n. Estas partidas se reorientar\u00e1n hacia campa\u00f1as de promoci\u00f3n y divulgaci\u00f3n de los alimentos alaveses<\/p>\n","protected":false},"excerpt":{"rendered":"<p>El Diputado de Agricultura, Eduardo Aguinaco, ha anunciado que este a\u00f1o no se celebrar\u00e1 la tradicional Feria de Santiago del 25 de julio en el marco del programa festivo del D\u00eda del Blusa. Es una decisi\u00f3n vinculada a la suspensi\u00f3n de las Fiestas de la Virgen Blanca. Por la misma raz\u00f3n, previsiblemente, muchas ferias que [&hellip;]<\/p>\n","protected":false},"author":4,"featured_media":3879,"comment_status":"closed","ping_status":"closed","sticky":false,"template":"","format":"standard","meta":{"footnotes":""},"categories":[12,111,37],"tags":[],"yoast_head":"<!-- This site is optimized with the Yoast SEO plugin v21.5 - https:\/\/yoast.com\/wordpress\/plugins\/seo\/ -->\n<title>Se suspende la Feria de Santiago para este a\u00f1o - UAGA<\/title>\n<meta name=\"robots\" content=\"index, follow, max-snippet:-1, max-image-preview:large, max-video-preview:-1\" \/>\n<link rel=\"canonical\" href=\"https:\/\/www.uaga.eus\/eu\/se-suspende-la-feria-de-santiago-para-este-ano\/\" \/>\n<meta property=\"og:locale\" content=\"en_US\" \/>\n<meta property=\"og:type\" content=\"article\" \/>\n<meta property=\"og:title\" content=\"Se suspende la Feria de Santiago para este a\u00f1o - UAGA\" \/>\n<meta property=\"og:description\" content=\"El Diputado de Agricultura, Eduardo Aguinaco, ha anunciado que este a\u00f1o no se celebrar\u00e1 la tradicional Feria de Santiago del 25 de julio en el marco del programa festivo del D\u00eda del Blusa. Es una decisi\u00f3n vinculada a la suspensi\u00f3n de las Fiestas de la Virgen Blanca. Por la misma raz\u00f3n, previsiblemente, muchas ferias que [&hellip;]\" \/>\n<meta property=\"og:url\" content=\"https:\/\/www.uaga.eus\/eu\/se-suspende-la-feria-de-santiago-para-este-ano\/\" \/>\n<meta property=\"og:site_name\" content=\"UAGA\" \/>\n<meta property=\"article:published_time\" content=\"2020-05-22T12:36:08+00:00\" \/>\n<meta property=\"og:image\" content=\"https:\/\/www.uaga.eus\/wp-content\/uploads\/2018\/07\/feria-santiago-2-e1532691404302.jpg\" \/>\n\t<meta property=\"og:image:width\" content=\"698\" \/>\n\t<meta property=\"og:image:height\" content=\"385\" \/>\n\t<meta property=\"og:image:type\" content=\"image\/jpeg\" \/>\n<meta name=\"author\" content=\"Blanca S\u00e1nchez\" \/>\n<meta name=\"twitter:card\" content=\"summary_large_image\" \/>\n<meta name=\"twitter:label1\" content=\"Written by\" \/>\n\t<meta name=\"twitter:data1\" content=\"Blanca S\u00e1nchez\" \/>\n\t<meta name=\"twitter:label2\" content=\"Est. reading time\" \/>\n\t<meta name=\"twitter:data2\" content=\"1 minutua\" \/>\n<script type=\"application\/ld+json\" class=\"yoast-schema-graph\">{\"@context\":\"https:\/\/schema.org\",\"@graph\":[{\"@type\":\"WebPage\",\"@id\":\"https:\/\/www.uaga.eus\/eu\/se-suspende-la-feria-de-santiago-para-este-ano\/\",\"url\":\"https:\/\/www.uaga.eus\/eu\/se-suspende-la-feria-de-santiago-para-este-ano\/\",\"name\":\"Se suspende la Feria de Santiago para este a\u00f1o - UAGA\",\"isPartOf\":{\"@id\":\"https:\/\/www.uaga.eus\/#website\"},\"datePublished\":\"2020-05-22T12:36:08+00:00\",\"dateModified\":\"2020-05-22T12:36:08+00:00\",\"author\":{\"@id\":\"https:\/\/www.uaga.eus\/#\/schema\/person\/48c3cbf0f33d1b788226dbb6518689cf\"},\"breadcrumb\":{\"@id\":\"https:\/\/www.uaga.eus\/eu\/se-suspende-la-feria-de-santiago-para-este-ano\/#breadcrumb\"},\"inLanguage\":\"eu\",\"potentialAction\":[{\"@type\":\"ReadAction\",\"target\":[\"https:\/\/www.uaga.eus\/eu\/se-suspende-la-feria-de-santiago-para-este-ano\/\"]}]},{\"@type\":\"BreadcrumbList\",\"@id\":\"https:\/\/www.uaga.eus\/eu\/se-suspende-la-feria-de-santiago-para-este-ano\/#breadcrumb\",\"itemListElement\":[{\"@type\":\"ListItem\",\"position\":1,\"name\":\"Inicio\",\"item\":\"https:\/\/www.uaga.eus\/\"},{\"@type\":\"ListItem\",\"position\":2,\"name\":\"Se suspende la Feria de Santiago para este a\u00f1o\"}]},{\"@type\":\"WebSite\",\"@id\":\"https:\/\/www.uaga.eus\/#website\",\"url\":\"https:\/\/www.uaga.eus\/\",\"name\":\"UAGA\",\"description\":\"Uni\u00f3n Agroganadera de \u00c1lava - Araba Nekazarien Elkartea\",\"potentialAction\":[{\"@type\":\"SearchAction\",\"target\":{\"@type\":\"EntryPoint\",\"urlTemplate\":\"https:\/\/www.uaga.eus\/?s={search_term_string}\"},\"query-input\":\"required name=search_term_string\"}],\"inLanguage\":\"eu\"},{\"@type\":\"Person\",\"@id\":\"https:\/\/www.uaga.eus\/#\/schema\/person\/48c3cbf0f33d1b788226dbb6518689cf\",\"name\":\"Blanca S\u00e1nchez\",\"image\":{\"@type\":\"ImageObject\",\"inLanguage\":\"eu\",\"@id\":\"https:\/\/www.uaga.eus\/#\/schema\/person\/image\/\",\"url\":\"https:\/\/secure.gravatar.com\/avatar\/0dc91c20648254b1ce84877283f6751b?s=96&d=mm&r=g\",\"contentUrl\":\"https:\/\/secure.gravatar.com\/avatar\/0dc91c20648254b1ce84877283f6751b?s=96&d=mm&r=g\",\"caption\":\"Blanca S\u00e1nchez\"},\"url\":\"https:\/\/www.uaga.eus\/eu\/author\/bsanchez\/\"}]}<\/script>\n<!-- \/ Yoast SEO plugin. -->","yoast_head_json":{"title":"Se suspende la Feria de Santiago para este a\u00f1o - UAGA","robots":{"index":"index","follow":"follow","max-snippet":"max-snippet:-1","max-image-preview":"max-image-preview:large","max-video-preview":"max-video-preview:-1"},"canonical":"https:\/\/www.uaga.eus\/eu\/se-suspende-la-feria-de-santiago-para-este-ano\/","og_locale":"en_US","og_type":"article","og_title":"Se suspende la Feria de Santiago para este a\u00f1o - UAGA","og_description":"El Diputado de Agricultura, Eduardo Aguinaco, ha anunciado que este a\u00f1o no se celebrar\u00e1 la tradicional Feria de Santiago del 25 de julio en el marco del programa festivo del D\u00eda del Blusa. Es una decisi\u00f3n vinculada a la suspensi\u00f3n de las Fiestas de la Virgen Blanca. Por la misma raz\u00f3n, previsiblemente, muchas ferias que [&hellip;]","og_url":"https:\/\/www.uaga.eus\/eu\/se-suspende-la-feria-de-santiago-para-este-ano\/","og_site_name":"UAGA","article_published_time":"2020-05-22T12:36:08+00:00","og_image":[{"width":698,"height":385,"url":"https:\/\/www.uaga.eus\/wp-content\/uploads\/2018\/07\/feria-santiago-2-e1532691404302.jpg","type":"image\/jpeg"}],"author":"Blanca S\u00e1nchez","twitter_card":"summary_large_image","twitter_misc":{"Written by":"Blanca S\u00e1nchez","Est. reading time":"1 minutua"},"schema":{"@context":"https:\/\/schema.org","@graph":[{"@type":"WebPage","@id":"https:\/\/www.uaga.eus\/eu\/se-suspende-la-feria-de-santiago-para-este-ano\/","url":"https:\/\/www.uaga.eus\/eu\/se-suspende-la-feria-de-santiago-para-este-ano\/","name":"Se suspende la Feria de Santiago para este a\u00f1o - UAGA","isPartOf":{"@id":"https:\/\/www.uaga.eus\/#website"},"datePublished":"2020-05-22T12:36:08+00:00","dateModified":"2020-05-22T12:36:08+00:00","author":{"@id":"https:\/\/www.uaga.eus\/#\/schema\/person\/48c3cbf0f33d1b788226dbb6518689cf"},"breadcrumb":{"@id":"https:\/\/www.uaga.eus\/eu\/se-suspende-la-feria-de-santiago-para-este-ano\/#breadcrumb"},"inLanguage":"eu","potentialAction":[{"@type":"ReadAction","target":["https:\/\/www.uaga.eus\/eu\/se-suspende-la-feria-de-santiago-para-este-ano\/"]}]},{"@type":"BreadcrumbList","@id":"https:\/\/www.uaga.eus\/eu\/se-suspende-la-feria-de-santiago-para-este-ano\/#breadcrumb","itemListElement":[{"@type":"ListItem","position":1,"name":"Inicio","item":"https:\/\/www.uaga.eus\/"},{"@type":"ListItem","position":2,"name":"Se suspende la Feria de Santiago para este a\u00f1o"}]},{"@type":"WebSite","@id":"https:\/\/www.uaga.eus\/#website","url":"https:\/\/www.uaga.eus\/","name":"UAGA","description":"Uni\u00f3n Agroganadera de \u00c1lava - Araba Nekazarien Elkartea","potentialAction":[{"@type":"SearchAction","target":{"@type":"EntryPoint","urlTemplate":"https:\/\/www.uaga.eus\/?s={search_term_string}"},"query-input":"required name=search_term_string"}],"inLanguage":"eu"},{"@type":"Person","@id":"https:\/\/www.uaga.eus\/#\/schema\/person\/48c3cbf0f33d1b788226dbb6518689cf","name":"Blanca S\u00e1nchez","image":{"@type":"ImageObject","inLanguage":"eu","@id":"https:\/\/www.uaga.eus\/#\/schema\/person\/image\/","url":"https:\/\/secure.gravatar.com\/avatar\/0dc91c20648254b1ce84877283f6751b?s=96&d=mm&r=g","contentUrl":"https:\/\/secure.gravatar.com\/avatar\/0dc91c20648254b1ce84877283f6751b?s=96&d=mm&r=g","caption":"Blanca S\u00e1nchez"},"url":"https:\/\/www.uaga.eus\/eu\/author\/bsanchez\/"}]}},"_links":{"self":[{"href":"https:\/\/www.uaga.eus\/eu\/wp-json\/wp\/v2\/posts\/7482"}],"collection":[{"href":"https:\/\/www.uaga.eus\/eu\/wp-json\/wp\/v2\/posts"}],"about":[{"href":"https:\/\/www.uaga.eus\/eu\/wp-json\/wp\/v2\/types\/post"}],"author":[{"embeddable":true,"href":"https:\/\/www.uaga.eus\/eu\/wp-json\/wp\/v2\/users\/4"}],"replies":[{"embeddable":true,"href":"https:\/\/www.uaga.eus\/eu\/wp-json\/wp\/v2\/comments?post=7482"}],"version-history":[{"count":1,"href":"https:\/\/www.uaga.eus\/eu\/wp-json\/wp\/v2\/posts\/7482\/revisions"}],"predecessor-version":[{"id":7483,"href":"https:\/\/www.uaga.eus\/eu\/wp-json\/wp\/v2\/posts\/7482\/revisions\/7483"}],"wp:featuredmedia":[{"embeddable":true,"href":"https:\/\/www.uaga.eus\/eu\/wp-json\/wp\/v2\/media\/3879"}],"wp:attachment":[{"href":"https:\/\/www.uaga.eus\/eu\/wp-json\/wp\/v2\/media?parent=7482"}],"wp:term":[{"taxonomy":"category","embeddable":true,"href":"https:\/\/www.uaga.eus\/eu\/wp-json\/wp\/v2\/categories?post=7482"},{"taxonomy":"post_tag","embeddable":true,"href":"https:\/\/www.uaga.eus\/eu\/wp-json\/wp\/v2\/tags?post=7482"}],"curies":[{"name":"wp","href":"https:\/\/api.w.org\/{rel}","templated":true}]}}