{"id":7460,"date":"2020-05-14T11:52:56","date_gmt":"2020-05-14T11:52:56","guid":{"rendered":"https:\/\/www.uaga.eus\/?p=7460"},"modified":"2020-05-14T13:53:39","modified_gmt":"2020-05-14T13:53:39","slug":"junta-de-representantes-uaga-en-el-consejo-regulador-de-la-do-rioja","status":"publish","type":"post","link":"https:\/\/www.uaga.eus\/eu\/junta-de-representantes-uaga-en-el-consejo-regulador-de-la-do-rioja\/","title":{"rendered":"La Junta de representantes de UAGA en el \u00a0Consejo Regulador de la DO\u00a0Rioja se re\u00fane para definir las normas de campa\u00f1a de la vendimia 2020"},"content":{"rendered":"<p><span style=\"font-family: arial, helvetica neue, helvetica, sans-serif;\">Esta semana se han reunido los representantes de UAGA en el Consejo Regulador de la DO RIOJA para tratar, entre otros asuntos, \u00a0las normas de campa\u00f1a para la vendimia 2020.<\/span><\/p>\n<p>UAGA trasladar\u00e1 en la pr\u00f3xima Comisi\u00f3n T\u00e9cnica del Consejo Regulador su opini\u00f3n en relaci\u00f3n a que si \u00a0se contempla la reducci\u00f3n del rendimiento de entrada de uva a un 85%, \u00e9sta debe ir acompa\u00f1ada de la eliminaci\u00f3n de las 3.000 hect\u00e1reas de nueva plantaci\u00f3n previstas para 2021, ya que en esta situaci\u00f3n es necesario no incrementar la masa vegetal.<\/p>\n<p>Respecto de las ayudas anunciadas por Gobierno Vasco de 50 millones de euros para el sector de bebidas de Euskadi, en el que se incluye el sector vitivin\u00edcola, desde UAGA pedimos una total transparencia sobre su puesta en marcha y una atenci\u00f3n espec\u00edfica al sector primario, a las personas agricultoras, profesionales del sector.<\/p>\n<p>Desde UAGA creemos que es necesario \u00a0buscar f\u00f3rmulas en las que el apoyo a las bodegas pueda condicionarse a garantizar la compra de uva a precios dignos, de manera que las ayudas beneficien al conjunto de la cadena de valor del sector.<\/p>\n<p>Por otra parte, consideramos imprescindible que el apoyo al colectivo de agricultores vaya en la l\u00ednea de poner a su disposici\u00f3n pr\u00e9stamos a muy bajo tipo de inter\u00e9s.<\/p>\n<p>Por \u00faltimo, desde UAGA solicitaremos a la Diputaci\u00f3n de \u00c1lava una actualizaci\u00f3n de los costes de producci\u00f3n para esta campa\u00f1a agr\u00edcola, incrementar un 5% los gastos de dif\u00edcil justificaci\u00f3n para la campa\u00f1a de renta del pr\u00f3ximo a\u00f1o, y sobre todo eliminar los pagos fraccionados en renta.<\/p>\n<div>+INFO NURIA: 661 595 811<\/div>\n","protected":false},"excerpt":{"rendered":"<p>Esta semana se han reunido los representantes de UAGA en el Consejo Regulador de la DO RIOJA para tratar, entre otros asuntos, \u00a0las normas de campa\u00f1a para la vendimia 2020. UAGA trasladar\u00e1 en la pr\u00f3xima Comisi\u00f3n T\u00e9cnica del Consejo Regulador su opini\u00f3n en relaci\u00f3n a que si \u00a0se contempla la reducci\u00f3n del rendimiento de entrada [&hellip;]<\/p>\n","protected":false},"author":4,"featured_media":7445,"comment_status":"closed","ping_status":"closed","sticky":false,"template":"","format":"standard","meta":{"footnotes":""},"categories":[7,111],"tags":[],"yoast_head":"<!-- This site is optimized with the Yoast SEO plugin v21.5 - https:\/\/yoast.com\/wordpress\/plugins\/seo\/ -->\n<title>La Junta de representantes de UAGA en el \u00a0Consejo Regulador de la DO\u00a0Rioja se re\u00fane para definir las normas de campa\u00f1a de la vendimia 2020 - UAGA<\/title>\n<meta name=\"robots\" content=\"index, follow, max-snippet:-1, max-image-preview:large, max-video-preview:-1\" \/>\n<link rel=\"canonical\" href=\"https:\/\/www.uaga.eus\/junta-de-representantes-uaga-en-el-consejo-regulador-de-la-do-rioja\/\" \/>\n<meta property=\"og:locale\" content=\"en_US\" \/>\n<meta property=\"og:type\" content=\"article\" \/>\n<meta property=\"og:title\" content=\"La Junta de representantes de UAGA en el \u00a0Consejo Regulador de la DO\u00a0Rioja se re\u00fane para definir las normas de campa\u00f1a de la vendimia 2020 - UAGA\" \/>\n<meta property=\"og:description\" content=\"Esta semana se han reunido los representantes de UAGA en el Consejo Regulador de la DO RIOJA para tratar, entre otros asuntos, \u00a0las normas de campa\u00f1a para la vendimia 2020. UAGA trasladar\u00e1 en la pr\u00f3xima Comisi\u00f3n T\u00e9cnica del Consejo Regulador su opini\u00f3n en relaci\u00f3n a que si \u00a0se contempla la reducci\u00f3n del rendimiento de entrada [&hellip;]\" \/>\n<meta property=\"og:url\" content=\"https:\/\/www.uaga.eus\/junta-de-representantes-uaga-en-el-consejo-regulador-de-la-do-rioja\/\" \/>\n<meta property=\"og:site_name\" content=\"UAGA\" \/>\n<meta property=\"article:published_time\" content=\"2020-05-14T11:52:56+00:00\" \/>\n<meta property=\"article:modified_time\" content=\"2020-05-14T13:53:39+00:00\" \/>\n<meta property=\"og:image\" content=\"https:\/\/www.uaga.eus\/wp-content\/uploads\/2020\/05\/vi\u00f1as-e1589457150861.jpg\" \/>\n\t<meta property=\"og:image:width\" content=\"650\" \/>\n\t<meta property=\"og:image:height\" content=\"365\" \/>\n\t<meta property=\"og:image:type\" content=\"image\/jpeg\" \/>\n<meta name=\"author\" content=\"Blanca S\u00e1nchez\" \/>\n<meta name=\"twitter:card\" content=\"summary_large_image\" \/>\n<meta name=\"twitter:label1\" content=\"Written by\" \/>\n\t<meta name=\"twitter:data1\" content=\"Blanca S\u00e1nchez\" \/>\n\t<meta name=\"twitter:label2\" content=\"Est. reading time\" \/>\n\t<meta name=\"twitter:data2\" content=\"1 minutua\" \/>\n<script type=\"application\/ld+json\" class=\"yoast-schema-graph\">{\"@context\":\"https:\/\/schema.org\",\"@graph\":[{\"@type\":\"WebPage\",\"@id\":\"https:\/\/www.uaga.eus\/junta-de-representantes-uaga-en-el-consejo-regulador-de-la-do-rioja\/\",\"url\":\"https:\/\/www.uaga.eus\/junta-de-representantes-uaga-en-el-consejo-regulador-de-la-do-rioja\/\",\"name\":\"La Junta de representantes de UAGA en el \u00a0Consejo Regulador de la DO\u00a0Rioja se re\u00fane para definir las normas de campa\u00f1a de la vendimia 2020 - UAGA\",\"isPartOf\":{\"@id\":\"https:\/\/www.uaga.eus\/#website\"},\"datePublished\":\"2020-05-14T11:52:56+00:00\",\"dateModified\":\"2020-05-14T13:53:39+00:00\",\"author\":{\"@id\":\"https:\/\/www.uaga.eus\/#\/schema\/person\/48c3cbf0f33d1b788226dbb6518689cf\"},\"breadcrumb\":{\"@id\":\"https:\/\/www.uaga.eus\/junta-de-representantes-uaga-en-el-consejo-regulador-de-la-do-rioja\/#breadcrumb\"},\"inLanguage\":\"eu\",\"potentialAction\":[{\"@type\":\"ReadAction\",\"target\":[\"https:\/\/www.uaga.eus\/junta-de-representantes-uaga-en-el-consejo-regulador-de-la-do-rioja\/\"]}]},{\"@type\":\"BreadcrumbList\",\"@id\":\"https:\/\/www.uaga.eus\/junta-de-representantes-uaga-en-el-consejo-regulador-de-la-do-rioja\/#breadcrumb\",\"itemListElement\":[{\"@type\":\"ListItem\",\"position\":1,\"name\":\"Inicio\",\"item\":\"https:\/\/www.uaga.eus\/\"},{\"@type\":\"ListItem\",\"position\":2,\"name\":\"La Junta de representantes de UAGA en el \u00a0Consejo Regulador de la DO\u00a0Rioja se re\u00fane para definir las normas de campa\u00f1a de la vendimia 2020\"}]},{\"@type\":\"WebSite\",\"@id\":\"https:\/\/www.uaga.eus\/#website\",\"url\":\"https:\/\/www.uaga.eus\/\",\"name\":\"UAGA\",\"description\":\"Uni\u00f3n Agroganadera de \u00c1lava - Araba Nekazarien Elkartea\",\"potentialAction\":[{\"@type\":\"SearchAction\",\"target\":{\"@type\":\"EntryPoint\",\"urlTemplate\":\"https:\/\/www.uaga.eus\/?s={search_term_string}\"},\"query-input\":\"required name=search_term_string\"}],\"inLanguage\":\"eu\"},{\"@type\":\"Person\",\"@id\":\"https:\/\/www.uaga.eus\/#\/schema\/person\/48c3cbf0f33d1b788226dbb6518689cf\",\"name\":\"Blanca S\u00e1nchez\",\"image\":{\"@type\":\"ImageObject\",\"inLanguage\":\"eu\",\"@id\":\"https:\/\/www.uaga.eus\/#\/schema\/person\/image\/\",\"url\":\"https:\/\/secure.gravatar.com\/avatar\/0dc91c20648254b1ce84877283f6751b?s=96&d=mm&r=g\",\"contentUrl\":\"https:\/\/secure.gravatar.com\/avatar\/0dc91c20648254b1ce84877283f6751b?s=96&d=mm&r=g\",\"caption\":\"Blanca S\u00e1nchez\"},\"url\":\"https:\/\/www.uaga.eus\/eu\/author\/bsanchez\/\"}]}<\/script>\n<!-- \/ Yoast SEO plugin. -->","yoast_head_json":{"title":"La Junta de representantes de UAGA en el \u00a0Consejo Regulador de la DO\u00a0Rioja se re\u00fane para definir las normas de campa\u00f1a de la vendimia 2020 - UAGA","robots":{"index":"index","follow":"follow","max-snippet":"max-snippet:-1","max-image-preview":"max-image-preview:large","max-video-preview":"max-video-preview:-1"},"canonical":"https:\/\/www.uaga.eus\/junta-de-representantes-uaga-en-el-consejo-regulador-de-la-do-rioja\/","og_locale":"en_US","og_type":"article","og_title":"La Junta de representantes de UAGA en el \u00a0Consejo Regulador de la DO\u00a0Rioja se re\u00fane para definir las normas de campa\u00f1a de la vendimia 2020 - UAGA","og_description":"Esta semana se han reunido los representantes de UAGA en el Consejo Regulador de la DO RIOJA para tratar, entre otros asuntos, \u00a0las normas de campa\u00f1a para la vendimia 2020. UAGA trasladar\u00e1 en la pr\u00f3xima Comisi\u00f3n T\u00e9cnica del Consejo Regulador su opini\u00f3n en relaci\u00f3n a que si \u00a0se contempla la reducci\u00f3n del rendimiento de entrada [&hellip;]","og_url":"https:\/\/www.uaga.eus\/junta-de-representantes-uaga-en-el-consejo-regulador-de-la-do-rioja\/","og_site_name":"UAGA","article_published_time":"2020-05-14T11:52:56+00:00","article_modified_time":"2020-05-14T13:53:39+00:00","og_image":[{"width":650,"height":365,"url":"https:\/\/www.uaga.eus\/wp-content\/uploads\/2020\/05\/vi\u00f1as-e1589457150861.jpg","type":"image\/jpeg"}],"author":"Blanca S\u00e1nchez","twitter_card":"summary_large_image","twitter_misc":{"Written by":"Blanca S\u00e1nchez","Est. reading time":"1 minutua"},"schema":{"@context":"https:\/\/schema.org","@graph":[{"@type":"WebPage","@id":"https:\/\/www.uaga.eus\/junta-de-representantes-uaga-en-el-consejo-regulador-de-la-do-rioja\/","url":"https:\/\/www.uaga.eus\/junta-de-representantes-uaga-en-el-consejo-regulador-de-la-do-rioja\/","name":"La Junta de representantes de UAGA en el \u00a0Consejo Regulador de la DO\u00a0Rioja se re\u00fane para definir las normas de campa\u00f1a de la vendimia 2020 - UAGA","isPartOf":{"@id":"https:\/\/www.uaga.eus\/#website"},"datePublished":"2020-05-14T11:52:56+00:00","dateModified":"2020-05-14T13:53:39+00:00","author":{"@id":"https:\/\/www.uaga.eus\/#\/schema\/person\/48c3cbf0f33d1b788226dbb6518689cf"},"breadcrumb":{"@id":"https:\/\/www.uaga.eus\/junta-de-representantes-uaga-en-el-consejo-regulador-de-la-do-rioja\/#breadcrumb"},"inLanguage":"eu","potentialAction":[{"@type":"ReadAction","target":["https:\/\/www.uaga.eus\/junta-de-representantes-uaga-en-el-consejo-regulador-de-la-do-rioja\/"]}]},{"@type":"BreadcrumbList","@id":"https:\/\/www.uaga.eus\/junta-de-representantes-uaga-en-el-consejo-regulador-de-la-do-rioja\/#breadcrumb","itemListElement":[{"@type":"ListItem","position":1,"name":"Inicio","item":"https:\/\/www.uaga.eus\/"},{"@type":"ListItem","position":2,"name":"La Junta de representantes de UAGA en el \u00a0Consejo Regulador de la DO\u00a0Rioja se re\u00fane para definir las normas de campa\u00f1a de la vendimia 2020"}]},{"@type":"WebSite","@id":"https:\/\/www.uaga.eus\/#website","url":"https:\/\/www.uaga.eus\/","name":"UAGA","description":"Uni\u00f3n Agroganadera de \u00c1lava - Araba Nekazarien Elkartea","potentialAction":[{"@type":"SearchAction","target":{"@type":"EntryPoint","urlTemplate":"https:\/\/www.uaga.eus\/?s={search_term_string}"},"query-input":"required name=search_term_string"}],"inLanguage":"eu"},{"@type":"Person","@id":"https:\/\/www.uaga.eus\/#\/schema\/person\/48c3cbf0f33d1b788226dbb6518689cf","name":"Blanca S\u00e1nchez","image":{"@type":"ImageObject","inLanguage":"eu","@id":"https:\/\/www.uaga.eus\/#\/schema\/person\/image\/","url":"https:\/\/secure.gravatar.com\/avatar\/0dc91c20648254b1ce84877283f6751b?s=96&d=mm&r=g","contentUrl":"https:\/\/secure.gravatar.com\/avatar\/0dc91c20648254b1ce84877283f6751b?s=96&d=mm&r=g","caption":"Blanca S\u00e1nchez"},"url":"https:\/\/www.uaga.eus\/eu\/author\/bsanchez\/"}]}},"_links":{"self":[{"href":"https:\/\/www.uaga.eus\/eu\/wp-json\/wp\/v2\/posts\/7460"}],"collection":[{"href":"https:\/\/www.uaga.eus\/eu\/wp-json\/wp\/v2\/posts"}],"about":[{"href":"https:\/\/www.uaga.eus\/eu\/wp-json\/wp\/v2\/types\/post"}],"author":[{"embeddable":true,"href":"https:\/\/www.uaga.eus\/eu\/wp-json\/wp\/v2\/users\/4"}],"replies":[{"embeddable":true,"href":"https:\/\/www.uaga.eus\/eu\/wp-json\/wp\/v2\/comments?post=7460"}],"version-history":[{"count":4,"href":"https:\/\/www.uaga.eus\/eu\/wp-json\/wp\/v2\/posts\/7460\/revisions"}],"predecessor-version":[{"id":7467,"href":"https:\/\/www.uaga.eus\/eu\/wp-json\/wp\/v2\/posts\/7460\/revisions\/7467"}],"wp:featuredmedia":[{"embeddable":true,"href":"https:\/\/www.uaga.eus\/eu\/wp-json\/wp\/v2\/media\/7445"}],"wp:attachment":[{"href":"https:\/\/www.uaga.eus\/eu\/wp-json\/wp\/v2\/media?parent=7460"}],"wp:term":[{"taxonomy":"category","embeddable":true,"href":"https:\/\/www.uaga.eus\/eu\/wp-json\/wp\/v2\/categories?post=7460"},{"taxonomy":"post_tag","embeddable":true,"href":"https:\/\/www.uaga.eus\/eu\/wp-json\/wp\/v2\/tags?post=7460"}],"curies":[{"name":"wp","href":"https:\/\/api.w.org\/{rel}","templated":true}]}}