{"id":7448,"date":"2020-05-14T11:34:43","date_gmt":"2020-05-14T11:34:43","guid":{"rendered":"https:\/\/www.uaga.eus\/?p=7448"},"modified":"2020-05-14T14:11:08","modified_gmt":"2020-05-14T14:11:08","slug":"en-el-dia-del-mundo-rural-uaga-acoa-caritas-y-cristianos-rurales-de-alava-queremos-poner-en-valor-las-oportunidades-que-este-modo-de-vida-supone-para-una-crisis-como-la-actual","status":"publish","type":"post","link":"https:\/\/www.uaga.eus\/eu\/en-el-dia-del-mundo-rural-uaga-acoa-caritas-y-cristianos-rurales-de-alava-queremos-poner-en-valor-las-oportunidades-que-este-modo-de-vida-supone-para-una-crisis-como-la-actual\/","title":{"rendered":"UAGA celebra el D\u00eda del Mundo Rural"},"content":{"rendered":"<p>El D\u00eda del Mundo Rural, 15 de mayo, llega este a\u00f1o en una situaci\u00f3n especial. Las entidades que trabajamos en el medio rural alav\u00e9s -ACOA, C\u00e1ritas, Cristianos Rurales de \u00c1lava y UAGA-\u00a0y que todos los a\u00f1os conmemoramos de forma conjunta esta fecha,\u00a0queremos poner de manifiesto que la idiosincrasia del mundo rural y el estilo de vida de nuestros pueblos y n\u00facleos rurales es m\u00e1s necesaria que nunca y que, tras a\u00f1os en segundo plano, cobra una relevancia especial, como preservadora de vida y de cuidados.<\/p>\n<p>En primer lugar, porque gran parte de nuestra poblaci\u00f3n ha continuado produciendo los alimentos necesarios para el conjunto de la sociedad. En segundo lugar, porque la forma de vida en nuestros pueblos es en comunidad, lo que facilita la cooperaci\u00f3n y el cuidado mutuo. Por eso, hacemos un llamamiento a preservar todos estos valores.<\/p>\n<p>No queremos olvidar que San Isidro, el D\u00eda del Mundo Rural, ha sido siempre una fecha para la fiesta y la alegr\u00eda. Por eso invitamos a todos los pueblos a que el 15 de mayo, a las 12 de la ma\u00f1ana, toquen las campanas de las Iglesias como s\u00edmbolo de uni\u00f3n del medio rural y de esperanza para el futuro.<\/p>\n<p>Esperemos que en poco tiempo podamos volver a la vida normal con los valores vecinales de relaci\u00f3n con los dem\u00e1s y cuidado de nuestra Tierra, alma del Mundo Rural.<\/p>\n<p>Puedes consultar <a href=\"https:\/\/mcusercontent.com\/498b950ccfc4b8d0e600d7e48\/files\/50db45c6-d385-455f-bb07-14dc6f358aed\/200515_Dia_del_Mundo_Rural2020.pdf\" target=\"_blank\" rel=\"noopener\" data-cke-saved-href=\"https:\/\/mcusercontent.com\/498b950ccfc4b8d0e600d7e48\/files\/50db45c6-d385-455f-bb07-14dc6f358aed\/200515_Dia_del_Mundo_Rural2020.pdf\">aqu\u00ed<\/a> el comunicado de prensa.<\/p>\n<div><\/div>\n<div><\/div>\n","protected":false},"excerpt":{"rendered":"<p>El D\u00eda del Mundo Rural, 15 de mayo, llega este a\u00f1o en una situaci\u00f3n especial. Las entidades que trabajamos en el medio rural alav\u00e9s -ACOA, C\u00e1ritas, Cristianos Rurales de \u00c1lava y UAGA-\u00a0y que todos los a\u00f1os conmemoramos de forma conjunta esta fecha,\u00a0queremos poner de manifiesto que la idiosincrasia del mundo rural y el estilo de [&hellip;]<\/p>\n","protected":false},"author":4,"featured_media":7449,"comment_status":"closed","ping_status":"closed","sticky":false,"template":"","format":"standard","meta":{"footnotes":""},"categories":[37],"tags":[],"yoast_head":"<!-- This site is optimized with the Yoast SEO plugin v21.5 - https:\/\/yoast.com\/wordpress\/plugins\/seo\/ -->\n<title>UAGA celebra el D\u00eda del Mundo Rural - UAGA<\/title>\n<meta name=\"robots\" content=\"index, follow, max-snippet:-1, max-image-preview:large, max-video-preview:-1\" \/>\n<link rel=\"canonical\" href=\"https:\/\/www.uaga.eus\/en-el-dia-del-mundo-rural-uaga-acoa-caritas-y-cristianos-rurales-de-alava-queremos-poner-en-valor-las-oportunidades-que-este-modo-de-vida-supone-para-una-crisis-como-la-actual\/\" \/>\n<meta property=\"og:locale\" content=\"en_US\" \/>\n<meta property=\"og:type\" content=\"article\" \/>\n<meta property=\"og:title\" content=\"UAGA celebra el D\u00eda del Mundo Rural - UAGA\" \/>\n<meta property=\"og:description\" content=\"El D\u00eda del Mundo Rural, 15 de mayo, llega este a\u00f1o en una situaci\u00f3n especial. Las entidades que trabajamos en el medio rural alav\u00e9s -ACOA, C\u00e1ritas, Cristianos Rurales de \u00c1lava y UAGA-\u00a0y que todos los a\u00f1os conmemoramos de forma conjunta esta fecha,\u00a0queremos poner de manifiesto que la idiosincrasia del mundo rural y el estilo de [&hellip;]\" \/>\n<meta property=\"og:url\" content=\"https:\/\/www.uaga.eus\/en-el-dia-del-mundo-rural-uaga-acoa-caritas-y-cristianos-rurales-de-alava-queremos-poner-en-valor-las-oportunidades-que-este-modo-de-vida-supone-para-una-crisis-como-la-actual\/\" \/>\n<meta property=\"og:site_name\" content=\"UAGA\" \/>\n<meta property=\"article:published_time\" content=\"2020-05-14T11:34:43+00:00\" \/>\n<meta property=\"article:modified_time\" content=\"2020-05-14T14:11:08+00:00\" \/>\n<meta property=\"og:image\" content=\"https:\/\/www.uaga.eus\/wp-content\/uploads\/2020\/05\/paisaje-pueblo-e1589473954531.jpg\" \/>\n\t<meta property=\"og:image:width\" content=\"643\" \/>\n\t<meta property=\"og:image:height\" content=\"365\" \/>\n\t<meta property=\"og:image:type\" content=\"image\/jpeg\" \/>\n<meta name=\"author\" content=\"Blanca S\u00e1nchez\" \/>\n<meta name=\"twitter:card\" content=\"summary_large_image\" \/>\n<meta name=\"twitter:label1\" content=\"Written by\" \/>\n\t<meta name=\"twitter:data1\" content=\"Blanca S\u00e1nchez\" \/>\n\t<meta name=\"twitter:label2\" content=\"Est. reading time\" \/>\n\t<meta name=\"twitter:data2\" content=\"1 minutua\" \/>\n<script type=\"application\/ld+json\" class=\"yoast-schema-graph\">{\"@context\":\"https:\/\/schema.org\",\"@graph\":[{\"@type\":\"WebPage\",\"@id\":\"https:\/\/www.uaga.eus\/en-el-dia-del-mundo-rural-uaga-acoa-caritas-y-cristianos-rurales-de-alava-queremos-poner-en-valor-las-oportunidades-que-este-modo-de-vida-supone-para-una-crisis-como-la-actual\/\",\"url\":\"https:\/\/www.uaga.eus\/en-el-dia-del-mundo-rural-uaga-acoa-caritas-y-cristianos-rurales-de-alava-queremos-poner-en-valor-las-oportunidades-que-este-modo-de-vida-supone-para-una-crisis-como-la-actual\/\",\"name\":\"UAGA celebra el D\u00eda del Mundo Rural - UAGA\",\"isPartOf\":{\"@id\":\"https:\/\/www.uaga.eus\/#website\"},\"datePublished\":\"2020-05-14T11:34:43+00:00\",\"dateModified\":\"2020-05-14T14:11:08+00:00\",\"author\":{\"@id\":\"https:\/\/www.uaga.eus\/#\/schema\/person\/48c3cbf0f33d1b788226dbb6518689cf\"},\"breadcrumb\":{\"@id\":\"https:\/\/www.uaga.eus\/en-el-dia-del-mundo-rural-uaga-acoa-caritas-y-cristianos-rurales-de-alava-queremos-poner-en-valor-las-oportunidades-que-este-modo-de-vida-supone-para-una-crisis-como-la-actual\/#breadcrumb\"},\"inLanguage\":\"eu\",\"potentialAction\":[{\"@type\":\"ReadAction\",\"target\":[\"https:\/\/www.uaga.eus\/en-el-dia-del-mundo-rural-uaga-acoa-caritas-y-cristianos-rurales-de-alava-queremos-poner-en-valor-las-oportunidades-que-este-modo-de-vida-supone-para-una-crisis-como-la-actual\/\"]}]},{\"@type\":\"BreadcrumbList\",\"@id\":\"https:\/\/www.uaga.eus\/en-el-dia-del-mundo-rural-uaga-acoa-caritas-y-cristianos-rurales-de-alava-queremos-poner-en-valor-las-oportunidades-que-este-modo-de-vida-supone-para-una-crisis-como-la-actual\/#breadcrumb\",\"itemListElement\":[{\"@type\":\"ListItem\",\"position\":1,\"name\":\"Inicio\",\"item\":\"https:\/\/www.uaga.eus\/\"},{\"@type\":\"ListItem\",\"position\":2,\"name\":\"UAGA celebra el D\u00eda del Mundo Rural\"}]},{\"@type\":\"WebSite\",\"@id\":\"https:\/\/www.uaga.eus\/#website\",\"url\":\"https:\/\/www.uaga.eus\/\",\"name\":\"UAGA\",\"description\":\"Uni\u00f3n Agroganadera de \u00c1lava - Araba Nekazarien Elkartea\",\"potentialAction\":[{\"@type\":\"SearchAction\",\"target\":{\"@type\":\"EntryPoint\",\"urlTemplate\":\"https:\/\/www.uaga.eus\/?s={search_term_string}\"},\"query-input\":\"required name=search_term_string\"}],\"inLanguage\":\"eu\"},{\"@type\":\"Person\",\"@id\":\"https:\/\/www.uaga.eus\/#\/schema\/person\/48c3cbf0f33d1b788226dbb6518689cf\",\"name\":\"Blanca S\u00e1nchez\",\"image\":{\"@type\":\"ImageObject\",\"inLanguage\":\"eu\",\"@id\":\"https:\/\/www.uaga.eus\/#\/schema\/person\/image\/\",\"url\":\"https:\/\/secure.gravatar.com\/avatar\/0dc91c20648254b1ce84877283f6751b?s=96&d=mm&r=g\",\"contentUrl\":\"https:\/\/secure.gravatar.com\/avatar\/0dc91c20648254b1ce84877283f6751b?s=96&d=mm&r=g\",\"caption\":\"Blanca S\u00e1nchez\"},\"url\":\"https:\/\/www.uaga.eus\/eu\/author\/bsanchez\/\"}]}<\/script>\n<!-- \/ Yoast SEO plugin. -->","yoast_head_json":{"title":"UAGA celebra el D\u00eda del Mundo Rural - UAGA","robots":{"index":"index","follow":"follow","max-snippet":"max-snippet:-1","max-image-preview":"max-image-preview:large","max-video-preview":"max-video-preview:-1"},"canonical":"https:\/\/www.uaga.eus\/en-el-dia-del-mundo-rural-uaga-acoa-caritas-y-cristianos-rurales-de-alava-queremos-poner-en-valor-las-oportunidades-que-este-modo-de-vida-supone-para-una-crisis-como-la-actual\/","og_locale":"en_US","og_type":"article","og_title":"UAGA celebra el D\u00eda del Mundo Rural - UAGA","og_description":"El D\u00eda del Mundo Rural, 15 de mayo, llega este a\u00f1o en una situaci\u00f3n especial. Las entidades que trabajamos en el medio rural alav\u00e9s -ACOA, C\u00e1ritas, Cristianos Rurales de \u00c1lava y UAGA-\u00a0y que todos los a\u00f1os conmemoramos de forma conjunta esta fecha,\u00a0queremos poner de manifiesto que la idiosincrasia del mundo rural y el estilo de [&hellip;]","og_url":"https:\/\/www.uaga.eus\/en-el-dia-del-mundo-rural-uaga-acoa-caritas-y-cristianos-rurales-de-alava-queremos-poner-en-valor-las-oportunidades-que-este-modo-de-vida-supone-para-una-crisis-como-la-actual\/","og_site_name":"UAGA","article_published_time":"2020-05-14T11:34:43+00:00","article_modified_time":"2020-05-14T14:11:08+00:00","og_image":[{"width":643,"height":365,"url":"https:\/\/www.uaga.eus\/wp-content\/uploads\/2020\/05\/paisaje-pueblo-e1589473954531.jpg","type":"image\/jpeg"}],"author":"Blanca S\u00e1nchez","twitter_card":"summary_large_image","twitter_misc":{"Written by":"Blanca S\u00e1nchez","Est. reading time":"1 minutua"},"schema":{"@context":"https:\/\/schema.org","@graph":[{"@type":"WebPage","@id":"https:\/\/www.uaga.eus\/en-el-dia-del-mundo-rural-uaga-acoa-caritas-y-cristianos-rurales-de-alava-queremos-poner-en-valor-las-oportunidades-que-este-modo-de-vida-supone-para-una-crisis-como-la-actual\/","url":"https:\/\/www.uaga.eus\/en-el-dia-del-mundo-rural-uaga-acoa-caritas-y-cristianos-rurales-de-alava-queremos-poner-en-valor-las-oportunidades-que-este-modo-de-vida-supone-para-una-crisis-como-la-actual\/","name":"UAGA celebra el D\u00eda del Mundo Rural - UAGA","isPartOf":{"@id":"https:\/\/www.uaga.eus\/#website"},"datePublished":"2020-05-14T11:34:43+00:00","dateModified":"2020-05-14T14:11:08+00:00","author":{"@id":"https:\/\/www.uaga.eus\/#\/schema\/person\/48c3cbf0f33d1b788226dbb6518689cf"},"breadcrumb":{"@id":"https:\/\/www.uaga.eus\/en-el-dia-del-mundo-rural-uaga-acoa-caritas-y-cristianos-rurales-de-alava-queremos-poner-en-valor-las-oportunidades-que-este-modo-de-vida-supone-para-una-crisis-como-la-actual\/#breadcrumb"},"inLanguage":"eu","potentialAction":[{"@type":"ReadAction","target":["https:\/\/www.uaga.eus\/en-el-dia-del-mundo-rural-uaga-acoa-caritas-y-cristianos-rurales-de-alava-queremos-poner-en-valor-las-oportunidades-que-este-modo-de-vida-supone-para-una-crisis-como-la-actual\/"]}]},{"@type":"BreadcrumbList","@id":"https:\/\/www.uaga.eus\/en-el-dia-del-mundo-rural-uaga-acoa-caritas-y-cristianos-rurales-de-alava-queremos-poner-en-valor-las-oportunidades-que-este-modo-de-vida-supone-para-una-crisis-como-la-actual\/#breadcrumb","itemListElement":[{"@type":"ListItem","position":1,"name":"Inicio","item":"https:\/\/www.uaga.eus\/"},{"@type":"ListItem","position":2,"name":"UAGA celebra el D\u00eda del Mundo Rural"}]},{"@type":"WebSite","@id":"https:\/\/www.uaga.eus\/#website","url":"https:\/\/www.uaga.eus\/","name":"UAGA","description":"Uni\u00f3n Agroganadera de \u00c1lava - Araba Nekazarien Elkartea","potentialAction":[{"@type":"SearchAction","target":{"@type":"EntryPoint","urlTemplate":"https:\/\/www.uaga.eus\/?s={search_term_string}"},"query-input":"required name=search_term_string"}],"inLanguage":"eu"},{"@type":"Person","@id":"https:\/\/www.uaga.eus\/#\/schema\/person\/48c3cbf0f33d1b788226dbb6518689cf","name":"Blanca S\u00e1nchez","image":{"@type":"ImageObject","inLanguage":"eu","@id":"https:\/\/www.uaga.eus\/#\/schema\/person\/image\/","url":"https:\/\/secure.gravatar.com\/avatar\/0dc91c20648254b1ce84877283f6751b?s=96&d=mm&r=g","contentUrl":"https:\/\/secure.gravatar.com\/avatar\/0dc91c20648254b1ce84877283f6751b?s=96&d=mm&r=g","caption":"Blanca S\u00e1nchez"},"url":"https:\/\/www.uaga.eus\/eu\/author\/bsanchez\/"}]}},"_links":{"self":[{"href":"https:\/\/www.uaga.eus\/eu\/wp-json\/wp\/v2\/posts\/7448"}],"collection":[{"href":"https:\/\/www.uaga.eus\/eu\/wp-json\/wp\/v2\/posts"}],"about":[{"href":"https:\/\/www.uaga.eus\/eu\/wp-json\/wp\/v2\/types\/post"}],"author":[{"embeddable":true,"href":"https:\/\/www.uaga.eus\/eu\/wp-json\/wp\/v2\/users\/4"}],"replies":[{"embeddable":true,"href":"https:\/\/www.uaga.eus\/eu\/wp-json\/wp\/v2\/comments?post=7448"}],"version-history":[{"count":4,"href":"https:\/\/www.uaga.eus\/eu\/wp-json\/wp\/v2\/posts\/7448\/revisions"}],"predecessor-version":[{"id":7469,"href":"https:\/\/www.uaga.eus\/eu\/wp-json\/wp\/v2\/posts\/7448\/revisions\/7469"}],"wp:featuredmedia":[{"embeddable":true,"href":"https:\/\/www.uaga.eus\/eu\/wp-json\/wp\/v2\/media\/7449"}],"wp:attachment":[{"href":"https:\/\/www.uaga.eus\/eu\/wp-json\/wp\/v2\/media?parent=7448"}],"wp:term":[{"taxonomy":"category","embeddable":true,"href":"https:\/\/www.uaga.eus\/eu\/wp-json\/wp\/v2\/categories?post=7448"},{"taxonomy":"post_tag","embeddable":true,"href":"https:\/\/www.uaga.eus\/eu\/wp-json\/wp\/v2\/tags?post=7448"}],"curies":[{"name":"wp","href":"https:\/\/api.w.org\/{rel}","templated":true}]}}