{"id":7444,"date":"2020-05-14T11:31:15","date_gmt":"2020-05-14T11:31:15","guid":{"rendered":"https:\/\/www.uaga.eus\/?p=7444"},"modified":"2020-05-20T08:35:01","modified_gmt":"2020-05-20T08:35:01","slug":"la-itv-movil-para-inspecciones-de-vehiculos-agricolas-comienza-a-funcionar-de-nuevo","status":"publish","type":"post","link":"https:\/\/www.uaga.eus\/eu\/la-itv-movil-para-inspecciones-de-vehiculos-agricolas-comienza-a-funcionar-de-nuevo\/","title":{"rendered":"La ITV M\u00f3vil para inspecciones de veh\u00edculos agr\u00edcolas comienza a funcionar de nuevo"},"content":{"rendered":"<p><span style=\"font-family: arial, helvetica neue, helvetica, sans-serif;\">La ITV de \u00c1lava ha retomado esta semana su actividad y con ella tambi\u00e9n se vuelven a poner en marcha las Inspecciones en\u00a0 los n\u00facleos rurales para los veh\u00edculos agr\u00edcolas.<\/span><\/p>\n<p>La semana que viene se retoman las ITV de marzo -en Valles Alaveses- que quedaron pendientes con la declaraci\u00f3n del Estado de Alarma, reagrup\u00e1ndose en tres ubicaciones que puedes consultar <a href=\"https:\/\/www.uaga.eus\/wp-content\/uploads\/2020\/05\/MAYO-2020-01.pdf\">aqu\u00ed<\/a>.<\/p>\n<p>Desde la ITV nos han trasladado su intenci\u00f3n de mantener el calendario habitual de estas Inspecciones.<\/p>\n<p>Tambi\u00e9n se retoman las ITV para veh\u00edculos privados, atendiendo con cita previa. No obstante las ITV cuyo periodo de vigencia haya finalizado durante el estado de alarma y sus sucesivas pr\u00f3rrogas, quedar\u00e1n autom\u00e1ticamente prorrogadas hasta treinta d\u00edas naturales posteriores a la finalizaci\u00f3n del estado de alarma&#8221;.<\/p>\n","protected":false},"excerpt":{"rendered":"<p>La ITV de \u00c1lava ha retomado esta semana su actividad y con ella tambi\u00e9n se vuelven a poner en marcha las Inspecciones en\u00a0 los n\u00facleos rurales para los veh\u00edculos agr\u00edcolas. La semana que viene se retoman las ITV de marzo -en Valles Alaveses- que quedaron pendientes con la declaraci\u00f3n del Estado de Alarma, reagrup\u00e1ndose en [&hellip;]<\/p>\n","protected":false},"author":4,"featured_media":7446,"comment_status":"closed","ping_status":"closed","sticky":false,"template":"","format":"standard","meta":{"footnotes":""},"categories":[111,6],"tags":[],"yoast_head":"<!-- This site is optimized with the Yoast SEO plugin v21.5 - https:\/\/yoast.com\/wordpress\/plugins\/seo\/ -->\n<title>La ITV M\u00f3vil para inspecciones de veh\u00edculos agr\u00edcolas comienza a funcionar de nuevo - UAGA<\/title>\n<meta name=\"robots\" content=\"index, follow, max-snippet:-1, max-image-preview:large, max-video-preview:-1\" \/>\n<link rel=\"canonical\" href=\"https:\/\/www.uaga.eus\/la-itv-movil-para-inspecciones-de-vehiculos-agricolas-comienza-a-funcionar-de-nuevo\/\" \/>\n<meta property=\"og:locale\" content=\"en_US\" \/>\n<meta property=\"og:type\" content=\"article\" \/>\n<meta property=\"og:title\" content=\"La ITV M\u00f3vil para inspecciones de veh\u00edculos agr\u00edcolas comienza a funcionar de nuevo - UAGA\" \/>\n<meta property=\"og:description\" content=\"La ITV de \u00c1lava ha retomado esta semana su actividad y con ella tambi\u00e9n se vuelven a poner en marcha las Inspecciones en\u00a0 los n\u00facleos rurales para los veh\u00edculos agr\u00edcolas. La semana que viene se retoman las ITV de marzo -en Valles Alaveses- que quedaron pendientes con la declaraci\u00f3n del Estado de Alarma, reagrup\u00e1ndose en [&hellip;]\" \/>\n<meta property=\"og:url\" content=\"https:\/\/www.uaga.eus\/la-itv-movil-para-inspecciones-de-vehiculos-agricolas-comienza-a-funcionar-de-nuevo\/\" \/>\n<meta property=\"og:site_name\" content=\"UAGA\" \/>\n<meta property=\"article:published_time\" content=\"2020-05-14T11:31:15+00:00\" \/>\n<meta property=\"article:modified_time\" content=\"2020-05-20T08:35:01+00:00\" \/>\n<meta property=\"og:image\" content=\"https:\/\/www.uaga.eus\/wp-content\/uploads\/2020\/05\/tractor-con-hierba-e1589455860590.jpg\" \/>\n\t<meta property=\"og:image:width\" content=\"700\" \/>\n\t<meta property=\"og:image:height\" content=\"359\" \/>\n\t<meta property=\"og:image:type\" content=\"image\/jpeg\" \/>\n<meta name=\"author\" content=\"Blanca S\u00e1nchez\" \/>\n<meta name=\"twitter:card\" content=\"summary_large_image\" \/>\n<meta name=\"twitter:label1\" content=\"Written by\" \/>\n\t<meta name=\"twitter:data1\" content=\"Blanca S\u00e1nchez\" \/>\n\t<meta name=\"twitter:label2\" content=\"Est. reading time\" \/>\n\t<meta name=\"twitter:data2\" content=\"1 minutua\" \/>\n<script type=\"application\/ld+json\" class=\"yoast-schema-graph\">{\"@context\":\"https:\/\/schema.org\",\"@graph\":[{\"@type\":\"WebPage\",\"@id\":\"https:\/\/www.uaga.eus\/la-itv-movil-para-inspecciones-de-vehiculos-agricolas-comienza-a-funcionar-de-nuevo\/\",\"url\":\"https:\/\/www.uaga.eus\/la-itv-movil-para-inspecciones-de-vehiculos-agricolas-comienza-a-funcionar-de-nuevo\/\",\"name\":\"La ITV M\u00f3vil para inspecciones de veh\u00edculos agr\u00edcolas comienza a funcionar de nuevo - UAGA\",\"isPartOf\":{\"@id\":\"https:\/\/www.uaga.eus\/#website\"},\"datePublished\":\"2020-05-14T11:31:15+00:00\",\"dateModified\":\"2020-05-20T08:35:01+00:00\",\"author\":{\"@id\":\"https:\/\/www.uaga.eus\/#\/schema\/person\/48c3cbf0f33d1b788226dbb6518689cf\"},\"breadcrumb\":{\"@id\":\"https:\/\/www.uaga.eus\/la-itv-movil-para-inspecciones-de-vehiculos-agricolas-comienza-a-funcionar-de-nuevo\/#breadcrumb\"},\"inLanguage\":\"eu\",\"potentialAction\":[{\"@type\":\"ReadAction\",\"target\":[\"https:\/\/www.uaga.eus\/la-itv-movil-para-inspecciones-de-vehiculos-agricolas-comienza-a-funcionar-de-nuevo\/\"]}]},{\"@type\":\"BreadcrumbList\",\"@id\":\"https:\/\/www.uaga.eus\/la-itv-movil-para-inspecciones-de-vehiculos-agricolas-comienza-a-funcionar-de-nuevo\/#breadcrumb\",\"itemListElement\":[{\"@type\":\"ListItem\",\"position\":1,\"name\":\"Inicio\",\"item\":\"https:\/\/www.uaga.eus\/\"},{\"@type\":\"ListItem\",\"position\":2,\"name\":\"La ITV M\u00f3vil para inspecciones de veh\u00edculos agr\u00edcolas comienza a funcionar de nuevo\"}]},{\"@type\":\"WebSite\",\"@id\":\"https:\/\/www.uaga.eus\/#website\",\"url\":\"https:\/\/www.uaga.eus\/\",\"name\":\"UAGA\",\"description\":\"Uni\u00f3n Agroganadera de \u00c1lava - Araba Nekazarien Elkartea\",\"potentialAction\":[{\"@type\":\"SearchAction\",\"target\":{\"@type\":\"EntryPoint\",\"urlTemplate\":\"https:\/\/www.uaga.eus\/?s={search_term_string}\"},\"query-input\":\"required name=search_term_string\"}],\"inLanguage\":\"eu\"},{\"@type\":\"Person\",\"@id\":\"https:\/\/www.uaga.eus\/#\/schema\/person\/48c3cbf0f33d1b788226dbb6518689cf\",\"name\":\"Blanca S\u00e1nchez\",\"image\":{\"@type\":\"ImageObject\",\"inLanguage\":\"eu\",\"@id\":\"https:\/\/www.uaga.eus\/#\/schema\/person\/image\/\",\"url\":\"https:\/\/secure.gravatar.com\/avatar\/0dc91c20648254b1ce84877283f6751b?s=96&d=mm&r=g\",\"contentUrl\":\"https:\/\/secure.gravatar.com\/avatar\/0dc91c20648254b1ce84877283f6751b?s=96&d=mm&r=g\",\"caption\":\"Blanca S\u00e1nchez\"},\"url\":\"https:\/\/www.uaga.eus\/eu\/author\/bsanchez\/\"}]}<\/script>\n<!-- \/ Yoast SEO plugin. -->","yoast_head_json":{"title":"La ITV M\u00f3vil para inspecciones de veh\u00edculos agr\u00edcolas comienza a funcionar de nuevo - UAGA","robots":{"index":"index","follow":"follow","max-snippet":"max-snippet:-1","max-image-preview":"max-image-preview:large","max-video-preview":"max-video-preview:-1"},"canonical":"https:\/\/www.uaga.eus\/la-itv-movil-para-inspecciones-de-vehiculos-agricolas-comienza-a-funcionar-de-nuevo\/","og_locale":"en_US","og_type":"article","og_title":"La ITV M\u00f3vil para inspecciones de veh\u00edculos agr\u00edcolas comienza a funcionar de nuevo - UAGA","og_description":"La ITV de \u00c1lava ha retomado esta semana su actividad y con ella tambi\u00e9n se vuelven a poner en marcha las Inspecciones en\u00a0 los n\u00facleos rurales para los veh\u00edculos agr\u00edcolas. La semana que viene se retoman las ITV de marzo -en Valles Alaveses- que quedaron pendientes con la declaraci\u00f3n del Estado de Alarma, reagrup\u00e1ndose en [&hellip;]","og_url":"https:\/\/www.uaga.eus\/la-itv-movil-para-inspecciones-de-vehiculos-agricolas-comienza-a-funcionar-de-nuevo\/","og_site_name":"UAGA","article_published_time":"2020-05-14T11:31:15+00:00","article_modified_time":"2020-05-20T08:35:01+00:00","og_image":[{"width":700,"height":359,"url":"https:\/\/www.uaga.eus\/wp-content\/uploads\/2020\/05\/tractor-con-hierba-e1589455860590.jpg","type":"image\/jpeg"}],"author":"Blanca S\u00e1nchez","twitter_card":"summary_large_image","twitter_misc":{"Written by":"Blanca S\u00e1nchez","Est. reading time":"1 minutua"},"schema":{"@context":"https:\/\/schema.org","@graph":[{"@type":"WebPage","@id":"https:\/\/www.uaga.eus\/la-itv-movil-para-inspecciones-de-vehiculos-agricolas-comienza-a-funcionar-de-nuevo\/","url":"https:\/\/www.uaga.eus\/la-itv-movil-para-inspecciones-de-vehiculos-agricolas-comienza-a-funcionar-de-nuevo\/","name":"La ITV M\u00f3vil para inspecciones de veh\u00edculos agr\u00edcolas comienza a funcionar de nuevo - UAGA","isPartOf":{"@id":"https:\/\/www.uaga.eus\/#website"},"datePublished":"2020-05-14T11:31:15+00:00","dateModified":"2020-05-20T08:35:01+00:00","author":{"@id":"https:\/\/www.uaga.eus\/#\/schema\/person\/48c3cbf0f33d1b788226dbb6518689cf"},"breadcrumb":{"@id":"https:\/\/www.uaga.eus\/la-itv-movil-para-inspecciones-de-vehiculos-agricolas-comienza-a-funcionar-de-nuevo\/#breadcrumb"},"inLanguage":"eu","potentialAction":[{"@type":"ReadAction","target":["https:\/\/www.uaga.eus\/la-itv-movil-para-inspecciones-de-vehiculos-agricolas-comienza-a-funcionar-de-nuevo\/"]}]},{"@type":"BreadcrumbList","@id":"https:\/\/www.uaga.eus\/la-itv-movil-para-inspecciones-de-vehiculos-agricolas-comienza-a-funcionar-de-nuevo\/#breadcrumb","itemListElement":[{"@type":"ListItem","position":1,"name":"Inicio","item":"https:\/\/www.uaga.eus\/"},{"@type":"ListItem","position":2,"name":"La ITV M\u00f3vil para inspecciones de veh\u00edculos agr\u00edcolas comienza a funcionar de nuevo"}]},{"@type":"WebSite","@id":"https:\/\/www.uaga.eus\/#website","url":"https:\/\/www.uaga.eus\/","name":"UAGA","description":"Uni\u00f3n Agroganadera de \u00c1lava - Araba Nekazarien Elkartea","potentialAction":[{"@type":"SearchAction","target":{"@type":"EntryPoint","urlTemplate":"https:\/\/www.uaga.eus\/?s={search_term_string}"},"query-input":"required name=search_term_string"}],"inLanguage":"eu"},{"@type":"Person","@id":"https:\/\/www.uaga.eus\/#\/schema\/person\/48c3cbf0f33d1b788226dbb6518689cf","name":"Blanca S\u00e1nchez","image":{"@type":"ImageObject","inLanguage":"eu","@id":"https:\/\/www.uaga.eus\/#\/schema\/person\/image\/","url":"https:\/\/secure.gravatar.com\/avatar\/0dc91c20648254b1ce84877283f6751b?s=96&d=mm&r=g","contentUrl":"https:\/\/secure.gravatar.com\/avatar\/0dc91c20648254b1ce84877283f6751b?s=96&d=mm&r=g","caption":"Blanca S\u00e1nchez"},"url":"https:\/\/www.uaga.eus\/eu\/author\/bsanchez\/"}]}},"_links":{"self":[{"href":"https:\/\/www.uaga.eus\/eu\/wp-json\/wp\/v2\/posts\/7444"}],"collection":[{"href":"https:\/\/www.uaga.eus\/eu\/wp-json\/wp\/v2\/posts"}],"about":[{"href":"https:\/\/www.uaga.eus\/eu\/wp-json\/wp\/v2\/types\/post"}],"author":[{"embeddable":true,"href":"https:\/\/www.uaga.eus\/eu\/wp-json\/wp\/v2\/users\/4"}],"replies":[{"embeddable":true,"href":"https:\/\/www.uaga.eus\/eu\/wp-json\/wp\/v2\/comments?post=7444"}],"version-history":[{"count":2,"href":"https:\/\/www.uaga.eus\/eu\/wp-json\/wp\/v2\/posts\/7444\/revisions"}],"predecessor-version":[{"id":7481,"href":"https:\/\/www.uaga.eus\/eu\/wp-json\/wp\/v2\/posts\/7444\/revisions\/7481"}],"wp:featuredmedia":[{"embeddable":true,"href":"https:\/\/www.uaga.eus\/eu\/wp-json\/wp\/v2\/media\/7446"}],"wp:attachment":[{"href":"https:\/\/www.uaga.eus\/eu\/wp-json\/wp\/v2\/media?parent=7444"}],"wp:term":[{"taxonomy":"category","embeddable":true,"href":"https:\/\/www.uaga.eus\/eu\/wp-json\/wp\/v2\/categories?post=7444"},{"taxonomy":"post_tag","embeddable":true,"href":"https:\/\/www.uaga.eus\/eu\/wp-json\/wp\/v2\/tags?post=7444"}],"curies":[{"name":"wp","href":"https:\/\/api.w.org\/{rel}","templated":true}]}}