{"id":7435,"date":"2020-05-13T15:02:03","date_gmt":"2020-05-13T15:02:03","guid":{"rendered":"https:\/\/www.uaga.eus\/?p=7435"},"modified":"2020-05-14T08:17:36","modified_gmt":"2020-05-14T08:17:36","slug":"formacion-on-line-de-hazi-manana-dia-14-los-retos-de-la-gestion-empresarial","status":"publish","type":"post","link":"https:\/\/www.uaga.eus\/eu\/formacion-on-line-de-hazi-manana-dia-14-los-retos-de-la-gestion-empresarial\/","title":{"rendered":"Formaci\u00f3n on line de HAZI, 14 mayo: Los Retos de la Gesti\u00f3n Empresarial"},"content":{"rendered":"<p>HAZI organiza actividades formativas on line todos los jueves para profundizar en distintos temas de inter\u00e9s para los agentes que integran la cadena de la alimentaci\u00f3n y gastronom\u00eda de Euskadi.<\/p>\n<p><strong>Ma\u00f1ana jueves a las 4 de la tarde se abordar\u00e1n los Retos de la gesti\u00f3n empresarial: Estrategia, modelos de negocio y gesti\u00f3n de personas.<\/strong><\/p>\n<p>La sesi\u00f3n podr\u00e1 seguirse en directo el mismo jueves desde cualquier dispositivo (smartphone, tablet, ordenador personal), sesi\u00f3n que ser\u00e1 grabada y a la que se podr\u00e1 acceder posteriormente a trav\u00e9s de la web de Hazi.<\/p>\n<p>Puedes inscribirte en la sesi\u00f3n\u00a0<a href=\"https:\/\/fpe.hazi.eus\/buscador\/verCurso.asp?curso=&amp;quotretos-de-gesti%C3%B3n-empresarial%22-estrategia-modelos-de-negocio-y-gesti%C3%B3n-de-personas&amp;id=es&amp;Ncurso=646845511\">aqu\u00ed<\/a>.<\/p>\n","protected":false},"excerpt":{"rendered":"<p>HAZI organiza actividades formativas on line todos los jueves para profundizar en distintos temas de inter\u00e9s para los agentes que integran la cadena de la alimentaci\u00f3n y gastronom\u00eda de Euskadi. Ma\u00f1ana jueves a las 4 de la tarde se abordar\u00e1n los Retos de la gesti\u00f3n empresarial: Estrategia, modelos de negocio y gesti\u00f3n de personas. La [&hellip;]<\/p>\n","protected":false},"author":4,"featured_media":7304,"comment_status":"closed","ping_status":"closed","sticky":false,"template":"","format":"standard","meta":{"footnotes":""},"categories":[66,38],"tags":[],"yoast_head":"<!-- This site is optimized with the Yoast SEO plugin v21.5 - https:\/\/yoast.com\/wordpress\/plugins\/seo\/ -->\n<title>Formaci\u00f3n on line de HAZI, 14 mayo: Los Retos de la Gesti\u00f3n Empresarial - UAGA<\/title>\n<meta name=\"robots\" content=\"index, follow, max-snippet:-1, max-image-preview:large, max-video-preview:-1\" \/>\n<link rel=\"canonical\" href=\"https:\/\/www.uaga.eus\/formacion-on-line-de-hazi-manana-dia-14-los-retos-de-la-gestion-empresarial\/\" \/>\n<meta property=\"og:locale\" content=\"en_US\" \/>\n<meta property=\"og:type\" content=\"article\" \/>\n<meta property=\"og:title\" content=\"Formaci\u00f3n on line de HAZI, 14 mayo: Los Retos de la Gesti\u00f3n Empresarial - UAGA\" \/>\n<meta property=\"og:description\" content=\"HAZI organiza actividades formativas on line todos los jueves para profundizar en distintos temas de inter\u00e9s para los agentes que integran la cadena de la alimentaci\u00f3n y gastronom\u00eda de Euskadi. Ma\u00f1ana jueves a las 4 de la tarde se abordar\u00e1n los Retos de la gesti\u00f3n empresarial: Estrategia, modelos de negocio y gesti\u00f3n de personas. La [&hellip;]\" \/>\n<meta property=\"og:url\" content=\"https:\/\/www.uaga.eus\/formacion-on-line-de-hazi-manana-dia-14-los-retos-de-la-gestion-empresarial\/\" \/>\n<meta property=\"og:site_name\" content=\"UAGA\" \/>\n<meta property=\"article:published_time\" content=\"2020-05-13T15:02:03+00:00\" \/>\n<meta property=\"article:modified_time\" content=\"2020-05-14T08:17:36+00:00\" \/>\n<meta property=\"og:image\" content=\"https:\/\/www.uaga.eus\/wp-content\/uploads\/2020\/04\/ordenador-teletrabajo-e1587989813480.jpg\" \/>\n\t<meta property=\"og:image:width\" content=\"698\" \/>\n\t<meta property=\"og:image:height\" content=\"381\" \/>\n\t<meta property=\"og:image:type\" content=\"image\/jpeg\" \/>\n<meta name=\"author\" content=\"Blanca S\u00e1nchez\" \/>\n<meta name=\"twitter:card\" content=\"summary_large_image\" \/>\n<meta name=\"twitter:label1\" content=\"Written by\" \/>\n\t<meta name=\"twitter:data1\" content=\"Blanca S\u00e1nchez\" \/>\n\t<meta name=\"twitter:label2\" content=\"Est. reading time\" \/>\n\t<meta name=\"twitter:data2\" content=\"1 minutua\" \/>\n<script type=\"application\/ld+json\" class=\"yoast-schema-graph\">{\"@context\":\"https:\/\/schema.org\",\"@graph\":[{\"@type\":\"WebPage\",\"@id\":\"https:\/\/www.uaga.eus\/formacion-on-line-de-hazi-manana-dia-14-los-retos-de-la-gestion-empresarial\/\",\"url\":\"https:\/\/www.uaga.eus\/formacion-on-line-de-hazi-manana-dia-14-los-retos-de-la-gestion-empresarial\/\",\"name\":\"Formaci\u00f3n on line de HAZI, 14 mayo: Los Retos de la Gesti\u00f3n Empresarial - UAGA\",\"isPartOf\":{\"@id\":\"https:\/\/www.uaga.eus\/#website\"},\"datePublished\":\"2020-05-13T15:02:03+00:00\",\"dateModified\":\"2020-05-14T08:17:36+00:00\",\"author\":{\"@id\":\"https:\/\/www.uaga.eus\/#\/schema\/person\/48c3cbf0f33d1b788226dbb6518689cf\"},\"breadcrumb\":{\"@id\":\"https:\/\/www.uaga.eus\/formacion-on-line-de-hazi-manana-dia-14-los-retos-de-la-gestion-empresarial\/#breadcrumb\"},\"inLanguage\":\"eu\",\"potentialAction\":[{\"@type\":\"ReadAction\",\"target\":[\"https:\/\/www.uaga.eus\/formacion-on-line-de-hazi-manana-dia-14-los-retos-de-la-gestion-empresarial\/\"]}]},{\"@type\":\"BreadcrumbList\",\"@id\":\"https:\/\/www.uaga.eus\/formacion-on-line-de-hazi-manana-dia-14-los-retos-de-la-gestion-empresarial\/#breadcrumb\",\"itemListElement\":[{\"@type\":\"ListItem\",\"position\":1,\"name\":\"Inicio\",\"item\":\"https:\/\/www.uaga.eus\/\"},{\"@type\":\"ListItem\",\"position\":2,\"name\":\"Formaci\u00f3n on line de HAZI, 14 mayo: Los Retos de la Gesti\u00f3n Empresarial\"}]},{\"@type\":\"WebSite\",\"@id\":\"https:\/\/www.uaga.eus\/#website\",\"url\":\"https:\/\/www.uaga.eus\/\",\"name\":\"UAGA\",\"description\":\"Uni\u00f3n Agroganadera de \u00c1lava - Araba Nekazarien Elkartea\",\"potentialAction\":[{\"@type\":\"SearchAction\",\"target\":{\"@type\":\"EntryPoint\",\"urlTemplate\":\"https:\/\/www.uaga.eus\/?s={search_term_string}\"},\"query-input\":\"required name=search_term_string\"}],\"inLanguage\":\"eu\"},{\"@type\":\"Person\",\"@id\":\"https:\/\/www.uaga.eus\/#\/schema\/person\/48c3cbf0f33d1b788226dbb6518689cf\",\"name\":\"Blanca S\u00e1nchez\",\"image\":{\"@type\":\"ImageObject\",\"inLanguage\":\"eu\",\"@id\":\"https:\/\/www.uaga.eus\/#\/schema\/person\/image\/\",\"url\":\"https:\/\/secure.gravatar.com\/avatar\/0dc91c20648254b1ce84877283f6751b?s=96&d=mm&r=g\",\"contentUrl\":\"https:\/\/secure.gravatar.com\/avatar\/0dc91c20648254b1ce84877283f6751b?s=96&d=mm&r=g\",\"caption\":\"Blanca S\u00e1nchez\"},\"url\":\"https:\/\/www.uaga.eus\/eu\/author\/bsanchez\/\"}]}<\/script>\n<!-- \/ Yoast SEO plugin. -->","yoast_head_json":{"title":"Formaci\u00f3n on line de HAZI, 14 mayo: Los Retos de la Gesti\u00f3n Empresarial - UAGA","robots":{"index":"index","follow":"follow","max-snippet":"max-snippet:-1","max-image-preview":"max-image-preview:large","max-video-preview":"max-video-preview:-1"},"canonical":"https:\/\/www.uaga.eus\/formacion-on-line-de-hazi-manana-dia-14-los-retos-de-la-gestion-empresarial\/","og_locale":"en_US","og_type":"article","og_title":"Formaci\u00f3n on line de HAZI, 14 mayo: Los Retos de la Gesti\u00f3n Empresarial - UAGA","og_description":"HAZI organiza actividades formativas on line todos los jueves para profundizar en distintos temas de inter\u00e9s para los agentes que integran la cadena de la alimentaci\u00f3n y gastronom\u00eda de Euskadi. Ma\u00f1ana jueves a las 4 de la tarde se abordar\u00e1n los Retos de la gesti\u00f3n empresarial: Estrategia, modelos de negocio y gesti\u00f3n de personas. La [&hellip;]","og_url":"https:\/\/www.uaga.eus\/formacion-on-line-de-hazi-manana-dia-14-los-retos-de-la-gestion-empresarial\/","og_site_name":"UAGA","article_published_time":"2020-05-13T15:02:03+00:00","article_modified_time":"2020-05-14T08:17:36+00:00","og_image":[{"width":698,"height":381,"url":"https:\/\/www.uaga.eus\/wp-content\/uploads\/2020\/04\/ordenador-teletrabajo-e1587989813480.jpg","type":"image\/jpeg"}],"author":"Blanca S\u00e1nchez","twitter_card":"summary_large_image","twitter_misc":{"Written by":"Blanca S\u00e1nchez","Est. reading time":"1 minutua"},"schema":{"@context":"https:\/\/schema.org","@graph":[{"@type":"WebPage","@id":"https:\/\/www.uaga.eus\/formacion-on-line-de-hazi-manana-dia-14-los-retos-de-la-gestion-empresarial\/","url":"https:\/\/www.uaga.eus\/formacion-on-line-de-hazi-manana-dia-14-los-retos-de-la-gestion-empresarial\/","name":"Formaci\u00f3n on line de HAZI, 14 mayo: Los Retos de la Gesti\u00f3n Empresarial - UAGA","isPartOf":{"@id":"https:\/\/www.uaga.eus\/#website"},"datePublished":"2020-05-13T15:02:03+00:00","dateModified":"2020-05-14T08:17:36+00:00","author":{"@id":"https:\/\/www.uaga.eus\/#\/schema\/person\/48c3cbf0f33d1b788226dbb6518689cf"},"breadcrumb":{"@id":"https:\/\/www.uaga.eus\/formacion-on-line-de-hazi-manana-dia-14-los-retos-de-la-gestion-empresarial\/#breadcrumb"},"inLanguage":"eu","potentialAction":[{"@type":"ReadAction","target":["https:\/\/www.uaga.eus\/formacion-on-line-de-hazi-manana-dia-14-los-retos-de-la-gestion-empresarial\/"]}]},{"@type":"BreadcrumbList","@id":"https:\/\/www.uaga.eus\/formacion-on-line-de-hazi-manana-dia-14-los-retos-de-la-gestion-empresarial\/#breadcrumb","itemListElement":[{"@type":"ListItem","position":1,"name":"Inicio","item":"https:\/\/www.uaga.eus\/"},{"@type":"ListItem","position":2,"name":"Formaci\u00f3n on line de HAZI, 14 mayo: Los Retos de la Gesti\u00f3n Empresarial"}]},{"@type":"WebSite","@id":"https:\/\/www.uaga.eus\/#website","url":"https:\/\/www.uaga.eus\/","name":"UAGA","description":"Uni\u00f3n Agroganadera de \u00c1lava - Araba Nekazarien Elkartea","potentialAction":[{"@type":"SearchAction","target":{"@type":"EntryPoint","urlTemplate":"https:\/\/www.uaga.eus\/?s={search_term_string}"},"query-input":"required name=search_term_string"}],"inLanguage":"eu"},{"@type":"Person","@id":"https:\/\/www.uaga.eus\/#\/schema\/person\/48c3cbf0f33d1b788226dbb6518689cf","name":"Blanca S\u00e1nchez","image":{"@type":"ImageObject","inLanguage":"eu","@id":"https:\/\/www.uaga.eus\/#\/schema\/person\/image\/","url":"https:\/\/secure.gravatar.com\/avatar\/0dc91c20648254b1ce84877283f6751b?s=96&d=mm&r=g","contentUrl":"https:\/\/secure.gravatar.com\/avatar\/0dc91c20648254b1ce84877283f6751b?s=96&d=mm&r=g","caption":"Blanca S\u00e1nchez"},"url":"https:\/\/www.uaga.eus\/eu\/author\/bsanchez\/"}]}},"_links":{"self":[{"href":"https:\/\/www.uaga.eus\/eu\/wp-json\/wp\/v2\/posts\/7435"}],"collection":[{"href":"https:\/\/www.uaga.eus\/eu\/wp-json\/wp\/v2\/posts"}],"about":[{"href":"https:\/\/www.uaga.eus\/eu\/wp-json\/wp\/v2\/types\/post"}],"author":[{"embeddable":true,"href":"https:\/\/www.uaga.eus\/eu\/wp-json\/wp\/v2\/users\/4"}],"replies":[{"embeddable":true,"href":"https:\/\/www.uaga.eus\/eu\/wp-json\/wp\/v2\/comments?post=7435"}],"version-history":[{"count":2,"href":"https:\/\/www.uaga.eus\/eu\/wp-json\/wp\/v2\/posts\/7435\/revisions"}],"predecessor-version":[{"id":7440,"href":"https:\/\/www.uaga.eus\/eu\/wp-json\/wp\/v2\/posts\/7435\/revisions\/7440"}],"wp:featuredmedia":[{"embeddable":true,"href":"https:\/\/www.uaga.eus\/eu\/wp-json\/wp\/v2\/media\/7304"}],"wp:attachment":[{"href":"https:\/\/www.uaga.eus\/eu\/wp-json\/wp\/v2\/media?parent=7435"}],"wp:term":[{"taxonomy":"category","embeddable":true,"href":"https:\/\/www.uaga.eus\/eu\/wp-json\/wp\/v2\/categories?post=7435"},{"taxonomy":"post_tag","embeddable":true,"href":"https:\/\/www.uaga.eus\/eu\/wp-json\/wp\/v2\/tags?post=7435"}],"curies":[{"name":"wp","href":"https:\/\/api.w.org\/{rel}","templated":true}]}}