{"id":7429,"date":"2020-05-11T12:43:38","date_gmt":"2020-05-11T12:43:38","guid":{"rendered":"https:\/\/www.uaga.eus\/?p=7429"},"modified":"2020-05-11T12:43:38","modified_gmt":"2020-05-11T12:43:38","slug":"uaga-informa-de-los-ultimos-cambios-aprobados-por-el-gobierno-vasco-sobre-las-limitaciones-de-movilidad-tras-el-comienzo-de-la-fase-1-de-la-desescalada","status":"publish","type":"post","link":"https:\/\/www.uaga.eus\/eu\/uaga-informa-de-los-ultimos-cambios-aprobados-por-el-gobierno-vasco-sobre-las-limitaciones-de-movilidad-tras-el-comienzo-de-la-fase-1-de-la-desescalada\/","title":{"rendered":"UAGA informa de los \u00faltimos cambios aprobados por el Gobierno Vasco sobre las limitaciones de movilidad tras el comienzo de la fase 1 de la desescalada"},"content":{"rendered":"<p>El Pa\u00eds Vasco ha entrado hoy en la fase 1\u00a0del Plan para la Transici\u00f3n hacia una Nueva Normalidad derivada de la crisis del COVID\u00b419.<\/p>\n<p>Esta nueva fase conlleva variaciones en las limitaciones de movilidad y requisitos para los desplazamientos, que detallamos a continuaci\u00f3n:<\/p>\n<ul>\n<li>Las personas podr\u00e1n <strong>desplazarse entre los tres Territorios Hist\u00f3ricos<\/strong> de la Comunidad Aut\u00f3noma de Euskadi solo por las siguientes causas: motivos sanitarios; laborales; profesionales o empresariales; de retorno al lugar de residencia habitual; educativos y formativos; de visita, cuidado y atenci\u00f3n a familiares que sean personas mayores, dependientes, con discapacidad o en situaci\u00f3n de necesidad, as\u00ed como por cualquier otro de an\u00e1loga naturaleza.<\/li>\n<\/ul>\n<ul>\n<li>Se permite la <strong>movilidad entre municipios colindantes<\/strong> de tr\u00e1nsito habitual para la realizaci\u00f3n de actividades socio econ\u00f3micas.<\/li>\n<\/ul>\n<ul>\n<li>En todo caso, se recomienda, por razones sanitarias,<strong> limitar al m\u00e1ximo la movilidad fuera del municipio de resid<\/strong>encia.<\/li>\n<\/ul>\n<p>En cuanto a los desplazamientos en veh\u00edculo privado:<\/p>\n<ul>\n<li>En el caso de personas que no convivan juntas, se permite la circulaci\u00f3n de <strong>2 personas por cada fila de asientos<\/strong>, siempre que se use <strong>mascarilla <\/strong>e intentando mantener la m\u00e1xima distancia de seguridad entre las personas.<\/li>\n<li>En el caso de <strong>personas que vivan juntas, no hay restricciones<\/strong> en el n\u00famero de personas permitido y tampoco es necesario utilizar mascarilla.<\/li>\n<\/ul>\n<p>Puedes consultar aqu\u00ed la <a href=\"https:\/\/boe.es\/boe\/dias\/2020\/05\/09\/pdfs\/BOE-A-2020-4911.pdf\" target=\"_blank\" rel=\"noopener\" data-cke-saved-href=\"https:\/\/boe.es\/boe\/dias\/2020\/05\/09\/pdfs\/BOE-A-2020-4911.pdf\">Orden\u00a0SND\/399\/2020, de 9 de mayo<\/a>, para la flexibilizaci\u00f3n de determinadas restricciones de \u00e1mbito nacional.<\/p>\n<p>En este enlace puedes acceder al <a href=\"https:\/\/www.euskadi.eus\/y22-bopv\/eu\/bopv2\/datos\/2020\/05\/2001950e.pdf\" target=\"_blank\" rel=\"noopener\" data-cke-saved-href=\"https:\/\/www.euskadi.eus\/y22-bopv\/eu\/bopv2\/datos\/2020\/05\/2001950e.pdf\">Decreto\u00a08\/2020, de 10 de mayo<\/a>, del Lehendakari, por el que se establecen las normas para su aplicaci\u00f3n, en el \u00e1mbito de la Comunidad Aut\u00f3noma de Euskadi.<\/p>\n<p>Y aqu\u00ed puedes consultar los <a href=\"https:\/\/mcusercontent.com\/498b950ccfc4b8d0e600d7e48\/files\/7536080a-4b41-45e5-8535-e8198e0b28e1\/CRITERIOS_ERTZAINTZA_REV.pdf\" target=\"_blank\" rel=\"noopener\" data-cke-saved-href=\"https:\/\/mcusercontent.com\/498b950ccfc4b8d0e600d7e48\/files\/7536080a-4b41-45e5-8535-e8198e0b28e1\/CRITERIOS_ERTZAINTZA_REV.pdf\">criterios que va a aplicar\u00a0 la Ertzaintza<\/a> para esta nueva fase.<\/p>\n","protected":false},"excerpt":{"rendered":"<p>El Pa\u00eds Vasco ha entrado hoy en la fase 1\u00a0del Plan para la Transici\u00f3n hacia una Nueva Normalidad derivada de la crisis del COVID\u00b419. Esta nueva fase conlleva variaciones en las limitaciones de movilidad y requisitos para los desplazamientos, que detallamos a continuaci\u00f3n: Las personas podr\u00e1n desplazarse entre los tres Territorios Hist\u00f3ricos de la Comunidad [&hellip;]<\/p>\n","protected":false},"author":4,"featured_media":7430,"comment_status":"closed","ping_status":"closed","sticky":false,"template":"","format":"standard","meta":{"footnotes":""},"categories":[7,111,37,8],"tags":[],"yoast_head":"<!-- This site is optimized with the Yoast SEO plugin v21.5 - https:\/\/yoast.com\/wordpress\/plugins\/seo\/ -->\n<title>UAGA informa de los \u00faltimos cambios aprobados por el Gobierno Vasco sobre las limitaciones de movilidad tras el comienzo de la fase 1 de la desescalada - UAGA<\/title>\n<meta name=\"robots\" content=\"index, follow, max-snippet:-1, max-image-preview:large, max-video-preview:-1\" \/>\n<link rel=\"canonical\" href=\"https:\/\/www.uaga.eus\/uaga-informa-de-los-ultimos-cambios-aprobados-por-el-gobierno-vasco-sobre-las-limitaciones-de-movilidad-tras-el-comienzo-de-la-fase-1-de-la-desescalada\/\" \/>\n<meta property=\"og:locale\" content=\"en_US\" \/>\n<meta property=\"og:type\" content=\"article\" \/>\n<meta property=\"og:title\" content=\"UAGA informa de los \u00faltimos cambios aprobados por el Gobierno Vasco sobre las limitaciones de movilidad tras el comienzo de la fase 1 de la desescalada - UAGA\" \/>\n<meta property=\"og:description\" content=\"El Pa\u00eds Vasco ha entrado hoy en la fase 1\u00a0del Plan para la Transici\u00f3n hacia una Nueva Normalidad derivada de la crisis del COVID\u00b419. Esta nueva fase conlleva variaciones en las limitaciones de movilidad y requisitos para los desplazamientos, que detallamos a continuaci\u00f3n: Las personas podr\u00e1n desplazarse entre los tres Territorios Hist\u00f3ricos de la Comunidad [&hellip;]\" \/>\n<meta property=\"og:url\" content=\"https:\/\/www.uaga.eus\/uaga-informa-de-los-ultimos-cambios-aprobados-por-el-gobierno-vasco-sobre-las-limitaciones-de-movilidad-tras-el-comienzo-de-la-fase-1-de-la-desescalada\/\" \/>\n<meta property=\"og:site_name\" content=\"UAGA\" \/>\n<meta property=\"article:published_time\" content=\"2020-05-11T12:43:38+00:00\" \/>\n<meta property=\"og:image\" content=\"https:\/\/www.uaga.eus\/wp-content\/uploads\/2020\/05\/transporte-circulaci\u00f3n-carretera-e1589201002459.jpg\" \/>\n\t<meta property=\"og:image:width\" content=\"700\" \/>\n\t<meta property=\"og:image:height\" content=\"394\" \/>\n\t<meta property=\"og:image:type\" content=\"image\/jpeg\" \/>\n<meta name=\"author\" content=\"Blanca S\u00e1nchez\" \/>\n<meta name=\"twitter:card\" content=\"summary_large_image\" \/>\n<meta name=\"twitter:label1\" content=\"Written by\" \/>\n\t<meta name=\"twitter:data1\" content=\"Blanca S\u00e1nchez\" \/>\n\t<meta name=\"twitter:label2\" content=\"Est. reading time\" \/>\n\t<meta name=\"twitter:data2\" content=\"1 minutua\" \/>\n<script type=\"application\/ld+json\" class=\"yoast-schema-graph\">{\"@context\":\"https:\/\/schema.org\",\"@graph\":[{\"@type\":\"WebPage\",\"@id\":\"https:\/\/www.uaga.eus\/uaga-informa-de-los-ultimos-cambios-aprobados-por-el-gobierno-vasco-sobre-las-limitaciones-de-movilidad-tras-el-comienzo-de-la-fase-1-de-la-desescalada\/\",\"url\":\"https:\/\/www.uaga.eus\/uaga-informa-de-los-ultimos-cambios-aprobados-por-el-gobierno-vasco-sobre-las-limitaciones-de-movilidad-tras-el-comienzo-de-la-fase-1-de-la-desescalada\/\",\"name\":\"UAGA informa de los \u00faltimos cambios aprobados por el Gobierno Vasco sobre las limitaciones de movilidad tras el comienzo de la fase 1 de la desescalada - UAGA\",\"isPartOf\":{\"@id\":\"https:\/\/www.uaga.eus\/#website\"},\"datePublished\":\"2020-05-11T12:43:38+00:00\",\"dateModified\":\"2020-05-11T12:43:38+00:00\",\"author\":{\"@id\":\"https:\/\/www.uaga.eus\/#\/schema\/person\/48c3cbf0f33d1b788226dbb6518689cf\"},\"breadcrumb\":{\"@id\":\"https:\/\/www.uaga.eus\/uaga-informa-de-los-ultimos-cambios-aprobados-por-el-gobierno-vasco-sobre-las-limitaciones-de-movilidad-tras-el-comienzo-de-la-fase-1-de-la-desescalada\/#breadcrumb\"},\"inLanguage\":\"eu\",\"potentialAction\":[{\"@type\":\"ReadAction\",\"target\":[\"https:\/\/www.uaga.eus\/uaga-informa-de-los-ultimos-cambios-aprobados-por-el-gobierno-vasco-sobre-las-limitaciones-de-movilidad-tras-el-comienzo-de-la-fase-1-de-la-desescalada\/\"]}]},{\"@type\":\"BreadcrumbList\",\"@id\":\"https:\/\/www.uaga.eus\/uaga-informa-de-los-ultimos-cambios-aprobados-por-el-gobierno-vasco-sobre-las-limitaciones-de-movilidad-tras-el-comienzo-de-la-fase-1-de-la-desescalada\/#breadcrumb\",\"itemListElement\":[{\"@type\":\"ListItem\",\"position\":1,\"name\":\"Inicio\",\"item\":\"https:\/\/www.uaga.eus\/\"},{\"@type\":\"ListItem\",\"position\":2,\"name\":\"UAGA informa de los \u00faltimos cambios aprobados por el Gobierno Vasco sobre las limitaciones de movilidad tras el comienzo de la fase 1 de la desescalada\"}]},{\"@type\":\"WebSite\",\"@id\":\"https:\/\/www.uaga.eus\/#website\",\"url\":\"https:\/\/www.uaga.eus\/\",\"name\":\"UAGA\",\"description\":\"Uni\u00f3n Agroganadera de \u00c1lava - Araba Nekazarien Elkartea\",\"potentialAction\":[{\"@type\":\"SearchAction\",\"target\":{\"@type\":\"EntryPoint\",\"urlTemplate\":\"https:\/\/www.uaga.eus\/?s={search_term_string}\"},\"query-input\":\"required name=search_term_string\"}],\"inLanguage\":\"eu\"},{\"@type\":\"Person\",\"@id\":\"https:\/\/www.uaga.eus\/#\/schema\/person\/48c3cbf0f33d1b788226dbb6518689cf\",\"name\":\"Blanca S\u00e1nchez\",\"image\":{\"@type\":\"ImageObject\",\"inLanguage\":\"eu\",\"@id\":\"https:\/\/www.uaga.eus\/#\/schema\/person\/image\/\",\"url\":\"https:\/\/secure.gravatar.com\/avatar\/0dc91c20648254b1ce84877283f6751b?s=96&d=mm&r=g\",\"contentUrl\":\"https:\/\/secure.gravatar.com\/avatar\/0dc91c20648254b1ce84877283f6751b?s=96&d=mm&r=g\",\"caption\":\"Blanca S\u00e1nchez\"},\"url\":\"https:\/\/www.uaga.eus\/eu\/author\/bsanchez\/\"}]}<\/script>\n<!-- \/ Yoast SEO plugin. -->","yoast_head_json":{"title":"UAGA informa de los \u00faltimos cambios aprobados por el Gobierno Vasco sobre las limitaciones de movilidad tras el comienzo de la fase 1 de la desescalada - UAGA","robots":{"index":"index","follow":"follow","max-snippet":"max-snippet:-1","max-image-preview":"max-image-preview:large","max-video-preview":"max-video-preview:-1"},"canonical":"https:\/\/www.uaga.eus\/uaga-informa-de-los-ultimos-cambios-aprobados-por-el-gobierno-vasco-sobre-las-limitaciones-de-movilidad-tras-el-comienzo-de-la-fase-1-de-la-desescalada\/","og_locale":"en_US","og_type":"article","og_title":"UAGA informa de los \u00faltimos cambios aprobados por el Gobierno Vasco sobre las limitaciones de movilidad tras el comienzo de la fase 1 de la desescalada - UAGA","og_description":"El Pa\u00eds Vasco ha entrado hoy en la fase 1\u00a0del Plan para la Transici\u00f3n hacia una Nueva Normalidad derivada de la crisis del COVID\u00b419. Esta nueva fase conlleva variaciones en las limitaciones de movilidad y requisitos para los desplazamientos, que detallamos a continuaci\u00f3n: Las personas podr\u00e1n desplazarse entre los tres Territorios Hist\u00f3ricos de la Comunidad [&hellip;]","og_url":"https:\/\/www.uaga.eus\/uaga-informa-de-los-ultimos-cambios-aprobados-por-el-gobierno-vasco-sobre-las-limitaciones-de-movilidad-tras-el-comienzo-de-la-fase-1-de-la-desescalada\/","og_site_name":"UAGA","article_published_time":"2020-05-11T12:43:38+00:00","og_image":[{"width":700,"height":394,"url":"https:\/\/www.uaga.eus\/wp-content\/uploads\/2020\/05\/transporte-circulaci\u00f3n-carretera-e1589201002459.jpg","type":"image\/jpeg"}],"author":"Blanca S\u00e1nchez","twitter_card":"summary_large_image","twitter_misc":{"Written by":"Blanca S\u00e1nchez","Est. reading time":"1 minutua"},"schema":{"@context":"https:\/\/schema.org","@graph":[{"@type":"WebPage","@id":"https:\/\/www.uaga.eus\/uaga-informa-de-los-ultimos-cambios-aprobados-por-el-gobierno-vasco-sobre-las-limitaciones-de-movilidad-tras-el-comienzo-de-la-fase-1-de-la-desescalada\/","url":"https:\/\/www.uaga.eus\/uaga-informa-de-los-ultimos-cambios-aprobados-por-el-gobierno-vasco-sobre-las-limitaciones-de-movilidad-tras-el-comienzo-de-la-fase-1-de-la-desescalada\/","name":"UAGA informa de los \u00faltimos cambios aprobados por el Gobierno Vasco sobre las limitaciones de movilidad tras el comienzo de la fase 1 de la desescalada - UAGA","isPartOf":{"@id":"https:\/\/www.uaga.eus\/#website"},"datePublished":"2020-05-11T12:43:38+00:00","dateModified":"2020-05-11T12:43:38+00:00","author":{"@id":"https:\/\/www.uaga.eus\/#\/schema\/person\/48c3cbf0f33d1b788226dbb6518689cf"},"breadcrumb":{"@id":"https:\/\/www.uaga.eus\/uaga-informa-de-los-ultimos-cambios-aprobados-por-el-gobierno-vasco-sobre-las-limitaciones-de-movilidad-tras-el-comienzo-de-la-fase-1-de-la-desescalada\/#breadcrumb"},"inLanguage":"eu","potentialAction":[{"@type":"ReadAction","target":["https:\/\/www.uaga.eus\/uaga-informa-de-los-ultimos-cambios-aprobados-por-el-gobierno-vasco-sobre-las-limitaciones-de-movilidad-tras-el-comienzo-de-la-fase-1-de-la-desescalada\/"]}]},{"@type":"BreadcrumbList","@id":"https:\/\/www.uaga.eus\/uaga-informa-de-los-ultimos-cambios-aprobados-por-el-gobierno-vasco-sobre-las-limitaciones-de-movilidad-tras-el-comienzo-de-la-fase-1-de-la-desescalada\/#breadcrumb","itemListElement":[{"@type":"ListItem","position":1,"name":"Inicio","item":"https:\/\/www.uaga.eus\/"},{"@type":"ListItem","position":2,"name":"UAGA informa de los \u00faltimos cambios aprobados por el Gobierno Vasco sobre las limitaciones de movilidad tras el comienzo de la fase 1 de la desescalada"}]},{"@type":"WebSite","@id":"https:\/\/www.uaga.eus\/#website","url":"https:\/\/www.uaga.eus\/","name":"UAGA","description":"Uni\u00f3n Agroganadera de \u00c1lava - Araba Nekazarien Elkartea","potentialAction":[{"@type":"SearchAction","target":{"@type":"EntryPoint","urlTemplate":"https:\/\/www.uaga.eus\/?s={search_term_string}"},"query-input":"required name=search_term_string"}],"inLanguage":"eu"},{"@type":"Person","@id":"https:\/\/www.uaga.eus\/#\/schema\/person\/48c3cbf0f33d1b788226dbb6518689cf","name":"Blanca S\u00e1nchez","image":{"@type":"ImageObject","inLanguage":"eu","@id":"https:\/\/www.uaga.eus\/#\/schema\/person\/image\/","url":"https:\/\/secure.gravatar.com\/avatar\/0dc91c20648254b1ce84877283f6751b?s=96&d=mm&r=g","contentUrl":"https:\/\/secure.gravatar.com\/avatar\/0dc91c20648254b1ce84877283f6751b?s=96&d=mm&r=g","caption":"Blanca S\u00e1nchez"},"url":"https:\/\/www.uaga.eus\/eu\/author\/bsanchez\/"}]}},"_links":{"self":[{"href":"https:\/\/www.uaga.eus\/eu\/wp-json\/wp\/v2\/posts\/7429"}],"collection":[{"href":"https:\/\/www.uaga.eus\/eu\/wp-json\/wp\/v2\/posts"}],"about":[{"href":"https:\/\/www.uaga.eus\/eu\/wp-json\/wp\/v2\/types\/post"}],"author":[{"embeddable":true,"href":"https:\/\/www.uaga.eus\/eu\/wp-json\/wp\/v2\/users\/4"}],"replies":[{"embeddable":true,"href":"https:\/\/www.uaga.eus\/eu\/wp-json\/wp\/v2\/comments?post=7429"}],"version-history":[{"count":1,"href":"https:\/\/www.uaga.eus\/eu\/wp-json\/wp\/v2\/posts\/7429\/revisions"}],"predecessor-version":[{"id":7431,"href":"https:\/\/www.uaga.eus\/eu\/wp-json\/wp\/v2\/posts\/7429\/revisions\/7431"}],"wp:featuredmedia":[{"embeddable":true,"href":"https:\/\/www.uaga.eus\/eu\/wp-json\/wp\/v2\/media\/7430"}],"wp:attachment":[{"href":"https:\/\/www.uaga.eus\/eu\/wp-json\/wp\/v2\/media?parent=7429"}],"wp:term":[{"taxonomy":"category","embeddable":true,"href":"https:\/\/www.uaga.eus\/eu\/wp-json\/wp\/v2\/categories?post=7429"},{"taxonomy":"post_tag","embeddable":true,"href":"https:\/\/www.uaga.eus\/eu\/wp-json\/wp\/v2\/tags?post=7429"}],"curies":[{"name":"wp","href":"https:\/\/api.w.org\/{rel}","templated":true}]}}