{"id":7413,"date":"2020-05-08T12:15:34","date_gmt":"2020-05-08T12:15:34","guid":{"rendered":"https:\/\/www.uaga.eus\/?p=7413"},"modified":"2020-05-11T10:02:23","modified_gmt":"2020-05-11T10:02:23","slug":"coag-mantiene-una-reunion-con-el-ministerio-de-agricultura-sobre-las-medidas-extraordinarias-propuestas-por-la-comision-europea-para-el-sector-vitivinicola-a-causa-de-la-covid-19","status":"publish","type":"post","link":"https:\/\/www.uaga.eus\/eu\/coag-mantiene-una-reunion-con-el-ministerio-de-agricultura-sobre-las-medidas-extraordinarias-propuestas-por-la-comision-europea-para-el-sector-vitivinicola-a-causa-de-la-covid-19\/","title":{"rendered":"COAG mantiene una reuni\u00f3n con el Ministerio de Agricultura sobre las medidas extraordinarias propuestas por la Comisi\u00f3n Europea para el sector vitivin\u00edcola a causa de la COVID-19"},"content":{"rendered":"<p><span style=\"font-family: arial, helvetica neue, helvetica, sans-serif;\">COAG mantiene una reuni\u00f3n con el Ministerio de Agricultura sobre las medidas extraordinarias propuestas por la Comisi\u00f3n Europea para el sector vitivin\u00edcola a causa de la COVID-19<\/span><\/p>\n<p>El Ministerio de Agricultura mantuvo la semana pasada una reuni\u00f3n con representantes del sector agrario, organizaciones agrarias, entre ellas COAG, y cooperativas agroalimentarias para analizar la bater\u00eda de medidas que ha presentado la Comisi\u00f3n Europea para el sector del vino, que es uno de los m\u00e1s afectados por los efectos de la crisis sanitaria actual.<\/p>\n<p>Las responsables de la Direcci\u00f3n General de Mercado Agr\u00edcolas y Ganaderos del MAPA explicaron que las medidas propuestas por la Comisi\u00f3n afectan a 4 reglamentos, 3 de ellos relacionados el Programa de Apoyo al sector vitivin\u00edcola espa\u00f1ol del Ministerio de Agricultura, <a href=\"https:\/\/www.mapa.gob.es\/es\/agricultura\/temas\/regulacion-de-los-mercados\/organizaciones-comunes-de-mercado-y-regimenes-de-ayuda\/ocm-vitivinicola\/programa-apoyo.aspx\" target=\"_blank\" rel=\"noopener\" data-cke-saved-href=\"https:\/\/www.mapa.gob.es\/es\/agricultura\/temas\/regulacion-de-los-mercados\/organizaciones-comunes-de-mercado-y-regimenes-de-ayuda\/ocm-vitivinicola\/programa-apoyo.aspx\">PASVE<\/a>, y el cuarto, que ya ha sido aprobado y est\u00e1 en vigor, es el Reglamento que prolonga la validez de las autorizaciones para plantaciones de vid y el plazo para el arranque de vi\u00f1edo en caso de replantaci\u00f3n anticipada (ver <a href=\"https:\/\/www.uaga.eus\/la-comision-europea-prolonga-la-validez-de-las-autorizaciones-para-plantaciones-de-vid-y-el-plazo-para-el-arranque-de-vinedo-en-caso-de-replantacion-anticipada\/\" target=\"_blank\" rel=\"noopener\" data-cke-saved-href=\"https:\/\/www.uaga.eus\/la-comision-europea-prolonga-la-validez-de-las-autorizaciones-para-plantaciones-de-vid-y-el-plazo-para-el-arranque-de-vinedo-en-caso-de-replantacion-anticipada\/\">noticia<\/a> anterior publicada en UAGAiNFO).<\/p>\n<p>El Ministerio trata de recoger las necesidades del sector para definir un presupuesto independiente del montante que quede disponible de los recursos del PASVE, que est\u00e1 en ejecuci\u00f3n.<\/p>\n<p>En lo que se refiere a los Reglamentos que modifican el PASVE, las medidas que se est\u00e1n trabajando son tres, destilaci\u00f3n de crisis, almacenamiento privado y cosecha en verde.<br \/>\nCOAG solicit\u00f3 ayudas adicionales de la UE porque con los fondos del PASVE las 3 medidas de intervenci\u00f3n que propone la Comisi\u00f3n no son posibles, medidas que son necesarias dependiendo de las zonas.<\/p>\n<p>El MAPA explic\u00f3 que las propuestas se est\u00e1n tramitando y se est\u00e1n dando plazos muy breves para presentar observaciones, ya que la Comisi\u00f3n pretende que entren en vigor antes de final del mes de mayo.<\/p>\n<div>+ info NURIA:\u00a0 661 595 811<\/div>\n<p>&nbsp;<\/p>","protected":false},"excerpt":{"rendered":"<p>COAG mantiene una reuni\u00f3n con el Ministerio de Agricultura sobre las medidas extraordinarias propuestas por la Comisi\u00f3n Europea para el sector vitivin\u00edcola a causa de la COVID-19 El Ministerio de Agricultura mantuvo la semana pasada una reuni\u00f3n con representantes del sector agrario, organizaciones agrarias, entre ellas COAG, y cooperativas agroalimentarias para analizar la bater\u00eda de [&hellip;]<\/p>\n","protected":false},"author":4,"featured_media":2775,"comment_status":"closed","ping_status":"closed","sticky":false,"template":"","format":"standard","meta":{"footnotes":""},"categories":[7,5,111],"tags":[],"yoast_head":"<!-- This site is optimized with the Yoast SEO plugin v21.5 - https:\/\/yoast.com\/wordpress\/plugins\/seo\/ -->\n<title>COAG mantiene una reuni\u00f3n con el Ministerio de Agricultura sobre las medidas extraordinarias propuestas por la Comisi\u00f3n Europea para el sector vitivin\u00edcola a causa de la COVID-19 - UAGA<\/title>\n<meta name=\"robots\" content=\"index, follow, max-snippet:-1, max-image-preview:large, max-video-preview:-1\" \/>\n<link rel=\"canonical\" href=\"https:\/\/www.uaga.eus\/eu\/coag-mantiene-una-reunion-con-el-ministerio-de-agricultura-sobre-las-medidas-extraordinarias-propuestas-por-la-comision-europea-para-el-sector-vitivinicola-a-causa-de-la-covid-19\/\" \/>\n<meta property=\"og:locale\" content=\"en_US\" \/>\n<meta property=\"og:type\" content=\"article\" \/>\n<meta property=\"og:title\" content=\"COAG mantiene una reuni\u00f3n con el Ministerio de Agricultura sobre las medidas extraordinarias propuestas por la Comisi\u00f3n Europea para el sector vitivin\u00edcola a causa de la COVID-19 - UAGA\" \/>\n<meta property=\"og:description\" content=\"COAG mantiene una reuni\u00f3n con el Ministerio de Agricultura sobre las medidas extraordinarias propuestas por la Comisi\u00f3n Europea para el sector vitivin\u00edcola a causa de la COVID-19 El Ministerio de Agricultura mantuvo la semana pasada una reuni\u00f3n con representantes del sector agrario, organizaciones agrarias, entre ellas COAG, y cooperativas agroalimentarias para analizar la bater\u00eda de [&hellip;]\" \/>\n<meta property=\"og:url\" content=\"https:\/\/www.uaga.eus\/eu\/coag-mantiene-una-reunion-con-el-ministerio-de-agricultura-sobre-las-medidas-extraordinarias-propuestas-por-la-comision-europea-para-el-sector-vitivinicola-a-causa-de-la-covid-19\/\" \/>\n<meta property=\"og:site_name\" content=\"UAGA\" \/>\n<meta property=\"article:published_time\" content=\"2020-05-08T12:15:34+00:00\" \/>\n<meta property=\"article:modified_time\" content=\"2020-05-11T10:02:23+00:00\" \/>\n<meta property=\"og:image\" content=\"https:\/\/www.uaga.eus\/wp-content\/uploads\/2018\/05\/uvas-escondidas-e1525950035474.jpg\" \/>\n\t<meta property=\"og:image:width\" content=\"700\" \/>\n\t<meta property=\"og:image:height\" content=\"397\" \/>\n\t<meta property=\"og:image:type\" content=\"image\/jpeg\" \/>\n<meta name=\"author\" content=\"Blanca S\u00e1nchez\" \/>\n<meta name=\"twitter:card\" content=\"summary_large_image\" \/>\n<meta name=\"twitter:label1\" content=\"Written by\" \/>\n\t<meta name=\"twitter:data1\" content=\"Blanca S\u00e1nchez\" \/>\n\t<meta name=\"twitter:label2\" content=\"Est. reading time\" \/>\n\t<meta name=\"twitter:data2\" content=\"3 minutua\" \/>\n<script type=\"application\/ld+json\" class=\"yoast-schema-graph\">{\"@context\":\"https:\/\/schema.org\",\"@graph\":[{\"@type\":\"WebPage\",\"@id\":\"https:\/\/www.uaga.eus\/eu\/coag-mantiene-una-reunion-con-el-ministerio-de-agricultura-sobre-las-medidas-extraordinarias-propuestas-por-la-comision-europea-para-el-sector-vitivinicola-a-causa-de-la-covid-19\/\",\"url\":\"https:\/\/www.uaga.eus\/eu\/coag-mantiene-una-reunion-con-el-ministerio-de-agricultura-sobre-las-medidas-extraordinarias-propuestas-por-la-comision-europea-para-el-sector-vitivinicola-a-causa-de-la-covid-19\/\",\"name\":\"COAG mantiene una reuni\u00f3n con el Ministerio de Agricultura sobre las medidas extraordinarias propuestas por la Comisi\u00f3n Europea para el sector vitivin\u00edcola a causa de la COVID-19 - UAGA\",\"isPartOf\":{\"@id\":\"https:\/\/www.uaga.eus\/#website\"},\"datePublished\":\"2020-05-08T12:15:34+00:00\",\"dateModified\":\"2020-05-11T10:02:23+00:00\",\"author\":{\"@id\":\"https:\/\/www.uaga.eus\/#\/schema\/person\/48c3cbf0f33d1b788226dbb6518689cf\"},\"breadcrumb\":{\"@id\":\"https:\/\/www.uaga.eus\/eu\/coag-mantiene-una-reunion-con-el-ministerio-de-agricultura-sobre-las-medidas-extraordinarias-propuestas-por-la-comision-europea-para-el-sector-vitivinicola-a-causa-de-la-covid-19\/#breadcrumb\"},\"inLanguage\":\"eu\",\"potentialAction\":[{\"@type\":\"ReadAction\",\"target\":[\"https:\/\/www.uaga.eus\/eu\/coag-mantiene-una-reunion-con-el-ministerio-de-agricultura-sobre-las-medidas-extraordinarias-propuestas-por-la-comision-europea-para-el-sector-vitivinicola-a-causa-de-la-covid-19\/\"]}]},{\"@type\":\"BreadcrumbList\",\"@id\":\"https:\/\/www.uaga.eus\/eu\/coag-mantiene-una-reunion-con-el-ministerio-de-agricultura-sobre-las-medidas-extraordinarias-propuestas-por-la-comision-europea-para-el-sector-vitivinicola-a-causa-de-la-covid-19\/#breadcrumb\",\"itemListElement\":[{\"@type\":\"ListItem\",\"position\":1,\"name\":\"Inicio\",\"item\":\"https:\/\/www.uaga.eus\/\"},{\"@type\":\"ListItem\",\"position\":2,\"name\":\"COAG mantiene una reuni\u00f3n con el Ministerio de Agricultura sobre las medidas extraordinarias propuestas por la Comisi\u00f3n Europea para el sector vitivin\u00edcola a causa de la COVID-19\"}]},{\"@type\":\"WebSite\",\"@id\":\"https:\/\/www.uaga.eus\/#website\",\"url\":\"https:\/\/www.uaga.eus\/\",\"name\":\"UAGA\",\"description\":\"Uni\u00f3n Agroganadera de \u00c1lava - Araba Nekazarien Elkartea\",\"potentialAction\":[{\"@type\":\"SearchAction\",\"target\":{\"@type\":\"EntryPoint\",\"urlTemplate\":\"https:\/\/www.uaga.eus\/?s={search_term_string}\"},\"query-input\":\"required name=search_term_string\"}],\"inLanguage\":\"eu\"},{\"@type\":\"Person\",\"@id\":\"https:\/\/www.uaga.eus\/#\/schema\/person\/48c3cbf0f33d1b788226dbb6518689cf\",\"name\":\"Blanca S\u00e1nchez\",\"image\":{\"@type\":\"ImageObject\",\"inLanguage\":\"eu\",\"@id\":\"https:\/\/www.uaga.eus\/#\/schema\/person\/image\/\",\"url\":\"https:\/\/secure.gravatar.com\/avatar\/0dc91c20648254b1ce84877283f6751b?s=96&d=mm&r=g\",\"contentUrl\":\"https:\/\/secure.gravatar.com\/avatar\/0dc91c20648254b1ce84877283f6751b?s=96&d=mm&r=g\",\"caption\":\"Blanca S\u00e1nchez\"},\"url\":\"https:\/\/www.uaga.eus\/eu\/author\/bsanchez\/\"}]}<\/script>\n<!-- \/ Yoast SEO plugin. -->","yoast_head_json":{"title":"COAG mantiene una reuni\u00f3n con el Ministerio de Agricultura sobre las medidas extraordinarias propuestas por la Comisi\u00f3n Europea para el sector vitivin\u00edcola a causa de la COVID-19 - UAGA","robots":{"index":"index","follow":"follow","max-snippet":"max-snippet:-1","max-image-preview":"max-image-preview:large","max-video-preview":"max-video-preview:-1"},"canonical":"https:\/\/www.uaga.eus\/eu\/coag-mantiene-una-reunion-con-el-ministerio-de-agricultura-sobre-las-medidas-extraordinarias-propuestas-por-la-comision-europea-para-el-sector-vitivinicola-a-causa-de-la-covid-19\/","og_locale":"en_US","og_type":"article","og_title":"COAG mantiene una reuni\u00f3n con el Ministerio de Agricultura sobre las medidas extraordinarias propuestas por la Comisi\u00f3n Europea para el sector vitivin\u00edcola a causa de la COVID-19 - UAGA","og_description":"COAG mantiene una reuni\u00f3n con el Ministerio de Agricultura sobre las medidas extraordinarias propuestas por la Comisi\u00f3n Europea para el sector vitivin\u00edcola a causa de la COVID-19 El Ministerio de Agricultura mantuvo la semana pasada una reuni\u00f3n con representantes del sector agrario, organizaciones agrarias, entre ellas COAG, y cooperativas agroalimentarias para analizar la bater\u00eda de [&hellip;]","og_url":"https:\/\/www.uaga.eus\/eu\/coag-mantiene-una-reunion-con-el-ministerio-de-agricultura-sobre-las-medidas-extraordinarias-propuestas-por-la-comision-europea-para-el-sector-vitivinicola-a-causa-de-la-covid-19\/","og_site_name":"UAGA","article_published_time":"2020-05-08T12:15:34+00:00","article_modified_time":"2020-05-11T10:02:23+00:00","og_image":[{"width":700,"height":397,"url":"https:\/\/www.uaga.eus\/wp-content\/uploads\/2018\/05\/uvas-escondidas-e1525950035474.jpg","type":"image\/jpeg"}],"author":"Blanca S\u00e1nchez","twitter_card":"summary_large_image","twitter_misc":{"Written by":"Blanca S\u00e1nchez","Est. reading time":"3 minutua"},"schema":{"@context":"https:\/\/schema.org","@graph":[{"@type":"WebPage","@id":"https:\/\/www.uaga.eus\/eu\/coag-mantiene-una-reunion-con-el-ministerio-de-agricultura-sobre-las-medidas-extraordinarias-propuestas-por-la-comision-europea-para-el-sector-vitivinicola-a-causa-de-la-covid-19\/","url":"https:\/\/www.uaga.eus\/eu\/coag-mantiene-una-reunion-con-el-ministerio-de-agricultura-sobre-las-medidas-extraordinarias-propuestas-por-la-comision-europea-para-el-sector-vitivinicola-a-causa-de-la-covid-19\/","name":"COAG mantiene una reuni\u00f3n con el Ministerio de Agricultura sobre las medidas extraordinarias propuestas por la Comisi\u00f3n Europea para el sector vitivin\u00edcola a causa de la COVID-19 - UAGA","isPartOf":{"@id":"https:\/\/www.uaga.eus\/#website"},"datePublished":"2020-05-08T12:15:34+00:00","dateModified":"2020-05-11T10:02:23+00:00","author":{"@id":"https:\/\/www.uaga.eus\/#\/schema\/person\/48c3cbf0f33d1b788226dbb6518689cf"},"breadcrumb":{"@id":"https:\/\/www.uaga.eus\/eu\/coag-mantiene-una-reunion-con-el-ministerio-de-agricultura-sobre-las-medidas-extraordinarias-propuestas-por-la-comision-europea-para-el-sector-vitivinicola-a-causa-de-la-covid-19\/#breadcrumb"},"inLanguage":"eu","potentialAction":[{"@type":"ReadAction","target":["https:\/\/www.uaga.eus\/eu\/coag-mantiene-una-reunion-con-el-ministerio-de-agricultura-sobre-las-medidas-extraordinarias-propuestas-por-la-comision-europea-para-el-sector-vitivinicola-a-causa-de-la-covid-19\/"]}]},{"@type":"BreadcrumbList","@id":"https:\/\/www.uaga.eus\/eu\/coag-mantiene-una-reunion-con-el-ministerio-de-agricultura-sobre-las-medidas-extraordinarias-propuestas-por-la-comision-europea-para-el-sector-vitivinicola-a-causa-de-la-covid-19\/#breadcrumb","itemListElement":[{"@type":"ListItem","position":1,"name":"Inicio","item":"https:\/\/www.uaga.eus\/"},{"@type":"ListItem","position":2,"name":"COAG mantiene una reuni\u00f3n con el Ministerio de Agricultura sobre las medidas extraordinarias propuestas por la Comisi\u00f3n Europea para el sector vitivin\u00edcola a causa de la COVID-19"}]},{"@type":"WebSite","@id":"https:\/\/www.uaga.eus\/#website","url":"https:\/\/www.uaga.eus\/","name":"UAGA","description":"Uni\u00f3n Agroganadera de \u00c1lava - Araba Nekazarien Elkartea","potentialAction":[{"@type":"SearchAction","target":{"@type":"EntryPoint","urlTemplate":"https:\/\/www.uaga.eus\/?s={search_term_string}"},"query-input":"required name=search_term_string"}],"inLanguage":"eu"},{"@type":"Person","@id":"https:\/\/www.uaga.eus\/#\/schema\/person\/48c3cbf0f33d1b788226dbb6518689cf","name":"Blanca S\u00e1nchez","image":{"@type":"ImageObject","inLanguage":"eu","@id":"https:\/\/www.uaga.eus\/#\/schema\/person\/image\/","url":"https:\/\/secure.gravatar.com\/avatar\/0dc91c20648254b1ce84877283f6751b?s=96&d=mm&r=g","contentUrl":"https:\/\/secure.gravatar.com\/avatar\/0dc91c20648254b1ce84877283f6751b?s=96&d=mm&r=g","caption":"Blanca S\u00e1nchez"},"url":"https:\/\/www.uaga.eus\/eu\/author\/bsanchez\/"}]}},"_links":{"self":[{"href":"https:\/\/www.uaga.eus\/eu\/wp-json\/wp\/v2\/posts\/7413"}],"collection":[{"href":"https:\/\/www.uaga.eus\/eu\/wp-json\/wp\/v2\/posts"}],"about":[{"href":"https:\/\/www.uaga.eus\/eu\/wp-json\/wp\/v2\/types\/post"}],"author":[{"embeddable":true,"href":"https:\/\/www.uaga.eus\/eu\/wp-json\/wp\/v2\/users\/4"}],"replies":[{"embeddable":true,"href":"https:\/\/www.uaga.eus\/eu\/wp-json\/wp\/v2\/comments?post=7413"}],"version-history":[{"count":2,"href":"https:\/\/www.uaga.eus\/eu\/wp-json\/wp\/v2\/posts\/7413\/revisions"}],"predecessor-version":[{"id":7426,"href":"https:\/\/www.uaga.eus\/eu\/wp-json\/wp\/v2\/posts\/7413\/revisions\/7426"}],"wp:featuredmedia":[{"embeddable":true,"href":"https:\/\/www.uaga.eus\/eu\/wp-json\/wp\/v2\/media\/2775"}],"wp:attachment":[{"href":"https:\/\/www.uaga.eus\/eu\/wp-json\/wp\/v2\/media?parent=7413"}],"wp:term":[{"taxonomy":"category","embeddable":true,"href":"https:\/\/www.uaga.eus\/eu\/wp-json\/wp\/v2\/categories?post=7413"},{"taxonomy":"post_tag","embeddable":true,"href":"https:\/\/www.uaga.eus\/eu\/wp-json\/wp\/v2\/tags?post=7413"}],"curies":[{"name":"wp","href":"https:\/\/api.w.org\/{rel}","templated":true}]}}