{"id":7407,"date":"2020-05-08T12:03:09","date_gmt":"2020-05-08T12:03:09","guid":{"rendered":"https:\/\/www.uaga.eus\/?p=7407"},"modified":"2020-05-08T12:03:09","modified_gmt":"2020-05-08T12:03:09","slug":"la-comision-europea-propone-que-los-estados-miembros-utilicen-los-fondos-de-desarrollo-rural-para-apoyar-al-sector-agrario-afectado-por-la-crisis-de-la-covid-19","status":"publish","type":"post","link":"https:\/\/www.uaga.eus\/eu\/la-comision-europea-propone-que-los-estados-miembros-utilicen-los-fondos-de-desarrollo-rural-para-apoyar-al-sector-agrario-afectado-por-la-crisis-de-la-covid-19\/","title":{"rendered":"La Comisi\u00f3n Europea propone que los estados miembros utilicen los fondos de Desarrollo Rural para apoyar al sector agrario afectado por la crisis de la COVID-19\u00a0"},"content":{"rendered":"<p><span style=\"font-family: arial, helvetica neue, helvetica, sans-serif;\">La Comisi\u00f3n Europea considera que la actual crisis sanitaria est\u00e1 teniendo un impacto directo en la situaci\u00f3n econ\u00f3mica del sector agrario y de las comunidades rurales que, entre otros, est\u00e1n teniendo problemas de liquidez y necesitan un apoyo de emergencia para mantener su actividad.<\/p>\n<p>Por ello, la Comisi\u00f3n Europea ha presentado una propuesta seg\u00fan la cual los estados miembros podr\u00e1n utilizar el dinero de los fondos de desarrollo rural restantes en los Programas de Desarrollo Rural (PDR) para apoyar a las explotaciones agroganaderas y a las peque\u00f1as empresas agroalimentarias hasta el 31 de diciembre de 2020.<\/p>\n<p>La ayuda m\u00e1xima que los estados miembros podr\u00edan ofrecer es de hasta 5.000 \u20ac por explotaci\u00f3n y hasta 50.000 \u20ac por peque\u00f1a empresa. Esto se suma a la ayuda de minimis para el sector agr\u00edcola y al aumento del techo de la ayuda estatal previamente adoptada.<\/p>\n<p>El montante m\u00e1ximo que se podr\u00e1 asignar a esta medida es el 1% de los fondos de cada PDR. Los estados miembros y las regiones tendr\u00edan que incluir la medida en su PDR mediante una modificaci\u00f3n y asignarle fondos mediante transferencias de otras medidas.<\/p>\n<p>En el estado espa\u00f1ol el PDR es competencia de las Comunidades Aut\u00f3nomas.<\/p>\n<p>Esta propuesta de la Comisi\u00f3n Europea debe presentarse a\u00fan al Consejo Europeo y al Parlamento Europeo para su aprobaci\u00f3n.<\/span><\/p>\n<div>+ INFO YOLANDA: 615 779 584<\/div>\n","protected":false},"excerpt":{"rendered":"<p>La Comisi\u00f3n Europea considera que la actual crisis sanitaria est\u00e1 teniendo un impacto directo en la situaci\u00f3n econ\u00f3mica del sector agrario y de las comunidades rurales que, entre otros, est\u00e1n teniendo problemas de liquidez y necesitan un apoyo de emergencia para mantener su actividad. Por ello, la Comisi\u00f3n Europea ha presentado una propuesta seg\u00fan la [&hellip;]<\/p>\n","protected":false},"author":4,"featured_media":2828,"comment_status":"closed","ping_status":"closed","sticky":false,"template":"","format":"standard","meta":{"footnotes":""},"categories":[5,111,4],"tags":[],"yoast_head":"<!-- This site is optimized with the Yoast SEO plugin v21.5 - https:\/\/yoast.com\/wordpress\/plugins\/seo\/ -->\n<title>La Comisi\u00f3n Europea propone que los estados miembros utilicen los fondos de Desarrollo Rural para apoyar al sector agrario afectado por la crisis de la COVID-19\u00a0 - UAGA<\/title>\n<meta name=\"robots\" content=\"index, follow, max-snippet:-1, max-image-preview:large, max-video-preview:-1\" \/>\n<link rel=\"canonical\" href=\"https:\/\/www.uaga.eus\/la-comision-europea-propone-que-los-estados-miembros-utilicen-los-fondos-de-desarrollo-rural-para-apoyar-al-sector-agrario-afectado-por-la-crisis-de-la-covid-19\/\" \/>\n<meta property=\"og:locale\" content=\"en_US\" \/>\n<meta property=\"og:type\" content=\"article\" \/>\n<meta property=\"og:title\" content=\"La Comisi\u00f3n Europea propone que los estados miembros utilicen los fondos de Desarrollo Rural para apoyar al sector agrario afectado por la crisis de la COVID-19\u00a0 - UAGA\" \/>\n<meta property=\"og:description\" content=\"La Comisi\u00f3n Europea considera que la actual crisis sanitaria est\u00e1 teniendo un impacto directo en la situaci\u00f3n econ\u00f3mica del sector agrario y de las comunidades rurales que, entre otros, est\u00e1n teniendo problemas de liquidez y necesitan un apoyo de emergencia para mantener su actividad. Por ello, la Comisi\u00f3n Europea ha presentado una propuesta seg\u00fan la [&hellip;]\" \/>\n<meta property=\"og:url\" content=\"https:\/\/www.uaga.eus\/la-comision-europea-propone-que-los-estados-miembros-utilicen-los-fondos-de-desarrollo-rural-para-apoyar-al-sector-agrario-afectado-por-la-crisis-de-la-covid-19\/\" \/>\n<meta property=\"og:site_name\" content=\"UAGA\" \/>\n<meta property=\"article:published_time\" content=\"2020-05-08T12:03:09+00:00\" \/>\n<meta property=\"og:image\" content=\"https:\/\/www.uaga.eus\/wp-content\/uploads\/2018\/05\/paisaje-cerealista.jpg\" \/>\n\t<meta property=\"og:image:width\" content=\"700\" \/>\n\t<meta property=\"og:image:height\" content=\"446\" \/>\n\t<meta property=\"og:image:type\" content=\"image\/jpeg\" \/>\n<meta name=\"author\" content=\"Blanca S\u00e1nchez\" \/>\n<meta name=\"twitter:card\" content=\"summary_large_image\" \/>\n<meta name=\"twitter:label1\" content=\"Written by\" \/>\n\t<meta name=\"twitter:data1\" content=\"Blanca S\u00e1nchez\" \/>\n\t<meta name=\"twitter:label2\" content=\"Est. reading time\" \/>\n\t<meta name=\"twitter:data2\" content=\"1 minutua\" \/>\n<script type=\"application\/ld+json\" class=\"yoast-schema-graph\">{\"@context\":\"https:\/\/schema.org\",\"@graph\":[{\"@type\":\"WebPage\",\"@id\":\"https:\/\/www.uaga.eus\/la-comision-europea-propone-que-los-estados-miembros-utilicen-los-fondos-de-desarrollo-rural-para-apoyar-al-sector-agrario-afectado-por-la-crisis-de-la-covid-19\/\",\"url\":\"https:\/\/www.uaga.eus\/la-comision-europea-propone-que-los-estados-miembros-utilicen-los-fondos-de-desarrollo-rural-para-apoyar-al-sector-agrario-afectado-por-la-crisis-de-la-covid-19\/\",\"name\":\"La Comisi\u00f3n Europea propone que los estados miembros utilicen los fondos de Desarrollo Rural para apoyar al sector agrario afectado por la crisis de la COVID-19\u00a0 - UAGA\",\"isPartOf\":{\"@id\":\"https:\/\/www.uaga.eus\/#website\"},\"datePublished\":\"2020-05-08T12:03:09+00:00\",\"dateModified\":\"2020-05-08T12:03:09+00:00\",\"author\":{\"@id\":\"https:\/\/www.uaga.eus\/#\/schema\/person\/48c3cbf0f33d1b788226dbb6518689cf\"},\"breadcrumb\":{\"@id\":\"https:\/\/www.uaga.eus\/la-comision-europea-propone-que-los-estados-miembros-utilicen-los-fondos-de-desarrollo-rural-para-apoyar-al-sector-agrario-afectado-por-la-crisis-de-la-covid-19\/#breadcrumb\"},\"inLanguage\":\"eu\",\"potentialAction\":[{\"@type\":\"ReadAction\",\"target\":[\"https:\/\/www.uaga.eus\/la-comision-europea-propone-que-los-estados-miembros-utilicen-los-fondos-de-desarrollo-rural-para-apoyar-al-sector-agrario-afectado-por-la-crisis-de-la-covid-19\/\"]}]},{\"@type\":\"BreadcrumbList\",\"@id\":\"https:\/\/www.uaga.eus\/la-comision-europea-propone-que-los-estados-miembros-utilicen-los-fondos-de-desarrollo-rural-para-apoyar-al-sector-agrario-afectado-por-la-crisis-de-la-covid-19\/#breadcrumb\",\"itemListElement\":[{\"@type\":\"ListItem\",\"position\":1,\"name\":\"Inicio\",\"item\":\"https:\/\/www.uaga.eus\/\"},{\"@type\":\"ListItem\",\"position\":2,\"name\":\"La Comisi\u00f3n Europea propone que los estados miembros utilicen los fondos de Desarrollo Rural para apoyar al sector agrario afectado por la crisis de la COVID-19\u00a0\"}]},{\"@type\":\"WebSite\",\"@id\":\"https:\/\/www.uaga.eus\/#website\",\"url\":\"https:\/\/www.uaga.eus\/\",\"name\":\"UAGA\",\"description\":\"Uni\u00f3n Agroganadera de \u00c1lava - Araba Nekazarien Elkartea\",\"potentialAction\":[{\"@type\":\"SearchAction\",\"target\":{\"@type\":\"EntryPoint\",\"urlTemplate\":\"https:\/\/www.uaga.eus\/?s={search_term_string}\"},\"query-input\":\"required name=search_term_string\"}],\"inLanguage\":\"eu\"},{\"@type\":\"Person\",\"@id\":\"https:\/\/www.uaga.eus\/#\/schema\/person\/48c3cbf0f33d1b788226dbb6518689cf\",\"name\":\"Blanca S\u00e1nchez\",\"image\":{\"@type\":\"ImageObject\",\"inLanguage\":\"eu\",\"@id\":\"https:\/\/www.uaga.eus\/#\/schema\/person\/image\/\",\"url\":\"https:\/\/secure.gravatar.com\/avatar\/0dc91c20648254b1ce84877283f6751b?s=96&d=mm&r=g\",\"contentUrl\":\"https:\/\/secure.gravatar.com\/avatar\/0dc91c20648254b1ce84877283f6751b?s=96&d=mm&r=g\",\"caption\":\"Blanca S\u00e1nchez\"},\"url\":\"https:\/\/www.uaga.eus\/eu\/author\/bsanchez\/\"}]}<\/script>\n<!-- \/ Yoast SEO plugin. -->","yoast_head_json":{"title":"La Comisi\u00f3n Europea propone que los estados miembros utilicen los fondos de Desarrollo Rural para apoyar al sector agrario afectado por la crisis de la COVID-19\u00a0 - UAGA","robots":{"index":"index","follow":"follow","max-snippet":"max-snippet:-1","max-image-preview":"max-image-preview:large","max-video-preview":"max-video-preview:-1"},"canonical":"https:\/\/www.uaga.eus\/la-comision-europea-propone-que-los-estados-miembros-utilicen-los-fondos-de-desarrollo-rural-para-apoyar-al-sector-agrario-afectado-por-la-crisis-de-la-covid-19\/","og_locale":"en_US","og_type":"article","og_title":"La Comisi\u00f3n Europea propone que los estados miembros utilicen los fondos de Desarrollo Rural para apoyar al sector agrario afectado por la crisis de la COVID-19\u00a0 - UAGA","og_description":"La Comisi\u00f3n Europea considera que la actual crisis sanitaria est\u00e1 teniendo un impacto directo en la situaci\u00f3n econ\u00f3mica del sector agrario y de las comunidades rurales que, entre otros, est\u00e1n teniendo problemas de liquidez y necesitan un apoyo de emergencia para mantener su actividad. Por ello, la Comisi\u00f3n Europea ha presentado una propuesta seg\u00fan la [&hellip;]","og_url":"https:\/\/www.uaga.eus\/la-comision-europea-propone-que-los-estados-miembros-utilicen-los-fondos-de-desarrollo-rural-para-apoyar-al-sector-agrario-afectado-por-la-crisis-de-la-covid-19\/","og_site_name":"UAGA","article_published_time":"2020-05-08T12:03:09+00:00","og_image":[{"width":700,"height":446,"url":"https:\/\/www.uaga.eus\/wp-content\/uploads\/2018\/05\/paisaje-cerealista.jpg","type":"image\/jpeg"}],"author":"Blanca S\u00e1nchez","twitter_card":"summary_large_image","twitter_misc":{"Written by":"Blanca S\u00e1nchez","Est. reading time":"1 minutua"},"schema":{"@context":"https:\/\/schema.org","@graph":[{"@type":"WebPage","@id":"https:\/\/www.uaga.eus\/la-comision-europea-propone-que-los-estados-miembros-utilicen-los-fondos-de-desarrollo-rural-para-apoyar-al-sector-agrario-afectado-por-la-crisis-de-la-covid-19\/","url":"https:\/\/www.uaga.eus\/la-comision-europea-propone-que-los-estados-miembros-utilicen-los-fondos-de-desarrollo-rural-para-apoyar-al-sector-agrario-afectado-por-la-crisis-de-la-covid-19\/","name":"La Comisi\u00f3n Europea propone que los estados miembros utilicen los fondos de Desarrollo Rural para apoyar al sector agrario afectado por la crisis de la COVID-19\u00a0 - UAGA","isPartOf":{"@id":"https:\/\/www.uaga.eus\/#website"},"datePublished":"2020-05-08T12:03:09+00:00","dateModified":"2020-05-08T12:03:09+00:00","author":{"@id":"https:\/\/www.uaga.eus\/#\/schema\/person\/48c3cbf0f33d1b788226dbb6518689cf"},"breadcrumb":{"@id":"https:\/\/www.uaga.eus\/la-comision-europea-propone-que-los-estados-miembros-utilicen-los-fondos-de-desarrollo-rural-para-apoyar-al-sector-agrario-afectado-por-la-crisis-de-la-covid-19\/#breadcrumb"},"inLanguage":"eu","potentialAction":[{"@type":"ReadAction","target":["https:\/\/www.uaga.eus\/la-comision-europea-propone-que-los-estados-miembros-utilicen-los-fondos-de-desarrollo-rural-para-apoyar-al-sector-agrario-afectado-por-la-crisis-de-la-covid-19\/"]}]},{"@type":"BreadcrumbList","@id":"https:\/\/www.uaga.eus\/la-comision-europea-propone-que-los-estados-miembros-utilicen-los-fondos-de-desarrollo-rural-para-apoyar-al-sector-agrario-afectado-por-la-crisis-de-la-covid-19\/#breadcrumb","itemListElement":[{"@type":"ListItem","position":1,"name":"Inicio","item":"https:\/\/www.uaga.eus\/"},{"@type":"ListItem","position":2,"name":"La Comisi\u00f3n Europea propone que los estados miembros utilicen los fondos de Desarrollo Rural para apoyar al sector agrario afectado por la crisis de la COVID-19\u00a0"}]},{"@type":"WebSite","@id":"https:\/\/www.uaga.eus\/#website","url":"https:\/\/www.uaga.eus\/","name":"UAGA","description":"Uni\u00f3n Agroganadera de \u00c1lava - Araba Nekazarien Elkartea","potentialAction":[{"@type":"SearchAction","target":{"@type":"EntryPoint","urlTemplate":"https:\/\/www.uaga.eus\/?s={search_term_string}"},"query-input":"required name=search_term_string"}],"inLanguage":"eu"},{"@type":"Person","@id":"https:\/\/www.uaga.eus\/#\/schema\/person\/48c3cbf0f33d1b788226dbb6518689cf","name":"Blanca S\u00e1nchez","image":{"@type":"ImageObject","inLanguage":"eu","@id":"https:\/\/www.uaga.eus\/#\/schema\/person\/image\/","url":"https:\/\/secure.gravatar.com\/avatar\/0dc91c20648254b1ce84877283f6751b?s=96&d=mm&r=g","contentUrl":"https:\/\/secure.gravatar.com\/avatar\/0dc91c20648254b1ce84877283f6751b?s=96&d=mm&r=g","caption":"Blanca S\u00e1nchez"},"url":"https:\/\/www.uaga.eus\/eu\/author\/bsanchez\/"}]}},"_links":{"self":[{"href":"https:\/\/www.uaga.eus\/eu\/wp-json\/wp\/v2\/posts\/7407"}],"collection":[{"href":"https:\/\/www.uaga.eus\/eu\/wp-json\/wp\/v2\/posts"}],"about":[{"href":"https:\/\/www.uaga.eus\/eu\/wp-json\/wp\/v2\/types\/post"}],"author":[{"embeddable":true,"href":"https:\/\/www.uaga.eus\/eu\/wp-json\/wp\/v2\/users\/4"}],"replies":[{"embeddable":true,"href":"https:\/\/www.uaga.eus\/eu\/wp-json\/wp\/v2\/comments?post=7407"}],"version-history":[{"count":1,"href":"https:\/\/www.uaga.eus\/eu\/wp-json\/wp\/v2\/posts\/7407\/revisions"}],"predecessor-version":[{"id":7408,"href":"https:\/\/www.uaga.eus\/eu\/wp-json\/wp\/v2\/posts\/7407\/revisions\/7408"}],"wp:featuredmedia":[{"embeddable":true,"href":"https:\/\/www.uaga.eus\/eu\/wp-json\/wp\/v2\/media\/2828"}],"wp:attachment":[{"href":"https:\/\/www.uaga.eus\/eu\/wp-json\/wp\/v2\/media?parent=7407"}],"wp:term":[{"taxonomy":"category","embeddable":true,"href":"https:\/\/www.uaga.eus\/eu\/wp-json\/wp\/v2\/categories?post=7407"},{"taxonomy":"post_tag","embeddable":true,"href":"https:\/\/www.uaga.eus\/eu\/wp-json\/wp\/v2\/tags?post=7407"}],"curies":[{"name":"wp","href":"https:\/\/api.w.org\/{rel}","templated":true}]}}