{"id":7405,"date":"2020-05-08T12:02:02","date_gmt":"2020-05-08T12:02:02","guid":{"rendered":"https:\/\/www.uaga.eus\/?p=7405"},"modified":"2020-05-11T09:52:20","modified_gmt":"2020-05-11T09:52:20","slug":"uaga-en-colaboracion-con-hazi-publica-un-video-sobre-la-poda-en-verde-de-la-vid-para-formacion-de-las-personas-temporeras-en-la-campana-de-espergura","status":"publish","type":"post","link":"https:\/\/www.uaga.eus\/eu\/uaga-en-colaboracion-con-hazi-publica-un-video-sobre-la-poda-en-verde-de-la-vid-para-formacion-de-las-personas-temporeras-en-la-campana-de-espergura\/","title":{"rendered":"UAGA, en colaboraci\u00f3n con HAZI, publica un v\u00eddeo sobre la poda en verde de la vid para formaci\u00f3n de las personas temporeras en la campa\u00f1a de espergura"},"content":{"rendered":"<p><span style=\"font-family: arial, helvetica neue, helvetica, sans-serif;\">Dentro de su Programa de Temporerismo, UAGA gestiona la contrataci\u00f3n de personas temporeras profesionales para las distintas campa\u00f1as agrarias.<\/span><\/p>\n<p>Debido a la crisis sanitaria del COVID-19, este a\u00f1o es dif\u00edcil contratar el suficiente n\u00famero de personas profesionales para la campa\u00f1a de espergura en Rioja Alavesa, por lo que ha sido necesario poner en marcha una acci\u00f3n formativa extra por parte de UAGA y los agricultores.<\/p>\n<p>En colaboraci\u00f3n con el Gobierno Vasco y HAZI, hemos elaborado un v\u00eddeo formativo para explicar c\u00f3mo se hacen las labores de poda en verde de la vid (espergura, despunte, deshojado y aclareo).<\/p>\n<p>El <a href=\"https:\/\/vimeo.com\/413589423\" target=\"_blank\" rel=\"noopener\" data-cke-saved-href=\"https:\/\/vimeo.com\/413589423\">v\u00eddeo<\/a> se ha elaborado en castellano, euskera y \u00e1rabe.<\/p>\n<p>Cesar Berm\u00fadez, afiliado de UAGA, es la persona que ha explicado c\u00f3mo se van llevando a cabo las distintas fases de la poda, a qui\u00e9n le agradecemos much\u00edsimo su colaboraci\u00f3n.<\/p>\n<div>+ info\u00a0 NURIA: 661 595 811<\/div>\n","protected":false},"excerpt":{"rendered":"<p>Dentro de su Programa de Temporerismo, UAGA gestiona la contrataci\u00f3n de personas temporeras profesionales para las distintas campa\u00f1as agrarias. Debido a la crisis sanitaria del COVID-19, este a\u00f1o es dif\u00edcil contratar el suficiente n\u00famero de personas profesionales para la campa\u00f1a de espergura en Rioja Alavesa, por lo que ha sido necesario poner en marcha una [&hellip;]<\/p>\n","protected":false},"author":4,"featured_media":7403,"comment_status":"closed","ping_status":"closed","sticky":false,"template":"","format":"standard","meta":{"footnotes":""},"categories":[66,9],"tags":[],"yoast_head":"<!-- This site is optimized with the Yoast SEO plugin v21.5 - https:\/\/yoast.com\/wordpress\/plugins\/seo\/ -->\n<title>UAGA, en colaboraci\u00f3n con HAZI, publica un v\u00eddeo sobre la poda en verde de la vid para formaci\u00f3n de las personas temporeras en la campa\u00f1a de espergura - UAGA<\/title>\n<meta name=\"robots\" content=\"index, follow, max-snippet:-1, max-image-preview:large, max-video-preview:-1\" \/>\n<link rel=\"canonical\" href=\"https:\/\/www.uaga.eus\/eu\/uaga-en-colaboracion-con-hazi-publica-un-video-sobre-la-poda-en-verde-de-la-vid-para-formacion-de-las-personas-temporeras-en-la-campana-de-espergura\/\" \/>\n<meta property=\"og:locale\" content=\"en_US\" \/>\n<meta property=\"og:type\" content=\"article\" \/>\n<meta property=\"og:title\" content=\"UAGA, en colaboraci\u00f3n con HAZI, publica un v\u00eddeo sobre la poda en verde de la vid para formaci\u00f3n de las personas temporeras en la campa\u00f1a de espergura - UAGA\" \/>\n<meta property=\"og:description\" content=\"Dentro de su Programa de Temporerismo, UAGA gestiona la contrataci\u00f3n de personas temporeras profesionales para las distintas campa\u00f1as agrarias. Debido a la crisis sanitaria del COVID-19, este a\u00f1o es dif\u00edcil contratar el suficiente n\u00famero de personas profesionales para la campa\u00f1a de espergura en Rioja Alavesa, por lo que ha sido necesario poner en marcha una [&hellip;]\" \/>\n<meta property=\"og:url\" content=\"https:\/\/www.uaga.eus\/eu\/uaga-en-colaboracion-con-hazi-publica-un-video-sobre-la-poda-en-verde-de-la-vid-para-formacion-de-las-personas-temporeras-en-la-campana-de-espergura\/\" \/>\n<meta property=\"og:site_name\" content=\"UAGA\" \/>\n<meta property=\"article:published_time\" content=\"2020-05-08T12:02:02+00:00\" \/>\n<meta property=\"article:modified_time\" content=\"2020-05-11T09:52:20+00:00\" \/>\n<meta property=\"og:image\" content=\"https:\/\/www.uaga.eus\/wp-content\/uploads\/2020\/05\/curso-espergura-video-e1681474566486.png\" \/>\n\t<meta property=\"og:image:width\" content=\"620\" \/>\n\t<meta property=\"og:image:height\" content=\"281\" \/>\n\t<meta property=\"og:image:type\" content=\"image\/png\" \/>\n<meta name=\"author\" content=\"Blanca S\u00e1nchez\" \/>\n<meta name=\"twitter:card\" content=\"summary_large_image\" \/>\n<meta name=\"twitter:label1\" content=\"Written by\" \/>\n\t<meta name=\"twitter:data1\" content=\"Blanca S\u00e1nchez\" \/>\n\t<meta name=\"twitter:label2\" content=\"Est. reading time\" \/>\n\t<meta name=\"twitter:data2\" content=\"1 minutua\" \/>\n<script type=\"application\/ld+json\" class=\"yoast-schema-graph\">{\"@context\":\"https:\/\/schema.org\",\"@graph\":[{\"@type\":\"WebPage\",\"@id\":\"https:\/\/www.uaga.eus\/eu\/uaga-en-colaboracion-con-hazi-publica-un-video-sobre-la-poda-en-verde-de-la-vid-para-formacion-de-las-personas-temporeras-en-la-campana-de-espergura\/\",\"url\":\"https:\/\/www.uaga.eus\/eu\/uaga-en-colaboracion-con-hazi-publica-un-video-sobre-la-poda-en-verde-de-la-vid-para-formacion-de-las-personas-temporeras-en-la-campana-de-espergura\/\",\"name\":\"UAGA, en colaboraci\u00f3n con HAZI, publica un v\u00eddeo sobre la poda en verde de la vid para formaci\u00f3n de las personas temporeras en la campa\u00f1a de espergura - UAGA\",\"isPartOf\":{\"@id\":\"https:\/\/www.uaga.eus\/#website\"},\"datePublished\":\"2020-05-08T12:02:02+00:00\",\"dateModified\":\"2020-05-11T09:52:20+00:00\",\"author\":{\"@id\":\"https:\/\/www.uaga.eus\/#\/schema\/person\/48c3cbf0f33d1b788226dbb6518689cf\"},\"breadcrumb\":{\"@id\":\"https:\/\/www.uaga.eus\/eu\/uaga-en-colaboracion-con-hazi-publica-un-video-sobre-la-poda-en-verde-de-la-vid-para-formacion-de-las-personas-temporeras-en-la-campana-de-espergura\/#breadcrumb\"},\"inLanguage\":\"eu\",\"potentialAction\":[{\"@type\":\"ReadAction\",\"target\":[\"https:\/\/www.uaga.eus\/eu\/uaga-en-colaboracion-con-hazi-publica-un-video-sobre-la-poda-en-verde-de-la-vid-para-formacion-de-las-personas-temporeras-en-la-campana-de-espergura\/\"]}]},{\"@type\":\"BreadcrumbList\",\"@id\":\"https:\/\/www.uaga.eus\/eu\/uaga-en-colaboracion-con-hazi-publica-un-video-sobre-la-poda-en-verde-de-la-vid-para-formacion-de-las-personas-temporeras-en-la-campana-de-espergura\/#breadcrumb\",\"itemListElement\":[{\"@type\":\"ListItem\",\"position\":1,\"name\":\"Inicio\",\"item\":\"https:\/\/www.uaga.eus\/\"},{\"@type\":\"ListItem\",\"position\":2,\"name\":\"UAGA, en colaboraci\u00f3n con HAZI, publica un v\u00eddeo sobre la poda en verde de la vid para formaci\u00f3n de las personas temporeras en la campa\u00f1a de espergura\"}]},{\"@type\":\"WebSite\",\"@id\":\"https:\/\/www.uaga.eus\/#website\",\"url\":\"https:\/\/www.uaga.eus\/\",\"name\":\"UAGA\",\"description\":\"Uni\u00f3n Agroganadera de \u00c1lava - Araba Nekazarien Elkartea\",\"potentialAction\":[{\"@type\":\"SearchAction\",\"target\":{\"@type\":\"EntryPoint\",\"urlTemplate\":\"https:\/\/www.uaga.eus\/?s={search_term_string}\"},\"query-input\":\"required name=search_term_string\"}],\"inLanguage\":\"eu\"},{\"@type\":\"Person\",\"@id\":\"https:\/\/www.uaga.eus\/#\/schema\/person\/48c3cbf0f33d1b788226dbb6518689cf\",\"name\":\"Blanca S\u00e1nchez\",\"image\":{\"@type\":\"ImageObject\",\"inLanguage\":\"eu\",\"@id\":\"https:\/\/www.uaga.eus\/#\/schema\/person\/image\/\",\"url\":\"https:\/\/secure.gravatar.com\/avatar\/0dc91c20648254b1ce84877283f6751b?s=96&d=mm&r=g\",\"contentUrl\":\"https:\/\/secure.gravatar.com\/avatar\/0dc91c20648254b1ce84877283f6751b?s=96&d=mm&r=g\",\"caption\":\"Blanca S\u00e1nchez\"},\"url\":\"https:\/\/www.uaga.eus\/eu\/author\/bsanchez\/\"}]}<\/script>\n<!-- \/ Yoast SEO plugin. -->","yoast_head_json":{"title":"UAGA, en colaboraci\u00f3n con HAZI, publica un v\u00eddeo sobre la poda en verde de la vid para formaci\u00f3n de las personas temporeras en la campa\u00f1a de espergura - UAGA","robots":{"index":"index","follow":"follow","max-snippet":"max-snippet:-1","max-image-preview":"max-image-preview:large","max-video-preview":"max-video-preview:-1"},"canonical":"https:\/\/www.uaga.eus\/eu\/uaga-en-colaboracion-con-hazi-publica-un-video-sobre-la-poda-en-verde-de-la-vid-para-formacion-de-las-personas-temporeras-en-la-campana-de-espergura\/","og_locale":"en_US","og_type":"article","og_title":"UAGA, en colaboraci\u00f3n con HAZI, publica un v\u00eddeo sobre la poda en verde de la vid para formaci\u00f3n de las personas temporeras en la campa\u00f1a de espergura - UAGA","og_description":"Dentro de su Programa de Temporerismo, UAGA gestiona la contrataci\u00f3n de personas temporeras profesionales para las distintas campa\u00f1as agrarias. Debido a la crisis sanitaria del COVID-19, este a\u00f1o es dif\u00edcil contratar el suficiente n\u00famero de personas profesionales para la campa\u00f1a de espergura en Rioja Alavesa, por lo que ha sido necesario poner en marcha una [&hellip;]","og_url":"https:\/\/www.uaga.eus\/eu\/uaga-en-colaboracion-con-hazi-publica-un-video-sobre-la-poda-en-verde-de-la-vid-para-formacion-de-las-personas-temporeras-en-la-campana-de-espergura\/","og_site_name":"UAGA","article_published_time":"2020-05-08T12:02:02+00:00","article_modified_time":"2020-05-11T09:52:20+00:00","og_image":[{"width":620,"height":281,"url":"https:\/\/www.uaga.eus\/wp-content\/uploads\/2020\/05\/curso-espergura-video-e1681474566486.png","type":"image\/png"}],"author":"Blanca S\u00e1nchez","twitter_card":"summary_large_image","twitter_misc":{"Written by":"Blanca S\u00e1nchez","Est. reading time":"1 minutua"},"schema":{"@context":"https:\/\/schema.org","@graph":[{"@type":"WebPage","@id":"https:\/\/www.uaga.eus\/eu\/uaga-en-colaboracion-con-hazi-publica-un-video-sobre-la-poda-en-verde-de-la-vid-para-formacion-de-las-personas-temporeras-en-la-campana-de-espergura\/","url":"https:\/\/www.uaga.eus\/eu\/uaga-en-colaboracion-con-hazi-publica-un-video-sobre-la-poda-en-verde-de-la-vid-para-formacion-de-las-personas-temporeras-en-la-campana-de-espergura\/","name":"UAGA, en colaboraci\u00f3n con HAZI, publica un v\u00eddeo sobre la poda en verde de la vid para formaci\u00f3n de las personas temporeras en la campa\u00f1a de espergura - UAGA","isPartOf":{"@id":"https:\/\/www.uaga.eus\/#website"},"datePublished":"2020-05-08T12:02:02+00:00","dateModified":"2020-05-11T09:52:20+00:00","author":{"@id":"https:\/\/www.uaga.eus\/#\/schema\/person\/48c3cbf0f33d1b788226dbb6518689cf"},"breadcrumb":{"@id":"https:\/\/www.uaga.eus\/eu\/uaga-en-colaboracion-con-hazi-publica-un-video-sobre-la-poda-en-verde-de-la-vid-para-formacion-de-las-personas-temporeras-en-la-campana-de-espergura\/#breadcrumb"},"inLanguage":"eu","potentialAction":[{"@type":"ReadAction","target":["https:\/\/www.uaga.eus\/eu\/uaga-en-colaboracion-con-hazi-publica-un-video-sobre-la-poda-en-verde-de-la-vid-para-formacion-de-las-personas-temporeras-en-la-campana-de-espergura\/"]}]},{"@type":"BreadcrumbList","@id":"https:\/\/www.uaga.eus\/eu\/uaga-en-colaboracion-con-hazi-publica-un-video-sobre-la-poda-en-verde-de-la-vid-para-formacion-de-las-personas-temporeras-en-la-campana-de-espergura\/#breadcrumb","itemListElement":[{"@type":"ListItem","position":1,"name":"Inicio","item":"https:\/\/www.uaga.eus\/"},{"@type":"ListItem","position":2,"name":"UAGA, en colaboraci\u00f3n con HAZI, publica un v\u00eddeo sobre la poda en verde de la vid para formaci\u00f3n de las personas temporeras en la campa\u00f1a de espergura"}]},{"@type":"WebSite","@id":"https:\/\/www.uaga.eus\/#website","url":"https:\/\/www.uaga.eus\/","name":"UAGA","description":"Uni\u00f3n Agroganadera de \u00c1lava - Araba Nekazarien Elkartea","potentialAction":[{"@type":"SearchAction","target":{"@type":"EntryPoint","urlTemplate":"https:\/\/www.uaga.eus\/?s={search_term_string}"},"query-input":"required name=search_term_string"}],"inLanguage":"eu"},{"@type":"Person","@id":"https:\/\/www.uaga.eus\/#\/schema\/person\/48c3cbf0f33d1b788226dbb6518689cf","name":"Blanca S\u00e1nchez","image":{"@type":"ImageObject","inLanguage":"eu","@id":"https:\/\/www.uaga.eus\/#\/schema\/person\/image\/","url":"https:\/\/secure.gravatar.com\/avatar\/0dc91c20648254b1ce84877283f6751b?s=96&d=mm&r=g","contentUrl":"https:\/\/secure.gravatar.com\/avatar\/0dc91c20648254b1ce84877283f6751b?s=96&d=mm&r=g","caption":"Blanca S\u00e1nchez"},"url":"https:\/\/www.uaga.eus\/eu\/author\/bsanchez\/"}]}},"_links":{"self":[{"href":"https:\/\/www.uaga.eus\/eu\/wp-json\/wp\/v2\/posts\/7405"}],"collection":[{"href":"https:\/\/www.uaga.eus\/eu\/wp-json\/wp\/v2\/posts"}],"about":[{"href":"https:\/\/www.uaga.eus\/eu\/wp-json\/wp\/v2\/types\/post"}],"author":[{"embeddable":true,"href":"https:\/\/www.uaga.eus\/eu\/wp-json\/wp\/v2\/users\/4"}],"replies":[{"embeddable":true,"href":"https:\/\/www.uaga.eus\/eu\/wp-json\/wp\/v2\/comments?post=7405"}],"version-history":[{"count":2,"href":"https:\/\/www.uaga.eus\/eu\/wp-json\/wp\/v2\/posts\/7405\/revisions"}],"predecessor-version":[{"id":7418,"href":"https:\/\/www.uaga.eus\/eu\/wp-json\/wp\/v2\/posts\/7405\/revisions\/7418"}],"wp:featuredmedia":[{"embeddable":true,"href":"https:\/\/www.uaga.eus\/eu\/wp-json\/wp\/v2\/media\/7403"}],"wp:attachment":[{"href":"https:\/\/www.uaga.eus\/eu\/wp-json\/wp\/v2\/media?parent=7405"}],"wp:term":[{"taxonomy":"category","embeddable":true,"href":"https:\/\/www.uaga.eus\/eu\/wp-json\/wp\/v2\/categories?post=7405"},{"taxonomy":"post_tag","embeddable":true,"href":"https:\/\/www.uaga.eus\/eu\/wp-json\/wp\/v2\/tags?post=7405"}],"curies":[{"name":"wp","href":"https:\/\/api.w.org\/{rel}","templated":true}]}}