{"id":7401,"date":"2020-05-08T12:00:13","date_gmt":"2020-05-08T12:00:13","guid":{"rendered":"https:\/\/www.uaga.eus\/?p=7401"},"modified":"2020-05-08T12:00:13","modified_gmt":"2020-05-08T12:00:13","slug":"la-confederacion-hidrografica-del-ebro-pone-en-marcha-el-proyecto-ebro-resilience-para-la-gestion-del-riesgo-de-inundacion-del-rio-ebro","status":"publish","type":"post","link":"https:\/\/www.uaga.eus\/eu\/la-confederacion-hidrografica-del-ebro-pone-en-marcha-el-proyecto-ebro-resilience-para-la-gestion-del-riesgo-de-inundacion-del-rio-ebro\/","title":{"rendered":"La Confederaci\u00f3n Hidrogr\u00e1fica del Ebro pone en marcha el proyecto EBRO RESILIENCE para la gesti\u00f3n del riesgo de inundaci\u00f3n del r\u00edo Ebro"},"content":{"rendered":"<p><span style=\"font-family: arial, helvetica neue, helvetica, sans-serif;\">EBRO RESILIENCE es un proyecto que nace tras las importantes avenidas del a\u00f1o 2015, cuando el Ministerio de Agricultura y Pesca, Alimentaci\u00f3n y Medio Ambiente, la Confederaci\u00f3n Hidrogr\u00e1fica del Ebro y las Comunidades Aut\u00f3nomas de La Rioja, Arag\u00f3n y Navarra acordaron poner en marcha un plan de medidas destinado a aumentar la resiliencia del sistema, aplicando el Plan de Gesti\u00f3n del Riesgo de Inundaci\u00f3n de la Demarcaci\u00f3n Hidrogr\u00e1fica del Ebro.<\/p>\n<p>La Estrategia EBRO RESILIENCE pretende ser un marco de colaboraci\u00f3n para trabajar de forma solidaria y coordinada en la gesti\u00f3n del riesgo de inundaci\u00f3n del tramo medio del r\u00edo Ebro, promoviendo actuaciones que reduzcan el impacto de las inundaciones en los tramos de mayor riesgo del tramo medio del r\u00edo, para que las actividades econ\u00f3micas y los n\u00facleos de poblaci\u00f3n convivan con un r\u00edo en buen estado de conservaci\u00f3n.<\/p>\n<p>Puedes consultar el proyecto en su <a href=\"https:\/\/ebroresilience.com\/\" target=\"_blank\" rel=\"noopener\" data-cke-saved-href=\"https:\/\/ebroresilience.com\/\">web<\/a>, y un resumen en este <a href=\"https:\/\/ebroresilience.com\/video-estretegia-ebro-resilience\/\" target=\"_blank\" rel=\"noopener\" data-cke-saved-href=\"https:\/\/ebroresilience.com\/video-estretegia-ebro-resilience\/\">v\u00eddeo<\/a>.<\/span><\/p>\n","protected":false},"excerpt":{"rendered":"<p>EBRO RESILIENCE es un proyecto que nace tras las importantes avenidas del a\u00f1o 2015, cuando el Ministerio de Agricultura y Pesca, Alimentaci\u00f3n y Medio Ambiente, la Confederaci\u00f3n Hidrogr\u00e1fica del Ebro y las Comunidades Aut\u00f3nomas de La Rioja, Arag\u00f3n y Navarra acordaron poner en marcha un plan de medidas destinado a aumentar la resiliencia del sistema, [&hellip;]<\/p>\n","protected":false},"author":4,"featured_media":7402,"comment_status":"closed","ping_status":"closed","sticky":false,"template":"","format":"standard","meta":{"footnotes":""},"categories":[11],"tags":[],"yoast_head":"<!-- This site is optimized with the Yoast SEO plugin v21.5 - https:\/\/yoast.com\/wordpress\/plugins\/seo\/ -->\n<title>La Confederaci\u00f3n Hidrogr\u00e1fica del Ebro pone en marcha el proyecto EBRO RESILIENCE para la gesti\u00f3n del riesgo de inundaci\u00f3n del r\u00edo Ebro - UAGA<\/title>\n<meta name=\"robots\" content=\"index, follow, max-snippet:-1, max-image-preview:large, max-video-preview:-1\" \/>\n<link rel=\"canonical\" href=\"https:\/\/www.uaga.eus\/la-confederacion-hidrografica-del-ebro-pone-en-marcha-el-proyecto-ebro-resilience-para-la-gestion-del-riesgo-de-inundacion-del-rio-ebro\/\" \/>\n<meta property=\"og:locale\" content=\"en_US\" \/>\n<meta property=\"og:type\" content=\"article\" \/>\n<meta property=\"og:title\" content=\"La Confederaci\u00f3n Hidrogr\u00e1fica del Ebro pone en marcha el proyecto EBRO RESILIENCE para la gesti\u00f3n del riesgo de inundaci\u00f3n del r\u00edo Ebro - UAGA\" \/>\n<meta property=\"og:description\" content=\"EBRO RESILIENCE es un proyecto que nace tras las importantes avenidas del a\u00f1o 2015, cuando el Ministerio de Agricultura y Pesca, Alimentaci\u00f3n y Medio Ambiente, la Confederaci\u00f3n Hidrogr\u00e1fica del Ebro y las Comunidades Aut\u00f3nomas de La Rioja, Arag\u00f3n y Navarra acordaron poner en marcha un plan de medidas destinado a aumentar la resiliencia del sistema, [&hellip;]\" \/>\n<meta property=\"og:url\" content=\"https:\/\/www.uaga.eus\/la-confederacion-hidrografica-del-ebro-pone-en-marcha-el-proyecto-ebro-resilience-para-la-gestion-del-riesgo-de-inundacion-del-rio-ebro\/\" \/>\n<meta property=\"og:site_name\" content=\"UAGA\" \/>\n<meta property=\"article:published_time\" content=\"2020-05-08T12:00:13+00:00\" \/>\n<meta property=\"og:image\" content=\"https:\/\/www.uaga.eus\/wp-content\/uploads\/2020\/05\/ebro-resilience-e1588939188468.png\" \/>\n\t<meta property=\"og:image:width\" content=\"591\" \/>\n\t<meta property=\"og:image:height\" content=\"295\" \/>\n\t<meta property=\"og:image:type\" content=\"image\/png\" \/>\n<meta name=\"author\" content=\"Blanca S\u00e1nchez\" \/>\n<meta name=\"twitter:card\" content=\"summary_large_image\" \/>\n<meta name=\"twitter:label1\" content=\"Written by\" \/>\n\t<meta name=\"twitter:data1\" content=\"Blanca S\u00e1nchez\" \/>\n\t<meta name=\"twitter:label2\" content=\"Est. reading time\" \/>\n\t<meta name=\"twitter:data2\" content=\"1 minutua\" \/>\n<script type=\"application\/ld+json\" class=\"yoast-schema-graph\">{\"@context\":\"https:\/\/schema.org\",\"@graph\":[{\"@type\":\"WebPage\",\"@id\":\"https:\/\/www.uaga.eus\/la-confederacion-hidrografica-del-ebro-pone-en-marcha-el-proyecto-ebro-resilience-para-la-gestion-del-riesgo-de-inundacion-del-rio-ebro\/\",\"url\":\"https:\/\/www.uaga.eus\/la-confederacion-hidrografica-del-ebro-pone-en-marcha-el-proyecto-ebro-resilience-para-la-gestion-del-riesgo-de-inundacion-del-rio-ebro\/\",\"name\":\"La Confederaci\u00f3n Hidrogr\u00e1fica del Ebro pone en marcha el proyecto EBRO RESILIENCE para la gesti\u00f3n del riesgo de inundaci\u00f3n del r\u00edo Ebro - UAGA\",\"isPartOf\":{\"@id\":\"https:\/\/www.uaga.eus\/#website\"},\"datePublished\":\"2020-05-08T12:00:13+00:00\",\"dateModified\":\"2020-05-08T12:00:13+00:00\",\"author\":{\"@id\":\"https:\/\/www.uaga.eus\/#\/schema\/person\/48c3cbf0f33d1b788226dbb6518689cf\"},\"breadcrumb\":{\"@id\":\"https:\/\/www.uaga.eus\/la-confederacion-hidrografica-del-ebro-pone-en-marcha-el-proyecto-ebro-resilience-para-la-gestion-del-riesgo-de-inundacion-del-rio-ebro\/#breadcrumb\"},\"inLanguage\":\"eu\",\"potentialAction\":[{\"@type\":\"ReadAction\",\"target\":[\"https:\/\/www.uaga.eus\/la-confederacion-hidrografica-del-ebro-pone-en-marcha-el-proyecto-ebro-resilience-para-la-gestion-del-riesgo-de-inundacion-del-rio-ebro\/\"]}]},{\"@type\":\"BreadcrumbList\",\"@id\":\"https:\/\/www.uaga.eus\/la-confederacion-hidrografica-del-ebro-pone-en-marcha-el-proyecto-ebro-resilience-para-la-gestion-del-riesgo-de-inundacion-del-rio-ebro\/#breadcrumb\",\"itemListElement\":[{\"@type\":\"ListItem\",\"position\":1,\"name\":\"Inicio\",\"item\":\"https:\/\/www.uaga.eus\/\"},{\"@type\":\"ListItem\",\"position\":2,\"name\":\"La Confederaci\u00f3n Hidrogr\u00e1fica del Ebro pone en marcha el proyecto EBRO RESILIENCE para la gesti\u00f3n del riesgo de inundaci\u00f3n del r\u00edo Ebro\"}]},{\"@type\":\"WebSite\",\"@id\":\"https:\/\/www.uaga.eus\/#website\",\"url\":\"https:\/\/www.uaga.eus\/\",\"name\":\"UAGA\",\"description\":\"Uni\u00f3n Agroganadera de \u00c1lava - Araba Nekazarien Elkartea\",\"potentialAction\":[{\"@type\":\"SearchAction\",\"target\":{\"@type\":\"EntryPoint\",\"urlTemplate\":\"https:\/\/www.uaga.eus\/?s={search_term_string}\"},\"query-input\":\"required name=search_term_string\"}],\"inLanguage\":\"eu\"},{\"@type\":\"Person\",\"@id\":\"https:\/\/www.uaga.eus\/#\/schema\/person\/48c3cbf0f33d1b788226dbb6518689cf\",\"name\":\"Blanca S\u00e1nchez\",\"image\":{\"@type\":\"ImageObject\",\"inLanguage\":\"eu\",\"@id\":\"https:\/\/www.uaga.eus\/#\/schema\/person\/image\/\",\"url\":\"https:\/\/secure.gravatar.com\/avatar\/0dc91c20648254b1ce84877283f6751b?s=96&d=mm&r=g\",\"contentUrl\":\"https:\/\/secure.gravatar.com\/avatar\/0dc91c20648254b1ce84877283f6751b?s=96&d=mm&r=g\",\"caption\":\"Blanca S\u00e1nchez\"},\"url\":\"https:\/\/www.uaga.eus\/eu\/author\/bsanchez\/\"}]}<\/script>\n<!-- \/ Yoast SEO plugin. -->","yoast_head_json":{"title":"La Confederaci\u00f3n Hidrogr\u00e1fica del Ebro pone en marcha el proyecto EBRO RESILIENCE para la gesti\u00f3n del riesgo de inundaci\u00f3n del r\u00edo Ebro - UAGA","robots":{"index":"index","follow":"follow","max-snippet":"max-snippet:-1","max-image-preview":"max-image-preview:large","max-video-preview":"max-video-preview:-1"},"canonical":"https:\/\/www.uaga.eus\/la-confederacion-hidrografica-del-ebro-pone-en-marcha-el-proyecto-ebro-resilience-para-la-gestion-del-riesgo-de-inundacion-del-rio-ebro\/","og_locale":"en_US","og_type":"article","og_title":"La Confederaci\u00f3n Hidrogr\u00e1fica del Ebro pone en marcha el proyecto EBRO RESILIENCE para la gesti\u00f3n del riesgo de inundaci\u00f3n del r\u00edo Ebro - UAGA","og_description":"EBRO RESILIENCE es un proyecto que nace tras las importantes avenidas del a\u00f1o 2015, cuando el Ministerio de Agricultura y Pesca, Alimentaci\u00f3n y Medio Ambiente, la Confederaci\u00f3n Hidrogr\u00e1fica del Ebro y las Comunidades Aut\u00f3nomas de La Rioja, Arag\u00f3n y Navarra acordaron poner en marcha un plan de medidas destinado a aumentar la resiliencia del sistema, [&hellip;]","og_url":"https:\/\/www.uaga.eus\/la-confederacion-hidrografica-del-ebro-pone-en-marcha-el-proyecto-ebro-resilience-para-la-gestion-del-riesgo-de-inundacion-del-rio-ebro\/","og_site_name":"UAGA","article_published_time":"2020-05-08T12:00:13+00:00","og_image":[{"width":591,"height":295,"url":"https:\/\/www.uaga.eus\/wp-content\/uploads\/2020\/05\/ebro-resilience-e1588939188468.png","type":"image\/png"}],"author":"Blanca S\u00e1nchez","twitter_card":"summary_large_image","twitter_misc":{"Written by":"Blanca S\u00e1nchez","Est. reading time":"1 minutua"},"schema":{"@context":"https:\/\/schema.org","@graph":[{"@type":"WebPage","@id":"https:\/\/www.uaga.eus\/la-confederacion-hidrografica-del-ebro-pone-en-marcha-el-proyecto-ebro-resilience-para-la-gestion-del-riesgo-de-inundacion-del-rio-ebro\/","url":"https:\/\/www.uaga.eus\/la-confederacion-hidrografica-del-ebro-pone-en-marcha-el-proyecto-ebro-resilience-para-la-gestion-del-riesgo-de-inundacion-del-rio-ebro\/","name":"La Confederaci\u00f3n Hidrogr\u00e1fica del Ebro pone en marcha el proyecto EBRO RESILIENCE para la gesti\u00f3n del riesgo de inundaci\u00f3n del r\u00edo Ebro - UAGA","isPartOf":{"@id":"https:\/\/www.uaga.eus\/#website"},"datePublished":"2020-05-08T12:00:13+00:00","dateModified":"2020-05-08T12:00:13+00:00","author":{"@id":"https:\/\/www.uaga.eus\/#\/schema\/person\/48c3cbf0f33d1b788226dbb6518689cf"},"breadcrumb":{"@id":"https:\/\/www.uaga.eus\/la-confederacion-hidrografica-del-ebro-pone-en-marcha-el-proyecto-ebro-resilience-para-la-gestion-del-riesgo-de-inundacion-del-rio-ebro\/#breadcrumb"},"inLanguage":"eu","potentialAction":[{"@type":"ReadAction","target":["https:\/\/www.uaga.eus\/la-confederacion-hidrografica-del-ebro-pone-en-marcha-el-proyecto-ebro-resilience-para-la-gestion-del-riesgo-de-inundacion-del-rio-ebro\/"]}]},{"@type":"BreadcrumbList","@id":"https:\/\/www.uaga.eus\/la-confederacion-hidrografica-del-ebro-pone-en-marcha-el-proyecto-ebro-resilience-para-la-gestion-del-riesgo-de-inundacion-del-rio-ebro\/#breadcrumb","itemListElement":[{"@type":"ListItem","position":1,"name":"Inicio","item":"https:\/\/www.uaga.eus\/"},{"@type":"ListItem","position":2,"name":"La Confederaci\u00f3n Hidrogr\u00e1fica del Ebro pone en marcha el proyecto EBRO RESILIENCE para la gesti\u00f3n del riesgo de inundaci\u00f3n del r\u00edo Ebro"}]},{"@type":"WebSite","@id":"https:\/\/www.uaga.eus\/#website","url":"https:\/\/www.uaga.eus\/","name":"UAGA","description":"Uni\u00f3n Agroganadera de \u00c1lava - Araba Nekazarien Elkartea","potentialAction":[{"@type":"SearchAction","target":{"@type":"EntryPoint","urlTemplate":"https:\/\/www.uaga.eus\/?s={search_term_string}"},"query-input":"required name=search_term_string"}],"inLanguage":"eu"},{"@type":"Person","@id":"https:\/\/www.uaga.eus\/#\/schema\/person\/48c3cbf0f33d1b788226dbb6518689cf","name":"Blanca S\u00e1nchez","image":{"@type":"ImageObject","inLanguage":"eu","@id":"https:\/\/www.uaga.eus\/#\/schema\/person\/image\/","url":"https:\/\/secure.gravatar.com\/avatar\/0dc91c20648254b1ce84877283f6751b?s=96&d=mm&r=g","contentUrl":"https:\/\/secure.gravatar.com\/avatar\/0dc91c20648254b1ce84877283f6751b?s=96&d=mm&r=g","caption":"Blanca S\u00e1nchez"},"url":"https:\/\/www.uaga.eus\/eu\/author\/bsanchez\/"}]}},"_links":{"self":[{"href":"https:\/\/www.uaga.eus\/eu\/wp-json\/wp\/v2\/posts\/7401"}],"collection":[{"href":"https:\/\/www.uaga.eus\/eu\/wp-json\/wp\/v2\/posts"}],"about":[{"href":"https:\/\/www.uaga.eus\/eu\/wp-json\/wp\/v2\/types\/post"}],"author":[{"embeddable":true,"href":"https:\/\/www.uaga.eus\/eu\/wp-json\/wp\/v2\/users\/4"}],"replies":[{"embeddable":true,"href":"https:\/\/www.uaga.eus\/eu\/wp-json\/wp\/v2\/comments?post=7401"}],"version-history":[{"count":1,"href":"https:\/\/www.uaga.eus\/eu\/wp-json\/wp\/v2\/posts\/7401\/revisions"}],"predecessor-version":[{"id":7404,"href":"https:\/\/www.uaga.eus\/eu\/wp-json\/wp\/v2\/posts\/7401\/revisions\/7404"}],"wp:featuredmedia":[{"embeddable":true,"href":"https:\/\/www.uaga.eus\/eu\/wp-json\/wp\/v2\/media\/7402"}],"wp:attachment":[{"href":"https:\/\/www.uaga.eus\/eu\/wp-json\/wp\/v2\/media?parent=7401"}],"wp:term":[{"taxonomy":"category","embeddable":true,"href":"https:\/\/www.uaga.eus\/eu\/wp-json\/wp\/v2\/categories?post=7401"},{"taxonomy":"post_tag","embeddable":true,"href":"https:\/\/www.uaga.eus\/eu\/wp-json\/wp\/v2\/tags?post=7401"}],"curies":[{"name":"wp","href":"https:\/\/api.w.org\/{rel}","templated":true}]}}