{"id":7375,"date":"2020-05-05T12:14:53","date_gmt":"2020-05-05T12:14:53","guid":{"rendered":"https:\/\/www.uaga.eus\/?p=7375"},"modified":"2020-05-05T12:16:07","modified_gmt":"2020-05-05T12:16:07","slug":"el-ministerio-de-agricultura-publica-una-guia-practica-de-medidas-de-apoyo-y-de-interes-para-el-sector-agroalimentario-relacionadas-con-el-covid-19","status":"publish","type":"post","link":"https:\/\/www.uaga.eus\/eu\/el-ministerio-de-agricultura-publica-una-guia-practica-de-medidas-de-apoyo-y-de-interes-para-el-sector-agroalimentario-relacionadas-con-el-covid-19\/","title":{"rendered":"El Ministerio de Agricultura publica una Gu\u00eda pr\u00e1ctica de medidas de apoyo y de inter\u00e9s para el sector agroalimentario relacionadas con el COVID-19"},"content":{"rendered":"<p><span style=\"font-family: arial, helvetica neue, helvetica, sans-serif;\">Esta gu\u00eda orienta sobre las medidas puestas en marcha por el Gobierno de Espa\u00f1a en apoyo del sector agroalimentario, ante la situaci\u00f3n provocada por el COVID-19.<\/span><\/p>\n<p>Se trata de medidas sobre la consideraci\u00f3n de actividad esencial y el mantenimiento de la actividad, de apoyo econ\u00f3mico y en materia laboral, medidas para favorecer el empleo en el sector agrario, en relaci\u00f3n al transporte, seguros agrarios, ayudas PAC, etc.<\/p>\n<p>En el \u00faltimo cap\u00edtulo aparecen enlaces a otras medidas de apoyo econ\u00f3mico, laboral y social publicadas por otros Ministerios.<\/p>\n<p>Puedes consultar <a href=\"https:\/\/mcusercontent.com\/498b950ccfc4b8d0e600d7e48\/files\/dc29ba27-20c5-4e75-b8b3-b688ab60f4c8\/2804202_guia_practica_sector_agrario_pesquero.pdf\" target=\"_blank\" rel=\"noopener\" data-cke-saved-href=\"https:\/\/mcusercontent.com\/498b950ccfc4b8d0e600d7e48\/files\/dc29ba27-20c5-4e75-b8b3-b688ab60f4c8\/2804202_guia_practica_sector_agrario_pesquero.pdf\">aqu\u00ed<\/a> el enlace a la Gu\u00eda.<\/p>\n<div>\n<p><span style=\"font-family: arial, helvetica neue, helvetica, sans-serif;\">+ info YOLANDA: 615 779 584<\/span><\/p>\n<hr \/>\n<\/div>\n<p><\/p>","protected":false},"excerpt":{"rendered":"<p>Esta gu\u00eda orienta sobre las medidas puestas en marcha por el Gobierno de Espa\u00f1a en apoyo del sector agroalimentario, ante la situaci\u00f3n provocada por el COVID-19. Se trata de medidas sobre la consideraci\u00f3n de actividad esencial y el mantenimiento de la actividad, de apoyo econ\u00f3mico y en materia laboral, medidas para favorecer el empleo en [&hellip;]<\/p>\n","protected":false},"author":4,"featured_media":2666,"comment_status":"closed","ping_status":"closed","sticky":false,"template":"","format":"standard","meta":{"footnotes":""},"categories":[5,111],"tags":[],"yoast_head":"<!-- This site is optimized with the Yoast SEO plugin v21.5 - https:\/\/yoast.com\/wordpress\/plugins\/seo\/ -->\n<title>El Ministerio de Agricultura publica una Gu\u00eda pr\u00e1ctica de medidas de apoyo y de inter\u00e9s para el sector agroalimentario relacionadas con el COVID-19 - UAGA<\/title>\n<meta name=\"robots\" content=\"index, follow, max-snippet:-1, max-image-preview:large, max-video-preview:-1\" \/>\n<link rel=\"canonical\" href=\"https:\/\/www.uaga.eus\/el-ministerio-de-agricultura-publica-una-guia-practica-de-medidas-de-apoyo-y-de-interes-para-el-sector-agroalimentario-relacionadas-con-el-covid-19\/\" \/>\n<meta property=\"og:locale\" content=\"en_US\" \/>\n<meta property=\"og:type\" content=\"article\" \/>\n<meta property=\"og:title\" content=\"El Ministerio de Agricultura publica una Gu\u00eda pr\u00e1ctica de medidas de apoyo y de inter\u00e9s para el sector agroalimentario relacionadas con el COVID-19 - UAGA\" \/>\n<meta property=\"og:description\" content=\"Esta gu\u00eda orienta sobre las medidas puestas en marcha por el Gobierno de Espa\u00f1a en apoyo del sector agroalimentario, ante la situaci\u00f3n provocada por el COVID-19. Se trata de medidas sobre la consideraci\u00f3n de actividad esencial y el mantenimiento de la actividad, de apoyo econ\u00f3mico y en materia laboral, medidas para favorecer el empleo en [&hellip;]\" \/>\n<meta property=\"og:url\" content=\"https:\/\/www.uaga.eus\/el-ministerio-de-agricultura-publica-una-guia-practica-de-medidas-de-apoyo-y-de-interes-para-el-sector-agroalimentario-relacionadas-con-el-covid-19\/\" \/>\n<meta property=\"og:site_name\" content=\"UAGA\" \/>\n<meta property=\"article:published_time\" content=\"2020-05-05T12:14:53+00:00\" \/>\n<meta property=\"article:modified_time\" content=\"2020-05-05T12:16:07+00:00\" \/>\n<meta property=\"og:image\" content=\"https:\/\/www.uaga.eus\/wp-content\/uploads\/2018\/04\/tractor-arando.jpg\" \/>\n\t<meta property=\"og:image:width\" content=\"650\" \/>\n\t<meta property=\"og:image:height\" content=\"330\" \/>\n\t<meta property=\"og:image:type\" content=\"image\/jpeg\" \/>\n<meta name=\"author\" content=\"Blanca S\u00e1nchez\" \/>\n<meta name=\"twitter:card\" content=\"summary_large_image\" \/>\n<meta name=\"twitter:label1\" content=\"Written by\" \/>\n\t<meta name=\"twitter:data1\" content=\"Blanca S\u00e1nchez\" \/>\n\t<meta name=\"twitter:label2\" content=\"Est. reading time\" \/>\n\t<meta name=\"twitter:data2\" content=\"1 minutua\" \/>\n<script type=\"application\/ld+json\" class=\"yoast-schema-graph\">{\"@context\":\"https:\/\/schema.org\",\"@graph\":[{\"@type\":\"WebPage\",\"@id\":\"https:\/\/www.uaga.eus\/el-ministerio-de-agricultura-publica-una-guia-practica-de-medidas-de-apoyo-y-de-interes-para-el-sector-agroalimentario-relacionadas-con-el-covid-19\/\",\"url\":\"https:\/\/www.uaga.eus\/el-ministerio-de-agricultura-publica-una-guia-practica-de-medidas-de-apoyo-y-de-interes-para-el-sector-agroalimentario-relacionadas-con-el-covid-19\/\",\"name\":\"El Ministerio de Agricultura publica una Gu\u00eda pr\u00e1ctica de medidas de apoyo y de inter\u00e9s para el sector agroalimentario relacionadas con el COVID-19 - UAGA\",\"isPartOf\":{\"@id\":\"https:\/\/www.uaga.eus\/#website\"},\"datePublished\":\"2020-05-05T12:14:53+00:00\",\"dateModified\":\"2020-05-05T12:16:07+00:00\",\"author\":{\"@id\":\"https:\/\/www.uaga.eus\/#\/schema\/person\/48c3cbf0f33d1b788226dbb6518689cf\"},\"breadcrumb\":{\"@id\":\"https:\/\/www.uaga.eus\/el-ministerio-de-agricultura-publica-una-guia-practica-de-medidas-de-apoyo-y-de-interes-para-el-sector-agroalimentario-relacionadas-con-el-covid-19\/#breadcrumb\"},\"inLanguage\":\"eu\",\"potentialAction\":[{\"@type\":\"ReadAction\",\"target\":[\"https:\/\/www.uaga.eus\/el-ministerio-de-agricultura-publica-una-guia-practica-de-medidas-de-apoyo-y-de-interes-para-el-sector-agroalimentario-relacionadas-con-el-covid-19\/\"]}]},{\"@type\":\"BreadcrumbList\",\"@id\":\"https:\/\/www.uaga.eus\/el-ministerio-de-agricultura-publica-una-guia-practica-de-medidas-de-apoyo-y-de-interes-para-el-sector-agroalimentario-relacionadas-con-el-covid-19\/#breadcrumb\",\"itemListElement\":[{\"@type\":\"ListItem\",\"position\":1,\"name\":\"Inicio\",\"item\":\"https:\/\/www.uaga.eus\/\"},{\"@type\":\"ListItem\",\"position\":2,\"name\":\"El Ministerio de Agricultura publica una Gu\u00eda pr\u00e1ctica de medidas de apoyo y de inter\u00e9s para el sector agroalimentario relacionadas con el COVID-19\"}]},{\"@type\":\"WebSite\",\"@id\":\"https:\/\/www.uaga.eus\/#website\",\"url\":\"https:\/\/www.uaga.eus\/\",\"name\":\"UAGA\",\"description\":\"Uni\u00f3n Agroganadera de \u00c1lava - Araba Nekazarien Elkartea\",\"potentialAction\":[{\"@type\":\"SearchAction\",\"target\":{\"@type\":\"EntryPoint\",\"urlTemplate\":\"https:\/\/www.uaga.eus\/?s={search_term_string}\"},\"query-input\":\"required name=search_term_string\"}],\"inLanguage\":\"eu\"},{\"@type\":\"Person\",\"@id\":\"https:\/\/www.uaga.eus\/#\/schema\/person\/48c3cbf0f33d1b788226dbb6518689cf\",\"name\":\"Blanca S\u00e1nchez\",\"image\":{\"@type\":\"ImageObject\",\"inLanguage\":\"eu\",\"@id\":\"https:\/\/www.uaga.eus\/#\/schema\/person\/image\/\",\"url\":\"https:\/\/secure.gravatar.com\/avatar\/0dc91c20648254b1ce84877283f6751b?s=96&d=mm&r=g\",\"contentUrl\":\"https:\/\/secure.gravatar.com\/avatar\/0dc91c20648254b1ce84877283f6751b?s=96&d=mm&r=g\",\"caption\":\"Blanca S\u00e1nchez\"},\"url\":\"https:\/\/www.uaga.eus\/eu\/author\/bsanchez\/\"}]}<\/script>\n<!-- \/ Yoast SEO plugin. -->","yoast_head_json":{"title":"El Ministerio de Agricultura publica una Gu\u00eda pr\u00e1ctica de medidas de apoyo y de inter\u00e9s para el sector agroalimentario relacionadas con el COVID-19 - UAGA","robots":{"index":"index","follow":"follow","max-snippet":"max-snippet:-1","max-image-preview":"max-image-preview:large","max-video-preview":"max-video-preview:-1"},"canonical":"https:\/\/www.uaga.eus\/el-ministerio-de-agricultura-publica-una-guia-practica-de-medidas-de-apoyo-y-de-interes-para-el-sector-agroalimentario-relacionadas-con-el-covid-19\/","og_locale":"en_US","og_type":"article","og_title":"El Ministerio de Agricultura publica una Gu\u00eda pr\u00e1ctica de medidas de apoyo y de inter\u00e9s para el sector agroalimentario relacionadas con el COVID-19 - UAGA","og_description":"Esta gu\u00eda orienta sobre las medidas puestas en marcha por el Gobierno de Espa\u00f1a en apoyo del sector agroalimentario, ante la situaci\u00f3n provocada por el COVID-19. Se trata de medidas sobre la consideraci\u00f3n de actividad esencial y el mantenimiento de la actividad, de apoyo econ\u00f3mico y en materia laboral, medidas para favorecer el empleo en [&hellip;]","og_url":"https:\/\/www.uaga.eus\/el-ministerio-de-agricultura-publica-una-guia-practica-de-medidas-de-apoyo-y-de-interes-para-el-sector-agroalimentario-relacionadas-con-el-covid-19\/","og_site_name":"UAGA","article_published_time":"2020-05-05T12:14:53+00:00","article_modified_time":"2020-05-05T12:16:07+00:00","og_image":[{"width":650,"height":330,"url":"https:\/\/www.uaga.eus\/wp-content\/uploads\/2018\/04\/tractor-arando.jpg","type":"image\/jpeg"}],"author":"Blanca S\u00e1nchez","twitter_card":"summary_large_image","twitter_misc":{"Written by":"Blanca S\u00e1nchez","Est. reading time":"1 minutua"},"schema":{"@context":"https:\/\/schema.org","@graph":[{"@type":"WebPage","@id":"https:\/\/www.uaga.eus\/el-ministerio-de-agricultura-publica-una-guia-practica-de-medidas-de-apoyo-y-de-interes-para-el-sector-agroalimentario-relacionadas-con-el-covid-19\/","url":"https:\/\/www.uaga.eus\/el-ministerio-de-agricultura-publica-una-guia-practica-de-medidas-de-apoyo-y-de-interes-para-el-sector-agroalimentario-relacionadas-con-el-covid-19\/","name":"El Ministerio de Agricultura publica una Gu\u00eda pr\u00e1ctica de medidas de apoyo y de inter\u00e9s para el sector agroalimentario relacionadas con el COVID-19 - UAGA","isPartOf":{"@id":"https:\/\/www.uaga.eus\/#website"},"datePublished":"2020-05-05T12:14:53+00:00","dateModified":"2020-05-05T12:16:07+00:00","author":{"@id":"https:\/\/www.uaga.eus\/#\/schema\/person\/48c3cbf0f33d1b788226dbb6518689cf"},"breadcrumb":{"@id":"https:\/\/www.uaga.eus\/el-ministerio-de-agricultura-publica-una-guia-practica-de-medidas-de-apoyo-y-de-interes-para-el-sector-agroalimentario-relacionadas-con-el-covid-19\/#breadcrumb"},"inLanguage":"eu","potentialAction":[{"@type":"ReadAction","target":["https:\/\/www.uaga.eus\/el-ministerio-de-agricultura-publica-una-guia-practica-de-medidas-de-apoyo-y-de-interes-para-el-sector-agroalimentario-relacionadas-con-el-covid-19\/"]}]},{"@type":"BreadcrumbList","@id":"https:\/\/www.uaga.eus\/el-ministerio-de-agricultura-publica-una-guia-practica-de-medidas-de-apoyo-y-de-interes-para-el-sector-agroalimentario-relacionadas-con-el-covid-19\/#breadcrumb","itemListElement":[{"@type":"ListItem","position":1,"name":"Inicio","item":"https:\/\/www.uaga.eus\/"},{"@type":"ListItem","position":2,"name":"El Ministerio de Agricultura publica una Gu\u00eda pr\u00e1ctica de medidas de apoyo y de inter\u00e9s para el sector agroalimentario relacionadas con el COVID-19"}]},{"@type":"WebSite","@id":"https:\/\/www.uaga.eus\/#website","url":"https:\/\/www.uaga.eus\/","name":"UAGA","description":"Uni\u00f3n Agroganadera de \u00c1lava - Araba Nekazarien Elkartea","potentialAction":[{"@type":"SearchAction","target":{"@type":"EntryPoint","urlTemplate":"https:\/\/www.uaga.eus\/?s={search_term_string}"},"query-input":"required name=search_term_string"}],"inLanguage":"eu"},{"@type":"Person","@id":"https:\/\/www.uaga.eus\/#\/schema\/person\/48c3cbf0f33d1b788226dbb6518689cf","name":"Blanca S\u00e1nchez","image":{"@type":"ImageObject","inLanguage":"eu","@id":"https:\/\/www.uaga.eus\/#\/schema\/person\/image\/","url":"https:\/\/secure.gravatar.com\/avatar\/0dc91c20648254b1ce84877283f6751b?s=96&d=mm&r=g","contentUrl":"https:\/\/secure.gravatar.com\/avatar\/0dc91c20648254b1ce84877283f6751b?s=96&d=mm&r=g","caption":"Blanca S\u00e1nchez"},"url":"https:\/\/www.uaga.eus\/eu\/author\/bsanchez\/"}]}},"_links":{"self":[{"href":"https:\/\/www.uaga.eus\/eu\/wp-json\/wp\/v2\/posts\/7375"}],"collection":[{"href":"https:\/\/www.uaga.eus\/eu\/wp-json\/wp\/v2\/posts"}],"about":[{"href":"https:\/\/www.uaga.eus\/eu\/wp-json\/wp\/v2\/types\/post"}],"author":[{"embeddable":true,"href":"https:\/\/www.uaga.eus\/eu\/wp-json\/wp\/v2\/users\/4"}],"replies":[{"embeddable":true,"href":"https:\/\/www.uaga.eus\/eu\/wp-json\/wp\/v2\/comments?post=7375"}],"version-history":[{"count":2,"href":"https:\/\/www.uaga.eus\/eu\/wp-json\/wp\/v2\/posts\/7375\/revisions"}],"predecessor-version":[{"id":7377,"href":"https:\/\/www.uaga.eus\/eu\/wp-json\/wp\/v2\/posts\/7375\/revisions\/7377"}],"wp:featuredmedia":[{"embeddable":true,"href":"https:\/\/www.uaga.eus\/eu\/wp-json\/wp\/v2\/media\/2666"}],"wp:attachment":[{"href":"https:\/\/www.uaga.eus\/eu\/wp-json\/wp\/v2\/media?parent=7375"}],"wp:term":[{"taxonomy":"category","embeddable":true,"href":"https:\/\/www.uaga.eus\/eu\/wp-json\/wp\/v2\/categories?post=7375"},{"taxonomy":"post_tag","embeddable":true,"href":"https:\/\/www.uaga.eus\/eu\/wp-json\/wp\/v2\/tags?post=7375"}],"curies":[{"name":"wp","href":"https:\/\/api.w.org\/{rel}","templated":true}]}}