{"id":7373,"date":"2020-05-05T12:12:41","date_gmt":"2020-05-05T12:12:41","guid":{"rendered":"https:\/\/www.uaga.eus\/?p=7373"},"modified":"2020-05-05T14:05:13","modified_gmt":"2020-05-05T14:05:13","slug":"coag-valora-la-propuesta-de-la-comision-europea-para-el-sector-de-la-patata-por-la-crisis-de-la-covid-19-2","status":"publish","type":"post","link":"https:\/\/www.uaga.eus\/eu\/coag-valora-la-propuesta-de-la-comision-europea-para-el-sector-de-la-patata-por-la-crisis-de-la-covid-19-2\/","title":{"rendered":"COAG valora la propuesta de la Comisi\u00f3n Europea para el sector vitivin\u00edcola por la crisis de la COVID-19"},"content":{"rendered":"<p>COAG valora positivamente que se haya tenido en cuenta la delicada situaci\u00f3n que est\u00e1 afectando al sector vitivin\u00edcola y acoge las medidas de flexibilidad de car\u00e1cter t\u00e9cnico y administrativo que ha propuesto para introducir en los Programas de Apoyo Nacionales y en el r\u00e9gimen de autorizaciones de vi\u00f1edo.<\/p>\n<p>La Comisi\u00f3n ha propuesto adem\u00e1s una serie de medidas de intervenci\u00f3n en el mercado que dotadas de un presupuesto adecuado podr\u00edan ser eficaces para que el sector pudiera evitar un grave desequilibrio y un colapso general, ante la inminente nueva cosecha.<\/p>\n<p>Sin embargo, en esta situaci\u00f3n extraordinaria, los instrumentos previstos en la PAC, no son suficientes para afrontar las consecuencias de una situaci\u00f3n para la que nadie estaba preparado. Por ello se requiere que la Uni\u00f3n Europea disponga de un presupuesto extraordinario habilitado a tal efecto, que podr\u00eda complementarse con fondos adicionales del Gobierno de Espa\u00f1a y con urgencia m\u00e1xima para evitar que miles de viticultores y cientos de bodegas, tenga que dejar la cosecha o echar el cierre a sus negocios. Este fondo extraordinario no deber\u00eda provenir de lo que al sector ya le corresponde y que en su mayor parte ya est\u00e1 ejecutado o est\u00e1 ejecut\u00e1ndose.<\/p>\n<p>Medidas como la cosecha en verde, la destilaci\u00f3n de crisis o el almacenamiento privado temporal para vinos de calidad cuya comercializaci\u00f3n pueda ser aplazada sin sobrecargar los mercados, deben tambi\u00e9n tener financiaci\u00f3n europea con presupuesto extraordinario al margen de los Programas de Apoyo Nacionales, con un complemento el estado miembro.<\/p>\n<p>Por \u00faltimo, una vez que las actividades se reinicien, de forma excepcional, se debe permitir la promoci\u00f3n del vino tambi\u00e9n en el mercado interior (nacional y de la UE).<\/p>","protected":false},"excerpt":{"rendered":"<p>COAG valora positivamente que se haya tenido en cuenta la delicada situaci\u00f3n que est\u00e1 afectando al sector vitivin\u00edcola y acoge las medidas de flexibilidad de car\u00e1cter t\u00e9cnico y administrativo que ha propuesto para introducir en los Programas de Apoyo Nacionales y en el r\u00e9gimen de autorizaciones de vi\u00f1edo. La Comisi\u00f3n ha propuesto adem\u00e1s una serie [&hellip;]<\/p>\n","protected":false},"author":4,"featured_media":2855,"comment_status":"closed","ping_status":"closed","sticky":false,"template":"","format":"standard","meta":{"footnotes":""},"categories":[7,111,4],"tags":[],"yoast_head":"<!-- This site is optimized with the Yoast SEO plugin v21.5 - https:\/\/yoast.com\/wordpress\/plugins\/seo\/ -->\n<title>COAG valora la propuesta de la Comisi\u00f3n Europea para el sector vitivin\u00edcola por la crisis de la COVID-19 - UAGA<\/title>\n<meta name=\"robots\" content=\"index, follow, max-snippet:-1, max-image-preview:large, max-video-preview:-1\" \/>\n<link rel=\"canonical\" href=\"https:\/\/www.uaga.eus\/coag-valora-la-propuesta-de-la-comision-europea-para-el-sector-de-la-patata-por-la-crisis-de-la-covid-19-2\/\" \/>\n<meta property=\"og:locale\" content=\"en_US\" \/>\n<meta property=\"og:type\" content=\"article\" \/>\n<meta property=\"og:title\" content=\"COAG valora la propuesta de la Comisi\u00f3n Europea para el sector vitivin\u00edcola por la crisis de la COVID-19 - UAGA\" \/>\n<meta property=\"og:description\" content=\"COAG valora positivamente que se haya tenido en cuenta la delicada situaci\u00f3n que est\u00e1 afectando al sector vitivin\u00edcola y acoge las medidas de flexibilidad de car\u00e1cter t\u00e9cnico y administrativo que ha propuesto para introducir en los Programas de Apoyo Nacionales y en el r\u00e9gimen de autorizaciones de vi\u00f1edo. La Comisi\u00f3n ha propuesto adem\u00e1s una serie [&hellip;]\" \/>\n<meta property=\"og:url\" content=\"https:\/\/www.uaga.eus\/coag-valora-la-propuesta-de-la-comision-europea-para-el-sector-de-la-patata-por-la-crisis-de-la-covid-19-2\/\" \/>\n<meta property=\"og:site_name\" content=\"UAGA\" \/>\n<meta property=\"article:published_time\" content=\"2020-05-05T12:12:41+00:00\" \/>\n<meta property=\"article:modified_time\" content=\"2020-05-05T14:05:13+00:00\" \/>\n<meta property=\"og:image\" content=\"https:\/\/www.uaga.eus\/wp-content\/uploads\/2018\/05\/botellas-vino-reserva-e1526627319222.jpg\" \/>\n\t<meta property=\"og:image:width\" content=\"700\" \/>\n\t<meta property=\"og:image:height\" content=\"467\" \/>\n\t<meta property=\"og:image:type\" content=\"image\/jpeg\" \/>\n<meta name=\"author\" content=\"Blanca S\u00e1nchez\" \/>\n<meta name=\"twitter:card\" content=\"summary_large_image\" \/>\n<meta name=\"twitter:label1\" content=\"Written by\" \/>\n\t<meta name=\"twitter:data1\" content=\"Blanca S\u00e1nchez\" \/>\n\t<meta name=\"twitter:label2\" content=\"Est. reading time\" \/>\n\t<meta name=\"twitter:data2\" content=\"3 minutua\" \/>\n<script type=\"application\/ld+json\" class=\"yoast-schema-graph\">{\"@context\":\"https:\/\/schema.org\",\"@graph\":[{\"@type\":\"WebPage\",\"@id\":\"https:\/\/www.uaga.eus\/coag-valora-la-propuesta-de-la-comision-europea-para-el-sector-de-la-patata-por-la-crisis-de-la-covid-19-2\/\",\"url\":\"https:\/\/www.uaga.eus\/coag-valora-la-propuesta-de-la-comision-europea-para-el-sector-de-la-patata-por-la-crisis-de-la-covid-19-2\/\",\"name\":\"COAG valora la propuesta de la Comisi\u00f3n Europea para el sector vitivin\u00edcola por la crisis de la COVID-19 - UAGA\",\"isPartOf\":{\"@id\":\"https:\/\/www.uaga.eus\/#website\"},\"datePublished\":\"2020-05-05T12:12:41+00:00\",\"dateModified\":\"2020-05-05T14:05:13+00:00\",\"author\":{\"@id\":\"https:\/\/www.uaga.eus\/#\/schema\/person\/48c3cbf0f33d1b788226dbb6518689cf\"},\"breadcrumb\":{\"@id\":\"https:\/\/www.uaga.eus\/coag-valora-la-propuesta-de-la-comision-europea-para-el-sector-de-la-patata-por-la-crisis-de-la-covid-19-2\/#breadcrumb\"},\"inLanguage\":\"eu\",\"potentialAction\":[{\"@type\":\"ReadAction\",\"target\":[\"https:\/\/www.uaga.eus\/coag-valora-la-propuesta-de-la-comision-europea-para-el-sector-de-la-patata-por-la-crisis-de-la-covid-19-2\/\"]}]},{\"@type\":\"BreadcrumbList\",\"@id\":\"https:\/\/www.uaga.eus\/coag-valora-la-propuesta-de-la-comision-europea-para-el-sector-de-la-patata-por-la-crisis-de-la-covid-19-2\/#breadcrumb\",\"itemListElement\":[{\"@type\":\"ListItem\",\"position\":1,\"name\":\"Inicio\",\"item\":\"https:\/\/www.uaga.eus\/\"},{\"@type\":\"ListItem\",\"position\":2,\"name\":\"COAG valora la propuesta de la Comisi\u00f3n Europea para el sector vitivin\u00edcola por la crisis de la COVID-19\"}]},{\"@type\":\"WebSite\",\"@id\":\"https:\/\/www.uaga.eus\/#website\",\"url\":\"https:\/\/www.uaga.eus\/\",\"name\":\"UAGA\",\"description\":\"Uni\u00f3n Agroganadera de \u00c1lava - Araba Nekazarien Elkartea\",\"potentialAction\":[{\"@type\":\"SearchAction\",\"target\":{\"@type\":\"EntryPoint\",\"urlTemplate\":\"https:\/\/www.uaga.eus\/?s={search_term_string}\"},\"query-input\":\"required name=search_term_string\"}],\"inLanguage\":\"eu\"},{\"@type\":\"Person\",\"@id\":\"https:\/\/www.uaga.eus\/#\/schema\/person\/48c3cbf0f33d1b788226dbb6518689cf\",\"name\":\"Blanca S\u00e1nchez\",\"image\":{\"@type\":\"ImageObject\",\"inLanguage\":\"eu\",\"@id\":\"https:\/\/www.uaga.eus\/#\/schema\/person\/image\/\",\"url\":\"https:\/\/secure.gravatar.com\/avatar\/0dc91c20648254b1ce84877283f6751b?s=96&d=mm&r=g\",\"contentUrl\":\"https:\/\/secure.gravatar.com\/avatar\/0dc91c20648254b1ce84877283f6751b?s=96&d=mm&r=g\",\"caption\":\"Blanca S\u00e1nchez\"},\"url\":\"https:\/\/www.uaga.eus\/eu\/author\/bsanchez\/\"}]}<\/script>\n<!-- \/ Yoast SEO plugin. -->","yoast_head_json":{"title":"COAG valora la propuesta de la Comisi\u00f3n Europea para el sector vitivin\u00edcola por la crisis de la COVID-19 - UAGA","robots":{"index":"index","follow":"follow","max-snippet":"max-snippet:-1","max-image-preview":"max-image-preview:large","max-video-preview":"max-video-preview:-1"},"canonical":"https:\/\/www.uaga.eus\/coag-valora-la-propuesta-de-la-comision-europea-para-el-sector-de-la-patata-por-la-crisis-de-la-covid-19-2\/","og_locale":"en_US","og_type":"article","og_title":"COAG valora la propuesta de la Comisi\u00f3n Europea para el sector vitivin\u00edcola por la crisis de la COVID-19 - UAGA","og_description":"COAG valora positivamente que se haya tenido en cuenta la delicada situaci\u00f3n que est\u00e1 afectando al sector vitivin\u00edcola y acoge las medidas de flexibilidad de car\u00e1cter t\u00e9cnico y administrativo que ha propuesto para introducir en los Programas de Apoyo Nacionales y en el r\u00e9gimen de autorizaciones de vi\u00f1edo. La Comisi\u00f3n ha propuesto adem\u00e1s una serie [&hellip;]","og_url":"https:\/\/www.uaga.eus\/coag-valora-la-propuesta-de-la-comision-europea-para-el-sector-de-la-patata-por-la-crisis-de-la-covid-19-2\/","og_site_name":"UAGA","article_published_time":"2020-05-05T12:12:41+00:00","article_modified_time":"2020-05-05T14:05:13+00:00","og_image":[{"width":700,"height":467,"url":"https:\/\/www.uaga.eus\/wp-content\/uploads\/2018\/05\/botellas-vino-reserva-e1526627319222.jpg","type":"image\/jpeg"}],"author":"Blanca S\u00e1nchez","twitter_card":"summary_large_image","twitter_misc":{"Written by":"Blanca S\u00e1nchez","Est. reading time":"3 minutua"},"schema":{"@context":"https:\/\/schema.org","@graph":[{"@type":"WebPage","@id":"https:\/\/www.uaga.eus\/coag-valora-la-propuesta-de-la-comision-europea-para-el-sector-de-la-patata-por-la-crisis-de-la-covid-19-2\/","url":"https:\/\/www.uaga.eus\/coag-valora-la-propuesta-de-la-comision-europea-para-el-sector-de-la-patata-por-la-crisis-de-la-covid-19-2\/","name":"COAG valora la propuesta de la Comisi\u00f3n Europea para el sector vitivin\u00edcola por la crisis de la COVID-19 - UAGA","isPartOf":{"@id":"https:\/\/www.uaga.eus\/#website"},"datePublished":"2020-05-05T12:12:41+00:00","dateModified":"2020-05-05T14:05:13+00:00","author":{"@id":"https:\/\/www.uaga.eus\/#\/schema\/person\/48c3cbf0f33d1b788226dbb6518689cf"},"breadcrumb":{"@id":"https:\/\/www.uaga.eus\/coag-valora-la-propuesta-de-la-comision-europea-para-el-sector-de-la-patata-por-la-crisis-de-la-covid-19-2\/#breadcrumb"},"inLanguage":"eu","potentialAction":[{"@type":"ReadAction","target":["https:\/\/www.uaga.eus\/coag-valora-la-propuesta-de-la-comision-europea-para-el-sector-de-la-patata-por-la-crisis-de-la-covid-19-2\/"]}]},{"@type":"BreadcrumbList","@id":"https:\/\/www.uaga.eus\/coag-valora-la-propuesta-de-la-comision-europea-para-el-sector-de-la-patata-por-la-crisis-de-la-covid-19-2\/#breadcrumb","itemListElement":[{"@type":"ListItem","position":1,"name":"Inicio","item":"https:\/\/www.uaga.eus\/"},{"@type":"ListItem","position":2,"name":"COAG valora la propuesta de la Comisi\u00f3n Europea para el sector vitivin\u00edcola por la crisis de la COVID-19"}]},{"@type":"WebSite","@id":"https:\/\/www.uaga.eus\/#website","url":"https:\/\/www.uaga.eus\/","name":"UAGA","description":"Uni\u00f3n Agroganadera de \u00c1lava - Araba Nekazarien Elkartea","potentialAction":[{"@type":"SearchAction","target":{"@type":"EntryPoint","urlTemplate":"https:\/\/www.uaga.eus\/?s={search_term_string}"},"query-input":"required name=search_term_string"}],"inLanguage":"eu"},{"@type":"Person","@id":"https:\/\/www.uaga.eus\/#\/schema\/person\/48c3cbf0f33d1b788226dbb6518689cf","name":"Blanca S\u00e1nchez","image":{"@type":"ImageObject","inLanguage":"eu","@id":"https:\/\/www.uaga.eus\/#\/schema\/person\/image\/","url":"https:\/\/secure.gravatar.com\/avatar\/0dc91c20648254b1ce84877283f6751b?s=96&d=mm&r=g","contentUrl":"https:\/\/secure.gravatar.com\/avatar\/0dc91c20648254b1ce84877283f6751b?s=96&d=mm&r=g","caption":"Blanca S\u00e1nchez"},"url":"https:\/\/www.uaga.eus\/eu\/author\/bsanchez\/"}]}},"_links":{"self":[{"href":"https:\/\/www.uaga.eus\/eu\/wp-json\/wp\/v2\/posts\/7373"}],"collection":[{"href":"https:\/\/www.uaga.eus\/eu\/wp-json\/wp\/v2\/posts"}],"about":[{"href":"https:\/\/www.uaga.eus\/eu\/wp-json\/wp\/v2\/types\/post"}],"author":[{"embeddable":true,"href":"https:\/\/www.uaga.eus\/eu\/wp-json\/wp\/v2\/users\/4"}],"replies":[{"embeddable":true,"href":"https:\/\/www.uaga.eus\/eu\/wp-json\/wp\/v2\/comments?post=7373"}],"version-history":[{"count":4,"href":"https:\/\/www.uaga.eus\/eu\/wp-json\/wp\/v2\/posts\/7373\/revisions"}],"predecessor-version":[{"id":7392,"href":"https:\/\/www.uaga.eus\/eu\/wp-json\/wp\/v2\/posts\/7373\/revisions\/7392"}],"wp:featuredmedia":[{"embeddable":true,"href":"https:\/\/www.uaga.eus\/eu\/wp-json\/wp\/v2\/media\/2855"}],"wp:attachment":[{"href":"https:\/\/www.uaga.eus\/eu\/wp-json\/wp\/v2\/media?parent=7373"}],"wp:term":[{"taxonomy":"category","embeddable":true,"href":"https:\/\/www.uaga.eus\/eu\/wp-json\/wp\/v2\/categories?post=7373"},{"taxonomy":"post_tag","embeddable":true,"href":"https:\/\/www.uaga.eus\/eu\/wp-json\/wp\/v2\/tags?post=7373"}],"curies":[{"name":"wp","href":"https:\/\/api.w.org\/{rel}","templated":true}]}}