{"id":7366,"date":"2020-05-05T12:07:14","date_gmt":"2020-05-05T12:07:14","guid":{"rendered":"https:\/\/www.uaga.eus\/?p=7366"},"modified":"2020-05-05T12:27:13","modified_gmt":"2020-05-05T12:27:13","slug":"coag-valora-la-propuesta-de-la-comision-europea-para-el-sector-de-la-patata-por-la-crisis-de-la-covid-19","status":"publish","type":"post","link":"https:\/\/www.uaga.eus\/eu\/coag-valora-la-propuesta-de-la-comision-europea-para-el-sector-de-la-patata-por-la-crisis-de-la-covid-19\/","title":{"rendered":"COAG valora la propuesta de la Comisi\u00f3n Europea para el sector de la patata por la crisis de la COVID-19"},"content":{"rendered":"<p><span style=\"font-family: arial, helvetica neue, helvetica, sans-serif;\">La Comisi\u00f3n Europea no ha propuesto medidas de apoyo para el sector de la patata. Solo ha propuesto medidas para que el sector pueda autoorganizarse para paliar este per\u00edodo de grave desequilibrio del mercado, permitiendo acuerdos y decisiones colectivas en el sector por un per\u00edodo de 6 meses.<\/span><\/p>\n<p>El mercado de la patata en la UE corre el riego de una seria perturbaci\u00f3n por los excedentes de patata destinadas a la industria, a causa de las medidas restrictivas adoptadas en esta crisis.<\/p>\n<p>Varias de las medidas que se est\u00e1n adoptando, como son la retirada de producto del mercado para la destrucci\u00f3n ordenada del producto o para su distribuci\u00f3n gratuita a bancos de alimentos o instituciones p\u00fablicas o la transformaci\u00f3n y procesamiento para otros fines tales como alimentaci\u00f3n animal y para metanizaci\u00f3n pueden ser \u00fatiles para que el sector pueda organizar el mercado, aunque, para su mayor eficacia, deber\u00edan poderse tomar de forma individual sin requerir acuerdos colectivos, pero sobre todo es necesario proporcionar apoyo financiero de la UE al m\u00e1rgen de la PAC.<\/p>\n<p>Sin el apoyo financiero de la UE, estas medidas no ayudar\u00e1n al mercado de la patata en las circunstancias actuales. Por el contrario, en alg\u00fan caso plantean un riesgo de distorsi\u00f3n de la competencia si se destinan para su transformaci\u00f3n en f\u00e9cula, o tambi\u00e9n debido a la diferente implementaci\u00f3n de ayudas nacionales que se puedan establecer en los Estados miembros.<\/p>\n<p>Con determinadas medidas como la transferencia de vol\u00famenes de patatas de industria (para fritas) que se puedan destinar a patatas de consumo as\u00ed como la propuesta de crear y encontrar capacidades de almacenamiento y preparar patatas para per\u00edodos de almacenamiento m\u00e1s largos se corre el riesgo de provocar perturbaciones en los mercados y prolongar los efectos negativos en los precios para todo tipo de patatas y productos de patatas en 2020 y 2021.<\/p>\n<p>Finalmente COAG se\u00f1ala que es importante que cualquier medida, ya sea implementada por la UE o en forma de ayuda estatal, no perjudiquen el funcionamiento del mercado interior y no causen distorsiones en el mercado debido a la diferente implementaci\u00f3n en los Estados miembros.<\/p>","protected":false},"excerpt":{"rendered":"<p>La Comisi\u00f3n Europea no ha propuesto medidas de apoyo para el sector de la patata. Solo ha propuesto medidas para que el sector pueda autoorganizarse para paliar este per\u00edodo de grave desequilibrio del mercado, permitiendo acuerdos y decisiones colectivas en el sector por un per\u00edodo de 6 meses. El mercado de la patata en la [&hellip;]<\/p>\n","protected":false},"author":4,"featured_media":7368,"comment_status":"closed","ping_status":"closed","sticky":false,"template":"","format":"standard","meta":{"footnotes":""},"categories":[7,111,4],"tags":[],"yoast_head":"<!-- This site is optimized with the Yoast SEO plugin v21.5 - https:\/\/yoast.com\/wordpress\/plugins\/seo\/ -->\n<title>COAG valora la propuesta de la Comisi\u00f3n Europea para el sector de la patata por la crisis de la COVID-19 - UAGA<\/title>\n<meta name=\"robots\" content=\"index, follow, max-snippet:-1, max-image-preview:large, max-video-preview:-1\" \/>\n<link rel=\"canonical\" href=\"https:\/\/www.uaga.eus\/coag-valora-la-propuesta-de-la-comision-europea-para-el-sector-de-la-patata-por-la-crisis-de-la-covid-19\/\" \/>\n<meta property=\"og:locale\" content=\"en_US\" \/>\n<meta property=\"og:type\" content=\"article\" \/>\n<meta property=\"og:title\" content=\"COAG valora la propuesta de la Comisi\u00f3n Europea para el sector de la patata por la crisis de la COVID-19 - UAGA\" \/>\n<meta property=\"og:description\" content=\"La Comisi\u00f3n Europea no ha propuesto medidas de apoyo para el sector de la patata. Solo ha propuesto medidas para que el sector pueda autoorganizarse para paliar este per\u00edodo de grave desequilibrio del mercado, permitiendo acuerdos y decisiones colectivas en el sector por un per\u00edodo de 6 meses. El mercado de la patata en la [&hellip;]\" \/>\n<meta property=\"og:url\" content=\"https:\/\/www.uaga.eus\/coag-valora-la-propuesta-de-la-comision-europea-para-el-sector-de-la-patata-por-la-crisis-de-la-covid-19\/\" \/>\n<meta property=\"og:site_name\" content=\"UAGA\" \/>\n<meta property=\"article:published_time\" content=\"2020-05-05T12:07:14+00:00\" \/>\n<meta property=\"article:modified_time\" content=\"2020-05-05T12:27:13+00:00\" \/>\n<meta property=\"og:image\" content=\"https:\/\/www.uaga.eus\/wp-content\/uploads\/2020\/05\/monta\u00f1a-de-patatas.jpg\" \/>\n\t<meta property=\"og:image:width\" content=\"650\" \/>\n\t<meta property=\"og:image:height\" content=\"354\" \/>\n\t<meta property=\"og:image:type\" content=\"image\/jpeg\" \/>\n<meta name=\"author\" content=\"Blanca S\u00e1nchez\" \/>\n<meta name=\"twitter:card\" content=\"summary_large_image\" \/>\n<meta name=\"twitter:label1\" content=\"Written by\" \/>\n\t<meta name=\"twitter:data1\" content=\"Blanca S\u00e1nchez\" \/>\n\t<meta name=\"twitter:label2\" content=\"Est. reading time\" \/>\n\t<meta name=\"twitter:data2\" content=\"4 minutua\" \/>\n<script type=\"application\/ld+json\" class=\"yoast-schema-graph\">{\"@context\":\"https:\/\/schema.org\",\"@graph\":[{\"@type\":\"WebPage\",\"@id\":\"https:\/\/www.uaga.eus\/coag-valora-la-propuesta-de-la-comision-europea-para-el-sector-de-la-patata-por-la-crisis-de-la-covid-19\/\",\"url\":\"https:\/\/www.uaga.eus\/coag-valora-la-propuesta-de-la-comision-europea-para-el-sector-de-la-patata-por-la-crisis-de-la-covid-19\/\",\"name\":\"COAG valora la propuesta de la Comisi\u00f3n Europea para el sector de la patata por la crisis de la COVID-19 - UAGA\",\"isPartOf\":{\"@id\":\"https:\/\/www.uaga.eus\/#website\"},\"datePublished\":\"2020-05-05T12:07:14+00:00\",\"dateModified\":\"2020-05-05T12:27:13+00:00\",\"author\":{\"@id\":\"https:\/\/www.uaga.eus\/#\/schema\/person\/48c3cbf0f33d1b788226dbb6518689cf\"},\"breadcrumb\":{\"@id\":\"https:\/\/www.uaga.eus\/coag-valora-la-propuesta-de-la-comision-europea-para-el-sector-de-la-patata-por-la-crisis-de-la-covid-19\/#breadcrumb\"},\"inLanguage\":\"eu\",\"potentialAction\":[{\"@type\":\"ReadAction\",\"target\":[\"https:\/\/www.uaga.eus\/coag-valora-la-propuesta-de-la-comision-europea-para-el-sector-de-la-patata-por-la-crisis-de-la-covid-19\/\"]}]},{\"@type\":\"BreadcrumbList\",\"@id\":\"https:\/\/www.uaga.eus\/coag-valora-la-propuesta-de-la-comision-europea-para-el-sector-de-la-patata-por-la-crisis-de-la-covid-19\/#breadcrumb\",\"itemListElement\":[{\"@type\":\"ListItem\",\"position\":1,\"name\":\"Inicio\",\"item\":\"https:\/\/www.uaga.eus\/\"},{\"@type\":\"ListItem\",\"position\":2,\"name\":\"COAG valora la propuesta de la Comisi\u00f3n Europea para el sector de la patata por la crisis de la COVID-19\"}]},{\"@type\":\"WebSite\",\"@id\":\"https:\/\/www.uaga.eus\/#website\",\"url\":\"https:\/\/www.uaga.eus\/\",\"name\":\"UAGA\",\"description\":\"Uni\u00f3n Agroganadera de \u00c1lava - Araba Nekazarien Elkartea\",\"potentialAction\":[{\"@type\":\"SearchAction\",\"target\":{\"@type\":\"EntryPoint\",\"urlTemplate\":\"https:\/\/www.uaga.eus\/?s={search_term_string}\"},\"query-input\":\"required name=search_term_string\"}],\"inLanguage\":\"eu\"},{\"@type\":\"Person\",\"@id\":\"https:\/\/www.uaga.eus\/#\/schema\/person\/48c3cbf0f33d1b788226dbb6518689cf\",\"name\":\"Blanca S\u00e1nchez\",\"image\":{\"@type\":\"ImageObject\",\"inLanguage\":\"eu\",\"@id\":\"https:\/\/www.uaga.eus\/#\/schema\/person\/image\/\",\"url\":\"https:\/\/secure.gravatar.com\/avatar\/0dc91c20648254b1ce84877283f6751b?s=96&d=mm&r=g\",\"contentUrl\":\"https:\/\/secure.gravatar.com\/avatar\/0dc91c20648254b1ce84877283f6751b?s=96&d=mm&r=g\",\"caption\":\"Blanca S\u00e1nchez\"},\"url\":\"https:\/\/www.uaga.eus\/eu\/author\/bsanchez\/\"}]}<\/script>\n<!-- \/ Yoast SEO plugin. -->","yoast_head_json":{"title":"COAG valora la propuesta de la Comisi\u00f3n Europea para el sector de la patata por la crisis de la COVID-19 - UAGA","robots":{"index":"index","follow":"follow","max-snippet":"max-snippet:-1","max-image-preview":"max-image-preview:large","max-video-preview":"max-video-preview:-1"},"canonical":"https:\/\/www.uaga.eus\/coag-valora-la-propuesta-de-la-comision-europea-para-el-sector-de-la-patata-por-la-crisis-de-la-covid-19\/","og_locale":"en_US","og_type":"article","og_title":"COAG valora la propuesta de la Comisi\u00f3n Europea para el sector de la patata por la crisis de la COVID-19 - UAGA","og_description":"La Comisi\u00f3n Europea no ha propuesto medidas de apoyo para el sector de la patata. Solo ha propuesto medidas para que el sector pueda autoorganizarse para paliar este per\u00edodo de grave desequilibrio del mercado, permitiendo acuerdos y decisiones colectivas en el sector por un per\u00edodo de 6 meses. El mercado de la patata en la [&hellip;]","og_url":"https:\/\/www.uaga.eus\/coag-valora-la-propuesta-de-la-comision-europea-para-el-sector-de-la-patata-por-la-crisis-de-la-covid-19\/","og_site_name":"UAGA","article_published_time":"2020-05-05T12:07:14+00:00","article_modified_time":"2020-05-05T12:27:13+00:00","og_image":[{"width":650,"height":354,"url":"https:\/\/www.uaga.eus\/wp-content\/uploads\/2020\/05\/monta\u00f1a-de-patatas.jpg","type":"image\/jpeg"}],"author":"Blanca S\u00e1nchez","twitter_card":"summary_large_image","twitter_misc":{"Written by":"Blanca S\u00e1nchez","Est. reading time":"4 minutua"},"schema":{"@context":"https:\/\/schema.org","@graph":[{"@type":"WebPage","@id":"https:\/\/www.uaga.eus\/coag-valora-la-propuesta-de-la-comision-europea-para-el-sector-de-la-patata-por-la-crisis-de-la-covid-19\/","url":"https:\/\/www.uaga.eus\/coag-valora-la-propuesta-de-la-comision-europea-para-el-sector-de-la-patata-por-la-crisis-de-la-covid-19\/","name":"COAG valora la propuesta de la Comisi\u00f3n Europea para el sector de la patata por la crisis de la COVID-19 - UAGA","isPartOf":{"@id":"https:\/\/www.uaga.eus\/#website"},"datePublished":"2020-05-05T12:07:14+00:00","dateModified":"2020-05-05T12:27:13+00:00","author":{"@id":"https:\/\/www.uaga.eus\/#\/schema\/person\/48c3cbf0f33d1b788226dbb6518689cf"},"breadcrumb":{"@id":"https:\/\/www.uaga.eus\/coag-valora-la-propuesta-de-la-comision-europea-para-el-sector-de-la-patata-por-la-crisis-de-la-covid-19\/#breadcrumb"},"inLanguage":"eu","potentialAction":[{"@type":"ReadAction","target":["https:\/\/www.uaga.eus\/coag-valora-la-propuesta-de-la-comision-europea-para-el-sector-de-la-patata-por-la-crisis-de-la-covid-19\/"]}]},{"@type":"BreadcrumbList","@id":"https:\/\/www.uaga.eus\/coag-valora-la-propuesta-de-la-comision-europea-para-el-sector-de-la-patata-por-la-crisis-de-la-covid-19\/#breadcrumb","itemListElement":[{"@type":"ListItem","position":1,"name":"Inicio","item":"https:\/\/www.uaga.eus\/"},{"@type":"ListItem","position":2,"name":"COAG valora la propuesta de la Comisi\u00f3n Europea para el sector de la patata por la crisis de la COVID-19"}]},{"@type":"WebSite","@id":"https:\/\/www.uaga.eus\/#website","url":"https:\/\/www.uaga.eus\/","name":"UAGA","description":"Uni\u00f3n Agroganadera de \u00c1lava - Araba Nekazarien Elkartea","potentialAction":[{"@type":"SearchAction","target":{"@type":"EntryPoint","urlTemplate":"https:\/\/www.uaga.eus\/?s={search_term_string}"},"query-input":"required name=search_term_string"}],"inLanguage":"eu"},{"@type":"Person","@id":"https:\/\/www.uaga.eus\/#\/schema\/person\/48c3cbf0f33d1b788226dbb6518689cf","name":"Blanca S\u00e1nchez","image":{"@type":"ImageObject","inLanguage":"eu","@id":"https:\/\/www.uaga.eus\/#\/schema\/person\/image\/","url":"https:\/\/secure.gravatar.com\/avatar\/0dc91c20648254b1ce84877283f6751b?s=96&d=mm&r=g","contentUrl":"https:\/\/secure.gravatar.com\/avatar\/0dc91c20648254b1ce84877283f6751b?s=96&d=mm&r=g","caption":"Blanca S\u00e1nchez"},"url":"https:\/\/www.uaga.eus\/eu\/author\/bsanchez\/"}]}},"_links":{"self":[{"href":"https:\/\/www.uaga.eus\/eu\/wp-json\/wp\/v2\/posts\/7366"}],"collection":[{"href":"https:\/\/www.uaga.eus\/eu\/wp-json\/wp\/v2\/posts"}],"about":[{"href":"https:\/\/www.uaga.eus\/eu\/wp-json\/wp\/v2\/types\/post"}],"author":[{"embeddable":true,"href":"https:\/\/www.uaga.eus\/eu\/wp-json\/wp\/v2\/users\/4"}],"replies":[{"embeddable":true,"href":"https:\/\/www.uaga.eus\/eu\/wp-json\/wp\/v2\/comments?post=7366"}],"version-history":[{"count":6,"href":"https:\/\/www.uaga.eus\/eu\/wp-json\/wp\/v2\/posts\/7366\/revisions"}],"predecessor-version":[{"id":7390,"href":"https:\/\/www.uaga.eus\/eu\/wp-json\/wp\/v2\/posts\/7366\/revisions\/7390"}],"wp:featuredmedia":[{"embeddable":true,"href":"https:\/\/www.uaga.eus\/eu\/wp-json\/wp\/v2\/media\/7368"}],"wp:attachment":[{"href":"https:\/\/www.uaga.eus\/eu\/wp-json\/wp\/v2\/media?parent=7366"}],"wp:term":[{"taxonomy":"category","embeddable":true,"href":"https:\/\/www.uaga.eus\/eu\/wp-json\/wp\/v2\/categories?post=7366"},{"taxonomy":"post_tag","embeddable":true,"href":"https:\/\/www.uaga.eus\/eu\/wp-json\/wp\/v2\/tags?post=7366"}],"curies":[{"name":"wp","href":"https:\/\/api.w.org\/{rel}","templated":true}]}}