{"id":7362,"date":"2020-05-05T12:02:20","date_gmt":"2020-05-05T12:02:20","guid":{"rendered":"https:\/\/www.uaga.eus\/?p=7362"},"modified":"2020-05-05T12:02:20","modified_gmt":"2020-05-05T12:02:20","slug":"actualizacion-del-informe-de-copa-cogeca-sobre-el-impacto-del-covid-19-en-el-sector-agroalimentario-3","status":"publish","type":"post","link":"https:\/\/www.uaga.eus\/eu\/actualizacion-del-informe-de-copa-cogeca-sobre-el-impacto-del-covid-19-en-el-sector-agroalimentario-3\/","title":{"rendered":"Actualizaci\u00f3n del informe de COPA-COGECA sobre el impacto del Covid-19 en el sector agroalimentario"},"content":{"rendered":"<p><span style=\"font-family: arial, helvetica neue, helvetica, sans-serif;\">COPA-COGECA, organizaci\u00f3n representante del sector a nivel europeo y del que forma parte UAGA, a trav\u00e9s de COAG, est\u00e1 realizando un informe semanal para dar a conocer el impacto del Covid-19 en el sector agroalimentario.<\/p>\n<p>El informe de esta semana reitera la complicada situaci\u00f3n de diferentes sectores debido al cierre del canal Horeca. Aunque ya ha habido un primer avance de medidas por parte de la Comisi\u00f3n Europea, se reclaman \u00a0medidas de mercado adicionales financiadas con presupuestos distintos de la PAC, ya que \u00e9sta deber\u00eda utilizarse\u00a0ante todo para las actividades agr\u00edcolas.<\/p>\n<p>Por sectores, el informe destaca el agravamiento de la situaci\u00f3n en el sector del vino, el excedente de patatas de consumo o la ca\u00edda del precio de la cebada y el az\u00facar.<\/p>\n<p>Puedes consultar el informe completo <a href=\"https:\/\/mcusercontent.com\/498b950ccfc4b8d0e600d7e48\/files\/e25b1b97-453a-4434-acf3-1418abb55a4d\/COV_20_2738ES1.pdf\" target=\"_blank\" rel=\"noopener\" data-cke-saved-href=\"https:\/\/mcusercontent.com\/498b950ccfc4b8d0e600d7e48\/files\/e25b1b97-453a-4434-acf3-1418abb55a4d\/COV_20_2738ES1.pdf\">aqu\u00ed<\/a>.<\/span><\/p>\n","protected":false},"excerpt":{"rendered":"<p>COPA-COGECA, organizaci\u00f3n representante del sector a nivel europeo y del que forma parte UAGA, a trav\u00e9s de COAG, est\u00e1 realizando un informe semanal para dar a conocer el impacto del Covid-19 en el sector agroalimentario. El informe de esta semana reitera la complicada situaci\u00f3n de diferentes sectores debido al cierre del canal Horeca. Aunque ya [&hellip;]<\/p>\n","protected":false},"author":4,"featured_media":2783,"comment_status":"closed","ping_status":"closed","sticky":false,"template":"","format":"standard","meta":{"footnotes":""},"categories":[7,12,111,8],"tags":[],"yoast_head":"<!-- This site is optimized with the Yoast SEO plugin v21.5 - https:\/\/yoast.com\/wordpress\/plugins\/seo\/ -->\n<title>Actualizaci\u00f3n del informe de COPA-COGECA sobre el impacto del Covid-19 en el sector agroalimentario - UAGA<\/title>\n<meta name=\"robots\" content=\"index, follow, max-snippet:-1, max-image-preview:large, max-video-preview:-1\" \/>\n<link rel=\"canonical\" href=\"https:\/\/www.uaga.eus\/eu\/actualizacion-del-informe-de-copa-cogeca-sobre-el-impacto-del-covid-19-en-el-sector-agroalimentario-3\/\" \/>\n<meta property=\"og:locale\" content=\"en_US\" \/>\n<meta property=\"og:type\" content=\"article\" \/>\n<meta property=\"og:title\" content=\"Actualizaci\u00f3n del informe de COPA-COGECA sobre el impacto del Covid-19 en el sector agroalimentario - UAGA\" \/>\n<meta property=\"og:description\" content=\"COPA-COGECA, organizaci\u00f3n representante del sector a nivel europeo y del que forma parte UAGA, a trav\u00e9s de COAG, est\u00e1 realizando un informe semanal para dar a conocer el impacto del Covid-19 en el sector agroalimentario. El informe de esta semana reitera la complicada situaci\u00f3n de diferentes sectores debido al cierre del canal Horeca. Aunque ya [&hellip;]\" \/>\n<meta property=\"og:url\" content=\"https:\/\/www.uaga.eus\/eu\/actualizacion-del-informe-de-copa-cogeca-sobre-el-impacto-del-covid-19-en-el-sector-agroalimentario-3\/\" \/>\n<meta property=\"og:site_name\" content=\"UAGA\" \/>\n<meta property=\"article:published_time\" content=\"2020-05-05T12:02:20+00:00\" \/>\n<meta property=\"og:image\" content=\"https:\/\/www.uaga.eus\/wp-content\/uploads\/2018\/05\/cebada.jpg\" \/>\n\t<meta property=\"og:image:width\" content=\"700\" \/>\n\t<meta property=\"og:image:height\" content=\"380\" \/>\n\t<meta property=\"og:image:type\" content=\"image\/jpeg\" \/>\n<meta name=\"author\" content=\"Blanca S\u00e1nchez\" \/>\n<meta name=\"twitter:card\" content=\"summary_large_image\" \/>\n<meta name=\"twitter:label1\" content=\"Written by\" \/>\n\t<meta name=\"twitter:data1\" content=\"Blanca S\u00e1nchez\" \/>\n\t<meta name=\"twitter:label2\" content=\"Est. reading time\" \/>\n\t<meta name=\"twitter:data2\" content=\"1 minutua\" \/>\n<script type=\"application\/ld+json\" class=\"yoast-schema-graph\">{\"@context\":\"https:\/\/schema.org\",\"@graph\":[{\"@type\":\"WebPage\",\"@id\":\"https:\/\/www.uaga.eus\/eu\/actualizacion-del-informe-de-copa-cogeca-sobre-el-impacto-del-covid-19-en-el-sector-agroalimentario-3\/\",\"url\":\"https:\/\/www.uaga.eus\/eu\/actualizacion-del-informe-de-copa-cogeca-sobre-el-impacto-del-covid-19-en-el-sector-agroalimentario-3\/\",\"name\":\"Actualizaci\u00f3n del informe de COPA-COGECA sobre el impacto del Covid-19 en el sector agroalimentario - UAGA\",\"isPartOf\":{\"@id\":\"https:\/\/www.uaga.eus\/#website\"},\"datePublished\":\"2020-05-05T12:02:20+00:00\",\"dateModified\":\"2020-05-05T12:02:20+00:00\",\"author\":{\"@id\":\"https:\/\/www.uaga.eus\/#\/schema\/person\/48c3cbf0f33d1b788226dbb6518689cf\"},\"breadcrumb\":{\"@id\":\"https:\/\/www.uaga.eus\/eu\/actualizacion-del-informe-de-copa-cogeca-sobre-el-impacto-del-covid-19-en-el-sector-agroalimentario-3\/#breadcrumb\"},\"inLanguage\":\"eu\",\"potentialAction\":[{\"@type\":\"ReadAction\",\"target\":[\"https:\/\/www.uaga.eus\/eu\/actualizacion-del-informe-de-copa-cogeca-sobre-el-impacto-del-covid-19-en-el-sector-agroalimentario-3\/\"]}]},{\"@type\":\"BreadcrumbList\",\"@id\":\"https:\/\/www.uaga.eus\/eu\/actualizacion-del-informe-de-copa-cogeca-sobre-el-impacto-del-covid-19-en-el-sector-agroalimentario-3\/#breadcrumb\",\"itemListElement\":[{\"@type\":\"ListItem\",\"position\":1,\"name\":\"Inicio\",\"item\":\"https:\/\/www.uaga.eus\/\"},{\"@type\":\"ListItem\",\"position\":2,\"name\":\"Actualizaci\u00f3n del informe de COPA-COGECA sobre el impacto del Covid-19 en el sector agroalimentario\"}]},{\"@type\":\"WebSite\",\"@id\":\"https:\/\/www.uaga.eus\/#website\",\"url\":\"https:\/\/www.uaga.eus\/\",\"name\":\"UAGA\",\"description\":\"Uni\u00f3n Agroganadera de \u00c1lava - Araba Nekazarien Elkartea\",\"potentialAction\":[{\"@type\":\"SearchAction\",\"target\":{\"@type\":\"EntryPoint\",\"urlTemplate\":\"https:\/\/www.uaga.eus\/?s={search_term_string}\"},\"query-input\":\"required name=search_term_string\"}],\"inLanguage\":\"eu\"},{\"@type\":\"Person\",\"@id\":\"https:\/\/www.uaga.eus\/#\/schema\/person\/48c3cbf0f33d1b788226dbb6518689cf\",\"name\":\"Blanca S\u00e1nchez\",\"image\":{\"@type\":\"ImageObject\",\"inLanguage\":\"eu\",\"@id\":\"https:\/\/www.uaga.eus\/#\/schema\/person\/image\/\",\"url\":\"https:\/\/secure.gravatar.com\/avatar\/0dc91c20648254b1ce84877283f6751b?s=96&d=mm&r=g\",\"contentUrl\":\"https:\/\/secure.gravatar.com\/avatar\/0dc91c20648254b1ce84877283f6751b?s=96&d=mm&r=g\",\"caption\":\"Blanca S\u00e1nchez\"},\"url\":\"https:\/\/www.uaga.eus\/eu\/author\/bsanchez\/\"}]}<\/script>\n<!-- \/ Yoast SEO plugin. -->","yoast_head_json":{"title":"Actualizaci\u00f3n del informe de COPA-COGECA sobre el impacto del Covid-19 en el sector agroalimentario - UAGA","robots":{"index":"index","follow":"follow","max-snippet":"max-snippet:-1","max-image-preview":"max-image-preview:large","max-video-preview":"max-video-preview:-1"},"canonical":"https:\/\/www.uaga.eus\/eu\/actualizacion-del-informe-de-copa-cogeca-sobre-el-impacto-del-covid-19-en-el-sector-agroalimentario-3\/","og_locale":"en_US","og_type":"article","og_title":"Actualizaci\u00f3n del informe de COPA-COGECA sobre el impacto del Covid-19 en el sector agroalimentario - UAGA","og_description":"COPA-COGECA, organizaci\u00f3n representante del sector a nivel europeo y del que forma parte UAGA, a trav\u00e9s de COAG, est\u00e1 realizando un informe semanal para dar a conocer el impacto del Covid-19 en el sector agroalimentario. El informe de esta semana reitera la complicada situaci\u00f3n de diferentes sectores debido al cierre del canal Horeca. Aunque ya [&hellip;]","og_url":"https:\/\/www.uaga.eus\/eu\/actualizacion-del-informe-de-copa-cogeca-sobre-el-impacto-del-covid-19-en-el-sector-agroalimentario-3\/","og_site_name":"UAGA","article_published_time":"2020-05-05T12:02:20+00:00","og_image":[{"width":700,"height":380,"url":"https:\/\/www.uaga.eus\/wp-content\/uploads\/2018\/05\/cebada.jpg","type":"image\/jpeg"}],"author":"Blanca S\u00e1nchez","twitter_card":"summary_large_image","twitter_misc":{"Written by":"Blanca S\u00e1nchez","Est. reading time":"1 minutua"},"schema":{"@context":"https:\/\/schema.org","@graph":[{"@type":"WebPage","@id":"https:\/\/www.uaga.eus\/eu\/actualizacion-del-informe-de-copa-cogeca-sobre-el-impacto-del-covid-19-en-el-sector-agroalimentario-3\/","url":"https:\/\/www.uaga.eus\/eu\/actualizacion-del-informe-de-copa-cogeca-sobre-el-impacto-del-covid-19-en-el-sector-agroalimentario-3\/","name":"Actualizaci\u00f3n del informe de COPA-COGECA sobre el impacto del Covid-19 en el sector agroalimentario - UAGA","isPartOf":{"@id":"https:\/\/www.uaga.eus\/#website"},"datePublished":"2020-05-05T12:02:20+00:00","dateModified":"2020-05-05T12:02:20+00:00","author":{"@id":"https:\/\/www.uaga.eus\/#\/schema\/person\/48c3cbf0f33d1b788226dbb6518689cf"},"breadcrumb":{"@id":"https:\/\/www.uaga.eus\/eu\/actualizacion-del-informe-de-copa-cogeca-sobre-el-impacto-del-covid-19-en-el-sector-agroalimentario-3\/#breadcrumb"},"inLanguage":"eu","potentialAction":[{"@type":"ReadAction","target":["https:\/\/www.uaga.eus\/eu\/actualizacion-del-informe-de-copa-cogeca-sobre-el-impacto-del-covid-19-en-el-sector-agroalimentario-3\/"]}]},{"@type":"BreadcrumbList","@id":"https:\/\/www.uaga.eus\/eu\/actualizacion-del-informe-de-copa-cogeca-sobre-el-impacto-del-covid-19-en-el-sector-agroalimentario-3\/#breadcrumb","itemListElement":[{"@type":"ListItem","position":1,"name":"Inicio","item":"https:\/\/www.uaga.eus\/"},{"@type":"ListItem","position":2,"name":"Actualizaci\u00f3n del informe de COPA-COGECA sobre el impacto del Covid-19 en el sector agroalimentario"}]},{"@type":"WebSite","@id":"https:\/\/www.uaga.eus\/#website","url":"https:\/\/www.uaga.eus\/","name":"UAGA","description":"Uni\u00f3n Agroganadera de \u00c1lava - Araba Nekazarien Elkartea","potentialAction":[{"@type":"SearchAction","target":{"@type":"EntryPoint","urlTemplate":"https:\/\/www.uaga.eus\/?s={search_term_string}"},"query-input":"required name=search_term_string"}],"inLanguage":"eu"},{"@type":"Person","@id":"https:\/\/www.uaga.eus\/#\/schema\/person\/48c3cbf0f33d1b788226dbb6518689cf","name":"Blanca S\u00e1nchez","image":{"@type":"ImageObject","inLanguage":"eu","@id":"https:\/\/www.uaga.eus\/#\/schema\/person\/image\/","url":"https:\/\/secure.gravatar.com\/avatar\/0dc91c20648254b1ce84877283f6751b?s=96&d=mm&r=g","contentUrl":"https:\/\/secure.gravatar.com\/avatar\/0dc91c20648254b1ce84877283f6751b?s=96&d=mm&r=g","caption":"Blanca S\u00e1nchez"},"url":"https:\/\/www.uaga.eus\/eu\/author\/bsanchez\/"}]}},"_links":{"self":[{"href":"https:\/\/www.uaga.eus\/eu\/wp-json\/wp\/v2\/posts\/7362"}],"collection":[{"href":"https:\/\/www.uaga.eus\/eu\/wp-json\/wp\/v2\/posts"}],"about":[{"href":"https:\/\/www.uaga.eus\/eu\/wp-json\/wp\/v2\/types\/post"}],"author":[{"embeddable":true,"href":"https:\/\/www.uaga.eus\/eu\/wp-json\/wp\/v2\/users\/4"}],"replies":[{"embeddable":true,"href":"https:\/\/www.uaga.eus\/eu\/wp-json\/wp\/v2\/comments?post=7362"}],"version-history":[{"count":1,"href":"https:\/\/www.uaga.eus\/eu\/wp-json\/wp\/v2\/posts\/7362\/revisions"}],"predecessor-version":[{"id":7363,"href":"https:\/\/www.uaga.eus\/eu\/wp-json\/wp\/v2\/posts\/7362\/revisions\/7363"}],"wp:featuredmedia":[{"embeddable":true,"href":"https:\/\/www.uaga.eus\/eu\/wp-json\/wp\/v2\/media\/2783"}],"wp:attachment":[{"href":"https:\/\/www.uaga.eus\/eu\/wp-json\/wp\/v2\/media?parent=7362"}],"wp:term":[{"taxonomy":"category","embeddable":true,"href":"https:\/\/www.uaga.eus\/eu\/wp-json\/wp\/v2\/categories?post=7362"},{"taxonomy":"post_tag","embeddable":true,"href":"https:\/\/www.uaga.eus\/eu\/wp-json\/wp\/v2\/tags?post=7362"}],"curies":[{"name":"wp","href":"https:\/\/api.w.org\/{rel}","templated":true}]}}