{"id":7340,"date":"2020-04-30T12:46:32","date_gmt":"2020-04-30T12:46:32","guid":{"rendered":"https:\/\/www.uaga.eus\/?p=7340"},"modified":"2020-04-30T12:46:32","modified_gmt":"2020-04-30T12:46:32","slug":"abierto-el-plazo-de-solicitud-de-ayudas-icms-hasta-el-15-de-junio","status":"publish","type":"post","link":"https:\/\/www.uaga.eus\/eu\/abierto-el-plazo-de-solicitud-de-ayudas-icms-hasta-el-15-de-junio\/","title":{"rendered":"Abierto el plazo de solicitud de ayudas ICMs hasta el 15 de junio"},"content":{"rendered":"<p><span style=\"font-family: arial, helvetica neue, helvetica, sans-serif;\">UAGA informa que se ha publicado el Decreto Foral 10\/2020, por el que se aprueba la convocatoria de 2020 para las ayudas a las explotaciones agrarias en zonas con limitaciones naturales y otras zonas con limitaciones espec\u00edficas de \u00c1lava, en el marco del Programa de Desarrollo Rural del Pa\u00eds Vasco 2015-2020.<\/p>\n<p>Como cambio m\u00e1s significativo, no habr\u00e1 una reducci\u00f3n en las ayudas para las explotaciones asociativas en las que haya miembros que no cumplen con la condici\u00f3n de Agricultor a T\u00edtulo Principal (ATP), ya que no se exigen en el Programa de Desarrollo Rural del Pa\u00eds Vasco 2015-2020.<\/p>\n<p>El plazo de solicitud estar\u00e1 abierto hasta el 15 de junio de 2020, coincidiendo con la ampliaci\u00f3n del plazo de presentaci\u00f3n de la solicitud de ayudas directas y de desarrollo rural.<\/p>\n<p>Para la presentaci\u00f3n de la solicitud de ayuda, contactar con la OCA correspondiente a la ubicaci\u00f3n de la explotaci\u00f3n o en el tel\u00e9fono general de Diputaci\u00f3n: 945 18 18 18.<\/p>\n<p>Puedes acceder a la normativa a trav\u00e9s de este <a href=\"https:\/\/www.araba.eus\/botha\/Boletines\/2020\/046\/2020_046_01014_C.pdf\" target=\"_blank\" rel=\"noopener\" data-cke-saved-href=\"https:\/\/www.araba.eus\/botha\/Boletines\/2020\/046\/2020_046_01014_C.pdf\">enlace<\/a>.<\/span><\/p>\n<div>+info SUGOI: 675 707 696<\/div>\n","protected":false},"excerpt":{"rendered":"<p>UAGA informa que se ha publicado el Decreto Foral 10\/2020, por el que se aprueba la convocatoria de 2020 para las ayudas a las explotaciones agrarias en zonas con limitaciones naturales y otras zonas con limitaciones espec\u00edficas de \u00c1lava, en el marco del Programa de Desarrollo Rural del Pa\u00eds Vasco 2015-2020. Como cambio m\u00e1s significativo, [&hellip;]<\/p>\n","protected":false},"author":4,"featured_media":6016,"comment_status":"closed","ping_status":"closed","sticky":false,"template":"","format":"standard","meta":{"footnotes":""},"categories":[7,37,8,4],"tags":[],"yoast_head":"<!-- This site is optimized with the Yoast SEO plugin v21.5 - https:\/\/yoast.com\/wordpress\/plugins\/seo\/ -->\n<title>Abierto el plazo de solicitud de ayudas ICMs hasta el 15 de junio - UAGA<\/title>\n<meta name=\"robots\" content=\"index, follow, max-snippet:-1, max-image-preview:large, max-video-preview:-1\" \/>\n<link rel=\"canonical\" href=\"https:\/\/www.uaga.eus\/abierto-el-plazo-de-solicitud-de-ayudas-icms-hasta-el-15-de-junio\/\" \/>\n<meta property=\"og:locale\" content=\"en_US\" \/>\n<meta property=\"og:type\" content=\"article\" \/>\n<meta property=\"og:title\" content=\"Abierto el plazo de solicitud de ayudas ICMs hasta el 15 de junio - UAGA\" \/>\n<meta property=\"og:description\" content=\"UAGA informa que se ha publicado el Decreto Foral 10\/2020, por el que se aprueba la convocatoria de 2020 para las ayudas a las explotaciones agrarias en zonas con limitaciones naturales y otras zonas con limitaciones espec\u00edficas de \u00c1lava, en el marco del Programa de Desarrollo Rural del Pa\u00eds Vasco 2015-2020. Como cambio m\u00e1s significativo, [&hellip;]\" \/>\n<meta property=\"og:url\" content=\"https:\/\/www.uaga.eus\/abierto-el-plazo-de-solicitud-de-ayudas-icms-hasta-el-15-de-junio\/\" \/>\n<meta property=\"og:site_name\" content=\"UAGA\" \/>\n<meta property=\"article:published_time\" content=\"2020-04-30T12:46:32+00:00\" \/>\n<meta property=\"og:image\" content=\"https:\/\/www.uaga.eus\/wp-content\/uploads\/2019\/05\/ganadera.jpg\" \/>\n\t<meta property=\"og:image:width\" content=\"650\" \/>\n\t<meta property=\"og:image:height\" content=\"343\" \/>\n\t<meta property=\"og:image:type\" content=\"image\/jpeg\" \/>\n<meta name=\"author\" content=\"Blanca S\u00e1nchez\" \/>\n<meta name=\"twitter:card\" content=\"summary_large_image\" \/>\n<meta name=\"twitter:label1\" content=\"Written by\" \/>\n\t<meta name=\"twitter:data1\" content=\"Blanca S\u00e1nchez\" \/>\n\t<meta name=\"twitter:label2\" content=\"Est. reading time\" \/>\n\t<meta name=\"twitter:data2\" content=\"1 minutua\" \/>\n<script type=\"application\/ld+json\" class=\"yoast-schema-graph\">{\"@context\":\"https:\/\/schema.org\",\"@graph\":[{\"@type\":\"WebPage\",\"@id\":\"https:\/\/www.uaga.eus\/abierto-el-plazo-de-solicitud-de-ayudas-icms-hasta-el-15-de-junio\/\",\"url\":\"https:\/\/www.uaga.eus\/abierto-el-plazo-de-solicitud-de-ayudas-icms-hasta-el-15-de-junio\/\",\"name\":\"Abierto el plazo de solicitud de ayudas ICMs hasta el 15 de junio - UAGA\",\"isPartOf\":{\"@id\":\"https:\/\/www.uaga.eus\/#website\"},\"datePublished\":\"2020-04-30T12:46:32+00:00\",\"dateModified\":\"2020-04-30T12:46:32+00:00\",\"author\":{\"@id\":\"https:\/\/www.uaga.eus\/#\/schema\/person\/48c3cbf0f33d1b788226dbb6518689cf\"},\"breadcrumb\":{\"@id\":\"https:\/\/www.uaga.eus\/abierto-el-plazo-de-solicitud-de-ayudas-icms-hasta-el-15-de-junio\/#breadcrumb\"},\"inLanguage\":\"eu\",\"potentialAction\":[{\"@type\":\"ReadAction\",\"target\":[\"https:\/\/www.uaga.eus\/abierto-el-plazo-de-solicitud-de-ayudas-icms-hasta-el-15-de-junio\/\"]}]},{\"@type\":\"BreadcrumbList\",\"@id\":\"https:\/\/www.uaga.eus\/abierto-el-plazo-de-solicitud-de-ayudas-icms-hasta-el-15-de-junio\/#breadcrumb\",\"itemListElement\":[{\"@type\":\"ListItem\",\"position\":1,\"name\":\"Inicio\",\"item\":\"https:\/\/www.uaga.eus\/\"},{\"@type\":\"ListItem\",\"position\":2,\"name\":\"Abierto el plazo de solicitud de ayudas ICMs hasta el 15 de junio\"}]},{\"@type\":\"WebSite\",\"@id\":\"https:\/\/www.uaga.eus\/#website\",\"url\":\"https:\/\/www.uaga.eus\/\",\"name\":\"UAGA\",\"description\":\"Uni\u00f3n Agroganadera de \u00c1lava - Araba Nekazarien Elkartea\",\"potentialAction\":[{\"@type\":\"SearchAction\",\"target\":{\"@type\":\"EntryPoint\",\"urlTemplate\":\"https:\/\/www.uaga.eus\/?s={search_term_string}\"},\"query-input\":\"required name=search_term_string\"}],\"inLanguage\":\"eu\"},{\"@type\":\"Person\",\"@id\":\"https:\/\/www.uaga.eus\/#\/schema\/person\/48c3cbf0f33d1b788226dbb6518689cf\",\"name\":\"Blanca S\u00e1nchez\",\"image\":{\"@type\":\"ImageObject\",\"inLanguage\":\"eu\",\"@id\":\"https:\/\/www.uaga.eus\/#\/schema\/person\/image\/\",\"url\":\"https:\/\/secure.gravatar.com\/avatar\/0dc91c20648254b1ce84877283f6751b?s=96&d=mm&r=g\",\"contentUrl\":\"https:\/\/secure.gravatar.com\/avatar\/0dc91c20648254b1ce84877283f6751b?s=96&d=mm&r=g\",\"caption\":\"Blanca S\u00e1nchez\"},\"url\":\"https:\/\/www.uaga.eus\/eu\/author\/bsanchez\/\"}]}<\/script>\n<!-- \/ Yoast SEO plugin. -->","yoast_head_json":{"title":"Abierto el plazo de solicitud de ayudas ICMs hasta el 15 de junio - UAGA","robots":{"index":"index","follow":"follow","max-snippet":"max-snippet:-1","max-image-preview":"max-image-preview:large","max-video-preview":"max-video-preview:-1"},"canonical":"https:\/\/www.uaga.eus\/abierto-el-plazo-de-solicitud-de-ayudas-icms-hasta-el-15-de-junio\/","og_locale":"en_US","og_type":"article","og_title":"Abierto el plazo de solicitud de ayudas ICMs hasta el 15 de junio - UAGA","og_description":"UAGA informa que se ha publicado el Decreto Foral 10\/2020, por el que se aprueba la convocatoria de 2020 para las ayudas a las explotaciones agrarias en zonas con limitaciones naturales y otras zonas con limitaciones espec\u00edficas de \u00c1lava, en el marco del Programa de Desarrollo Rural del Pa\u00eds Vasco 2015-2020. Como cambio m\u00e1s significativo, [&hellip;]","og_url":"https:\/\/www.uaga.eus\/abierto-el-plazo-de-solicitud-de-ayudas-icms-hasta-el-15-de-junio\/","og_site_name":"UAGA","article_published_time":"2020-04-30T12:46:32+00:00","og_image":[{"width":650,"height":343,"url":"https:\/\/www.uaga.eus\/wp-content\/uploads\/2019\/05\/ganadera.jpg","type":"image\/jpeg"}],"author":"Blanca S\u00e1nchez","twitter_card":"summary_large_image","twitter_misc":{"Written by":"Blanca S\u00e1nchez","Est. reading time":"1 minutua"},"schema":{"@context":"https:\/\/schema.org","@graph":[{"@type":"WebPage","@id":"https:\/\/www.uaga.eus\/abierto-el-plazo-de-solicitud-de-ayudas-icms-hasta-el-15-de-junio\/","url":"https:\/\/www.uaga.eus\/abierto-el-plazo-de-solicitud-de-ayudas-icms-hasta-el-15-de-junio\/","name":"Abierto el plazo de solicitud de ayudas ICMs hasta el 15 de junio - UAGA","isPartOf":{"@id":"https:\/\/www.uaga.eus\/#website"},"datePublished":"2020-04-30T12:46:32+00:00","dateModified":"2020-04-30T12:46:32+00:00","author":{"@id":"https:\/\/www.uaga.eus\/#\/schema\/person\/48c3cbf0f33d1b788226dbb6518689cf"},"breadcrumb":{"@id":"https:\/\/www.uaga.eus\/abierto-el-plazo-de-solicitud-de-ayudas-icms-hasta-el-15-de-junio\/#breadcrumb"},"inLanguage":"eu","potentialAction":[{"@type":"ReadAction","target":["https:\/\/www.uaga.eus\/abierto-el-plazo-de-solicitud-de-ayudas-icms-hasta-el-15-de-junio\/"]}]},{"@type":"BreadcrumbList","@id":"https:\/\/www.uaga.eus\/abierto-el-plazo-de-solicitud-de-ayudas-icms-hasta-el-15-de-junio\/#breadcrumb","itemListElement":[{"@type":"ListItem","position":1,"name":"Inicio","item":"https:\/\/www.uaga.eus\/"},{"@type":"ListItem","position":2,"name":"Abierto el plazo de solicitud de ayudas ICMs hasta el 15 de junio"}]},{"@type":"WebSite","@id":"https:\/\/www.uaga.eus\/#website","url":"https:\/\/www.uaga.eus\/","name":"UAGA","description":"Uni\u00f3n Agroganadera de \u00c1lava - Araba Nekazarien Elkartea","potentialAction":[{"@type":"SearchAction","target":{"@type":"EntryPoint","urlTemplate":"https:\/\/www.uaga.eus\/?s={search_term_string}"},"query-input":"required name=search_term_string"}],"inLanguage":"eu"},{"@type":"Person","@id":"https:\/\/www.uaga.eus\/#\/schema\/person\/48c3cbf0f33d1b788226dbb6518689cf","name":"Blanca S\u00e1nchez","image":{"@type":"ImageObject","inLanguage":"eu","@id":"https:\/\/www.uaga.eus\/#\/schema\/person\/image\/","url":"https:\/\/secure.gravatar.com\/avatar\/0dc91c20648254b1ce84877283f6751b?s=96&d=mm&r=g","contentUrl":"https:\/\/secure.gravatar.com\/avatar\/0dc91c20648254b1ce84877283f6751b?s=96&d=mm&r=g","caption":"Blanca S\u00e1nchez"},"url":"https:\/\/www.uaga.eus\/eu\/author\/bsanchez\/"}]}},"_links":{"self":[{"href":"https:\/\/www.uaga.eus\/eu\/wp-json\/wp\/v2\/posts\/7340"}],"collection":[{"href":"https:\/\/www.uaga.eus\/eu\/wp-json\/wp\/v2\/posts"}],"about":[{"href":"https:\/\/www.uaga.eus\/eu\/wp-json\/wp\/v2\/types\/post"}],"author":[{"embeddable":true,"href":"https:\/\/www.uaga.eus\/eu\/wp-json\/wp\/v2\/users\/4"}],"replies":[{"embeddable":true,"href":"https:\/\/www.uaga.eus\/eu\/wp-json\/wp\/v2\/comments?post=7340"}],"version-history":[{"count":1,"href":"https:\/\/www.uaga.eus\/eu\/wp-json\/wp\/v2\/posts\/7340\/revisions"}],"predecessor-version":[{"id":7341,"href":"https:\/\/www.uaga.eus\/eu\/wp-json\/wp\/v2\/posts\/7340\/revisions\/7341"}],"wp:featuredmedia":[{"embeddable":true,"href":"https:\/\/www.uaga.eus\/eu\/wp-json\/wp\/v2\/media\/6016"}],"wp:attachment":[{"href":"https:\/\/www.uaga.eus\/eu\/wp-json\/wp\/v2\/media?parent=7340"}],"wp:term":[{"taxonomy":"category","embeddable":true,"href":"https:\/\/www.uaga.eus\/eu\/wp-json\/wp\/v2\/categories?post=7340"},{"taxonomy":"post_tag","embeddable":true,"href":"https:\/\/www.uaga.eus\/eu\/wp-json\/wp\/v2\/tags?post=7340"}],"curies":[{"name":"wp","href":"https:\/\/api.w.org\/{rel}","templated":true}]}}