{"id":7336,"date":"2020-04-30T12:44:01","date_gmt":"2020-04-30T12:44:01","guid":{"rendered":"https:\/\/www.uaga.eus\/?p=7336"},"modified":"2020-04-30T12:44:01","modified_gmt":"2020-04-30T12:44:01","slug":"el-comite-de-agricultura-del-parlamento-europeo-aprueba-un-periodo-transitorio-de-dos-anos-para-la-pac-a-partir-de-2021","status":"publish","type":"post","link":"https:\/\/www.uaga.eus\/eu\/el-comite-de-agricultura-del-parlamento-europeo-aprueba-un-periodo-transitorio-de-dos-anos-para-la-pac-a-partir-de-2021\/","title":{"rendered":"El Comit\u00e9 de Agricultura del Parlamento Europeo aprueba un periodo transitorio de dos a\u00f1os para la PAC a partir de 2021"},"content":{"rendered":"<p><span style=\"font-family: arial, helvetica neue, helvetica, sans-serif;\">Esta semana el Comit\u00e9 de Agricultura del Parlamento Europeo ha aprobado el reglamento del per\u00edodo transitorio de la PAC. Seg\u00fan la nota de prensa que ha emitido, los subsidios agr\u00edcolas de la UE y la financiaci\u00f3n del desarrollo rural continuar\u00e1n un per\u00edodo de transici\u00f3n flexible e ininterrumpido de dos a\u00f1os a partir del 1 de enero de 2021.<\/span><\/p>\n<p>El texto aprobado reitera la oposici\u00f3n del Parlamento a cualquier recorte presupuestario relacionado con la PAC. Los eurodiputados insisten en que la financiaci\u00f3n de la pol\u00edtica agr\u00edcola de la UE-27 debe mantenerse en el nivel 2014-2020 en t\u00e9rminos reales.<\/p>\n<p>Los eurodiputados solicitan financiar la reserva de crisis agr\u00edcola desde fuera del presupuesto de la PAC. Tambi\u00e9n quieren facilitar el acceso a las compensaciones por ca\u00eddas severas de ingresos y por p\u00e9rdidas causadas por eventos clim\u00e1ticos adversos, brotes de enfermedades animales o vegetales o infestaciones de plagas.<\/p>\n<p>El texto aprobado se presentar\u00e1 en mayo al Pleno del Parlamento Europeo para su aprobaci\u00f3n y posteriormente pasar\u00e1 a las negociaciones con el Consejo y la Comisi\u00f3n Europea.<\/p>\n<div>+info SUGOI: 675 707 696<\/div>\n<p><\/p>","protected":false},"excerpt":{"rendered":"<p>Esta semana el Comit\u00e9 de Agricultura del Parlamento Europeo ha aprobado el reglamento del per\u00edodo transitorio de la PAC. Seg\u00fan la nota de prensa que ha emitido, los subsidios agr\u00edcolas de la UE y la financiaci\u00f3n del desarrollo rural continuar\u00e1n un per\u00edodo de transici\u00f3n flexible e ininterrumpido de dos a\u00f1os a partir del 1 de [&hellip;]<\/p>\n","protected":false},"author":4,"featured_media":2755,"comment_status":"closed","ping_status":"closed","sticky":false,"template":"","format":"standard","meta":{"footnotes":""},"categories":[7,8,4],"tags":[],"yoast_head":"<!-- This site is optimized with the Yoast SEO plugin v21.5 - https:\/\/yoast.com\/wordpress\/plugins\/seo\/ -->\n<title>El Comit\u00e9 de Agricultura del Parlamento Europeo aprueba un periodo transitorio de dos a\u00f1os para la PAC a partir de 2021 - UAGA<\/title>\n<meta name=\"robots\" content=\"index, follow, max-snippet:-1, max-image-preview:large, max-video-preview:-1\" \/>\n<link rel=\"canonical\" href=\"https:\/\/www.uaga.eus\/el-comite-de-agricultura-del-parlamento-europeo-aprueba-un-periodo-transitorio-de-dos-anos-para-la-pac-a-partir-de-2021\/\" \/>\n<meta property=\"og:locale\" content=\"en_US\" \/>\n<meta property=\"og:type\" content=\"article\" \/>\n<meta property=\"og:title\" content=\"El Comit\u00e9 de Agricultura del Parlamento Europeo aprueba un periodo transitorio de dos a\u00f1os para la PAC a partir de 2021 - UAGA\" \/>\n<meta property=\"og:description\" content=\"Esta semana el Comit\u00e9 de Agricultura del Parlamento Europeo ha aprobado el reglamento del per\u00edodo transitorio de la PAC. Seg\u00fan la nota de prensa que ha emitido, los subsidios agr\u00edcolas de la UE y la financiaci\u00f3n del desarrollo rural continuar\u00e1n un per\u00edodo de transici\u00f3n flexible e ininterrumpido de dos a\u00f1os a partir del 1 de [&hellip;]\" \/>\n<meta property=\"og:url\" content=\"https:\/\/www.uaga.eus\/el-comite-de-agricultura-del-parlamento-europeo-aprueba-un-periodo-transitorio-de-dos-anos-para-la-pac-a-partir-de-2021\/\" \/>\n<meta property=\"og:site_name\" content=\"UAGA\" \/>\n<meta property=\"article:published_time\" content=\"2020-04-30T12:44:01+00:00\" \/>\n<meta property=\"og:image\" content=\"https:\/\/www.uaga.eus\/wp-content\/uploads\/2018\/05\/colza.jpg\" \/>\n\t<meta property=\"og:image:width\" content=\"650\" \/>\n\t<meta property=\"og:image:height\" content=\"330\" \/>\n\t<meta property=\"og:image:type\" content=\"image\/jpeg\" \/>\n<meta name=\"author\" content=\"Blanca S\u00e1nchez\" \/>\n<meta name=\"twitter:card\" content=\"summary_large_image\" \/>\n<meta name=\"twitter:label1\" content=\"Written by\" \/>\n\t<meta name=\"twitter:data1\" content=\"Blanca S\u00e1nchez\" \/>\n\t<meta name=\"twitter:label2\" content=\"Est. reading time\" \/>\n\t<meta name=\"twitter:data2\" content=\"2 minutua\" \/>\n<script type=\"application\/ld+json\" class=\"yoast-schema-graph\">{\"@context\":\"https:\/\/schema.org\",\"@graph\":[{\"@type\":\"WebPage\",\"@id\":\"https:\/\/www.uaga.eus\/el-comite-de-agricultura-del-parlamento-europeo-aprueba-un-periodo-transitorio-de-dos-anos-para-la-pac-a-partir-de-2021\/\",\"url\":\"https:\/\/www.uaga.eus\/el-comite-de-agricultura-del-parlamento-europeo-aprueba-un-periodo-transitorio-de-dos-anos-para-la-pac-a-partir-de-2021\/\",\"name\":\"El Comit\u00e9 de Agricultura del Parlamento Europeo aprueba un periodo transitorio de dos a\u00f1os para la PAC a partir de 2021 - UAGA\",\"isPartOf\":{\"@id\":\"https:\/\/www.uaga.eus\/#website\"},\"datePublished\":\"2020-04-30T12:44:01+00:00\",\"dateModified\":\"2020-04-30T12:44:01+00:00\",\"author\":{\"@id\":\"https:\/\/www.uaga.eus\/#\/schema\/person\/48c3cbf0f33d1b788226dbb6518689cf\"},\"breadcrumb\":{\"@id\":\"https:\/\/www.uaga.eus\/el-comite-de-agricultura-del-parlamento-europeo-aprueba-un-periodo-transitorio-de-dos-anos-para-la-pac-a-partir-de-2021\/#breadcrumb\"},\"inLanguage\":\"eu\",\"potentialAction\":[{\"@type\":\"ReadAction\",\"target\":[\"https:\/\/www.uaga.eus\/el-comite-de-agricultura-del-parlamento-europeo-aprueba-un-periodo-transitorio-de-dos-anos-para-la-pac-a-partir-de-2021\/\"]}]},{\"@type\":\"BreadcrumbList\",\"@id\":\"https:\/\/www.uaga.eus\/el-comite-de-agricultura-del-parlamento-europeo-aprueba-un-periodo-transitorio-de-dos-anos-para-la-pac-a-partir-de-2021\/#breadcrumb\",\"itemListElement\":[{\"@type\":\"ListItem\",\"position\":1,\"name\":\"Inicio\",\"item\":\"https:\/\/www.uaga.eus\/\"},{\"@type\":\"ListItem\",\"position\":2,\"name\":\"El Comit\u00e9 de Agricultura del Parlamento Europeo aprueba un periodo transitorio de dos a\u00f1os para la PAC a partir de 2021\"}]},{\"@type\":\"WebSite\",\"@id\":\"https:\/\/www.uaga.eus\/#website\",\"url\":\"https:\/\/www.uaga.eus\/\",\"name\":\"UAGA\",\"description\":\"Uni\u00f3n Agroganadera de \u00c1lava - Araba Nekazarien Elkartea\",\"potentialAction\":[{\"@type\":\"SearchAction\",\"target\":{\"@type\":\"EntryPoint\",\"urlTemplate\":\"https:\/\/www.uaga.eus\/?s={search_term_string}\"},\"query-input\":\"required name=search_term_string\"}],\"inLanguage\":\"eu\"},{\"@type\":\"Person\",\"@id\":\"https:\/\/www.uaga.eus\/#\/schema\/person\/48c3cbf0f33d1b788226dbb6518689cf\",\"name\":\"Blanca S\u00e1nchez\",\"image\":{\"@type\":\"ImageObject\",\"inLanguage\":\"eu\",\"@id\":\"https:\/\/www.uaga.eus\/#\/schema\/person\/image\/\",\"url\":\"https:\/\/secure.gravatar.com\/avatar\/0dc91c20648254b1ce84877283f6751b?s=96&d=mm&r=g\",\"contentUrl\":\"https:\/\/secure.gravatar.com\/avatar\/0dc91c20648254b1ce84877283f6751b?s=96&d=mm&r=g\",\"caption\":\"Blanca S\u00e1nchez\"},\"url\":\"https:\/\/www.uaga.eus\/eu\/author\/bsanchez\/\"}]}<\/script>\n<!-- \/ Yoast SEO plugin. -->","yoast_head_json":{"title":"El Comit\u00e9 de Agricultura del Parlamento Europeo aprueba un periodo transitorio de dos a\u00f1os para la PAC a partir de 2021 - UAGA","robots":{"index":"index","follow":"follow","max-snippet":"max-snippet:-1","max-image-preview":"max-image-preview:large","max-video-preview":"max-video-preview:-1"},"canonical":"https:\/\/www.uaga.eus\/el-comite-de-agricultura-del-parlamento-europeo-aprueba-un-periodo-transitorio-de-dos-anos-para-la-pac-a-partir-de-2021\/","og_locale":"en_US","og_type":"article","og_title":"El Comit\u00e9 de Agricultura del Parlamento Europeo aprueba un periodo transitorio de dos a\u00f1os para la PAC a partir de 2021 - UAGA","og_description":"Esta semana el Comit\u00e9 de Agricultura del Parlamento Europeo ha aprobado el reglamento del per\u00edodo transitorio de la PAC. Seg\u00fan la nota de prensa que ha emitido, los subsidios agr\u00edcolas de la UE y la financiaci\u00f3n del desarrollo rural continuar\u00e1n un per\u00edodo de transici\u00f3n flexible e ininterrumpido de dos a\u00f1os a partir del 1 de [&hellip;]","og_url":"https:\/\/www.uaga.eus\/el-comite-de-agricultura-del-parlamento-europeo-aprueba-un-periodo-transitorio-de-dos-anos-para-la-pac-a-partir-de-2021\/","og_site_name":"UAGA","article_published_time":"2020-04-30T12:44:01+00:00","og_image":[{"width":650,"height":330,"url":"https:\/\/www.uaga.eus\/wp-content\/uploads\/2018\/05\/colza.jpg","type":"image\/jpeg"}],"author":"Blanca S\u00e1nchez","twitter_card":"summary_large_image","twitter_misc":{"Written by":"Blanca S\u00e1nchez","Est. reading time":"2 minutua"},"schema":{"@context":"https:\/\/schema.org","@graph":[{"@type":"WebPage","@id":"https:\/\/www.uaga.eus\/el-comite-de-agricultura-del-parlamento-europeo-aprueba-un-periodo-transitorio-de-dos-anos-para-la-pac-a-partir-de-2021\/","url":"https:\/\/www.uaga.eus\/el-comite-de-agricultura-del-parlamento-europeo-aprueba-un-periodo-transitorio-de-dos-anos-para-la-pac-a-partir-de-2021\/","name":"El Comit\u00e9 de Agricultura del Parlamento Europeo aprueba un periodo transitorio de dos a\u00f1os para la PAC a partir de 2021 - UAGA","isPartOf":{"@id":"https:\/\/www.uaga.eus\/#website"},"datePublished":"2020-04-30T12:44:01+00:00","dateModified":"2020-04-30T12:44:01+00:00","author":{"@id":"https:\/\/www.uaga.eus\/#\/schema\/person\/48c3cbf0f33d1b788226dbb6518689cf"},"breadcrumb":{"@id":"https:\/\/www.uaga.eus\/el-comite-de-agricultura-del-parlamento-europeo-aprueba-un-periodo-transitorio-de-dos-anos-para-la-pac-a-partir-de-2021\/#breadcrumb"},"inLanguage":"eu","potentialAction":[{"@type":"ReadAction","target":["https:\/\/www.uaga.eus\/el-comite-de-agricultura-del-parlamento-europeo-aprueba-un-periodo-transitorio-de-dos-anos-para-la-pac-a-partir-de-2021\/"]}]},{"@type":"BreadcrumbList","@id":"https:\/\/www.uaga.eus\/el-comite-de-agricultura-del-parlamento-europeo-aprueba-un-periodo-transitorio-de-dos-anos-para-la-pac-a-partir-de-2021\/#breadcrumb","itemListElement":[{"@type":"ListItem","position":1,"name":"Inicio","item":"https:\/\/www.uaga.eus\/"},{"@type":"ListItem","position":2,"name":"El Comit\u00e9 de Agricultura del Parlamento Europeo aprueba un periodo transitorio de dos a\u00f1os para la PAC a partir de 2021"}]},{"@type":"WebSite","@id":"https:\/\/www.uaga.eus\/#website","url":"https:\/\/www.uaga.eus\/","name":"UAGA","description":"Uni\u00f3n Agroganadera de \u00c1lava - Araba Nekazarien Elkartea","potentialAction":[{"@type":"SearchAction","target":{"@type":"EntryPoint","urlTemplate":"https:\/\/www.uaga.eus\/?s={search_term_string}"},"query-input":"required name=search_term_string"}],"inLanguage":"eu"},{"@type":"Person","@id":"https:\/\/www.uaga.eus\/#\/schema\/person\/48c3cbf0f33d1b788226dbb6518689cf","name":"Blanca S\u00e1nchez","image":{"@type":"ImageObject","inLanguage":"eu","@id":"https:\/\/www.uaga.eus\/#\/schema\/person\/image\/","url":"https:\/\/secure.gravatar.com\/avatar\/0dc91c20648254b1ce84877283f6751b?s=96&d=mm&r=g","contentUrl":"https:\/\/secure.gravatar.com\/avatar\/0dc91c20648254b1ce84877283f6751b?s=96&d=mm&r=g","caption":"Blanca S\u00e1nchez"},"url":"https:\/\/www.uaga.eus\/eu\/author\/bsanchez\/"}]}},"_links":{"self":[{"href":"https:\/\/www.uaga.eus\/eu\/wp-json\/wp\/v2\/posts\/7336"}],"collection":[{"href":"https:\/\/www.uaga.eus\/eu\/wp-json\/wp\/v2\/posts"}],"about":[{"href":"https:\/\/www.uaga.eus\/eu\/wp-json\/wp\/v2\/types\/post"}],"author":[{"embeddable":true,"href":"https:\/\/www.uaga.eus\/eu\/wp-json\/wp\/v2\/users\/4"}],"replies":[{"embeddable":true,"href":"https:\/\/www.uaga.eus\/eu\/wp-json\/wp\/v2\/comments?post=7336"}],"version-history":[{"count":1,"href":"https:\/\/www.uaga.eus\/eu\/wp-json\/wp\/v2\/posts\/7336\/revisions"}],"predecessor-version":[{"id":7337,"href":"https:\/\/www.uaga.eus\/eu\/wp-json\/wp\/v2\/posts\/7336\/revisions\/7337"}],"wp:featuredmedia":[{"embeddable":true,"href":"https:\/\/www.uaga.eus\/eu\/wp-json\/wp\/v2\/media\/2755"}],"wp:attachment":[{"href":"https:\/\/www.uaga.eus\/eu\/wp-json\/wp\/v2\/media?parent=7336"}],"wp:term":[{"taxonomy":"category","embeddable":true,"href":"https:\/\/www.uaga.eus\/eu\/wp-json\/wp\/v2\/categories?post=7336"},{"taxonomy":"post_tag","embeddable":true,"href":"https:\/\/www.uaga.eus\/eu\/wp-json\/wp\/v2\/tags?post=7336"}],"curies":[{"name":"wp","href":"https:\/\/api.w.org\/{rel}","templated":true}]}}