{"id":7330,"date":"2020-04-30T12:39:11","date_gmt":"2020-04-30T12:39:11","guid":{"rendered":"https:\/\/www.uaga.eus\/?p=7330"},"modified":"2020-04-30T12:39:11","modified_gmt":"2020-04-30T12:39:11","slug":"la-interprofesional-del-vino-de-espana-oive-solicita-medidas-extraordinarias-para-paliar-la-crisis-en-el-sector","status":"publish","type":"post","link":"https:\/\/www.uaga.eus\/eu\/la-interprofesional-del-vino-de-espana-oive-solicita-medidas-extraordinarias-para-paliar-la-crisis-en-el-sector\/","title":{"rendered":"La Interprofesional del Vino de Espa\u00f1a (OIVE) solicita medidas extraordinarias para paliar la crisis en el sector"},"content":{"rendered":"<p><span style=\"font-family: arial, helvetica neue, helvetica, sans-serif;\">La Organizaci\u00f3n Interprofesional del Vino de Espa\u00f1a (OIVE) ha enviado una carta al ministro de Agricultura, Pesca y Alimentaci\u00f3n, Luis Planas, solicitando un paquete de medidas extraordinarias para paliar el impacto que la crisis del coronavirus est\u00e1 provocando en el sector vitivin\u00edcola.<\/span><\/p>\n<p>Se contemplan tres l\u00edneas de medidas:<\/p>\n<ul>\n<li><span style=\"font-family: arial, helvetica neue, helvetica, sans-serif;\">La destilaci\u00f3n de crisis de car\u00e1cter voluntario y a nivel europeo donde el producto deber\u00e1 destinarse exclusivamente a usos industriales con especial prioridad en la producci\u00f3n de desinfectantes con base de alcohol.<\/span><\/li>\n<li><span style=\"font-family: arial, helvetica neue, helvetica, sans-serif;\">El almacenamiento privado temporal cuya comercializaci\u00f3n pueda ser aplazada sin sobrecargar los mercados.<\/span><\/li>\n<li><span style=\"font-family: arial, helvetica neue, helvetica, sans-serif;\">La cosecha en verde, con reformas sustanciales en el actual marco legal, donde los rendimientos no tengan que reducirse a cero para las parcelas afectadas.<\/span><\/li>\n<\/ul>\n<p><span style=\"font-family: arial, helvetica neue, helvetica, sans-serif;\">Para llevar estas actuaciones a cabo, la OIVE solicita habilitar de manera urgente un presupuesto extraordinario de la Uni\u00f3n Europea con la posibilidad de poder complementarse con fondos nacionales adicionales.<\/span><\/p>\n<p>Puedes consultar la nota de prensa completa <a href=\"https:\/\/www.interprofesionaldelvino.es\/2020\/04\/23\/el-sector-vitivin%C3%ADcola-solicita-al-ministerio-de-agricultura-medidas-excepcionales-para-reducir-el-impacto-del-covid-19\/\" target=\"_blank\" rel=\"noopener\" data-cke-saved-href=\"https:\/\/www.interprofesionaldelvino.es\/2020\/04\/23\/el-sector-vitivin%C3%ADcola-solicita-al-ministerio-de-agricultura-medidas-excepcionales-para-reducir-el-impacto-del-covid-19\/\">aqu\u00ed<\/a>.<\/p>\n","protected":false},"excerpt":{"rendered":"<p>La Organizaci\u00f3n Interprofesional del Vino de Espa\u00f1a (OIVE) ha enviado una carta al ministro de Agricultura, Pesca y Alimentaci\u00f3n, Luis Planas, solicitando un paquete de medidas extraordinarias para paliar el impacto que la crisis del coronavirus est\u00e1 provocando en el sector vitivin\u00edcola. Se contemplan tres l\u00edneas de medidas: La destilaci\u00f3n de crisis de car\u00e1cter voluntario [&hellip;]<\/p>\n","protected":false},"author":4,"featured_media":1152,"comment_status":"closed","ping_status":"closed","sticky":false,"template":"","format":"standard","meta":{"footnotes":""},"categories":[7,12,111],"tags":[],"yoast_head":"<!-- This site is optimized with the Yoast SEO plugin v21.5 - https:\/\/yoast.com\/wordpress\/plugins\/seo\/ -->\n<title>La Interprofesional del Vino de Espa\u00f1a (OIVE) solicita medidas extraordinarias para paliar la crisis en el sector - UAGA<\/title>\n<meta name=\"robots\" content=\"index, follow, max-snippet:-1, max-image-preview:large, max-video-preview:-1\" \/>\n<link rel=\"canonical\" href=\"https:\/\/www.uaga.eus\/la-interprofesional-del-vino-de-espana-oive-solicita-medidas-extraordinarias-para-paliar-la-crisis-en-el-sector\/\" \/>\n<meta property=\"og:locale\" content=\"en_US\" \/>\n<meta property=\"og:type\" content=\"article\" \/>\n<meta property=\"og:title\" content=\"La Interprofesional del Vino de Espa\u00f1a (OIVE) solicita medidas extraordinarias para paliar la crisis en el sector - UAGA\" \/>\n<meta property=\"og:description\" content=\"La Organizaci\u00f3n Interprofesional del Vino de Espa\u00f1a (OIVE) ha enviado una carta al ministro de Agricultura, Pesca y Alimentaci\u00f3n, Luis Planas, solicitando un paquete de medidas extraordinarias para paliar el impacto que la crisis del coronavirus est\u00e1 provocando en el sector vitivin\u00edcola. Se contemplan tres l\u00edneas de medidas: La destilaci\u00f3n de crisis de car\u00e1cter voluntario [&hellip;]\" \/>\n<meta property=\"og:url\" content=\"https:\/\/www.uaga.eus\/la-interprofesional-del-vino-de-espana-oive-solicita-medidas-extraordinarias-para-paliar-la-crisis-en-el-sector\/\" \/>\n<meta property=\"og:site_name\" content=\"UAGA\" \/>\n<meta property=\"article:published_time\" content=\"2020-04-30T12:39:11+00:00\" \/>\n<meta property=\"og:image\" content=\"https:\/\/www.uaga.eus\/wp-content\/uploads\/2018\/01\/interprofesional-vino-estatal.jpg\" \/>\n\t<meta property=\"og:image:width\" content=\"740\" \/>\n\t<meta property=\"og:image:height\" content=\"400\" \/>\n\t<meta property=\"og:image:type\" content=\"image\/jpeg\" \/>\n<meta name=\"author\" content=\"Blanca S\u00e1nchez\" \/>\n<meta name=\"twitter:card\" content=\"summary_large_image\" \/>\n<meta name=\"twitter:label1\" content=\"Written by\" \/>\n\t<meta name=\"twitter:data1\" content=\"Blanca S\u00e1nchez\" \/>\n\t<meta name=\"twitter:label2\" content=\"Est. reading time\" \/>\n\t<meta name=\"twitter:data2\" content=\"1 minutua\" \/>\n<script type=\"application\/ld+json\" class=\"yoast-schema-graph\">{\"@context\":\"https:\/\/schema.org\",\"@graph\":[{\"@type\":\"WebPage\",\"@id\":\"https:\/\/www.uaga.eus\/la-interprofesional-del-vino-de-espana-oive-solicita-medidas-extraordinarias-para-paliar-la-crisis-en-el-sector\/\",\"url\":\"https:\/\/www.uaga.eus\/la-interprofesional-del-vino-de-espana-oive-solicita-medidas-extraordinarias-para-paliar-la-crisis-en-el-sector\/\",\"name\":\"La Interprofesional del Vino de Espa\u00f1a (OIVE) solicita medidas extraordinarias para paliar la crisis en el sector - UAGA\",\"isPartOf\":{\"@id\":\"https:\/\/www.uaga.eus\/#website\"},\"datePublished\":\"2020-04-30T12:39:11+00:00\",\"dateModified\":\"2020-04-30T12:39:11+00:00\",\"author\":{\"@id\":\"https:\/\/www.uaga.eus\/#\/schema\/person\/48c3cbf0f33d1b788226dbb6518689cf\"},\"breadcrumb\":{\"@id\":\"https:\/\/www.uaga.eus\/la-interprofesional-del-vino-de-espana-oive-solicita-medidas-extraordinarias-para-paliar-la-crisis-en-el-sector\/#breadcrumb\"},\"inLanguage\":\"eu\",\"potentialAction\":[{\"@type\":\"ReadAction\",\"target\":[\"https:\/\/www.uaga.eus\/la-interprofesional-del-vino-de-espana-oive-solicita-medidas-extraordinarias-para-paliar-la-crisis-en-el-sector\/\"]}]},{\"@type\":\"BreadcrumbList\",\"@id\":\"https:\/\/www.uaga.eus\/la-interprofesional-del-vino-de-espana-oive-solicita-medidas-extraordinarias-para-paliar-la-crisis-en-el-sector\/#breadcrumb\",\"itemListElement\":[{\"@type\":\"ListItem\",\"position\":1,\"name\":\"Inicio\",\"item\":\"https:\/\/www.uaga.eus\/\"},{\"@type\":\"ListItem\",\"position\":2,\"name\":\"La Interprofesional del Vino de Espa\u00f1a (OIVE) solicita medidas extraordinarias para paliar la crisis en el sector\"}]},{\"@type\":\"WebSite\",\"@id\":\"https:\/\/www.uaga.eus\/#website\",\"url\":\"https:\/\/www.uaga.eus\/\",\"name\":\"UAGA\",\"description\":\"Uni\u00f3n Agroganadera de \u00c1lava - Araba Nekazarien Elkartea\",\"potentialAction\":[{\"@type\":\"SearchAction\",\"target\":{\"@type\":\"EntryPoint\",\"urlTemplate\":\"https:\/\/www.uaga.eus\/?s={search_term_string}\"},\"query-input\":\"required name=search_term_string\"}],\"inLanguage\":\"eu\"},{\"@type\":\"Person\",\"@id\":\"https:\/\/www.uaga.eus\/#\/schema\/person\/48c3cbf0f33d1b788226dbb6518689cf\",\"name\":\"Blanca S\u00e1nchez\",\"image\":{\"@type\":\"ImageObject\",\"inLanguage\":\"eu\",\"@id\":\"https:\/\/www.uaga.eus\/#\/schema\/person\/image\/\",\"url\":\"https:\/\/secure.gravatar.com\/avatar\/0dc91c20648254b1ce84877283f6751b?s=96&d=mm&r=g\",\"contentUrl\":\"https:\/\/secure.gravatar.com\/avatar\/0dc91c20648254b1ce84877283f6751b?s=96&d=mm&r=g\",\"caption\":\"Blanca S\u00e1nchez\"},\"url\":\"https:\/\/www.uaga.eus\/eu\/author\/bsanchez\/\"}]}<\/script>\n<!-- \/ Yoast SEO plugin. -->","yoast_head_json":{"title":"La Interprofesional del Vino de Espa\u00f1a (OIVE) solicita medidas extraordinarias para paliar la crisis en el sector - UAGA","robots":{"index":"index","follow":"follow","max-snippet":"max-snippet:-1","max-image-preview":"max-image-preview:large","max-video-preview":"max-video-preview:-1"},"canonical":"https:\/\/www.uaga.eus\/la-interprofesional-del-vino-de-espana-oive-solicita-medidas-extraordinarias-para-paliar-la-crisis-en-el-sector\/","og_locale":"en_US","og_type":"article","og_title":"La Interprofesional del Vino de Espa\u00f1a (OIVE) solicita medidas extraordinarias para paliar la crisis en el sector - UAGA","og_description":"La Organizaci\u00f3n Interprofesional del Vino de Espa\u00f1a (OIVE) ha enviado una carta al ministro de Agricultura, Pesca y Alimentaci\u00f3n, Luis Planas, solicitando un paquete de medidas extraordinarias para paliar el impacto que la crisis del coronavirus est\u00e1 provocando en el sector vitivin\u00edcola. Se contemplan tres l\u00edneas de medidas: La destilaci\u00f3n de crisis de car\u00e1cter voluntario [&hellip;]","og_url":"https:\/\/www.uaga.eus\/la-interprofesional-del-vino-de-espana-oive-solicita-medidas-extraordinarias-para-paliar-la-crisis-en-el-sector\/","og_site_name":"UAGA","article_published_time":"2020-04-30T12:39:11+00:00","og_image":[{"width":740,"height":400,"url":"https:\/\/www.uaga.eus\/wp-content\/uploads\/2018\/01\/interprofesional-vino-estatal.jpg","type":"image\/jpeg"}],"author":"Blanca S\u00e1nchez","twitter_card":"summary_large_image","twitter_misc":{"Written by":"Blanca S\u00e1nchez","Est. reading time":"1 minutua"},"schema":{"@context":"https:\/\/schema.org","@graph":[{"@type":"WebPage","@id":"https:\/\/www.uaga.eus\/la-interprofesional-del-vino-de-espana-oive-solicita-medidas-extraordinarias-para-paliar-la-crisis-en-el-sector\/","url":"https:\/\/www.uaga.eus\/la-interprofesional-del-vino-de-espana-oive-solicita-medidas-extraordinarias-para-paliar-la-crisis-en-el-sector\/","name":"La Interprofesional del Vino de Espa\u00f1a (OIVE) solicita medidas extraordinarias para paliar la crisis en el sector - UAGA","isPartOf":{"@id":"https:\/\/www.uaga.eus\/#website"},"datePublished":"2020-04-30T12:39:11+00:00","dateModified":"2020-04-30T12:39:11+00:00","author":{"@id":"https:\/\/www.uaga.eus\/#\/schema\/person\/48c3cbf0f33d1b788226dbb6518689cf"},"breadcrumb":{"@id":"https:\/\/www.uaga.eus\/la-interprofesional-del-vino-de-espana-oive-solicita-medidas-extraordinarias-para-paliar-la-crisis-en-el-sector\/#breadcrumb"},"inLanguage":"eu","potentialAction":[{"@type":"ReadAction","target":["https:\/\/www.uaga.eus\/la-interprofesional-del-vino-de-espana-oive-solicita-medidas-extraordinarias-para-paliar-la-crisis-en-el-sector\/"]}]},{"@type":"BreadcrumbList","@id":"https:\/\/www.uaga.eus\/la-interprofesional-del-vino-de-espana-oive-solicita-medidas-extraordinarias-para-paliar-la-crisis-en-el-sector\/#breadcrumb","itemListElement":[{"@type":"ListItem","position":1,"name":"Inicio","item":"https:\/\/www.uaga.eus\/"},{"@type":"ListItem","position":2,"name":"La Interprofesional del Vino de Espa\u00f1a (OIVE) solicita medidas extraordinarias para paliar la crisis en el sector"}]},{"@type":"WebSite","@id":"https:\/\/www.uaga.eus\/#website","url":"https:\/\/www.uaga.eus\/","name":"UAGA","description":"Uni\u00f3n Agroganadera de \u00c1lava - Araba Nekazarien Elkartea","potentialAction":[{"@type":"SearchAction","target":{"@type":"EntryPoint","urlTemplate":"https:\/\/www.uaga.eus\/?s={search_term_string}"},"query-input":"required name=search_term_string"}],"inLanguage":"eu"},{"@type":"Person","@id":"https:\/\/www.uaga.eus\/#\/schema\/person\/48c3cbf0f33d1b788226dbb6518689cf","name":"Blanca S\u00e1nchez","image":{"@type":"ImageObject","inLanguage":"eu","@id":"https:\/\/www.uaga.eus\/#\/schema\/person\/image\/","url":"https:\/\/secure.gravatar.com\/avatar\/0dc91c20648254b1ce84877283f6751b?s=96&d=mm&r=g","contentUrl":"https:\/\/secure.gravatar.com\/avatar\/0dc91c20648254b1ce84877283f6751b?s=96&d=mm&r=g","caption":"Blanca S\u00e1nchez"},"url":"https:\/\/www.uaga.eus\/eu\/author\/bsanchez\/"}]}},"_links":{"self":[{"href":"https:\/\/www.uaga.eus\/eu\/wp-json\/wp\/v2\/posts\/7330"}],"collection":[{"href":"https:\/\/www.uaga.eus\/eu\/wp-json\/wp\/v2\/posts"}],"about":[{"href":"https:\/\/www.uaga.eus\/eu\/wp-json\/wp\/v2\/types\/post"}],"author":[{"embeddable":true,"href":"https:\/\/www.uaga.eus\/eu\/wp-json\/wp\/v2\/users\/4"}],"replies":[{"embeddable":true,"href":"https:\/\/www.uaga.eus\/eu\/wp-json\/wp\/v2\/comments?post=7330"}],"version-history":[{"count":1,"href":"https:\/\/www.uaga.eus\/eu\/wp-json\/wp\/v2\/posts\/7330\/revisions"}],"predecessor-version":[{"id":7331,"href":"https:\/\/www.uaga.eus\/eu\/wp-json\/wp\/v2\/posts\/7330\/revisions\/7331"}],"wp:featuredmedia":[{"embeddable":true,"href":"https:\/\/www.uaga.eus\/eu\/wp-json\/wp\/v2\/media\/1152"}],"wp:attachment":[{"href":"https:\/\/www.uaga.eus\/eu\/wp-json\/wp\/v2\/media?parent=7330"}],"wp:term":[{"taxonomy":"category","embeddable":true,"href":"https:\/\/www.uaga.eus\/eu\/wp-json\/wp\/v2\/categories?post=7330"},{"taxonomy":"post_tag","embeddable":true,"href":"https:\/\/www.uaga.eus\/eu\/wp-json\/wp\/v2\/tags?post=7330"}],"curies":[{"name":"wp","href":"https:\/\/api.w.org\/{rel}","templated":true}]}}