{"id":7292,"date":"2020-04-24T13:27:20","date_gmt":"2020-04-24T13:27:20","guid":{"rendered":"https:\/\/www.uaga.eus\/?p=7292"},"modified":"2020-05-11T09:54:10","modified_gmt":"2020-05-11T09:54:10","slug":"uaga-pone-en-marcha-la-contratacion-de-personas-temporeras-para-las-proximas-campanas-agricolas","status":"publish","type":"post","link":"https:\/\/www.uaga.eus\/eu\/uaga-pone-en-marcha-la-contratacion-de-personas-temporeras-para-las-proximas-campanas-agricolas\/","title":{"rendered":"UAGA pone en marcha la contrataci\u00f3n de personas temporeras para las pr\u00f3ximas campa\u00f1as agr\u00edcolas"},"content":{"rendered":"<p><span style=\"font-family: arial, helvetica neue, helvetica, sans-serif;\">Como todos los a\u00f1os, UAGA, dentro de su Programa de Temporerismo, gestiona la contrataci\u00f3n de personas temporeras para las distintas campa\u00f1as agrarias y otro tipo de trabajos agrarios.<\/span><\/p>\n<p>Estamos en permanente contacto con las administraciones y otros organismos relacionados para definir entre todos un sistema de gesti\u00f3n de la contrataci\u00f3n de personas temporeras adecuado a la situaci\u00f3n extraordinaria provocada por el COVID-19.<\/p>\n<p>Dada ya la inminencia del inicio de las pr\u00f3ximas campa\u00f1as agrarias, hemos insistido en la urgencia de concretar el protocolo de contrataci\u00f3n de personas temporeras, aclarando las condiciones de gesti\u00f3n de los alojamientos y las medidas de protecci\u00f3n a utilizar para garantizar la seguridad de todos.<\/p>\n<p>Si eres una persona que est\u00e1 buscando trabajo en las pr\u00f3ximas campa\u00f1as agrarias, puedes solicitarlo a trav\u00e9s del siguiente <strong><a href=\"https:\/\/docs.google.com\/forms\/d\/e\/1FAIpQLScD_uo7Z3MW3ZNW5V5UGJH8HPSMmuomjSKN7m6gAx6eFPc2xg\/viewform?usp=sf_link\" target=\"_blank\" rel=\"noopener\" data-cke-saved-href=\"https:\/\/docs.google.com\/forms\/d\/e\/1FAIpQLScD_uo7Z3MW3ZNW5V5UGJH8HPSMmuomjSKN7m6gAx6eFPc2xg\/viewform?usp=sf_link\">FORMULARIO<\/a><\/strong>.<\/p>\n<div>+ info\u00a0 NURIA: 661 595 811<\/div>\n<p><\/p>","protected":false},"excerpt":{"rendered":"<p>Como todos los a\u00f1os, UAGA, dentro de su Programa de Temporerismo, gestiona la contrataci\u00f3n de personas temporeras para las distintas campa\u00f1as agrarias y otro tipo de trabajos agrarios. Estamos en permanente contacto con las administraciones y otros organismos relacionados para definir entre todos un sistema de gesti\u00f3n de la contrataci\u00f3n de personas temporeras adecuado a [&hellip;]<\/p>\n","protected":false},"author":4,"featured_media":7293,"comment_status":"closed","ping_status":"closed","sticky":false,"template":"","format":"standard","meta":{"footnotes":""},"categories":[111,9],"tags":[],"yoast_head":"<!-- This site is optimized with the Yoast SEO plugin v21.5 - https:\/\/yoast.com\/wordpress\/plugins\/seo\/ -->\n<title>UAGA pone en marcha la contrataci\u00f3n de personas temporeras para las pr\u00f3ximas campa\u00f1as agr\u00edcolas - UAGA<\/title>\n<meta name=\"robots\" content=\"index, follow, max-snippet:-1, max-image-preview:large, max-video-preview:-1\" \/>\n<link rel=\"canonical\" href=\"https:\/\/www.uaga.eus\/uaga-pone-en-marcha-la-contratacion-de-personas-temporeras-para-las-proximas-campanas-agricolas\/\" \/>\n<meta property=\"og:locale\" content=\"en_US\" \/>\n<meta property=\"og:type\" content=\"article\" \/>\n<meta property=\"og:title\" content=\"UAGA pone en marcha la contrataci\u00f3n de personas temporeras para las pr\u00f3ximas campa\u00f1as agr\u00edcolas - UAGA\" \/>\n<meta property=\"og:description\" content=\"Como todos los a\u00f1os, UAGA, dentro de su Programa de Temporerismo, gestiona la contrataci\u00f3n de personas temporeras para las distintas campa\u00f1as agrarias y otro tipo de trabajos agrarios. Estamos en permanente contacto con las administraciones y otros organismos relacionados para definir entre todos un sistema de gesti\u00f3n de la contrataci\u00f3n de personas temporeras adecuado a [&hellip;]\" \/>\n<meta property=\"og:url\" content=\"https:\/\/www.uaga.eus\/uaga-pone-en-marcha-la-contratacion-de-personas-temporeras-para-las-proximas-campanas-agricolas\/\" \/>\n<meta property=\"og:site_name\" content=\"UAGA\" \/>\n<meta property=\"article:published_time\" content=\"2020-04-24T13:27:20+00:00\" \/>\n<meta property=\"article:modified_time\" content=\"2020-05-11T09:54:10+00:00\" \/>\n<meta property=\"og:image\" content=\"https:\/\/www.uaga.eus\/wp-content\/uploads\/2020\/04\/temporeros-podando.jpg\" \/>\n\t<meta property=\"og:image:width\" content=\"650\" \/>\n\t<meta property=\"og:image:height\" content=\"366\" \/>\n\t<meta property=\"og:image:type\" content=\"image\/jpeg\" \/>\n<meta name=\"author\" content=\"Blanca S\u00e1nchez\" \/>\n<meta name=\"twitter:card\" content=\"summary_large_image\" \/>\n<meta name=\"twitter:label1\" content=\"Written by\" \/>\n\t<meta name=\"twitter:data1\" content=\"Blanca S\u00e1nchez\" \/>\n\t<meta name=\"twitter:label2\" content=\"Est. reading time\" \/>\n\t<meta name=\"twitter:data2\" content=\"1 minutua\" \/>\n<script type=\"application\/ld+json\" class=\"yoast-schema-graph\">{\"@context\":\"https:\/\/schema.org\",\"@graph\":[{\"@type\":\"WebPage\",\"@id\":\"https:\/\/www.uaga.eus\/uaga-pone-en-marcha-la-contratacion-de-personas-temporeras-para-las-proximas-campanas-agricolas\/\",\"url\":\"https:\/\/www.uaga.eus\/uaga-pone-en-marcha-la-contratacion-de-personas-temporeras-para-las-proximas-campanas-agricolas\/\",\"name\":\"UAGA pone en marcha la contrataci\u00f3n de personas temporeras para las pr\u00f3ximas campa\u00f1as agr\u00edcolas - UAGA\",\"isPartOf\":{\"@id\":\"https:\/\/www.uaga.eus\/#website\"},\"datePublished\":\"2020-04-24T13:27:20+00:00\",\"dateModified\":\"2020-05-11T09:54:10+00:00\",\"author\":{\"@id\":\"https:\/\/www.uaga.eus\/#\/schema\/person\/48c3cbf0f33d1b788226dbb6518689cf\"},\"breadcrumb\":{\"@id\":\"https:\/\/www.uaga.eus\/uaga-pone-en-marcha-la-contratacion-de-personas-temporeras-para-las-proximas-campanas-agricolas\/#breadcrumb\"},\"inLanguage\":\"eu\",\"potentialAction\":[{\"@type\":\"ReadAction\",\"target\":[\"https:\/\/www.uaga.eus\/uaga-pone-en-marcha-la-contratacion-de-personas-temporeras-para-las-proximas-campanas-agricolas\/\"]}]},{\"@type\":\"BreadcrumbList\",\"@id\":\"https:\/\/www.uaga.eus\/uaga-pone-en-marcha-la-contratacion-de-personas-temporeras-para-las-proximas-campanas-agricolas\/#breadcrumb\",\"itemListElement\":[{\"@type\":\"ListItem\",\"position\":1,\"name\":\"Inicio\",\"item\":\"https:\/\/www.uaga.eus\/\"},{\"@type\":\"ListItem\",\"position\":2,\"name\":\"UAGA pone en marcha la contrataci\u00f3n de personas temporeras para las pr\u00f3ximas campa\u00f1as agr\u00edcolas\"}]},{\"@type\":\"WebSite\",\"@id\":\"https:\/\/www.uaga.eus\/#website\",\"url\":\"https:\/\/www.uaga.eus\/\",\"name\":\"UAGA\",\"description\":\"Uni\u00f3n Agroganadera de \u00c1lava - Araba Nekazarien Elkartea\",\"potentialAction\":[{\"@type\":\"SearchAction\",\"target\":{\"@type\":\"EntryPoint\",\"urlTemplate\":\"https:\/\/www.uaga.eus\/?s={search_term_string}\"},\"query-input\":\"required name=search_term_string\"}],\"inLanguage\":\"eu\"},{\"@type\":\"Person\",\"@id\":\"https:\/\/www.uaga.eus\/#\/schema\/person\/48c3cbf0f33d1b788226dbb6518689cf\",\"name\":\"Blanca S\u00e1nchez\",\"image\":{\"@type\":\"ImageObject\",\"inLanguage\":\"eu\",\"@id\":\"https:\/\/www.uaga.eus\/#\/schema\/person\/image\/\",\"url\":\"https:\/\/secure.gravatar.com\/avatar\/0dc91c20648254b1ce84877283f6751b?s=96&d=mm&r=g\",\"contentUrl\":\"https:\/\/secure.gravatar.com\/avatar\/0dc91c20648254b1ce84877283f6751b?s=96&d=mm&r=g\",\"caption\":\"Blanca S\u00e1nchez\"},\"url\":\"https:\/\/www.uaga.eus\/eu\/author\/bsanchez\/\"}]}<\/script>\n<!-- \/ Yoast SEO plugin. -->","yoast_head_json":{"title":"UAGA pone en marcha la contrataci\u00f3n de personas temporeras para las pr\u00f3ximas campa\u00f1as agr\u00edcolas - UAGA","robots":{"index":"index","follow":"follow","max-snippet":"max-snippet:-1","max-image-preview":"max-image-preview:large","max-video-preview":"max-video-preview:-1"},"canonical":"https:\/\/www.uaga.eus\/uaga-pone-en-marcha-la-contratacion-de-personas-temporeras-para-las-proximas-campanas-agricolas\/","og_locale":"en_US","og_type":"article","og_title":"UAGA pone en marcha la contrataci\u00f3n de personas temporeras para las pr\u00f3ximas campa\u00f1as agr\u00edcolas - UAGA","og_description":"Como todos los a\u00f1os, UAGA, dentro de su Programa de Temporerismo, gestiona la contrataci\u00f3n de personas temporeras para las distintas campa\u00f1as agrarias y otro tipo de trabajos agrarios. Estamos en permanente contacto con las administraciones y otros organismos relacionados para definir entre todos un sistema de gesti\u00f3n de la contrataci\u00f3n de personas temporeras adecuado a [&hellip;]","og_url":"https:\/\/www.uaga.eus\/uaga-pone-en-marcha-la-contratacion-de-personas-temporeras-para-las-proximas-campanas-agricolas\/","og_site_name":"UAGA","article_published_time":"2020-04-24T13:27:20+00:00","article_modified_time":"2020-05-11T09:54:10+00:00","og_image":[{"width":650,"height":366,"url":"https:\/\/www.uaga.eus\/wp-content\/uploads\/2020\/04\/temporeros-podando.jpg","type":"image\/jpeg"}],"author":"Blanca S\u00e1nchez","twitter_card":"summary_large_image","twitter_misc":{"Written by":"Blanca S\u00e1nchez","Est. reading time":"1 minutua"},"schema":{"@context":"https:\/\/schema.org","@graph":[{"@type":"WebPage","@id":"https:\/\/www.uaga.eus\/uaga-pone-en-marcha-la-contratacion-de-personas-temporeras-para-las-proximas-campanas-agricolas\/","url":"https:\/\/www.uaga.eus\/uaga-pone-en-marcha-la-contratacion-de-personas-temporeras-para-las-proximas-campanas-agricolas\/","name":"UAGA pone en marcha la contrataci\u00f3n de personas temporeras para las pr\u00f3ximas campa\u00f1as agr\u00edcolas - UAGA","isPartOf":{"@id":"https:\/\/www.uaga.eus\/#website"},"datePublished":"2020-04-24T13:27:20+00:00","dateModified":"2020-05-11T09:54:10+00:00","author":{"@id":"https:\/\/www.uaga.eus\/#\/schema\/person\/48c3cbf0f33d1b788226dbb6518689cf"},"breadcrumb":{"@id":"https:\/\/www.uaga.eus\/uaga-pone-en-marcha-la-contratacion-de-personas-temporeras-para-las-proximas-campanas-agricolas\/#breadcrumb"},"inLanguage":"eu","potentialAction":[{"@type":"ReadAction","target":["https:\/\/www.uaga.eus\/uaga-pone-en-marcha-la-contratacion-de-personas-temporeras-para-las-proximas-campanas-agricolas\/"]}]},{"@type":"BreadcrumbList","@id":"https:\/\/www.uaga.eus\/uaga-pone-en-marcha-la-contratacion-de-personas-temporeras-para-las-proximas-campanas-agricolas\/#breadcrumb","itemListElement":[{"@type":"ListItem","position":1,"name":"Inicio","item":"https:\/\/www.uaga.eus\/"},{"@type":"ListItem","position":2,"name":"UAGA pone en marcha la contrataci\u00f3n de personas temporeras para las pr\u00f3ximas campa\u00f1as agr\u00edcolas"}]},{"@type":"WebSite","@id":"https:\/\/www.uaga.eus\/#website","url":"https:\/\/www.uaga.eus\/","name":"UAGA","description":"Uni\u00f3n Agroganadera de \u00c1lava - Araba Nekazarien Elkartea","potentialAction":[{"@type":"SearchAction","target":{"@type":"EntryPoint","urlTemplate":"https:\/\/www.uaga.eus\/?s={search_term_string}"},"query-input":"required name=search_term_string"}],"inLanguage":"eu"},{"@type":"Person","@id":"https:\/\/www.uaga.eus\/#\/schema\/person\/48c3cbf0f33d1b788226dbb6518689cf","name":"Blanca S\u00e1nchez","image":{"@type":"ImageObject","inLanguage":"eu","@id":"https:\/\/www.uaga.eus\/#\/schema\/person\/image\/","url":"https:\/\/secure.gravatar.com\/avatar\/0dc91c20648254b1ce84877283f6751b?s=96&d=mm&r=g","contentUrl":"https:\/\/secure.gravatar.com\/avatar\/0dc91c20648254b1ce84877283f6751b?s=96&d=mm&r=g","caption":"Blanca S\u00e1nchez"},"url":"https:\/\/www.uaga.eus\/eu\/author\/bsanchez\/"}]}},"_links":{"self":[{"href":"https:\/\/www.uaga.eus\/eu\/wp-json\/wp\/v2\/posts\/7292"}],"collection":[{"href":"https:\/\/www.uaga.eus\/eu\/wp-json\/wp\/v2\/posts"}],"about":[{"href":"https:\/\/www.uaga.eus\/eu\/wp-json\/wp\/v2\/types\/post"}],"author":[{"embeddable":true,"href":"https:\/\/www.uaga.eus\/eu\/wp-json\/wp\/v2\/users\/4"}],"replies":[{"embeddable":true,"href":"https:\/\/www.uaga.eus\/eu\/wp-json\/wp\/v2\/comments?post=7292"}],"version-history":[{"count":4,"href":"https:\/\/www.uaga.eus\/eu\/wp-json\/wp\/v2\/posts\/7292\/revisions"}],"predecessor-version":[{"id":7420,"href":"https:\/\/www.uaga.eus\/eu\/wp-json\/wp\/v2\/posts\/7292\/revisions\/7420"}],"wp:featuredmedia":[{"embeddable":true,"href":"https:\/\/www.uaga.eus\/eu\/wp-json\/wp\/v2\/media\/7293"}],"wp:attachment":[{"href":"https:\/\/www.uaga.eus\/eu\/wp-json\/wp\/v2\/media?parent=7292"}],"wp:term":[{"taxonomy":"category","embeddable":true,"href":"https:\/\/www.uaga.eus\/eu\/wp-json\/wp\/v2\/categories?post=7292"},{"taxonomy":"post_tag","embeddable":true,"href":"https:\/\/www.uaga.eus\/eu\/wp-json\/wp\/v2\/tags?post=7292"}],"curies":[{"name":"wp","href":"https:\/\/api.w.org\/{rel}","templated":true}]}}