{"id":7263,"date":"2020-04-17T12:50:05","date_gmt":"2020-04-17T12:50:05","guid":{"rendered":"https:\/\/www.uaga.eus\/?p=7263"},"modified":"2020-04-17T13:12:32","modified_gmt":"2020-04-17T13:12:32","slug":"gobierno-vasco-publica-la-orden-por-la-que-se-establecen-medidas-sanitarias-para-la-celebracion-de-los-mercados-de-productores-semanales","status":"publish","type":"post","link":"https:\/\/www.uaga.eus\/eu\/gobierno-vasco-publica-la-orden-por-la-que-se-establecen-medidas-sanitarias-para-la-celebracion-de-los-mercados-de-productores-semanales\/","title":{"rendered":"Gobierno Vasco publica la orden por la que se establecen medidas sanitarias para la celebraci\u00f3n de los mercados de productores semanales"},"content":{"rendered":"<p>El Gobierno Vasco ha publicado esta semana una nueva Orden por la que se establecen las medidas sanitarias para la celebraci\u00f3n de los mercados de productores semanales, destinados\u00a0 a la venta directa de productos agroalimentarios.<\/p>\n<p>Adem\u00e1s, proh\u00edbe, por el momento, aquellas ferias de car\u00e1cter m\u00e1s festivo o recreativo hasta la finalizaci\u00f3n del Estado de Alarma.<\/p>\n<p>Puedes consultar la\u00a0<a href=\"https:\/\/www.euskadi.eus\/y22-bopv\/es\/bopv2\/datos\/2020\/04\/2001855a.pdf\" target=\"_blank\" rel=\"noopener\">Orden<\/a><a href=\"https:\/\/www.euskadi.eus\/y22-bopv\/es\/bopv2\/datos\/2020\/04\/2001855a.pdf\">\u00a0<\/a>aqu\u00ed.<\/p>\n","protected":false},"excerpt":{"rendered":"<p>El Gobierno Vasco ha publicado esta semana una nueva Orden por la que se establecen las medidas sanitarias para la celebraci\u00f3n de los mercados de productores semanales, destinados\u00a0 a la venta directa de productos agroalimentarios. Adem\u00e1s, proh\u00edbe, por el momento, aquellas ferias de car\u00e1cter m\u00e1s festivo o recreativo hasta la finalizaci\u00f3n del Estado de Alarma. [&hellip;]<\/p>\n","protected":false},"author":4,"featured_media":4590,"comment_status":"closed","ping_status":"closed","sticky":false,"template":"","format":"standard","meta":{"footnotes":""},"categories":[12,111],"tags":[],"yoast_head":"<!-- This site is optimized with the Yoast SEO plugin v21.5 - https:\/\/yoast.com\/wordpress\/plugins\/seo\/ -->\n<title>Gobierno Vasco publica la orden por la que se establecen medidas sanitarias para la celebraci\u00f3n de los mercados de productores semanales - UAGA<\/title>\n<meta name=\"robots\" content=\"index, follow, max-snippet:-1, max-image-preview:large, max-video-preview:-1\" \/>\n<link rel=\"canonical\" href=\"https:\/\/www.uaga.eus\/gobierno-vasco-publica-la-orden-por-la-que-se-establecen-medidas-sanitarias-para-la-celebracion-de-los-mercados-de-productores-semanales\/\" \/>\n<meta property=\"og:locale\" content=\"en_US\" \/>\n<meta property=\"og:type\" content=\"article\" \/>\n<meta property=\"og:title\" content=\"Gobierno Vasco publica la orden por la que se establecen medidas sanitarias para la celebraci\u00f3n de los mercados de productores semanales - UAGA\" \/>\n<meta property=\"og:description\" content=\"El Gobierno Vasco ha publicado esta semana una nueva Orden por la que se establecen las medidas sanitarias para la celebraci\u00f3n de los mercados de productores semanales, destinados\u00a0 a la venta directa de productos agroalimentarios. Adem\u00e1s, proh\u00edbe, por el momento, aquellas ferias de car\u00e1cter m\u00e1s festivo o recreativo hasta la finalizaci\u00f3n del Estado de Alarma. [&hellip;]\" \/>\n<meta property=\"og:url\" content=\"https:\/\/www.uaga.eus\/gobierno-vasco-publica-la-orden-por-la-que-se-establecen-medidas-sanitarias-para-la-celebracion-de-los-mercados-de-productores-semanales\/\" \/>\n<meta property=\"og:site_name\" content=\"UAGA\" \/>\n<meta property=\"article:published_time\" content=\"2020-04-17T12:50:05+00:00\" \/>\n<meta property=\"article:modified_time\" content=\"2020-04-17T13:12:32+00:00\" \/>\n<meta property=\"og:image\" content=\"https:\/\/www.uaga.eus\/wp-content\/uploads\/2018\/10\/puesto-mercado-e1539947111852.jpg\" \/>\n\t<meta property=\"og:image:width\" content=\"700\" \/>\n\t<meta property=\"og:image:height\" content=\"315\" \/>\n\t<meta property=\"og:image:type\" content=\"image\/jpeg\" \/>\n<meta name=\"author\" content=\"Blanca S\u00e1nchez\" \/>\n<meta name=\"twitter:card\" content=\"summary_large_image\" \/>\n<meta name=\"twitter:label1\" content=\"Written by\" \/>\n\t<meta name=\"twitter:data1\" content=\"Blanca S\u00e1nchez\" \/>\n<script type=\"application\/ld+json\" class=\"yoast-schema-graph\">{\"@context\":\"https:\/\/schema.org\",\"@graph\":[{\"@type\":\"WebPage\",\"@id\":\"https:\/\/www.uaga.eus\/gobierno-vasco-publica-la-orden-por-la-que-se-establecen-medidas-sanitarias-para-la-celebracion-de-los-mercados-de-productores-semanales\/\",\"url\":\"https:\/\/www.uaga.eus\/gobierno-vasco-publica-la-orden-por-la-que-se-establecen-medidas-sanitarias-para-la-celebracion-de-los-mercados-de-productores-semanales\/\",\"name\":\"Gobierno Vasco publica la orden por la que se establecen medidas sanitarias para la celebraci\u00f3n de los mercados de productores semanales - UAGA\",\"isPartOf\":{\"@id\":\"https:\/\/www.uaga.eus\/#website\"},\"datePublished\":\"2020-04-17T12:50:05+00:00\",\"dateModified\":\"2020-04-17T13:12:32+00:00\",\"author\":{\"@id\":\"https:\/\/www.uaga.eus\/#\/schema\/person\/48c3cbf0f33d1b788226dbb6518689cf\"},\"breadcrumb\":{\"@id\":\"https:\/\/www.uaga.eus\/gobierno-vasco-publica-la-orden-por-la-que-se-establecen-medidas-sanitarias-para-la-celebracion-de-los-mercados-de-productores-semanales\/#breadcrumb\"},\"inLanguage\":\"eu\",\"potentialAction\":[{\"@type\":\"ReadAction\",\"target\":[\"https:\/\/www.uaga.eus\/gobierno-vasco-publica-la-orden-por-la-que-se-establecen-medidas-sanitarias-para-la-celebracion-de-los-mercados-de-productores-semanales\/\"]}]},{\"@type\":\"BreadcrumbList\",\"@id\":\"https:\/\/www.uaga.eus\/gobierno-vasco-publica-la-orden-por-la-que-se-establecen-medidas-sanitarias-para-la-celebracion-de-los-mercados-de-productores-semanales\/#breadcrumb\",\"itemListElement\":[{\"@type\":\"ListItem\",\"position\":1,\"name\":\"Inicio\",\"item\":\"https:\/\/www.uaga.eus\/\"},{\"@type\":\"ListItem\",\"position\":2,\"name\":\"Gobierno Vasco publica la orden por la que se establecen medidas sanitarias para la celebraci\u00f3n de los mercados de productores semanales\"}]},{\"@type\":\"WebSite\",\"@id\":\"https:\/\/www.uaga.eus\/#website\",\"url\":\"https:\/\/www.uaga.eus\/\",\"name\":\"UAGA\",\"description\":\"Uni\u00f3n Agroganadera de \u00c1lava - Araba Nekazarien Elkartea\",\"potentialAction\":[{\"@type\":\"SearchAction\",\"target\":{\"@type\":\"EntryPoint\",\"urlTemplate\":\"https:\/\/www.uaga.eus\/?s={search_term_string}\"},\"query-input\":\"required name=search_term_string\"}],\"inLanguage\":\"eu\"},{\"@type\":\"Person\",\"@id\":\"https:\/\/www.uaga.eus\/#\/schema\/person\/48c3cbf0f33d1b788226dbb6518689cf\",\"name\":\"Blanca S\u00e1nchez\",\"image\":{\"@type\":\"ImageObject\",\"inLanguage\":\"eu\",\"@id\":\"https:\/\/www.uaga.eus\/#\/schema\/person\/image\/\",\"url\":\"https:\/\/secure.gravatar.com\/avatar\/0dc91c20648254b1ce84877283f6751b?s=96&d=mm&r=g\",\"contentUrl\":\"https:\/\/secure.gravatar.com\/avatar\/0dc91c20648254b1ce84877283f6751b?s=96&d=mm&r=g\",\"caption\":\"Blanca S\u00e1nchez\"},\"url\":\"https:\/\/www.uaga.eus\/eu\/author\/bsanchez\/\"}]}<\/script>\n<!-- \/ Yoast SEO plugin. -->","yoast_head_json":{"title":"Gobierno Vasco publica la orden por la que se establecen medidas sanitarias para la celebraci\u00f3n de los mercados de productores semanales - UAGA","robots":{"index":"index","follow":"follow","max-snippet":"max-snippet:-1","max-image-preview":"max-image-preview:large","max-video-preview":"max-video-preview:-1"},"canonical":"https:\/\/www.uaga.eus\/gobierno-vasco-publica-la-orden-por-la-que-se-establecen-medidas-sanitarias-para-la-celebracion-de-los-mercados-de-productores-semanales\/","og_locale":"en_US","og_type":"article","og_title":"Gobierno Vasco publica la orden por la que se establecen medidas sanitarias para la celebraci\u00f3n de los mercados de productores semanales - UAGA","og_description":"El Gobierno Vasco ha publicado esta semana una nueva Orden por la que se establecen las medidas sanitarias para la celebraci\u00f3n de los mercados de productores semanales, destinados\u00a0 a la venta directa de productos agroalimentarios. Adem\u00e1s, proh\u00edbe, por el momento, aquellas ferias de car\u00e1cter m\u00e1s festivo o recreativo hasta la finalizaci\u00f3n del Estado de Alarma. [&hellip;]","og_url":"https:\/\/www.uaga.eus\/gobierno-vasco-publica-la-orden-por-la-que-se-establecen-medidas-sanitarias-para-la-celebracion-de-los-mercados-de-productores-semanales\/","og_site_name":"UAGA","article_published_time":"2020-04-17T12:50:05+00:00","article_modified_time":"2020-04-17T13:12:32+00:00","og_image":[{"width":700,"height":315,"url":"https:\/\/www.uaga.eus\/wp-content\/uploads\/2018\/10\/puesto-mercado-e1539947111852.jpg","type":"image\/jpeg"}],"author":"Blanca S\u00e1nchez","twitter_card":"summary_large_image","twitter_misc":{"Written by":"Blanca S\u00e1nchez"},"schema":{"@context":"https:\/\/schema.org","@graph":[{"@type":"WebPage","@id":"https:\/\/www.uaga.eus\/gobierno-vasco-publica-la-orden-por-la-que-se-establecen-medidas-sanitarias-para-la-celebracion-de-los-mercados-de-productores-semanales\/","url":"https:\/\/www.uaga.eus\/gobierno-vasco-publica-la-orden-por-la-que-se-establecen-medidas-sanitarias-para-la-celebracion-de-los-mercados-de-productores-semanales\/","name":"Gobierno Vasco publica la orden por la que se establecen medidas sanitarias para la celebraci\u00f3n de los mercados de productores semanales - UAGA","isPartOf":{"@id":"https:\/\/www.uaga.eus\/#website"},"datePublished":"2020-04-17T12:50:05+00:00","dateModified":"2020-04-17T13:12:32+00:00","author":{"@id":"https:\/\/www.uaga.eus\/#\/schema\/person\/48c3cbf0f33d1b788226dbb6518689cf"},"breadcrumb":{"@id":"https:\/\/www.uaga.eus\/gobierno-vasco-publica-la-orden-por-la-que-se-establecen-medidas-sanitarias-para-la-celebracion-de-los-mercados-de-productores-semanales\/#breadcrumb"},"inLanguage":"eu","potentialAction":[{"@type":"ReadAction","target":["https:\/\/www.uaga.eus\/gobierno-vasco-publica-la-orden-por-la-que-se-establecen-medidas-sanitarias-para-la-celebracion-de-los-mercados-de-productores-semanales\/"]}]},{"@type":"BreadcrumbList","@id":"https:\/\/www.uaga.eus\/gobierno-vasco-publica-la-orden-por-la-que-se-establecen-medidas-sanitarias-para-la-celebracion-de-los-mercados-de-productores-semanales\/#breadcrumb","itemListElement":[{"@type":"ListItem","position":1,"name":"Inicio","item":"https:\/\/www.uaga.eus\/"},{"@type":"ListItem","position":2,"name":"Gobierno Vasco publica la orden por la que se establecen medidas sanitarias para la celebraci\u00f3n de los mercados de productores semanales"}]},{"@type":"WebSite","@id":"https:\/\/www.uaga.eus\/#website","url":"https:\/\/www.uaga.eus\/","name":"UAGA","description":"Uni\u00f3n Agroganadera de \u00c1lava - Araba Nekazarien Elkartea","potentialAction":[{"@type":"SearchAction","target":{"@type":"EntryPoint","urlTemplate":"https:\/\/www.uaga.eus\/?s={search_term_string}"},"query-input":"required name=search_term_string"}],"inLanguage":"eu"},{"@type":"Person","@id":"https:\/\/www.uaga.eus\/#\/schema\/person\/48c3cbf0f33d1b788226dbb6518689cf","name":"Blanca S\u00e1nchez","image":{"@type":"ImageObject","inLanguage":"eu","@id":"https:\/\/www.uaga.eus\/#\/schema\/person\/image\/","url":"https:\/\/secure.gravatar.com\/avatar\/0dc91c20648254b1ce84877283f6751b?s=96&d=mm&r=g","contentUrl":"https:\/\/secure.gravatar.com\/avatar\/0dc91c20648254b1ce84877283f6751b?s=96&d=mm&r=g","caption":"Blanca S\u00e1nchez"},"url":"https:\/\/www.uaga.eus\/eu\/author\/bsanchez\/"}]}},"_links":{"self":[{"href":"https:\/\/www.uaga.eus\/eu\/wp-json\/wp\/v2\/posts\/7263"}],"collection":[{"href":"https:\/\/www.uaga.eus\/eu\/wp-json\/wp\/v2\/posts"}],"about":[{"href":"https:\/\/www.uaga.eus\/eu\/wp-json\/wp\/v2\/types\/post"}],"author":[{"embeddable":true,"href":"https:\/\/www.uaga.eus\/eu\/wp-json\/wp\/v2\/users\/4"}],"replies":[{"embeddable":true,"href":"https:\/\/www.uaga.eus\/eu\/wp-json\/wp\/v2\/comments?post=7263"}],"version-history":[{"count":1,"href":"https:\/\/www.uaga.eus\/eu\/wp-json\/wp\/v2\/posts\/7263\/revisions"}],"predecessor-version":[{"id":7264,"href":"https:\/\/www.uaga.eus\/eu\/wp-json\/wp\/v2\/posts\/7263\/revisions\/7264"}],"wp:featuredmedia":[{"embeddable":true,"href":"https:\/\/www.uaga.eus\/eu\/wp-json\/wp\/v2\/media\/4590"}],"wp:attachment":[{"href":"https:\/\/www.uaga.eus\/eu\/wp-json\/wp\/v2\/media?parent=7263"}],"wp:term":[{"taxonomy":"category","embeddable":true,"href":"https:\/\/www.uaga.eus\/eu\/wp-json\/wp\/v2\/categories?post=7263"},{"taxonomy":"post_tag","embeddable":true,"href":"https:\/\/www.uaga.eus\/eu\/wp-json\/wp\/v2\/tags?post=7263"}],"curies":[{"name":"wp","href":"https:\/\/api.w.org\/{rel}","templated":true}]}}