{"id":7252,"date":"2020-04-17T12:52:10","date_gmt":"2020-04-17T12:52:10","guid":{"rendered":"https:\/\/www.uaga.eus\/?p=7252"},"modified":"2020-04-17T12:52:10","modified_gmt":"2020-04-17T12:52:10","slug":"coag-informa-del-impacto-del-cierre-del-canal-horeca-por-la-crisis-del-covid-19-en-el-sector-agricola-y-ganadero","status":"publish","type":"post","link":"https:\/\/www.uaga.eus\/eu\/coag-informa-del-impacto-del-cierre-del-canal-horeca-por-la-crisis-del-covid-19-en-el-sector-agricola-y-ganadero\/","title":{"rendered":"COAG informa del impacto del cierre del canal HORECA por la crisis del Covid-19 en el sector agr\u00edcola y ganadero"},"content":{"rendered":"<p>COAG ha elaborado un informe sobre la repercusi\u00f3n del cierre del canal HORECA a nivel estatal. La afecci\u00f3n est\u00e1 siendo muy diferente seg\u00fan sectores y zonas. Particularmente, las mayores dificultades se est\u00e1n originando en el caso de productos perecederos, aunque tambi\u00e9n repercuten el caso de productos no perecederos, los cuales pueden tener dificultades en el medio plazo.<\/p>\n<p>En sectores como el de frutas y hortalizas, se ha estimado en torno al 20% &#8211; 30% la ca\u00edda de la demanda en la \u00faltima semana del mes de marzo en comparaci\u00f3n con semanas anteriores. En el caso de sectores enfocados a la restauraci\u00f3n y hosteler\u00eda, como en el caso de la carne de cordero lechal o cabrito, la ca\u00edda de la demanda es pr\u00e1cticamente total.<\/p>\n<p>Puedes consultar el informe completo en el siguiente <a href=\"https:\/\/mcusercontent.com\/498b950ccfc4b8d0e600d7e48\/files\/2fc6bae8-9cfb-436c-b568-fa266eb44c2b\/20200420_Nota_COAG_Impacto_demanda_restricci\u00f3n_canal_HORECA_.pdf\" target=\"_blank\" rel=\"noopener\" data-cke-saved-href=\"https:\/\/mcusercontent.com\/498b950ccfc4b8d0e600d7e48\/files\/2fc6bae8-9cfb-436c-b568-fa266eb44c2b\/20200420_Nota_COAG_Impacto_demanda_restricci\u00f3n_canal_HORECA_.pdf\">enlace<\/a>.<\/p>\n<div>+info SUGOI: 675 707 696<\/div>\n","protected":false},"excerpt":{"rendered":"<p>COAG ha elaborado un informe sobre la repercusi\u00f3n del cierre del canal HORECA a nivel estatal. La afecci\u00f3n est\u00e1 siendo muy diferente seg\u00fan sectores y zonas. Particularmente, las mayores dificultades se est\u00e1n originando en el caso de productos perecederos, aunque tambi\u00e9n repercuten el caso de productos no perecederos, los cuales pueden tener dificultades en el [&hellip;]<\/p>\n","protected":false},"author":4,"featured_media":7245,"comment_status":"closed","ping_status":"closed","sticky":false,"template":"","format":"standard","meta":{"footnotes":""},"categories":[7,12,111,8],"tags":[],"yoast_head":"<!-- This site is optimized with the Yoast SEO plugin v21.5 - https:\/\/yoast.com\/wordpress\/plugins\/seo\/ -->\n<title>COAG informa del impacto del cierre del canal HORECA por la crisis del Covid-19 en el sector agr\u00edcola y ganadero - UAGA<\/title>\n<meta name=\"robots\" content=\"index, follow, max-snippet:-1, max-image-preview:large, max-video-preview:-1\" \/>\n<link rel=\"canonical\" href=\"https:\/\/www.uaga.eus\/coag-informa-del-impacto-del-cierre-del-canal-horeca-por-la-crisis-del-covid-19-en-el-sector-agricola-y-ganadero\/\" \/>\n<meta property=\"og:locale\" content=\"en_US\" \/>\n<meta property=\"og:type\" content=\"article\" \/>\n<meta property=\"og:title\" content=\"COAG informa del impacto del cierre del canal HORECA por la crisis del Covid-19 en el sector agr\u00edcola y ganadero - UAGA\" \/>\n<meta property=\"og:description\" content=\"COAG ha elaborado un informe sobre la repercusi\u00f3n del cierre del canal HORECA a nivel estatal. La afecci\u00f3n est\u00e1 siendo muy diferente seg\u00fan sectores y zonas. Particularmente, las mayores dificultades se est\u00e1n originando en el caso de productos perecederos, aunque tambi\u00e9n repercuten el caso de productos no perecederos, los cuales pueden tener dificultades en el [&hellip;]\" \/>\n<meta property=\"og:url\" content=\"https:\/\/www.uaga.eus\/coag-informa-del-impacto-del-cierre-del-canal-horeca-por-la-crisis-del-covid-19-en-el-sector-agricola-y-ganadero\/\" \/>\n<meta property=\"og:site_name\" content=\"UAGA\" \/>\n<meta property=\"article:published_time\" content=\"2020-04-17T12:52:10+00:00\" \/>\n<meta property=\"og:image\" content=\"https:\/\/www.uaga.eus\/wp-content\/uploads\/2020\/04\/plato-de-cordero-e1587127901448.jpg\" \/>\n\t<meta property=\"og:image:width\" content=\"698\" \/>\n\t<meta property=\"og:image:height\" content=\"390\" \/>\n\t<meta property=\"og:image:type\" content=\"image\/jpeg\" \/>\n<meta name=\"author\" content=\"Blanca S\u00e1nchez\" \/>\n<meta name=\"twitter:card\" content=\"summary_large_image\" \/>\n<meta name=\"twitter:label1\" content=\"Written by\" \/>\n\t<meta name=\"twitter:data1\" content=\"Blanca S\u00e1nchez\" \/>\n\t<meta name=\"twitter:label2\" content=\"Est. reading time\" \/>\n\t<meta name=\"twitter:data2\" content=\"1 minutua\" \/>\n<script type=\"application\/ld+json\" class=\"yoast-schema-graph\">{\"@context\":\"https:\/\/schema.org\",\"@graph\":[{\"@type\":\"WebPage\",\"@id\":\"https:\/\/www.uaga.eus\/coag-informa-del-impacto-del-cierre-del-canal-horeca-por-la-crisis-del-covid-19-en-el-sector-agricola-y-ganadero\/\",\"url\":\"https:\/\/www.uaga.eus\/coag-informa-del-impacto-del-cierre-del-canal-horeca-por-la-crisis-del-covid-19-en-el-sector-agricola-y-ganadero\/\",\"name\":\"COAG informa del impacto del cierre del canal HORECA por la crisis del Covid-19 en el sector agr\u00edcola y ganadero - UAGA\",\"isPartOf\":{\"@id\":\"https:\/\/www.uaga.eus\/#website\"},\"datePublished\":\"2020-04-17T12:52:10+00:00\",\"dateModified\":\"2020-04-17T12:52:10+00:00\",\"author\":{\"@id\":\"https:\/\/www.uaga.eus\/#\/schema\/person\/48c3cbf0f33d1b788226dbb6518689cf\"},\"breadcrumb\":{\"@id\":\"https:\/\/www.uaga.eus\/coag-informa-del-impacto-del-cierre-del-canal-horeca-por-la-crisis-del-covid-19-en-el-sector-agricola-y-ganadero\/#breadcrumb\"},\"inLanguage\":\"eu\",\"potentialAction\":[{\"@type\":\"ReadAction\",\"target\":[\"https:\/\/www.uaga.eus\/coag-informa-del-impacto-del-cierre-del-canal-horeca-por-la-crisis-del-covid-19-en-el-sector-agricola-y-ganadero\/\"]}]},{\"@type\":\"BreadcrumbList\",\"@id\":\"https:\/\/www.uaga.eus\/coag-informa-del-impacto-del-cierre-del-canal-horeca-por-la-crisis-del-covid-19-en-el-sector-agricola-y-ganadero\/#breadcrumb\",\"itemListElement\":[{\"@type\":\"ListItem\",\"position\":1,\"name\":\"Inicio\",\"item\":\"https:\/\/www.uaga.eus\/\"},{\"@type\":\"ListItem\",\"position\":2,\"name\":\"COAG informa del impacto del cierre del canal HORECA por la crisis del Covid-19 en el sector agr\u00edcola y ganadero\"}]},{\"@type\":\"WebSite\",\"@id\":\"https:\/\/www.uaga.eus\/#website\",\"url\":\"https:\/\/www.uaga.eus\/\",\"name\":\"UAGA\",\"description\":\"Uni\u00f3n Agroganadera de \u00c1lava - Araba Nekazarien Elkartea\",\"potentialAction\":[{\"@type\":\"SearchAction\",\"target\":{\"@type\":\"EntryPoint\",\"urlTemplate\":\"https:\/\/www.uaga.eus\/?s={search_term_string}\"},\"query-input\":\"required name=search_term_string\"}],\"inLanguage\":\"eu\"},{\"@type\":\"Person\",\"@id\":\"https:\/\/www.uaga.eus\/#\/schema\/person\/48c3cbf0f33d1b788226dbb6518689cf\",\"name\":\"Blanca S\u00e1nchez\",\"image\":{\"@type\":\"ImageObject\",\"inLanguage\":\"eu\",\"@id\":\"https:\/\/www.uaga.eus\/#\/schema\/person\/image\/\",\"url\":\"https:\/\/secure.gravatar.com\/avatar\/0dc91c20648254b1ce84877283f6751b?s=96&d=mm&r=g\",\"contentUrl\":\"https:\/\/secure.gravatar.com\/avatar\/0dc91c20648254b1ce84877283f6751b?s=96&d=mm&r=g\",\"caption\":\"Blanca S\u00e1nchez\"},\"url\":\"https:\/\/www.uaga.eus\/eu\/author\/bsanchez\/\"}]}<\/script>\n<!-- \/ Yoast SEO plugin. -->","yoast_head_json":{"title":"COAG informa del impacto del cierre del canal HORECA por la crisis del Covid-19 en el sector agr\u00edcola y ganadero - UAGA","robots":{"index":"index","follow":"follow","max-snippet":"max-snippet:-1","max-image-preview":"max-image-preview:large","max-video-preview":"max-video-preview:-1"},"canonical":"https:\/\/www.uaga.eus\/coag-informa-del-impacto-del-cierre-del-canal-horeca-por-la-crisis-del-covid-19-en-el-sector-agricola-y-ganadero\/","og_locale":"en_US","og_type":"article","og_title":"COAG informa del impacto del cierre del canal HORECA por la crisis del Covid-19 en el sector agr\u00edcola y ganadero - UAGA","og_description":"COAG ha elaborado un informe sobre la repercusi\u00f3n del cierre del canal HORECA a nivel estatal. La afecci\u00f3n est\u00e1 siendo muy diferente seg\u00fan sectores y zonas. Particularmente, las mayores dificultades se est\u00e1n originando en el caso de productos perecederos, aunque tambi\u00e9n repercuten el caso de productos no perecederos, los cuales pueden tener dificultades en el [&hellip;]","og_url":"https:\/\/www.uaga.eus\/coag-informa-del-impacto-del-cierre-del-canal-horeca-por-la-crisis-del-covid-19-en-el-sector-agricola-y-ganadero\/","og_site_name":"UAGA","article_published_time":"2020-04-17T12:52:10+00:00","og_image":[{"width":698,"height":390,"url":"https:\/\/www.uaga.eus\/wp-content\/uploads\/2020\/04\/plato-de-cordero-e1587127901448.jpg","type":"image\/jpeg"}],"author":"Blanca S\u00e1nchez","twitter_card":"summary_large_image","twitter_misc":{"Written by":"Blanca S\u00e1nchez","Est. reading time":"1 minutua"},"schema":{"@context":"https:\/\/schema.org","@graph":[{"@type":"WebPage","@id":"https:\/\/www.uaga.eus\/coag-informa-del-impacto-del-cierre-del-canal-horeca-por-la-crisis-del-covid-19-en-el-sector-agricola-y-ganadero\/","url":"https:\/\/www.uaga.eus\/coag-informa-del-impacto-del-cierre-del-canal-horeca-por-la-crisis-del-covid-19-en-el-sector-agricola-y-ganadero\/","name":"COAG informa del impacto del cierre del canal HORECA por la crisis del Covid-19 en el sector agr\u00edcola y ganadero - UAGA","isPartOf":{"@id":"https:\/\/www.uaga.eus\/#website"},"datePublished":"2020-04-17T12:52:10+00:00","dateModified":"2020-04-17T12:52:10+00:00","author":{"@id":"https:\/\/www.uaga.eus\/#\/schema\/person\/48c3cbf0f33d1b788226dbb6518689cf"},"breadcrumb":{"@id":"https:\/\/www.uaga.eus\/coag-informa-del-impacto-del-cierre-del-canal-horeca-por-la-crisis-del-covid-19-en-el-sector-agricola-y-ganadero\/#breadcrumb"},"inLanguage":"eu","potentialAction":[{"@type":"ReadAction","target":["https:\/\/www.uaga.eus\/coag-informa-del-impacto-del-cierre-del-canal-horeca-por-la-crisis-del-covid-19-en-el-sector-agricola-y-ganadero\/"]}]},{"@type":"BreadcrumbList","@id":"https:\/\/www.uaga.eus\/coag-informa-del-impacto-del-cierre-del-canal-horeca-por-la-crisis-del-covid-19-en-el-sector-agricola-y-ganadero\/#breadcrumb","itemListElement":[{"@type":"ListItem","position":1,"name":"Inicio","item":"https:\/\/www.uaga.eus\/"},{"@type":"ListItem","position":2,"name":"COAG informa del impacto del cierre del canal HORECA por la crisis del Covid-19 en el sector agr\u00edcola y ganadero"}]},{"@type":"WebSite","@id":"https:\/\/www.uaga.eus\/#website","url":"https:\/\/www.uaga.eus\/","name":"UAGA","description":"Uni\u00f3n Agroganadera de \u00c1lava - Araba Nekazarien Elkartea","potentialAction":[{"@type":"SearchAction","target":{"@type":"EntryPoint","urlTemplate":"https:\/\/www.uaga.eus\/?s={search_term_string}"},"query-input":"required name=search_term_string"}],"inLanguage":"eu"},{"@type":"Person","@id":"https:\/\/www.uaga.eus\/#\/schema\/person\/48c3cbf0f33d1b788226dbb6518689cf","name":"Blanca S\u00e1nchez","image":{"@type":"ImageObject","inLanguage":"eu","@id":"https:\/\/www.uaga.eus\/#\/schema\/person\/image\/","url":"https:\/\/secure.gravatar.com\/avatar\/0dc91c20648254b1ce84877283f6751b?s=96&d=mm&r=g","contentUrl":"https:\/\/secure.gravatar.com\/avatar\/0dc91c20648254b1ce84877283f6751b?s=96&d=mm&r=g","caption":"Blanca S\u00e1nchez"},"url":"https:\/\/www.uaga.eus\/eu\/author\/bsanchez\/"}]}},"_links":{"self":[{"href":"https:\/\/www.uaga.eus\/eu\/wp-json\/wp\/v2\/posts\/7252"}],"collection":[{"href":"https:\/\/www.uaga.eus\/eu\/wp-json\/wp\/v2\/posts"}],"about":[{"href":"https:\/\/www.uaga.eus\/eu\/wp-json\/wp\/v2\/types\/post"}],"author":[{"embeddable":true,"href":"https:\/\/www.uaga.eus\/eu\/wp-json\/wp\/v2\/users\/4"}],"replies":[{"embeddable":true,"href":"https:\/\/www.uaga.eus\/eu\/wp-json\/wp\/v2\/comments?post=7252"}],"version-history":[{"count":1,"href":"https:\/\/www.uaga.eus\/eu\/wp-json\/wp\/v2\/posts\/7252\/revisions"}],"predecessor-version":[{"id":7253,"href":"https:\/\/www.uaga.eus\/eu\/wp-json\/wp\/v2\/posts\/7252\/revisions\/7253"}],"wp:featuredmedia":[{"embeddable":true,"href":"https:\/\/www.uaga.eus\/eu\/wp-json\/wp\/v2\/media\/7245"}],"wp:attachment":[{"href":"https:\/\/www.uaga.eus\/eu\/wp-json\/wp\/v2\/media?parent=7252"}],"wp:term":[{"taxonomy":"category","embeddable":true,"href":"https:\/\/www.uaga.eus\/eu\/wp-json\/wp\/v2\/categories?post=7252"},{"taxonomy":"post_tag","embeddable":true,"href":"https:\/\/www.uaga.eus\/eu\/wp-json\/wp\/v2\/tags?post=7252"}],"curies":[{"name":"wp","href":"https:\/\/api.w.org\/{rel}","templated":true}]}}