{"id":7247,"date":"2020-04-17T12:47:59","date_gmt":"2020-04-17T12:47:59","guid":{"rendered":"https:\/\/www.uaga.eus\/?p=7247"},"modified":"2020-04-17T12:47:59","modified_gmt":"2020-04-17T12:47:59","slug":"el-ministerio-de-hacienda-publica-la-orden-de-reduccion-de-modulos-del-irpf-2019-en-el-sector-agrario-que-beneficia-a-explotaciones-afectadas-por-sequia-por-el-temporal-dana-y-por-problemas-de-merca","status":"publish","type":"post","link":"https:\/\/www.uaga.eus\/eu\/el-ministerio-de-hacienda-publica-la-orden-de-reduccion-de-modulos-del-irpf-2019-en-el-sector-agrario-que-beneficia-a-explotaciones-afectadas-por-sequia-por-el-temporal-dana-y-por-problemas-de-merca\/","title":{"rendered":"El Ministerio de Hacienda publica la orden de reducci\u00f3n de m\u00f3dulos del IRPF 2019 en el sector agrario, que beneficia a explotaciones afectadas por sequ\u00eda, por el temporal DANA y por problemas de mercado"},"content":{"rendered":"<p>Esta rebaja es aplicable para las explotaciones de Trevi\u00f1o que hacen la declaraci\u00f3n en Burgos.<\/p>\n<p>La orden beneficia a nivel estatal a agricultores dedicados a cultivos herb\u00e1ceos, olivar, c\u00edtricos, frutales no c\u00edtricos, as\u00ed como a los productores de ganader\u00eda extensiva, vacuno de leche y apicultura, afectados por la sequ\u00eda de 2019, as\u00ed como por los da\u00f1os causados en septiembre por el temporal de DANA (depresi\u00f3n aislada en niveles altos).<\/p>\n<p>La orden se puede consultar en este <a href=\"https:\/\/www.boe.es\/boe\/dias\/2020\/04\/09\/pdfs\/BOE-A-2020-4378.pdf\" target=\"_blank\" rel=\"noopener\" data-cke-saved-href=\"https:\/\/www.boe.es\/boe\/dias\/2020\/04\/09\/pdfs\/BOE-A-2020-4378.pdf\">enlace<\/a>.<\/p>\n<div>+info YOLANDA: 615 779 584<\/div>\n","protected":false},"excerpt":{"rendered":"<p>Esta rebaja es aplicable para las explotaciones de Trevi\u00f1o que hacen la declaraci\u00f3n en Burgos. La orden beneficia a nivel estatal a agricultores dedicados a cultivos herb\u00e1ceos, olivar, c\u00edtricos, frutales no c\u00edtricos, as\u00ed como a los productores de ganader\u00eda extensiva, vacuno de leche y apicultura, afectados por la sequ\u00eda de 2019, as\u00ed como por los [&hellip;]<\/p>\n","protected":false},"author":4,"featured_media":6434,"comment_status":"closed","ping_status":"closed","sticky":false,"template":"","format":"standard","meta":{"footnotes":""},"categories":[7,38],"tags":[],"yoast_head":"<!-- This site is optimized with the Yoast SEO plugin v21.5 - https:\/\/yoast.com\/wordpress\/plugins\/seo\/ -->\n<title>El Ministerio de Hacienda publica la orden de reducci\u00f3n de m\u00f3dulos del IRPF 2019 en el sector agrario, que beneficia a explotaciones afectadas por sequ\u00eda, por el temporal DANA y por problemas de mercado - UAGA<\/title>\n<meta name=\"robots\" content=\"index, follow, max-snippet:-1, max-image-preview:large, max-video-preview:-1\" \/>\n<link rel=\"canonical\" href=\"https:\/\/www.uaga.eus\/el-ministerio-de-hacienda-publica-la-orden-de-reduccion-de-modulos-del-irpf-2019-en-el-sector-agrario-que-beneficia-a-explotaciones-afectadas-por-sequia-por-el-temporal-dana-y-por-problemas-de-merca\/\" \/>\n<meta property=\"og:locale\" content=\"en_US\" \/>\n<meta property=\"og:type\" content=\"article\" \/>\n<meta property=\"og:title\" content=\"El Ministerio de Hacienda publica la orden de reducci\u00f3n de m\u00f3dulos del IRPF 2019 en el sector agrario, que beneficia a explotaciones afectadas por sequ\u00eda, por el temporal DANA y por problemas de mercado - UAGA\" \/>\n<meta property=\"og:description\" content=\"Esta rebaja es aplicable para las explotaciones de Trevi\u00f1o que hacen la declaraci\u00f3n en Burgos. La orden beneficia a nivel estatal a agricultores dedicados a cultivos herb\u00e1ceos, olivar, c\u00edtricos, frutales no c\u00edtricos, as\u00ed como a los productores de ganader\u00eda extensiva, vacuno de leche y apicultura, afectados por la sequ\u00eda de 2019, as\u00ed como por los [&hellip;]\" \/>\n<meta property=\"og:url\" content=\"https:\/\/www.uaga.eus\/el-ministerio-de-hacienda-publica-la-orden-de-reduccion-de-modulos-del-irpf-2019-en-el-sector-agrario-que-beneficia-a-explotaciones-afectadas-por-sequia-por-el-temporal-dana-y-por-problemas-de-merca\/\" \/>\n<meta property=\"og:site_name\" content=\"UAGA\" \/>\n<meta property=\"article:published_time\" content=\"2020-04-17T12:47:59+00:00\" \/>\n<meta property=\"og:image\" content=\"https:\/\/www.uaga.eus\/wp-content\/uploads\/2019\/09\/COSECHA-CEREAL.jpg\" \/>\n\t<meta property=\"og:image:width\" content=\"650\" \/>\n\t<meta property=\"og:image:height\" content=\"330\" \/>\n\t<meta property=\"og:image:type\" content=\"image\/jpeg\" \/>\n<meta name=\"author\" content=\"Blanca S\u00e1nchez\" \/>\n<meta name=\"twitter:card\" content=\"summary_large_image\" \/>\n<meta name=\"twitter:label1\" content=\"Written by\" \/>\n\t<meta name=\"twitter:data1\" content=\"Blanca S\u00e1nchez\" \/>\n<script type=\"application\/ld+json\" class=\"yoast-schema-graph\">{\"@context\":\"https:\/\/schema.org\",\"@graph\":[{\"@type\":\"WebPage\",\"@id\":\"https:\/\/www.uaga.eus\/el-ministerio-de-hacienda-publica-la-orden-de-reduccion-de-modulos-del-irpf-2019-en-el-sector-agrario-que-beneficia-a-explotaciones-afectadas-por-sequia-por-el-temporal-dana-y-por-problemas-de-merca\/\",\"url\":\"https:\/\/www.uaga.eus\/el-ministerio-de-hacienda-publica-la-orden-de-reduccion-de-modulos-del-irpf-2019-en-el-sector-agrario-que-beneficia-a-explotaciones-afectadas-por-sequia-por-el-temporal-dana-y-por-problemas-de-merca\/\",\"name\":\"El Ministerio de Hacienda publica la orden de reducci\u00f3n de m\u00f3dulos del IRPF 2019 en el sector agrario, que beneficia a explotaciones afectadas por sequ\u00eda, por el temporal DANA y por problemas de mercado - UAGA\",\"isPartOf\":{\"@id\":\"https:\/\/www.uaga.eus\/#website\"},\"datePublished\":\"2020-04-17T12:47:59+00:00\",\"dateModified\":\"2020-04-17T12:47:59+00:00\",\"author\":{\"@id\":\"https:\/\/www.uaga.eus\/#\/schema\/person\/48c3cbf0f33d1b788226dbb6518689cf\"},\"breadcrumb\":{\"@id\":\"https:\/\/www.uaga.eus\/el-ministerio-de-hacienda-publica-la-orden-de-reduccion-de-modulos-del-irpf-2019-en-el-sector-agrario-que-beneficia-a-explotaciones-afectadas-por-sequia-por-el-temporal-dana-y-por-problemas-de-merca\/#breadcrumb\"},\"inLanguage\":\"eu\",\"potentialAction\":[{\"@type\":\"ReadAction\",\"target\":[\"https:\/\/www.uaga.eus\/el-ministerio-de-hacienda-publica-la-orden-de-reduccion-de-modulos-del-irpf-2019-en-el-sector-agrario-que-beneficia-a-explotaciones-afectadas-por-sequia-por-el-temporal-dana-y-por-problemas-de-merca\/\"]}]},{\"@type\":\"BreadcrumbList\",\"@id\":\"https:\/\/www.uaga.eus\/el-ministerio-de-hacienda-publica-la-orden-de-reduccion-de-modulos-del-irpf-2019-en-el-sector-agrario-que-beneficia-a-explotaciones-afectadas-por-sequia-por-el-temporal-dana-y-por-problemas-de-merca\/#breadcrumb\",\"itemListElement\":[{\"@type\":\"ListItem\",\"position\":1,\"name\":\"Inicio\",\"item\":\"https:\/\/www.uaga.eus\/\"},{\"@type\":\"ListItem\",\"position\":2,\"name\":\"El Ministerio de Hacienda publica la orden de reducci\u00f3n de m\u00f3dulos del IRPF 2019 en el sector agrario, que beneficia a explotaciones afectadas por sequ\u00eda, por el temporal DANA y por problemas de mercado\"}]},{\"@type\":\"WebSite\",\"@id\":\"https:\/\/www.uaga.eus\/#website\",\"url\":\"https:\/\/www.uaga.eus\/\",\"name\":\"UAGA\",\"description\":\"Uni\u00f3n Agroganadera de \u00c1lava - Araba Nekazarien Elkartea\",\"potentialAction\":[{\"@type\":\"SearchAction\",\"target\":{\"@type\":\"EntryPoint\",\"urlTemplate\":\"https:\/\/www.uaga.eus\/?s={search_term_string}\"},\"query-input\":\"required name=search_term_string\"}],\"inLanguage\":\"eu\"},{\"@type\":\"Person\",\"@id\":\"https:\/\/www.uaga.eus\/#\/schema\/person\/48c3cbf0f33d1b788226dbb6518689cf\",\"name\":\"Blanca S\u00e1nchez\",\"image\":{\"@type\":\"ImageObject\",\"inLanguage\":\"eu\",\"@id\":\"https:\/\/www.uaga.eus\/#\/schema\/person\/image\/\",\"url\":\"https:\/\/secure.gravatar.com\/avatar\/0dc91c20648254b1ce84877283f6751b?s=96&d=mm&r=g\",\"contentUrl\":\"https:\/\/secure.gravatar.com\/avatar\/0dc91c20648254b1ce84877283f6751b?s=96&d=mm&r=g\",\"caption\":\"Blanca S\u00e1nchez\"},\"url\":\"https:\/\/www.uaga.eus\/eu\/author\/bsanchez\/\"}]}<\/script>\n<!-- \/ Yoast SEO plugin. -->","yoast_head_json":{"title":"El Ministerio de Hacienda publica la orden de reducci\u00f3n de m\u00f3dulos del IRPF 2019 en el sector agrario, que beneficia a explotaciones afectadas por sequ\u00eda, por el temporal DANA y por problemas de mercado - UAGA","robots":{"index":"index","follow":"follow","max-snippet":"max-snippet:-1","max-image-preview":"max-image-preview:large","max-video-preview":"max-video-preview:-1"},"canonical":"https:\/\/www.uaga.eus\/el-ministerio-de-hacienda-publica-la-orden-de-reduccion-de-modulos-del-irpf-2019-en-el-sector-agrario-que-beneficia-a-explotaciones-afectadas-por-sequia-por-el-temporal-dana-y-por-problemas-de-merca\/","og_locale":"en_US","og_type":"article","og_title":"El Ministerio de Hacienda publica la orden de reducci\u00f3n de m\u00f3dulos del IRPF 2019 en el sector agrario, que beneficia a explotaciones afectadas por sequ\u00eda, por el temporal DANA y por problemas de mercado - UAGA","og_description":"Esta rebaja es aplicable para las explotaciones de Trevi\u00f1o que hacen la declaraci\u00f3n en Burgos. La orden beneficia a nivel estatal a agricultores dedicados a cultivos herb\u00e1ceos, olivar, c\u00edtricos, frutales no c\u00edtricos, as\u00ed como a los productores de ganader\u00eda extensiva, vacuno de leche y apicultura, afectados por la sequ\u00eda de 2019, as\u00ed como por los [&hellip;]","og_url":"https:\/\/www.uaga.eus\/el-ministerio-de-hacienda-publica-la-orden-de-reduccion-de-modulos-del-irpf-2019-en-el-sector-agrario-que-beneficia-a-explotaciones-afectadas-por-sequia-por-el-temporal-dana-y-por-problemas-de-merca\/","og_site_name":"UAGA","article_published_time":"2020-04-17T12:47:59+00:00","og_image":[{"width":650,"height":330,"url":"https:\/\/www.uaga.eus\/wp-content\/uploads\/2019\/09\/COSECHA-CEREAL.jpg","type":"image\/jpeg"}],"author":"Blanca S\u00e1nchez","twitter_card":"summary_large_image","twitter_misc":{"Written by":"Blanca S\u00e1nchez"},"schema":{"@context":"https:\/\/schema.org","@graph":[{"@type":"WebPage","@id":"https:\/\/www.uaga.eus\/el-ministerio-de-hacienda-publica-la-orden-de-reduccion-de-modulos-del-irpf-2019-en-el-sector-agrario-que-beneficia-a-explotaciones-afectadas-por-sequia-por-el-temporal-dana-y-por-problemas-de-merca\/","url":"https:\/\/www.uaga.eus\/el-ministerio-de-hacienda-publica-la-orden-de-reduccion-de-modulos-del-irpf-2019-en-el-sector-agrario-que-beneficia-a-explotaciones-afectadas-por-sequia-por-el-temporal-dana-y-por-problemas-de-merca\/","name":"El Ministerio de Hacienda publica la orden de reducci\u00f3n de m\u00f3dulos del IRPF 2019 en el sector agrario, que beneficia a explotaciones afectadas por sequ\u00eda, por el temporal DANA y por problemas de mercado - UAGA","isPartOf":{"@id":"https:\/\/www.uaga.eus\/#website"},"datePublished":"2020-04-17T12:47:59+00:00","dateModified":"2020-04-17T12:47:59+00:00","author":{"@id":"https:\/\/www.uaga.eus\/#\/schema\/person\/48c3cbf0f33d1b788226dbb6518689cf"},"breadcrumb":{"@id":"https:\/\/www.uaga.eus\/el-ministerio-de-hacienda-publica-la-orden-de-reduccion-de-modulos-del-irpf-2019-en-el-sector-agrario-que-beneficia-a-explotaciones-afectadas-por-sequia-por-el-temporal-dana-y-por-problemas-de-merca\/#breadcrumb"},"inLanguage":"eu","potentialAction":[{"@type":"ReadAction","target":["https:\/\/www.uaga.eus\/el-ministerio-de-hacienda-publica-la-orden-de-reduccion-de-modulos-del-irpf-2019-en-el-sector-agrario-que-beneficia-a-explotaciones-afectadas-por-sequia-por-el-temporal-dana-y-por-problemas-de-merca\/"]}]},{"@type":"BreadcrumbList","@id":"https:\/\/www.uaga.eus\/el-ministerio-de-hacienda-publica-la-orden-de-reduccion-de-modulos-del-irpf-2019-en-el-sector-agrario-que-beneficia-a-explotaciones-afectadas-por-sequia-por-el-temporal-dana-y-por-problemas-de-merca\/#breadcrumb","itemListElement":[{"@type":"ListItem","position":1,"name":"Inicio","item":"https:\/\/www.uaga.eus\/"},{"@type":"ListItem","position":2,"name":"El Ministerio de Hacienda publica la orden de reducci\u00f3n de m\u00f3dulos del IRPF 2019 en el sector agrario, que beneficia a explotaciones afectadas por sequ\u00eda, por el temporal DANA y por problemas de mercado"}]},{"@type":"WebSite","@id":"https:\/\/www.uaga.eus\/#website","url":"https:\/\/www.uaga.eus\/","name":"UAGA","description":"Uni\u00f3n Agroganadera de \u00c1lava - Araba Nekazarien Elkartea","potentialAction":[{"@type":"SearchAction","target":{"@type":"EntryPoint","urlTemplate":"https:\/\/www.uaga.eus\/?s={search_term_string}"},"query-input":"required name=search_term_string"}],"inLanguage":"eu"},{"@type":"Person","@id":"https:\/\/www.uaga.eus\/#\/schema\/person\/48c3cbf0f33d1b788226dbb6518689cf","name":"Blanca S\u00e1nchez","image":{"@type":"ImageObject","inLanguage":"eu","@id":"https:\/\/www.uaga.eus\/#\/schema\/person\/image\/","url":"https:\/\/secure.gravatar.com\/avatar\/0dc91c20648254b1ce84877283f6751b?s=96&d=mm&r=g","contentUrl":"https:\/\/secure.gravatar.com\/avatar\/0dc91c20648254b1ce84877283f6751b?s=96&d=mm&r=g","caption":"Blanca S\u00e1nchez"},"url":"https:\/\/www.uaga.eus\/eu\/author\/bsanchez\/"}]}},"_links":{"self":[{"href":"https:\/\/www.uaga.eus\/eu\/wp-json\/wp\/v2\/posts\/7247"}],"collection":[{"href":"https:\/\/www.uaga.eus\/eu\/wp-json\/wp\/v2\/posts"}],"about":[{"href":"https:\/\/www.uaga.eus\/eu\/wp-json\/wp\/v2\/types\/post"}],"author":[{"embeddable":true,"href":"https:\/\/www.uaga.eus\/eu\/wp-json\/wp\/v2\/users\/4"}],"replies":[{"embeddable":true,"href":"https:\/\/www.uaga.eus\/eu\/wp-json\/wp\/v2\/comments?post=7247"}],"version-history":[{"count":1,"href":"https:\/\/www.uaga.eus\/eu\/wp-json\/wp\/v2\/posts\/7247\/revisions"}],"predecessor-version":[{"id":7248,"href":"https:\/\/www.uaga.eus\/eu\/wp-json\/wp\/v2\/posts\/7247\/revisions\/7248"}],"wp:featuredmedia":[{"embeddable":true,"href":"https:\/\/www.uaga.eus\/eu\/wp-json\/wp\/v2\/media\/6434"}],"wp:attachment":[{"href":"https:\/\/www.uaga.eus\/eu\/wp-json\/wp\/v2\/media?parent=7247"}],"wp:term":[{"taxonomy":"category","embeddable":true,"href":"https:\/\/www.uaga.eus\/eu\/wp-json\/wp\/v2\/categories?post=7247"},{"taxonomy":"post_tag","embeddable":true,"href":"https:\/\/www.uaga.eus\/eu\/wp-json\/wp\/v2\/tags?post=7247"}],"curies":[{"name":"wp","href":"https:\/\/api.w.org\/{rel}","templated":true}]}}