{"id":7242,"date":"2020-04-17T12:46:34","date_gmt":"2020-04-17T12:46:34","guid":{"rendered":"https:\/\/www.uaga.eus\/?p=7242"},"modified":"2020-04-17T12:46:34","modified_gmt":"2020-04-17T12:46:34","slug":"actualizacion-del-informe-de-copa-cogeca-sobre-el-impacto-del-covid-19-en-el-sector-agroalimentario","status":"publish","type":"post","link":"https:\/\/www.uaga.eus\/eu\/actualizacion-del-informe-de-copa-cogeca-sobre-el-impacto-del-covid-19-en-el-sector-agroalimentario\/","title":{"rendered":"Actualizaci\u00f3n del informe de COPA-COGECA sobre el impacto del Covid-19 en el sector agroalimentario"},"content":{"rendered":"<p><span style=\"font-family: arial, helvetica neue, helvetica, sans-serif;\">COPA-COGECA, organizaci\u00f3n representante del sector a nivel europeo y del que forma parta UAGA, a trav\u00e9s de COAG, est\u00e1 realizando un informe semanal para dar a conocer el impacto del Covid-19 en el sector agroalimentario.<\/p>\n<p>En el informe de esta semana se detallan los distintos sectores agrarios y ganaderos, haciendo hincapi\u00e9 en la mala situaci\u00f3n del sector de planta ornamental y los sectores ganaderos.<\/p>\n<p>Sobre estos \u00faltimos, reitera\u00a0la necesidad de adoptar\u00a0medidas de mercado que se adec\u00faen al sector, incluidas medidas extraordinarias que est\u00e9n financiadas al margen del presupuesto de la PAC.<\/p>\n<p>Adem\u00e1s, el informe reconoce los esfuerzos realizados por los Estados miembros y sigue insistiendo en la necesidad de garantizar el buen funcionamiento del mercado \u00fanico.<\/p>\n<p>Puedes consultar el informe completo <a href=\"https:\/\/mcusercontent.com\/498b950ccfc4b8d0e600d7e48\/files\/fc887b15-f7d2-4f99-adee-9e2e22e81308\/COV_20_2365ES_1_.pdf\" target=\"_blank\" rel=\"noopener\" data-cke-saved-href=\"https:\/\/mcusercontent.com\/498b950ccfc4b8d0e600d7e48\/files\/fc887b15-f7d2-4f99-adee-9e2e22e81308\/COV_20_2365ES_1_.pdf\">aqu\u00ed<\/a>.<\/span><\/p>\n","protected":false},"excerpt":{"rendered":"<p>COPA-COGECA, organizaci\u00f3n representante del sector a nivel europeo y del que forma parta UAGA, a trav\u00e9s de COAG, est\u00e1 realizando un informe semanal para dar a conocer el impacto del Covid-19 en el sector agroalimentario. En el informe de esta semana se detallan los distintos sectores agrarios y ganaderos, haciendo hincapi\u00e9 en la mala situaci\u00f3n [&hellip;]<\/p>\n","protected":false},"author":4,"featured_media":7243,"comment_status":"closed","ping_status":"closed","sticky":false,"template":"","format":"standard","meta":{"footnotes":""},"categories":[7,111,8],"tags":[],"yoast_head":"<!-- This site is optimized with the Yoast SEO plugin v21.5 - https:\/\/yoast.com\/wordpress\/plugins\/seo\/ -->\n<title>Actualizaci\u00f3n del informe de COPA-COGECA sobre el impacto del Covid-19 en el sector agroalimentario - UAGA<\/title>\n<meta name=\"robots\" content=\"index, follow, max-snippet:-1, max-image-preview:large, max-video-preview:-1\" \/>\n<link rel=\"canonical\" href=\"https:\/\/www.uaga.eus\/eu\/actualizacion-del-informe-de-copa-cogeca-sobre-el-impacto-del-covid-19-en-el-sector-agroalimentario\/\" \/>\n<meta property=\"og:locale\" content=\"en_US\" \/>\n<meta property=\"og:type\" content=\"article\" \/>\n<meta property=\"og:title\" content=\"Actualizaci\u00f3n del informe de COPA-COGECA sobre el impacto del Covid-19 en el sector agroalimentario - UAGA\" \/>\n<meta property=\"og:description\" content=\"COPA-COGECA, organizaci\u00f3n representante del sector a nivel europeo y del que forma parta UAGA, a trav\u00e9s de COAG, est\u00e1 realizando un informe semanal para dar a conocer el impacto del Covid-19 en el sector agroalimentario. En el informe de esta semana se detallan los distintos sectores agrarios y ganaderos, haciendo hincapi\u00e9 en la mala situaci\u00f3n [&hellip;]\" \/>\n<meta property=\"og:url\" content=\"https:\/\/www.uaga.eus\/eu\/actualizacion-del-informe-de-copa-cogeca-sobre-el-impacto-del-covid-19-en-el-sector-agroalimentario\/\" \/>\n<meta property=\"og:site_name\" content=\"UAGA\" \/>\n<meta property=\"article:published_time\" content=\"2020-04-17T12:46:34+00:00\" \/>\n<meta property=\"og:image\" content=\"https:\/\/www.uaga.eus\/wp-content\/uploads\/2020\/04\/vaca-comiendo-e1587127574472.jpg\" \/>\n\t<meta property=\"og:image:width\" content=\"700\" \/>\n\t<meta property=\"og:image:height\" content=\"390\" \/>\n\t<meta property=\"og:image:type\" content=\"image\/jpeg\" \/>\n<meta name=\"author\" content=\"Blanca S\u00e1nchez\" \/>\n<meta name=\"twitter:card\" content=\"summary_large_image\" \/>\n<meta name=\"twitter:label1\" content=\"Written by\" \/>\n\t<meta name=\"twitter:data1\" content=\"Blanca S\u00e1nchez\" \/>\n\t<meta name=\"twitter:label2\" content=\"Est. reading time\" \/>\n\t<meta name=\"twitter:data2\" content=\"1 minutua\" \/>\n<script type=\"application\/ld+json\" class=\"yoast-schema-graph\">{\"@context\":\"https:\/\/schema.org\",\"@graph\":[{\"@type\":\"WebPage\",\"@id\":\"https:\/\/www.uaga.eus\/eu\/actualizacion-del-informe-de-copa-cogeca-sobre-el-impacto-del-covid-19-en-el-sector-agroalimentario\/\",\"url\":\"https:\/\/www.uaga.eus\/eu\/actualizacion-del-informe-de-copa-cogeca-sobre-el-impacto-del-covid-19-en-el-sector-agroalimentario\/\",\"name\":\"Actualizaci\u00f3n del informe de COPA-COGECA sobre el impacto del Covid-19 en el sector agroalimentario - UAGA\",\"isPartOf\":{\"@id\":\"https:\/\/www.uaga.eus\/#website\"},\"datePublished\":\"2020-04-17T12:46:34+00:00\",\"dateModified\":\"2020-04-17T12:46:34+00:00\",\"author\":{\"@id\":\"https:\/\/www.uaga.eus\/#\/schema\/person\/48c3cbf0f33d1b788226dbb6518689cf\"},\"breadcrumb\":{\"@id\":\"https:\/\/www.uaga.eus\/eu\/actualizacion-del-informe-de-copa-cogeca-sobre-el-impacto-del-covid-19-en-el-sector-agroalimentario\/#breadcrumb\"},\"inLanguage\":\"eu\",\"potentialAction\":[{\"@type\":\"ReadAction\",\"target\":[\"https:\/\/www.uaga.eus\/eu\/actualizacion-del-informe-de-copa-cogeca-sobre-el-impacto-del-covid-19-en-el-sector-agroalimentario\/\"]}]},{\"@type\":\"BreadcrumbList\",\"@id\":\"https:\/\/www.uaga.eus\/eu\/actualizacion-del-informe-de-copa-cogeca-sobre-el-impacto-del-covid-19-en-el-sector-agroalimentario\/#breadcrumb\",\"itemListElement\":[{\"@type\":\"ListItem\",\"position\":1,\"name\":\"Inicio\",\"item\":\"https:\/\/www.uaga.eus\/\"},{\"@type\":\"ListItem\",\"position\":2,\"name\":\"Actualizaci\u00f3n del informe de COPA-COGECA sobre el impacto del Covid-19 en el sector agroalimentario\"}]},{\"@type\":\"WebSite\",\"@id\":\"https:\/\/www.uaga.eus\/#website\",\"url\":\"https:\/\/www.uaga.eus\/\",\"name\":\"UAGA\",\"description\":\"Uni\u00f3n Agroganadera de \u00c1lava - Araba Nekazarien Elkartea\",\"potentialAction\":[{\"@type\":\"SearchAction\",\"target\":{\"@type\":\"EntryPoint\",\"urlTemplate\":\"https:\/\/www.uaga.eus\/?s={search_term_string}\"},\"query-input\":\"required name=search_term_string\"}],\"inLanguage\":\"eu\"},{\"@type\":\"Person\",\"@id\":\"https:\/\/www.uaga.eus\/#\/schema\/person\/48c3cbf0f33d1b788226dbb6518689cf\",\"name\":\"Blanca S\u00e1nchez\",\"image\":{\"@type\":\"ImageObject\",\"inLanguage\":\"eu\",\"@id\":\"https:\/\/www.uaga.eus\/#\/schema\/person\/image\/\",\"url\":\"https:\/\/secure.gravatar.com\/avatar\/0dc91c20648254b1ce84877283f6751b?s=96&d=mm&r=g\",\"contentUrl\":\"https:\/\/secure.gravatar.com\/avatar\/0dc91c20648254b1ce84877283f6751b?s=96&d=mm&r=g\",\"caption\":\"Blanca S\u00e1nchez\"},\"url\":\"https:\/\/www.uaga.eus\/eu\/author\/bsanchez\/\"}]}<\/script>\n<!-- \/ Yoast SEO plugin. -->","yoast_head_json":{"title":"Actualizaci\u00f3n del informe de COPA-COGECA sobre el impacto del Covid-19 en el sector agroalimentario - UAGA","robots":{"index":"index","follow":"follow","max-snippet":"max-snippet:-1","max-image-preview":"max-image-preview:large","max-video-preview":"max-video-preview:-1"},"canonical":"https:\/\/www.uaga.eus\/eu\/actualizacion-del-informe-de-copa-cogeca-sobre-el-impacto-del-covid-19-en-el-sector-agroalimentario\/","og_locale":"en_US","og_type":"article","og_title":"Actualizaci\u00f3n del informe de COPA-COGECA sobre el impacto del Covid-19 en el sector agroalimentario - UAGA","og_description":"COPA-COGECA, organizaci\u00f3n representante del sector a nivel europeo y del que forma parta UAGA, a trav\u00e9s de COAG, est\u00e1 realizando un informe semanal para dar a conocer el impacto del Covid-19 en el sector agroalimentario. En el informe de esta semana se detallan los distintos sectores agrarios y ganaderos, haciendo hincapi\u00e9 en la mala situaci\u00f3n [&hellip;]","og_url":"https:\/\/www.uaga.eus\/eu\/actualizacion-del-informe-de-copa-cogeca-sobre-el-impacto-del-covid-19-en-el-sector-agroalimentario\/","og_site_name":"UAGA","article_published_time":"2020-04-17T12:46:34+00:00","og_image":[{"width":700,"height":390,"url":"https:\/\/www.uaga.eus\/wp-content\/uploads\/2020\/04\/vaca-comiendo-e1587127574472.jpg","type":"image\/jpeg"}],"author":"Blanca S\u00e1nchez","twitter_card":"summary_large_image","twitter_misc":{"Written by":"Blanca S\u00e1nchez","Est. reading time":"1 minutua"},"schema":{"@context":"https:\/\/schema.org","@graph":[{"@type":"WebPage","@id":"https:\/\/www.uaga.eus\/eu\/actualizacion-del-informe-de-copa-cogeca-sobre-el-impacto-del-covid-19-en-el-sector-agroalimentario\/","url":"https:\/\/www.uaga.eus\/eu\/actualizacion-del-informe-de-copa-cogeca-sobre-el-impacto-del-covid-19-en-el-sector-agroalimentario\/","name":"Actualizaci\u00f3n del informe de COPA-COGECA sobre el impacto del Covid-19 en el sector agroalimentario - UAGA","isPartOf":{"@id":"https:\/\/www.uaga.eus\/#website"},"datePublished":"2020-04-17T12:46:34+00:00","dateModified":"2020-04-17T12:46:34+00:00","author":{"@id":"https:\/\/www.uaga.eus\/#\/schema\/person\/48c3cbf0f33d1b788226dbb6518689cf"},"breadcrumb":{"@id":"https:\/\/www.uaga.eus\/eu\/actualizacion-del-informe-de-copa-cogeca-sobre-el-impacto-del-covid-19-en-el-sector-agroalimentario\/#breadcrumb"},"inLanguage":"eu","potentialAction":[{"@type":"ReadAction","target":["https:\/\/www.uaga.eus\/eu\/actualizacion-del-informe-de-copa-cogeca-sobre-el-impacto-del-covid-19-en-el-sector-agroalimentario\/"]}]},{"@type":"BreadcrumbList","@id":"https:\/\/www.uaga.eus\/eu\/actualizacion-del-informe-de-copa-cogeca-sobre-el-impacto-del-covid-19-en-el-sector-agroalimentario\/#breadcrumb","itemListElement":[{"@type":"ListItem","position":1,"name":"Inicio","item":"https:\/\/www.uaga.eus\/"},{"@type":"ListItem","position":2,"name":"Actualizaci\u00f3n del informe de COPA-COGECA sobre el impacto del Covid-19 en el sector agroalimentario"}]},{"@type":"WebSite","@id":"https:\/\/www.uaga.eus\/#website","url":"https:\/\/www.uaga.eus\/","name":"UAGA","description":"Uni\u00f3n Agroganadera de \u00c1lava - Araba Nekazarien Elkartea","potentialAction":[{"@type":"SearchAction","target":{"@type":"EntryPoint","urlTemplate":"https:\/\/www.uaga.eus\/?s={search_term_string}"},"query-input":"required name=search_term_string"}],"inLanguage":"eu"},{"@type":"Person","@id":"https:\/\/www.uaga.eus\/#\/schema\/person\/48c3cbf0f33d1b788226dbb6518689cf","name":"Blanca S\u00e1nchez","image":{"@type":"ImageObject","inLanguage":"eu","@id":"https:\/\/www.uaga.eus\/#\/schema\/person\/image\/","url":"https:\/\/secure.gravatar.com\/avatar\/0dc91c20648254b1ce84877283f6751b?s=96&d=mm&r=g","contentUrl":"https:\/\/secure.gravatar.com\/avatar\/0dc91c20648254b1ce84877283f6751b?s=96&d=mm&r=g","caption":"Blanca S\u00e1nchez"},"url":"https:\/\/www.uaga.eus\/eu\/author\/bsanchez\/"}]}},"_links":{"self":[{"href":"https:\/\/www.uaga.eus\/eu\/wp-json\/wp\/v2\/posts\/7242"}],"collection":[{"href":"https:\/\/www.uaga.eus\/eu\/wp-json\/wp\/v2\/posts"}],"about":[{"href":"https:\/\/www.uaga.eus\/eu\/wp-json\/wp\/v2\/types\/post"}],"author":[{"embeddable":true,"href":"https:\/\/www.uaga.eus\/eu\/wp-json\/wp\/v2\/users\/4"}],"replies":[{"embeddable":true,"href":"https:\/\/www.uaga.eus\/eu\/wp-json\/wp\/v2\/comments?post=7242"}],"version-history":[{"count":1,"href":"https:\/\/www.uaga.eus\/eu\/wp-json\/wp\/v2\/posts\/7242\/revisions"}],"predecessor-version":[{"id":7246,"href":"https:\/\/www.uaga.eus\/eu\/wp-json\/wp\/v2\/posts\/7242\/revisions\/7246"}],"wp:featuredmedia":[{"embeddable":true,"href":"https:\/\/www.uaga.eus\/eu\/wp-json\/wp\/v2\/media\/7243"}],"wp:attachment":[{"href":"https:\/\/www.uaga.eus\/eu\/wp-json\/wp\/v2\/media?parent=7242"}],"wp:term":[{"taxonomy":"category","embeddable":true,"href":"https:\/\/www.uaga.eus\/eu\/wp-json\/wp\/v2\/categories?post=7242"},{"taxonomy":"post_tag","embeddable":true,"href":"https:\/\/www.uaga.eus\/eu\/wp-json\/wp\/v2\/tags?post=7242"}],"curies":[{"name":"wp","href":"https:\/\/api.w.org\/{rel}","templated":true}]}}